{"id":33669,"date":"2016-12-16T09:19:34","date_gmt":"2016-12-16T14:19:34","guid":{"rendered":"https:\/\/www.ucaldas.edu.co\/portal\/?p=33669"},"modified":"2016-12-16T09:19:34","modified_gmt":"2016-12-16T14:19:34","slug":"en-centro-cultural-universitario-rogelio-salmona-u-de-caldas-se-realizo-mesa-de-industrias-creativas-de-manizales","status":"publish","type":"post","link":"https:\/\/www.ucaldas.edu.co\/portal\/en-centro-cultural-universitario-rogelio-salmona-u-de-caldas-se-realizo-mesa-de-industrias-creativas-de-manizales\/","title":{"rendered":"En Centro Cultural Universitario Rogelio Salmona U. de Caldas se realiz\u00f3 Mesa de Industrias Creativas de Manizales"},"content":{"rendered":"<p style=\"text-align: center;\">PRESIDIDA POR EL RECTOR DE LA U. DE CALDAS Y GERENTE DEL VIVELAB MANIZALES<\/p>\n<p style=\"text-align: center;\"><strong>En Centro Cultural Universitario Rogelio Salmona U. de Caldas se realiz\u00f3 Mesa de Industrias Creativas de Manizales<\/strong><\/p>\n<p style=\"text-align: right;\">16\/12\/2016<\/p>\n<p><strong>\u00a0<img loading=\"lazy\" decoding=\"async\" class=\"alignnone size-full wp-image-33670 aligncenter\" src=\"https:\/\/www.ucaldas.edu.co\/portal\/wp-content\/uploads\/2016\/12\/mesasccu.jpg\" alt=\"mesasccu\" width=\"358\" height=\"283\" \/><\/strong><\/p>\n<p>El <strong>Centro Cultural Universitario Rogelio Salmona <\/strong>de la Universidad de Caldas <strong>fue el lugar de encuentro<\/strong> de la <strong>Mesa de Industrias Creativas de Manizales<\/strong>, que tuvo su m\u00e1s reciente sesi\u00f3n el pasado 14 de diciembre del 2016. La reuni\u00f3n <strong>fue presidida por el Rector de la U. de Caldas y Gerente del ViveLab Manizales<\/strong>, Felipe C\u00e9sar Londo\u00f1o L\u00f3pez.<\/p>\n<p><!--more--><\/p>\n<p><strong>Uno de los participantes<\/strong> fue Sergio Restrepo, <strong>Director cultural de la Corporaci\u00f3n Otraparte y Director\u00a0 del Teatro Pablo Tob\u00f3n Uribe de Medell\u00edn,<\/strong> quien <strong>orient\u00f3 un conversatorio sobre Fernando Gonz\u00e1lez Ochoa<\/strong>, considerado el m\u00e1s original de los fil\u00f3sofos colombianos y uno de los m\u00e1s vitales, pol\u00e9micos y controvertidos escritores de su \u00e9poca.<\/p>\n<p>&nbsp;<\/p>\n<p>\u201cCreo que en Manizales hay una\u00a0 huella de ese viaje que hizo Fernando, con esta ciudad se fascin\u00f3 bastante, con su realidad, con su arquitectura y especialmente con su geograf\u00eda\u201d, dijo.<\/p>\n<p>&nbsp;<\/p>\n<p>Respecto al Centro Cultural Universitario Rogelio Salmona, Restrepo mencion\u00f3: \u201cestoy sorprendido. Me encanta la proyecci\u00f3n de la luz y la obra de Rogelio Salmona, pues que he tenido la oportunidad de conocer varios de sus edificios. <strong>Me encanta el color del concreto, las formaletas, esa m\u00e1gica textura del mosaico con el ladrillo. Todo est\u00e1 impecablemente bien dise\u00f1ado y pensado<\/strong>\u201d.<\/p>\n<p>&nbsp;<\/p>\n<p><a href=\"https:\/\/www.facebook.com\/media\/set\/?set=a.1244969512231578.1073745153.107054166023124&amp;type=1&amp;l=584d37cdd1\">Conozca im\u00e1genes del encuentro de la Mesa de Industrias Creativas de Manizales<\/a><\/p>\n<p>&nbsp;<\/p>\n<p><strong>Informes:<\/strong> Oficina de Prensa U. de Caldas, tel\u00e9fono 878 15 00 extensi\u00f3n 12 167.<\/p>\n<p><strong>Redacci\u00f3n: <\/strong>Margarita Laverde<\/p>\n<p><strong>\u00a0<\/strong><\/p>\n","protected":false},"excerpt":{"rendered":"<p>PRESIDIDA POR EL RECTOR DE LA U. DE CALDAS Y GERENTE DEL VIVELAB MANIZALES En Centro Cultural Universitario Rogelio Salmona U. de Caldas se realiz\u00f3 Mesa de Industrias Creativas de Manizales 16\/12\/2016 \u00a0 El Centro Cultural Universitario Rogelio Salmona de la Universidad de Caldas fue el lugar de encuentro de la Mesa de Industrias Creativas [&hellip;]<\/p>\n","protected":false},"author":2,"featured_media":0,"comment_status":"closed","ping_status":"closed","sticky":false,"template":"","format":"standard","meta":{"footnotes":""},"categories":[48,53],"tags":[73,315,316,319],"class_list":["post-33669","post","type-post","status-publish","format-standard","hentry","category-actualidad","category-universidad-al-dia","tag-proyeccion","tag-centro-cultural-universitario-rogelio-salmona","tag-mesa-de-industrias-creativas-de-manizales","tag-ccu"],"yoast_head":"<!-- This site is optimized with the Yoast SEO plugin v27.5 - https:\/\/yoast.com\/product\/yoast-seo-wordpress\/ -->\n<title>En Centro Cultural Universitario Rogelio Salmona U. de Caldas se realiz\u00f3 Mesa de Industrias Creativas de Manizales .<\/title>\n<meta name=\"robots\" content=\"index, follow, max-snippet:-1, max-image-preview:large, max-video-preview:-1\" \/>\n<link rel=\"canonical\" href=\"https:\/\/www.ucaldas.edu.co\/portal\/en-centro-cultural-universitario-rogelio-salmona-u-de-caldas-se-realizo-mesa-de-industrias-creativas-de-manizales\/\" \/>\n<script type=\"application\/ld+json\" class=\"yoast-schema-graph\">{\"@context\":\"https:\\\/\\\/schema.org\",\"@graph\":[{\"@type\":\"Article\",\"@id\":\"https:\\\/\\\/www.ucaldas.edu.co\\\/portal\\\/en-centro-cultural-universitario-rogelio-salmona-u-de-caldas-se-realizo-mesa-de-industrias-creativas-de-manizales\\\/#article\",\"isPartOf\":{\"@id\":\"https:\\\/\\\/www.ucaldas.edu.co\\\/portal\\\/en-centro-cultural-universitario-rogelio-salmona-u-de-caldas-se-realizo-mesa-de-industrias-creativas-de-manizales\\\/\"},\"author\":{\"name\":\"ofiprensa\",\"@id\":\"https:\\\/\\\/www.ucaldas.edu.co\\\/portal\\\/#\\\/schema\\\/person\\\/a1b482e23449158b4bc319926c074fdf\"},\"headline\":\"En Centro Cultural Universitario Rogelio Salmona U. de Caldas se realiz\u00f3 Mesa de Industrias Creativas de Manizales\",\"datePublished\":\"2016-12-16T14:19:34+00:00\",\"mainEntityOfPage\":{\"@id\":\"https:\\\/\\\/www.ucaldas.edu.co\\\/portal\\\/en-centro-cultural-universitario-rogelio-salmona-u-de-caldas-se-realizo-mesa-de-industrias-creativas-de-manizales\\\/\"},\"wordCount\":295,\"publisher\":{\"@id\":\"https:\\\/\\\/www.ucaldas.edu.co\\\/portal\\\/#organization\"},\"image\":{\"@id\":\"https:\\\/\\\/www.ucaldas.edu.co\\\/portal\\\/en-centro-cultural-universitario-rogelio-salmona-u-de-caldas-se-realizo-mesa-de-industrias-creativas-de-manizales\\\/#primaryimage\"},\"thumbnailUrl\":\"https:\\\/\\\/www.ucaldas.edu.co\\\/portal\\\/wp-content\\\/uploads\\\/2016\\\/12\\\/mesasccu.jpg\",\"keywords\":[\"Proyecci\u00f3n\",\"Centro Cultural Universitario Rogelio Salmona\",\"Mesa de Industrias Creativas de Manizales\",\"CCU\"],\"articleSection\":[\"Actualidad\",\"Universidad al D\u00eda\"],\"inLanguage\":\"es\"},{\"@type\":\"WebPage\",\"@id\":\"https:\\\/\\\/www.ucaldas.edu.co\\\/portal\\\/en-centro-cultural-universitario-rogelio-salmona-u-de-caldas-se-realizo-mesa-de-industrias-creativas-de-manizales\\\/\",\"url\":\"https:\\\/\\\/www.ucaldas.edu.co\\\/portal\\\/en-centro-cultural-universitario-rogelio-salmona-u-de-caldas-se-realizo-mesa-de-industrias-creativas-de-manizales\\\/\",\"name\":\"En Centro Cultural Universitario Rogelio Salmona U. de Caldas se realiz\u00f3 Mesa de Industrias Creativas de Manizales .\",\"isPartOf\":{\"@id\":\"https:\\\/\\\/www.ucaldas.edu.co\\\/portal\\\/#website\"},\"primaryImageOfPage\":{\"@id\":\"https:\\\/\\\/www.ucaldas.edu.co\\\/portal\\\/en-centro-cultural-universitario-rogelio-salmona-u-de-caldas-se-realizo-mesa-de-industrias-creativas-de-manizales\\\/#primaryimage\"},\"image\":{\"@id\":\"https:\\\/\\\/www.ucaldas.edu.co\\\/portal\\\/en-centro-cultural-universitario-rogelio-salmona-u-de-caldas-se-realizo-mesa-de-industrias-creativas-de-manizales\\\/#primaryimage\"},\"thumbnailUrl\":\"https:\\\/\\\/www.ucaldas.edu.co\\\/portal\\\/wp-content\\\/uploads\\\/2016\\\/12\\\/mesasccu.jpg\",\"datePublished\":\"2016-12-16T14:19:34+00:00\",\"breadcrumb\":{\"@id\":\"https:\\\/\\\/www.ucaldas.edu.co\\\/portal\\\/en-centro-cultural-universitario-rogelio-salmona-u-de-caldas-se-realizo-mesa-de-industrias-creativas-de-manizales\\\/#breadcrumb\"},\"inLanguage\":\"es\",\"potentialAction\":[{\"@type\":\"ReadAction\",\"target\":[\"https:\\\/\\\/www.ucaldas.edu.co\\\/portal\\\/en-centro-cultural-universitario-rogelio-salmona-u-de-caldas-se-realizo-mesa-de-industrias-creativas-de-manizales\\\/\"]}]},{\"@type\":\"ImageObject\",\"inLanguage\":\"es\",\"@id\":\"https:\\\/\\\/www.ucaldas.edu.co\\\/portal\\\/en-centro-cultural-universitario-rogelio-salmona-u-de-caldas-se-realizo-mesa-de-industrias-creativas-de-manizales\\\/#primaryimage\",\"url\":\"https:\\\/\\\/www.ucaldas.edu.co\\\/portal\\\/wp-content\\\/uploads\\\/2016\\\/12\\\/mesasccu.jpg\",\"contentUrl\":\"https:\\\/\\\/www.ucaldas.edu.co\\\/portal\\\/wp-content\\\/uploads\\\/2016\\\/12\\\/mesasccu.jpg\"},{\"@type\":\"BreadcrumbList\",\"@id\":\"https:\\\/\\\/www.ucaldas.edu.co\\\/portal\\\/en-centro-cultural-universitario-rogelio-salmona-u-de-caldas-se-realizo-mesa-de-industrias-creativas-de-manizales\\\/#breadcrumb\",\"itemListElement\":[{\"@type\":\"ListItem\",\"position\":1,\"name\":\"Portada\",\"item\":\"https:\\\/\\\/www.ucaldas.edu.co\\\/portal\\\/\"},{\"@type\":\"ListItem\",\"position\":2,\"name\":\"En Centro Cultural Universitario Rogelio Salmona U. de Caldas se realiz\u00f3 Mesa de Industrias Creativas de Manizales\"}]},{\"@type\":\"WebSite\",\"@id\":\"https:\\\/\\\/www.ucaldas.edu.co\\\/portal\\\/#website\",\"url\":\"https:\\\/\\\/www.ucaldas.edu.co\\\/portal\\\/\",\"name\":\"Universidad de Caldas\",\"description\":\"\",\"publisher\":{\"@id\":\"https:\\\/\\\/www.ucaldas.edu.co\\\/portal\\\/#organization\"},\"alternateName\":\"U. de Caldas\",\"potentialAction\":[{\"@type\":\"SearchAction\",\"target\":{\"@type\":\"EntryPoint\",\"urlTemplate\":\"https:\\\/\\\/www.ucaldas.edu.co\\\/portal\\\/?s={search_term_string}\"},\"query-input\":{\"@type\":\"PropertyValueSpecification\",\"valueRequired\":true,\"valueName\":\"search_term_string\"}}],\"inLanguage\":\"es\"},{\"@type\":\"Organization\",\"@id\":\"https:\\\/\\\/www.ucaldas.edu.co\\\/portal\\\/#organization\",\"name\":\"Universidad de Caldas\",\"alternateName\":\"U. de Caldas\",\"url\":\"https:\\\/\\\/www.ucaldas.edu.co\\\/portal\\\/\",\"logo\":{\"@type\":\"ImageObject\",\"inLanguage\":\"es\",\"@id\":\"https:\\\/\\\/www.ucaldas.edu.co\\\/portal\\\/#\\\/schema\\\/logo\\\/image\\\/\",\"url\":\"https:\\\/\\\/www.ucaldas.edu.co\\\/portal\\\/wp-content\\\/uploads\\\/2023\\\/11\\\/Logo_horizontal_oscuroU-2023.png\",\"contentUrl\":\"https:\\\/\\\/www.ucaldas.edu.co\\\/portal\\\/wp-content\\\/uploads\\\/2023\\\/11\\\/Logo_horizontal_oscuroU-2023.png\",\"width\":263,\"height\":101,\"caption\":\"Universidad de Caldas\"},\"image\":{\"@id\":\"https:\\\/\\\/www.ucaldas.edu.co\\\/portal\\\/#\\\/schema\\\/logo\\\/image\\\/\"},\"sameAs\":[\"https:\\\/\\\/www.facebook.com\\\/udecaldas\",\"https:\\\/\\\/x.com\\\/udecaldas\",\"https:\\\/\\\/www.youtube.com\\\/universidadcaldas\",\"https:\\\/\\\/www.instagram.com\\\/udecaldas\\\/\"]},{\"@type\":\"Person\",\"@id\":\"https:\\\/\\\/www.ucaldas.edu.co\\\/portal\\\/#\\\/schema\\\/person\\\/a1b482e23449158b4bc319926c074fdf\",\"name\":\"ofiprensa\",\"image\":{\"@type\":\"ImageObject\",\"inLanguage\":\"es\",\"@id\":\"https:\\\/\\\/www.ucaldas.edu.co\\\/portal\\\/wp-content\\\/litespeed\\\/avatar\\\/09ea5085e600095a7a811142c6944527.jpg?ver=1777497608\",\"url\":\"https:\\\/\\\/www.ucaldas.edu.co\\\/portal\\\/wp-content\\\/litespeed\\\/avatar\\\/09ea5085e600095a7a811142c6944527.jpg?ver=1777497608\",\"contentUrl\":\"https:\\\/\\\/www.ucaldas.edu.co\\\/portal\\\/wp-content\\\/litespeed\\\/avatar\\\/09ea5085e600095a7a811142c6944527.jpg?ver=1777497608\",\"caption\":\"ofiprensa\"},\"url\":\"https:\\\/\\\/www.ucaldas.edu.co\\\/portal\\\/author\\\/ofiprensa\\\/\"}]}<\/script>\n<!-- \/ Yoast SEO plugin. -->","yoast_head_json":{"title":"En Centro Cultural Universitario Rogelio Salmona U. de Caldas se realiz\u00f3 Mesa de Industrias Creativas de Manizales .","robots":{"index":"index","follow":"follow","max-snippet":"max-snippet:-1","max-image-preview":"max-image-preview:large","max-video-preview":"max-video-preview:-1"},"canonical":"https:\/\/www.ucaldas.edu.co\/portal\/en-centro-cultural-universitario-rogelio-salmona-u-de-caldas-se-realizo-mesa-de-industrias-creativas-de-manizales\/","schema":{"@context":"https:\/\/schema.org","@graph":[{"@type":"Article","@id":"https:\/\/www.ucaldas.edu.co\/portal\/en-centro-cultural-universitario-rogelio-salmona-u-de-caldas-se-realizo-mesa-de-industrias-creativas-de-manizales\/#article","isPartOf":{"@id":"https:\/\/www.ucaldas.edu.co\/portal\/en-centro-cultural-universitario-rogelio-salmona-u-de-caldas-se-realizo-mesa-de-industrias-creativas-de-manizales\/"},"author":{"name":"ofiprensa","@id":"https:\/\/www.ucaldas.edu.co\/portal\/#\/schema\/person\/a1b482e23449158b4bc319926c074fdf"},"headline":"En Centro Cultural Universitario Rogelio Salmona U. de Caldas se realiz\u00f3 Mesa de Industrias Creativas de Manizales","datePublished":"2016-12-16T14:19:34+00:00","mainEntityOfPage":{"@id":"https:\/\/www.ucaldas.edu.co\/portal\/en-centro-cultural-universitario-rogelio-salmona-u-de-caldas-se-realizo-mesa-de-industrias-creativas-de-manizales\/"},"wordCount":295,"publisher":{"@id":"https:\/\/www.ucaldas.edu.co\/portal\/#organization"},"image":{"@id":"https:\/\/www.ucaldas.edu.co\/portal\/en-centro-cultural-universitario-rogelio-salmona-u-de-caldas-se-realizo-mesa-de-industrias-creativas-de-manizales\/#primaryimage"},"thumbnailUrl":"https:\/\/www.ucaldas.edu.co\/portal\/wp-content\/uploads\/2016\/12\/mesasccu.jpg","keywords":["Proyecci\u00f3n","Centro Cultural Universitario Rogelio Salmona","Mesa de Industrias Creativas de Manizales","CCU"],"articleSection":["Actualidad","Universidad al D\u00eda"],"inLanguage":"es"},{"@type":"WebPage","@id":"https:\/\/www.ucaldas.edu.co\/portal\/en-centro-cultural-universitario-rogelio-salmona-u-de-caldas-se-realizo-mesa-de-industrias-creativas-de-manizales\/","url":"https:\/\/www.ucaldas.edu.co\/portal\/en-centro-cultural-universitario-rogelio-salmona-u-de-caldas-se-realizo-mesa-de-industrias-creativas-de-manizales\/","name":"En Centro Cultural Universitario Rogelio Salmona U. de Caldas se realiz\u00f3 Mesa de Industrias Creativas de Manizales .","isPartOf":{"@id":"https:\/\/www.ucaldas.edu.co\/portal\/#website"},"primaryImageOfPage":{"@id":"https:\/\/www.ucaldas.edu.co\/portal\/en-centro-cultural-universitario-rogelio-salmona-u-de-caldas-se-realizo-mesa-de-industrias-creativas-de-manizales\/#primaryimage"},"image":{"@id":"https:\/\/www.ucaldas.edu.co\/portal\/en-centro-cultural-universitario-rogelio-salmona-u-de-caldas-se-realizo-mesa-de-industrias-creativas-de-manizales\/#primaryimage"},"thumbnailUrl":"https:\/\/www.ucaldas.edu.co\/portal\/wp-content\/uploads\/2016\/12\/mesasccu.jpg","datePublished":"2016-12-16T14:19:34+00:00","breadcrumb":{"@id":"https:\/\/www.ucaldas.edu.co\/portal\/en-centro-cultural-universitario-rogelio-salmona-u-de-caldas-se-realizo-mesa-de-industrias-creativas-de-manizales\/#breadcrumb"},"inLanguage":"es","potentialAction":[{"@type":"ReadAction","target":["https:\/\/www.ucaldas.edu.co\/portal\/en-centro-cultural-universitario-rogelio-salmona-u-de-caldas-se-realizo-mesa-de-industrias-creativas-de-manizales\/"]}]},{"@type":"ImageObject","inLanguage":"es","@id":"https:\/\/www.ucaldas.edu.co\/portal\/en-centro-cultural-universitario-rogelio-salmona-u-de-caldas-se-realizo-mesa-de-industrias-creativas-de-manizales\/#primaryimage","url":"https:\/\/www.ucaldas.edu.co\/portal\/wp-content\/uploads\/2016\/12\/mesasccu.jpg","contentUrl":"https:\/\/www.ucaldas.edu.co\/portal\/wp-content\/uploads\/2016\/12\/mesasccu.jpg"},{"@type":"BreadcrumbList","@id":"https:\/\/www.ucaldas.edu.co\/portal\/en-centro-cultural-universitario-rogelio-salmona-u-de-caldas-se-realizo-mesa-de-industrias-creativas-de-manizales\/#breadcrumb","itemListElement":[{"@type":"ListItem","position":1,"name":"Portada","item":"https:\/\/www.ucaldas.edu.co\/portal\/"},{"@type":"ListItem","position":2,"name":"En Centro Cultural Universitario Rogelio Salmona U. de Caldas se realiz\u00f3 Mesa de Industrias Creativas de Manizales"}]},{"@type":"WebSite","@id":"https:\/\/www.ucaldas.edu.co\/portal\/#website","url":"https:\/\/www.ucaldas.edu.co\/portal\/","name":"Universidad de Caldas","description":"","publisher":{"@id":"https:\/\/www.ucaldas.edu.co\/portal\/#organization"},"alternateName":"U. de Caldas","potentialAction":[{"@type":"SearchAction","target":{"@type":"EntryPoint","urlTemplate":"https:\/\/www.ucaldas.edu.co\/portal\/?s={search_term_string}"},"query-input":{"@type":"PropertyValueSpecification","valueRequired":true,"valueName":"search_term_string"}}],"inLanguage":"es"},{"@type":"Organization","@id":"https:\/\/www.ucaldas.edu.co\/portal\/#organization","name":"Universidad de Caldas","alternateName":"U. de Caldas","url":"https:\/\/www.ucaldas.edu.co\/portal\/","logo":{"@type":"ImageObject","inLanguage":"es","@id":"https:\/\/www.ucaldas.edu.co\/portal\/#\/schema\/logo\/image\/","url":"https:\/\/www.ucaldas.edu.co\/portal\/wp-content\/uploads\/2023\/11\/Logo_horizontal_oscuroU-2023.png","contentUrl":"https:\/\/www.ucaldas.edu.co\/portal\/wp-content\/uploads\/2023\/11\/Logo_horizontal_oscuroU-2023.png","width":263,"height":101,"caption":"Universidad de Caldas"},"image":{"@id":"https:\/\/www.ucaldas.edu.co\/portal\/#\/schema\/logo\/image\/"},"sameAs":["https:\/\/www.facebook.com\/udecaldas","https:\/\/x.com\/udecaldas","https:\/\/www.youtube.com\/universidadcaldas","https:\/\/www.instagram.com\/udecaldas\/"]},{"@type":"Person","@id":"https:\/\/www.ucaldas.edu.co\/portal\/#\/schema\/person\/a1b482e23449158b4bc319926c074fdf","name":"ofiprensa","image":{"@type":"ImageObject","inLanguage":"es","@id":"https:\/\/www.ucaldas.edu.co\/portal\/wp-content\/litespeed\/avatar\/09ea5085e600095a7a811142c6944527.jpg?ver=1777497608","url":"https:\/\/www.ucaldas.edu.co\/portal\/wp-content\/litespeed\/avatar\/09ea5085e600095a7a811142c6944527.jpg?ver=1777497608","contentUrl":"https:\/\/www.ucaldas.edu.co\/portal\/wp-content\/litespeed\/avatar\/09ea5085e600095a7a811142c6944527.jpg?ver=1777497608","caption":"ofiprensa"},"url":"https:\/\/www.ucaldas.edu.co\/portal\/author\/ofiprensa\/"}]}},"_links":{"self":[{"href":"https:\/\/www.ucaldas.edu.co\/portal\/wp-json\/wp\/v2\/posts\/33669","targetHints":{"allow":["GET"]}}],"collection":[{"href":"https:\/\/www.ucaldas.edu.co\/portal\/wp-json\/wp\/v2\/posts"}],"about":[{"href":"https:\/\/www.ucaldas.edu.co\/portal\/wp-json\/wp\/v2\/types\/post"}],"author":[{"embeddable":true,"href":"https:\/\/www.ucaldas.edu.co\/portal\/wp-json\/wp\/v2\/users\/2"}],"replies":[{"embeddable":true,"href":"https:\/\/www.ucaldas.edu.co\/portal\/wp-json\/wp\/v2\/comments?post=33669"}],"version-history":[{"count":0,"href":"https:\/\/www.ucaldas.edu.co\/portal\/wp-json\/wp\/v2\/posts\/33669\/revisions"}],"wp:attachment":[{"href":"https:\/\/www.ucaldas.edu.co\/portal\/wp-json\/wp\/v2\/media?parent=33669"}],"wp:term":[{"taxonomy":"category","embeddable":true,"href":"https:\/\/www.ucaldas.edu.co\/portal\/wp-json\/wp\/v2\/categories?post=33669"},{"taxonomy":"post_tag","embeddable":true,"href":"https:\/\/www.ucaldas.edu.co\/portal\/wp-json\/wp\/v2\/tags?post=33669"}],"curies":[{"name":"wp","href":"https:\/\/api.w.org\/{rel}","templated":true}]}}