{"id":33622,"date":"2016-12-14T15:03:30","date_gmt":"2016-12-14T20:03:30","guid":{"rendered":"https:\/\/www.ucaldas.edu.co\/portal\/?p=33622"},"modified":"2016-12-14T15:03:30","modified_gmt":"2016-12-14T20:03:30","slug":"u-de-caldas-primera-en-favorabilidad-entre-los-manizalenos-segun-encuesta-de-percepcion-de-manizales-como-vamos","status":"publish","type":"post","link":"https:\/\/www.ucaldas.edu.co\/portal\/u-de-caldas-primera-en-favorabilidad-entre-los-manizalenos-segun-encuesta-de-percepcion-de-manizales-como-vamos\/","title":{"rendered":"U. de Caldas, primera en favorabilidad entre los manizale\u00f1os, seg\u00fan encuesta de percepci\u00f3n de Manizales C\u00f3mo Vamos"},"content":{"rendered":"<p style=\"text-align: center;\">SE UBICA EN EL TOP 10 DE ENTIDADES ESTRELLA DE LA CIUDAD<\/p>\n<p style=\"text-align: center;\"><strong style=\"line-height: 1.5;\">U. de Caldas, primera en favorabilidad entre los manizale\u00f1os, seg\u00fan encuesta de percepci\u00f3n de Manizales C\u00f3mo Vamos<\/strong><\/p>\n<p style=\"text-align: right;\">14\/12\/2016<\/p>\n<p><img loading=\"lazy\" decoding=\"async\" class=\"alignnone size-full wp-image-33624 aligncenter\" src=\"https:\/\/www.ucaldas.edu.co\/portal\/wp-content\/uploads\/2016\/12\/IMG_3538.jpg\" alt=\"img_3538\" width=\"358\" height=\"238\" \/><\/p>\n<p><strong>Con un 87% de conocimiento y 97% de favorabilidad la Universidad de Caldas hace parte del top 10 de entidades estrella de la ciudad,<\/strong> seg\u00fan los <strong>resultados de la Encuesta de Opini\u00f3n Ciudadana<\/strong> #ManizalesOpina \u00a1Esto s\u00ed es percepci\u00f3n!, que el Programa Manizales C\u00f3mo Vamos present\u00f3 el pasado 13 de diciembre del 2016.<\/p>\n<p><!--more--><\/p>\n<p>La <strong>Instituci\u00f3n caldense se ubica en el puesto 6 del top y es la primera i<\/strong>nstituci\u00f3n de educaci\u00f3n superior de la ciudad <strong>en dicha medici\u00f3n.<\/strong><\/p>\n<p><strong>\u00a0<\/strong><\/p>\n<p>La <strong>Directora del Programa Manizales C\u00f3mo Vamos,<\/strong> Natalia Escobar Santander, destac\u00f3: \u201cla Universidad sigue ubic\u00e1ndose entre las 10 entidades con m\u00e1s conocimiento y favorabilidad<strong>. Sin embargo en favorabilidad es la primera con 97% de ciudadanos que la conocen y que tiene una buena imagen de esta<\/strong>\u201d.<\/p>\n<p>&nbsp;<\/p>\n<p>\u201cEste es un porcentaje bastante alta y digamos que conjugar los dos aspectos &#8211; conocimiento y favorabilidad -es bastante complejo. <strong>La U. de Caldas es nuestra socia y es una instituci\u00f3n que definitivamente est\u00e1 en el coraz\u00f3n de los ciudadanos<\/strong>\u201d, agreg\u00f3.<\/p>\n<p>La <strong>Encuesta de Opini\u00f3n Ciudadana se realiza desde el 2012 \u00a0y es estudio cuantitativo que recopila la percepci\u00f3n, opini\u00f3n y evaluaci\u00f3n <\/strong>que los manizale\u00f1os tienen sobre la calidad de vida de la ciudad en aspectos como seguridad, educaci\u00f3n, salud, movilidad, h\u00e1bitat urbano, comportamiento ciudadano, gesti\u00f3n p\u00fablica, entre otros.<\/p>\n<p>La recopilaci\u00f3n de los datos se realiza de manera presencial en las 11 comunas de la ciudad y zonas rurales, por parte de una firma encuestadora externa nacional, que para este a\u00f1o fue Ipsos Napole\u00f3n Franco.<\/p>\n<p>&nbsp;<\/p>\n<p><a href=\"http:\/\/manizalescomovamos.org\/?p=5667\">Conozca aqu\u00ed m\u00e1s detalles de la Encuesta de Opini\u00f3n Ciudadana #ManizalesOpina \u00a1Esto s\u00ed es percepci\u00f3n!<\/a><\/p>\n<p>&nbsp;<\/p>\n<p><strong>Informes:<\/strong> en el tel\u00e9fono 880 24 90.<\/p>\n<p><strong>Redacci\u00f3n: <\/strong>Margarita Laverde<\/p>\n<p>&nbsp;<\/p>\n","protected":false},"excerpt":{"rendered":"<p>SE UBICA EN EL TOP 10 DE ENTIDADES ESTRELLA DE LA CIUDAD U. de Caldas, primera en favorabilidad entre los manizale\u00f1os, seg\u00fan encuesta de percepci\u00f3n de Manizales C\u00f3mo Vamos 14\/12\/2016 Con un 87% de conocimiento y 97% de favorabilidad la Universidad de Caldas hace parte del top 10 de entidades estrella de la ciudad, seg\u00fan [&hellip;]<\/p>\n","protected":false},"author":2,"featured_media":0,"comment_status":"closed","ping_status":"closed","sticky":false,"template":"","format":"standard","meta":{"footnotes":""},"categories":[48,53],"tags":[300,133,161],"class_list":["post-33622","post","type-post","status-publish","format-standard","hentry","category-actualidad","category-universidad-al-dia","tag-encuesta-de-opinion-ciudadana","tag-presentacion","tag-manizales-como-vamos"],"yoast_head":"<!-- This site is optimized with the Yoast SEO plugin v27.5 - https:\/\/yoast.com\/product\/yoast-seo-wordpress\/ -->\n<title>U. de Caldas, primera en favorabilidad entre los manizale\u00f1os, seg\u00fan encuesta de percepci\u00f3n de Manizales C\u00f3mo Vamos .<\/title>\n<meta name=\"robots\" content=\"index, follow, max-snippet:-1, max-image-preview:large, max-video-preview:-1\" \/>\n<link rel=\"canonical\" href=\"https:\/\/www.ucaldas.edu.co\/portal\/u-de-caldas-primera-en-favorabilidad-entre-los-manizalenos-segun-encuesta-de-percepcion-de-manizales-como-vamos\/\" \/>\n<script type=\"application\/ld+json\" class=\"yoast-schema-graph\">{\"@context\":\"https:\\\/\\\/schema.org\",\"@graph\":[{\"@type\":\"Article\",\"@id\":\"https:\\\/\\\/www.ucaldas.edu.co\\\/portal\\\/u-de-caldas-primera-en-favorabilidad-entre-los-manizalenos-segun-encuesta-de-percepcion-de-manizales-como-vamos\\\/#article\",\"isPartOf\":{\"@id\":\"https:\\\/\\\/www.ucaldas.edu.co\\\/portal\\\/u-de-caldas-primera-en-favorabilidad-entre-los-manizalenos-segun-encuesta-de-percepcion-de-manizales-como-vamos\\\/\"},\"author\":{\"name\":\"ofiprensa\",\"@id\":\"https:\\\/\\\/www.ucaldas.edu.co\\\/portal\\\/#\\\/schema\\\/person\\\/a1b482e23449158b4bc319926c074fdf\"},\"headline\":\"U. de Caldas, primera en favorabilidad entre los manizale\u00f1os, seg\u00fan encuesta de percepci\u00f3n de Manizales C\u00f3mo Vamos\",\"datePublished\":\"2016-12-14T20:03:30+00:00\",\"mainEntityOfPage\":{\"@id\":\"https:\\\/\\\/www.ucaldas.edu.co\\\/portal\\\/u-de-caldas-primera-en-favorabilidad-entre-los-manizalenos-segun-encuesta-de-percepcion-de-manizales-como-vamos\\\/\"},\"wordCount\":347,\"publisher\":{\"@id\":\"https:\\\/\\\/www.ucaldas.edu.co\\\/portal\\\/#organization\"},\"image\":{\"@id\":\"https:\\\/\\\/www.ucaldas.edu.co\\\/portal\\\/u-de-caldas-primera-en-favorabilidad-entre-los-manizalenos-segun-encuesta-de-percepcion-de-manizales-como-vamos\\\/#primaryimage\"},\"thumbnailUrl\":\"https:\\\/\\\/www.ucaldas.edu.co\\\/portal\\\/wp-content\\\/uploads\\\/2016\\\/12\\\/IMG_3538.jpg\",\"keywords\":[\"Encuesta de Opini\u00f3n Ciudadana\",\"Presentaci\u00f3n\",\"Manizales C\u00f3mo Vamos\"],\"articleSection\":[\"Actualidad\",\"Universidad al D\u00eda\"],\"inLanguage\":\"es\"},{\"@type\":\"WebPage\",\"@id\":\"https:\\\/\\\/www.ucaldas.edu.co\\\/portal\\\/u-de-caldas-primera-en-favorabilidad-entre-los-manizalenos-segun-encuesta-de-percepcion-de-manizales-como-vamos\\\/\",\"url\":\"https:\\\/\\\/www.ucaldas.edu.co\\\/portal\\\/u-de-caldas-primera-en-favorabilidad-entre-los-manizalenos-segun-encuesta-de-percepcion-de-manizales-como-vamos\\\/\",\"name\":\"U. de Caldas, primera en favorabilidad entre los manizale\u00f1os, seg\u00fan encuesta de percepci\u00f3n de Manizales C\u00f3mo Vamos .\",\"isPartOf\":{\"@id\":\"https:\\\/\\\/www.ucaldas.edu.co\\\/portal\\\/#website\"},\"primaryImageOfPage\":{\"@id\":\"https:\\\/\\\/www.ucaldas.edu.co\\\/portal\\\/u-de-caldas-primera-en-favorabilidad-entre-los-manizalenos-segun-encuesta-de-percepcion-de-manizales-como-vamos\\\/#primaryimage\"},\"image\":{\"@id\":\"https:\\\/\\\/www.ucaldas.edu.co\\\/portal\\\/u-de-caldas-primera-en-favorabilidad-entre-los-manizalenos-segun-encuesta-de-percepcion-de-manizales-como-vamos\\\/#primaryimage\"},\"thumbnailUrl\":\"https:\\\/\\\/www.ucaldas.edu.co\\\/portal\\\/wp-content\\\/uploads\\\/2016\\\/12\\\/IMG_3538.jpg\",\"datePublished\":\"2016-12-14T20:03:30+00:00\",\"breadcrumb\":{\"@id\":\"https:\\\/\\\/www.ucaldas.edu.co\\\/portal\\\/u-de-caldas-primera-en-favorabilidad-entre-los-manizalenos-segun-encuesta-de-percepcion-de-manizales-como-vamos\\\/#breadcrumb\"},\"inLanguage\":\"es\",\"potentialAction\":[{\"@type\":\"ReadAction\",\"target\":[\"https:\\\/\\\/www.ucaldas.edu.co\\\/portal\\\/u-de-caldas-primera-en-favorabilidad-entre-los-manizalenos-segun-encuesta-de-percepcion-de-manizales-como-vamos\\\/\"]}]},{\"@type\":\"ImageObject\",\"inLanguage\":\"es\",\"@id\":\"https:\\\/\\\/www.ucaldas.edu.co\\\/portal\\\/u-de-caldas-primera-en-favorabilidad-entre-los-manizalenos-segun-encuesta-de-percepcion-de-manizales-como-vamos\\\/#primaryimage\",\"url\":\"https:\\\/\\\/www.ucaldas.edu.co\\\/portal\\\/wp-content\\\/uploads\\\/2016\\\/12\\\/IMG_3538.jpg\",\"contentUrl\":\"https:\\\/\\\/www.ucaldas.edu.co\\\/portal\\\/wp-content\\\/uploads\\\/2016\\\/12\\\/IMG_3538.jpg\"},{\"@type\":\"BreadcrumbList\",\"@id\":\"https:\\\/\\\/www.ucaldas.edu.co\\\/portal\\\/u-de-caldas-primera-en-favorabilidad-entre-los-manizalenos-segun-encuesta-de-percepcion-de-manizales-como-vamos\\\/#breadcrumb\",\"itemListElement\":[{\"@type\":\"ListItem\",\"position\":1,\"name\":\"Portada\",\"item\":\"https:\\\/\\\/www.ucaldas.edu.co\\\/portal\\\/\"},{\"@type\":\"ListItem\",\"position\":2,\"name\":\"U. de Caldas, primera en favorabilidad entre los manizale\u00f1os, seg\u00fan encuesta de percepci\u00f3n de Manizales C\u00f3mo Vamos\"}]},{\"@type\":\"WebSite\",\"@id\":\"https:\\\/\\\/www.ucaldas.edu.co\\\/portal\\\/#website\",\"url\":\"https:\\\/\\\/www.ucaldas.edu.co\\\/portal\\\/\",\"name\":\"Universidad de Caldas\",\"description\":\"\",\"publisher\":{\"@id\":\"https:\\\/\\\/www.ucaldas.edu.co\\\/portal\\\/#organization\"},\"alternateName\":\"U. de Caldas\",\"potentialAction\":[{\"@type\":\"SearchAction\",\"target\":{\"@type\":\"EntryPoint\",\"urlTemplate\":\"https:\\\/\\\/www.ucaldas.edu.co\\\/portal\\\/?s={search_term_string}\"},\"query-input\":{\"@type\":\"PropertyValueSpecification\",\"valueRequired\":true,\"valueName\":\"search_term_string\"}}],\"inLanguage\":\"es\"},{\"@type\":\"Organization\",\"@id\":\"https:\\\/\\\/www.ucaldas.edu.co\\\/portal\\\/#organization\",\"name\":\"Universidad de Caldas\",\"alternateName\":\"U. de Caldas\",\"url\":\"https:\\\/\\\/www.ucaldas.edu.co\\\/portal\\\/\",\"logo\":{\"@type\":\"ImageObject\",\"inLanguage\":\"es\",\"@id\":\"https:\\\/\\\/www.ucaldas.edu.co\\\/portal\\\/#\\\/schema\\\/logo\\\/image\\\/\",\"url\":\"https:\\\/\\\/www.ucaldas.edu.co\\\/portal\\\/wp-content\\\/uploads\\\/2023\\\/11\\\/Logo_horizontal_oscuroU-2023.png\",\"contentUrl\":\"https:\\\/\\\/www.ucaldas.edu.co\\\/portal\\\/wp-content\\\/uploads\\\/2023\\\/11\\\/Logo_horizontal_oscuroU-2023.png\",\"width\":263,\"height\":101,\"caption\":\"Universidad de Caldas\"},\"image\":{\"@id\":\"https:\\\/\\\/www.ucaldas.edu.co\\\/portal\\\/#\\\/schema\\\/logo\\\/image\\\/\"},\"sameAs\":[\"https:\\\/\\\/www.facebook.com\\\/udecaldas\",\"https:\\\/\\\/x.com\\\/udecaldas\",\"https:\\\/\\\/www.youtube.com\\\/universidadcaldas\",\"https:\\\/\\\/www.instagram.com\\\/udecaldas\\\/\"]},{\"@type\":\"Person\",\"@id\":\"https:\\\/\\\/www.ucaldas.edu.co\\\/portal\\\/#\\\/schema\\\/person\\\/a1b482e23449158b4bc319926c074fdf\",\"name\":\"ofiprensa\",\"image\":{\"@type\":\"ImageObject\",\"inLanguage\":\"es\",\"@id\":\"https:\\\/\\\/www.ucaldas.edu.co\\\/portal\\\/wp-content\\\/litespeed\\\/avatar\\\/09ea5085e600095a7a811142c6944527.jpg?ver=1777497608\",\"url\":\"https:\\\/\\\/www.ucaldas.edu.co\\\/portal\\\/wp-content\\\/litespeed\\\/avatar\\\/09ea5085e600095a7a811142c6944527.jpg?ver=1777497608\",\"contentUrl\":\"https:\\\/\\\/www.ucaldas.edu.co\\\/portal\\\/wp-content\\\/litespeed\\\/avatar\\\/09ea5085e600095a7a811142c6944527.jpg?ver=1777497608\",\"caption\":\"ofiprensa\"},\"url\":\"https:\\\/\\\/www.ucaldas.edu.co\\\/portal\\\/author\\\/ofiprensa\\\/\"}]}<\/script>\n<!-- \/ Yoast SEO plugin. -->","yoast_head_json":{"title":"U. de Caldas, primera en favorabilidad entre los manizale\u00f1os, seg\u00fan encuesta de percepci\u00f3n de Manizales C\u00f3mo Vamos .","robots":{"index":"index","follow":"follow","max-snippet":"max-snippet:-1","max-image-preview":"max-image-preview:large","max-video-preview":"max-video-preview:-1"},"canonical":"https:\/\/www.ucaldas.edu.co\/portal\/u-de-caldas-primera-en-favorabilidad-entre-los-manizalenos-segun-encuesta-de-percepcion-de-manizales-como-vamos\/","schema":{"@context":"https:\/\/schema.org","@graph":[{"@type":"Article","@id":"https:\/\/www.ucaldas.edu.co\/portal\/u-de-caldas-primera-en-favorabilidad-entre-los-manizalenos-segun-encuesta-de-percepcion-de-manizales-como-vamos\/#article","isPartOf":{"@id":"https:\/\/www.ucaldas.edu.co\/portal\/u-de-caldas-primera-en-favorabilidad-entre-los-manizalenos-segun-encuesta-de-percepcion-de-manizales-como-vamos\/"},"author":{"name":"ofiprensa","@id":"https:\/\/www.ucaldas.edu.co\/portal\/#\/schema\/person\/a1b482e23449158b4bc319926c074fdf"},"headline":"U. de Caldas, primera en favorabilidad entre los manizale\u00f1os, seg\u00fan encuesta de percepci\u00f3n de Manizales C\u00f3mo Vamos","datePublished":"2016-12-14T20:03:30+00:00","mainEntityOfPage":{"@id":"https:\/\/www.ucaldas.edu.co\/portal\/u-de-caldas-primera-en-favorabilidad-entre-los-manizalenos-segun-encuesta-de-percepcion-de-manizales-como-vamos\/"},"wordCount":347,"publisher":{"@id":"https:\/\/www.ucaldas.edu.co\/portal\/#organization"},"image":{"@id":"https:\/\/www.ucaldas.edu.co\/portal\/u-de-caldas-primera-en-favorabilidad-entre-los-manizalenos-segun-encuesta-de-percepcion-de-manizales-como-vamos\/#primaryimage"},"thumbnailUrl":"https:\/\/www.ucaldas.edu.co\/portal\/wp-content\/uploads\/2016\/12\/IMG_3538.jpg","keywords":["Encuesta de Opini\u00f3n Ciudadana","Presentaci\u00f3n","Manizales C\u00f3mo Vamos"],"articleSection":["Actualidad","Universidad al D\u00eda"],"inLanguage":"es"},{"@type":"WebPage","@id":"https:\/\/www.ucaldas.edu.co\/portal\/u-de-caldas-primera-en-favorabilidad-entre-los-manizalenos-segun-encuesta-de-percepcion-de-manizales-como-vamos\/","url":"https:\/\/www.ucaldas.edu.co\/portal\/u-de-caldas-primera-en-favorabilidad-entre-los-manizalenos-segun-encuesta-de-percepcion-de-manizales-como-vamos\/","name":"U. de Caldas, primera en favorabilidad entre los manizale\u00f1os, seg\u00fan encuesta de percepci\u00f3n de Manizales C\u00f3mo Vamos .","isPartOf":{"@id":"https:\/\/www.ucaldas.edu.co\/portal\/#website"},"primaryImageOfPage":{"@id":"https:\/\/www.ucaldas.edu.co\/portal\/u-de-caldas-primera-en-favorabilidad-entre-los-manizalenos-segun-encuesta-de-percepcion-de-manizales-como-vamos\/#primaryimage"},"image":{"@id":"https:\/\/www.ucaldas.edu.co\/portal\/u-de-caldas-primera-en-favorabilidad-entre-los-manizalenos-segun-encuesta-de-percepcion-de-manizales-como-vamos\/#primaryimage"},"thumbnailUrl":"https:\/\/www.ucaldas.edu.co\/portal\/wp-content\/uploads\/2016\/12\/IMG_3538.jpg","datePublished":"2016-12-14T20:03:30+00:00","breadcrumb":{"@id":"https:\/\/www.ucaldas.edu.co\/portal\/u-de-caldas-primera-en-favorabilidad-entre-los-manizalenos-segun-encuesta-de-percepcion-de-manizales-como-vamos\/#breadcrumb"},"inLanguage":"es","potentialAction":[{"@type":"ReadAction","target":["https:\/\/www.ucaldas.edu.co\/portal\/u-de-caldas-primera-en-favorabilidad-entre-los-manizalenos-segun-encuesta-de-percepcion-de-manizales-como-vamos\/"]}]},{"@type":"ImageObject","inLanguage":"es","@id":"https:\/\/www.ucaldas.edu.co\/portal\/u-de-caldas-primera-en-favorabilidad-entre-los-manizalenos-segun-encuesta-de-percepcion-de-manizales-como-vamos\/#primaryimage","url":"https:\/\/www.ucaldas.edu.co\/portal\/wp-content\/uploads\/2016\/12\/IMG_3538.jpg","contentUrl":"https:\/\/www.ucaldas.edu.co\/portal\/wp-content\/uploads\/2016\/12\/IMG_3538.jpg"},{"@type":"BreadcrumbList","@id":"https:\/\/www.ucaldas.edu.co\/portal\/u-de-caldas-primera-en-favorabilidad-entre-los-manizalenos-segun-encuesta-de-percepcion-de-manizales-como-vamos\/#breadcrumb","itemListElement":[{"@type":"ListItem","position":1,"name":"Portada","item":"https:\/\/www.ucaldas.edu.co\/portal\/"},{"@type":"ListItem","position":2,"name":"U. de Caldas, primera en favorabilidad entre los manizale\u00f1os, seg\u00fan encuesta de percepci\u00f3n de Manizales C\u00f3mo Vamos"}]},{"@type":"WebSite","@id":"https:\/\/www.ucaldas.edu.co\/portal\/#website","url":"https:\/\/www.ucaldas.edu.co\/portal\/","name":"Universidad de Caldas","description":"","publisher":{"@id":"https:\/\/www.ucaldas.edu.co\/portal\/#organization"},"alternateName":"U. de Caldas","potentialAction":[{"@type":"SearchAction","target":{"@type":"EntryPoint","urlTemplate":"https:\/\/www.ucaldas.edu.co\/portal\/?s={search_term_string}"},"query-input":{"@type":"PropertyValueSpecification","valueRequired":true,"valueName":"search_term_string"}}],"inLanguage":"es"},{"@type":"Organization","@id":"https:\/\/www.ucaldas.edu.co\/portal\/#organization","name":"Universidad de Caldas","alternateName":"U. de Caldas","url":"https:\/\/www.ucaldas.edu.co\/portal\/","logo":{"@type":"ImageObject","inLanguage":"es","@id":"https:\/\/www.ucaldas.edu.co\/portal\/#\/schema\/logo\/image\/","url":"https:\/\/www.ucaldas.edu.co\/portal\/wp-content\/uploads\/2023\/11\/Logo_horizontal_oscuroU-2023.png","contentUrl":"https:\/\/www.ucaldas.edu.co\/portal\/wp-content\/uploads\/2023\/11\/Logo_horizontal_oscuroU-2023.png","width":263,"height":101,"caption":"Universidad de Caldas"},"image":{"@id":"https:\/\/www.ucaldas.edu.co\/portal\/#\/schema\/logo\/image\/"},"sameAs":["https:\/\/www.facebook.com\/udecaldas","https:\/\/x.com\/udecaldas","https:\/\/www.youtube.com\/universidadcaldas","https:\/\/www.instagram.com\/udecaldas\/"]},{"@type":"Person","@id":"https:\/\/www.ucaldas.edu.co\/portal\/#\/schema\/person\/a1b482e23449158b4bc319926c074fdf","name":"ofiprensa","image":{"@type":"ImageObject","inLanguage":"es","@id":"https:\/\/www.ucaldas.edu.co\/portal\/wp-content\/litespeed\/avatar\/09ea5085e600095a7a811142c6944527.jpg?ver=1777497608","url":"https:\/\/www.ucaldas.edu.co\/portal\/wp-content\/litespeed\/avatar\/09ea5085e600095a7a811142c6944527.jpg?ver=1777497608","contentUrl":"https:\/\/www.ucaldas.edu.co\/portal\/wp-content\/litespeed\/avatar\/09ea5085e600095a7a811142c6944527.jpg?ver=1777497608","caption":"ofiprensa"},"url":"https:\/\/www.ucaldas.edu.co\/portal\/author\/ofiprensa\/"}]}},"_links":{"self":[{"href":"https:\/\/www.ucaldas.edu.co\/portal\/wp-json\/wp\/v2\/posts\/33622","targetHints":{"allow":["GET"]}}],"collection":[{"href":"https:\/\/www.ucaldas.edu.co\/portal\/wp-json\/wp\/v2\/posts"}],"about":[{"href":"https:\/\/www.ucaldas.edu.co\/portal\/wp-json\/wp\/v2\/types\/post"}],"author":[{"embeddable":true,"href":"https:\/\/www.ucaldas.edu.co\/portal\/wp-json\/wp\/v2\/users\/2"}],"replies":[{"embeddable":true,"href":"https:\/\/www.ucaldas.edu.co\/portal\/wp-json\/wp\/v2\/comments?post=33622"}],"version-history":[{"count":0,"href":"https:\/\/www.ucaldas.edu.co\/portal\/wp-json\/wp\/v2\/posts\/33622\/revisions"}],"wp:attachment":[{"href":"https:\/\/www.ucaldas.edu.co\/portal\/wp-json\/wp\/v2\/media?parent=33622"}],"wp:term":[{"taxonomy":"category","embeddable":true,"href":"https:\/\/www.ucaldas.edu.co\/portal\/wp-json\/wp\/v2\/categories?post=33622"},{"taxonomy":"post_tag","embeddable":true,"href":"https:\/\/www.ucaldas.edu.co\/portal\/wp-json\/wp\/v2\/tags?post=33622"}],"curies":[{"name":"wp","href":"https:\/\/api.w.org\/{rel}","templated":true}]}}