{"id":33595,"date":"2016-12-13T16:31:15","date_gmt":"2016-12-13T21:31:15","guid":{"rendered":"https:\/\/www.ucaldas.edu.co\/portal\/?p=33595"},"modified":"2016-12-13T16:31:15","modified_gmt":"2016-12-13T21:31:15","slug":"mesa-de-industrias-creativas-de-manizales-dic-14","status":"publish","type":"post","link":"https:\/\/www.ucaldas.edu.co\/portal\/mesa-de-industrias-creativas-de-manizales-dic-14\/","title":{"rendered":"Mesa de Industrias Creativas de Manizales &#8211; dic 14"},"content":{"rendered":"<p><strong>Mesa de Industrias Creativas de Manizales &#8211; dic 14<\/strong><\/p>\n<p><strong>Descripci\u00f3n: <\/strong>el Rector de la Universidad de Caldas tiene el gusto de invitarle al encuentro de la mesa de industrias creativas y culturales de Manizales.<\/p>\n<p><strong>Fecha:<\/strong> mi\u00e9rcoles 14 de diciembre del 2016.<\/p>\n<p><strong>Hora:<\/strong> 8:00 a.m.<\/p>\n<p><strong>Lugar:<\/strong> Obra Centro Cultural Universitario Rogelio Salmona. El ingreso ser\u00e1 por la Facultad de Ciencias Agropecuarias.<\/p>\n<p><strong>Programaci\u00f3n: <\/strong><\/p>\n<p><strong>8:00 a.m.\u00a0 <\/strong><\/p>\n<p>Conversaci\u00f3n sobre Fernando Gonz\u00e1lez Ochoa, considerado el m\u00e1s original de los fil\u00f3sofos colombianos y uno de los m\u00e1s vitales, pol\u00e9micos y controvertidos escritores de su \u00e9poca.<\/p>\n<p>A cargo de: Sergio Restrepo, Director cultural de la Corporaci\u00f3n Otraparte y Director\u00a0 del Teatro Pablo Tob\u00f3n Uribe de Medell\u00edn.<\/p>\n<p><strong>9:00 a.m.<\/strong><\/p>\n<p>Presentaci\u00f3n del Rector de la Universidad de Caldas y Gerente del ViveLab Manizales, Felipe C\u00e9sar Londo\u00f1o L\u00f3pez.<\/p>\n<p><strong>9:30 a.m.<\/strong><\/p>\n<p>Recorrido por la obra del Centro Cultural Universitario Rogelio Salmona.<\/p>\n<p><strong>Informes:<\/strong> Oficina de Prensa U. de Caldas, tel\u00e9fono 878 15 00 extensi\u00f3n 12 167.<\/p>\n<p>&nbsp;<\/p>\n","protected":false},"excerpt":{"rendered":"<p>Mesa de Industrias Creativas de Manizales &#8211; dic 14 Descripci\u00f3n: el Rector de la Universidad de Caldas tiene el gusto de invitarle al encuentro de la mesa de industrias creativas y culturales de Manizales. Fecha: mi\u00e9rcoles 14 de diciembre del 2016. Hora: 8:00 a.m. Lugar: Obra Centro Cultural Universitario Rogelio Salmona. El ingreso ser\u00e1 por [&hellip;]<\/p>\n","protected":false},"author":2,"featured_media":0,"comment_status":"closed","ping_status":"closed","sticky":false,"template":"","format":"standard","meta":{"footnotes":""},"categories":[62],"tags":[63,73,315,316],"class_list":["post-33595","post","type-post","status-publish","format-standard","hentry","category-eventos","tag-participe","tag-proyeccion","tag-centro-cultural-universitario-rogelio-salmona","tag-mesa-de-industrias-creativas-de-manizales"],"yoast_head":"<!-- This site is optimized with the Yoast SEO plugin v27.5 - https:\/\/yoast.com\/product\/yoast-seo-wordpress\/ -->\n<title>Mesa de Industrias Creativas de Manizales - dic 14 .<\/title>\n<meta name=\"robots\" content=\"index, follow, max-snippet:-1, max-image-preview:large, max-video-preview:-1\" \/>\n<link rel=\"canonical\" href=\"https:\/\/www.ucaldas.edu.co\/portal\/mesa-de-industrias-creativas-de-manizales-dic-14\/\" \/>\n<script type=\"application\/ld+json\" class=\"yoast-schema-graph\">{\"@context\":\"https:\\\/\\\/schema.org\",\"@graph\":[{\"@type\":\"Article\",\"@id\":\"https:\\\/\\\/www.ucaldas.edu.co\\\/portal\\\/mesa-de-industrias-creativas-de-manizales-dic-14\\\/#article\",\"isPartOf\":{\"@id\":\"https:\\\/\\\/www.ucaldas.edu.co\\\/portal\\\/mesa-de-industrias-creativas-de-manizales-dic-14\\\/\"},\"author\":{\"name\":\"ofiprensa\",\"@id\":\"https:\\\/\\\/www.ucaldas.edu.co\\\/portal\\\/#\\\/schema\\\/person\\\/a1b482e23449158b4bc319926c074fdf\"},\"headline\":\"Mesa de Industrias Creativas de Manizales &#8211; dic 14\",\"datePublished\":\"2016-12-13T21:31:15+00:00\",\"mainEntityOfPage\":{\"@id\":\"https:\\\/\\\/www.ucaldas.edu.co\\\/portal\\\/mesa-de-industrias-creativas-de-manizales-dic-14\\\/\"},\"wordCount\":173,\"publisher\":{\"@id\":\"https:\\\/\\\/www.ucaldas.edu.co\\\/portal\\\/#organization\"},\"keywords\":[\"Participe\",\"Proyecci\u00f3n\",\"Centro Cultural Universitario Rogelio Salmona\",\"Mesa de Industrias Creativas de Manizales\"],\"articleSection\":[\"Eventos\"],\"inLanguage\":\"es\"},{\"@type\":\"WebPage\",\"@id\":\"https:\\\/\\\/www.ucaldas.edu.co\\\/portal\\\/mesa-de-industrias-creativas-de-manizales-dic-14\\\/\",\"url\":\"https:\\\/\\\/www.ucaldas.edu.co\\\/portal\\\/mesa-de-industrias-creativas-de-manizales-dic-14\\\/\",\"name\":\"Mesa de Industrias Creativas de Manizales - dic 14 .\",\"isPartOf\":{\"@id\":\"https:\\\/\\\/www.ucaldas.edu.co\\\/portal\\\/#website\"},\"datePublished\":\"2016-12-13T21:31:15+00:00\",\"breadcrumb\":{\"@id\":\"https:\\\/\\\/www.ucaldas.edu.co\\\/portal\\\/mesa-de-industrias-creativas-de-manizales-dic-14\\\/#breadcrumb\"},\"inLanguage\":\"es\",\"potentialAction\":[{\"@type\":\"ReadAction\",\"target\":[\"https:\\\/\\\/www.ucaldas.edu.co\\\/portal\\\/mesa-de-industrias-creativas-de-manizales-dic-14\\\/\"]}]},{\"@type\":\"BreadcrumbList\",\"@id\":\"https:\\\/\\\/www.ucaldas.edu.co\\\/portal\\\/mesa-de-industrias-creativas-de-manizales-dic-14\\\/#breadcrumb\",\"itemListElement\":[{\"@type\":\"ListItem\",\"position\":1,\"name\":\"Portada\",\"item\":\"https:\\\/\\\/www.ucaldas.edu.co\\\/portal\\\/\"},{\"@type\":\"ListItem\",\"position\":2,\"name\":\"Mesa de Industrias Creativas de Manizales &#8211; dic 14\"}]},{\"@type\":\"WebSite\",\"@id\":\"https:\\\/\\\/www.ucaldas.edu.co\\\/portal\\\/#website\",\"url\":\"https:\\\/\\\/www.ucaldas.edu.co\\\/portal\\\/\",\"name\":\"Universidad de Caldas\",\"description\":\"\",\"publisher\":{\"@id\":\"https:\\\/\\\/www.ucaldas.edu.co\\\/portal\\\/#organization\"},\"alternateName\":\"U. de Caldas\",\"potentialAction\":[{\"@type\":\"SearchAction\",\"target\":{\"@type\":\"EntryPoint\",\"urlTemplate\":\"https:\\\/\\\/www.ucaldas.edu.co\\\/portal\\\/?s={search_term_string}\"},\"query-input\":{\"@type\":\"PropertyValueSpecification\",\"valueRequired\":true,\"valueName\":\"search_term_string\"}}],\"inLanguage\":\"es\"},{\"@type\":\"Organization\",\"@id\":\"https:\\\/\\\/www.ucaldas.edu.co\\\/portal\\\/#organization\",\"name\":\"Universidad de Caldas\",\"alternateName\":\"U. de Caldas\",\"url\":\"https:\\\/\\\/www.ucaldas.edu.co\\\/portal\\\/\",\"logo\":{\"@type\":\"ImageObject\",\"inLanguage\":\"es\",\"@id\":\"https:\\\/\\\/www.ucaldas.edu.co\\\/portal\\\/#\\\/schema\\\/logo\\\/image\\\/\",\"url\":\"https:\\\/\\\/www.ucaldas.edu.co\\\/portal\\\/wp-content\\\/uploads\\\/2023\\\/11\\\/Logo_horizontal_oscuroU-2023.png\",\"contentUrl\":\"https:\\\/\\\/www.ucaldas.edu.co\\\/portal\\\/wp-content\\\/uploads\\\/2023\\\/11\\\/Logo_horizontal_oscuroU-2023.png\",\"width\":263,\"height\":101,\"caption\":\"Universidad de Caldas\"},\"image\":{\"@id\":\"https:\\\/\\\/www.ucaldas.edu.co\\\/portal\\\/#\\\/schema\\\/logo\\\/image\\\/\"},\"sameAs\":[\"https:\\\/\\\/www.facebook.com\\\/udecaldas\",\"https:\\\/\\\/x.com\\\/udecaldas\",\"https:\\\/\\\/www.youtube.com\\\/universidadcaldas\",\"https:\\\/\\\/www.instagram.com\\\/udecaldas\\\/\"]},{\"@type\":\"Person\",\"@id\":\"https:\\\/\\\/www.ucaldas.edu.co\\\/portal\\\/#\\\/schema\\\/person\\\/a1b482e23449158b4bc319926c074fdf\",\"name\":\"ofiprensa\",\"image\":{\"@type\":\"ImageObject\",\"inLanguage\":\"es\",\"@id\":\"https:\\\/\\\/www.ucaldas.edu.co\\\/portal\\\/wp-content\\\/litespeed\\\/avatar\\\/09ea5085e600095a7a811142c6944527.jpg?ver=1777497608\",\"url\":\"https:\\\/\\\/www.ucaldas.edu.co\\\/portal\\\/wp-content\\\/litespeed\\\/avatar\\\/09ea5085e600095a7a811142c6944527.jpg?ver=1777497608\",\"contentUrl\":\"https:\\\/\\\/www.ucaldas.edu.co\\\/portal\\\/wp-content\\\/litespeed\\\/avatar\\\/09ea5085e600095a7a811142c6944527.jpg?ver=1777497608\",\"caption\":\"ofiprensa\"},\"url\":\"https:\\\/\\\/www.ucaldas.edu.co\\\/portal\\\/author\\\/ofiprensa\\\/\"}]}<\/script>\n<!-- \/ Yoast SEO plugin. -->","yoast_head_json":{"title":"Mesa de Industrias Creativas de Manizales - dic 14 .","robots":{"index":"index","follow":"follow","max-snippet":"max-snippet:-1","max-image-preview":"max-image-preview:large","max-video-preview":"max-video-preview:-1"},"canonical":"https:\/\/www.ucaldas.edu.co\/portal\/mesa-de-industrias-creativas-de-manizales-dic-14\/","schema":{"@context":"https:\/\/schema.org","@graph":[{"@type":"Article","@id":"https:\/\/www.ucaldas.edu.co\/portal\/mesa-de-industrias-creativas-de-manizales-dic-14\/#article","isPartOf":{"@id":"https:\/\/www.ucaldas.edu.co\/portal\/mesa-de-industrias-creativas-de-manizales-dic-14\/"},"author":{"name":"ofiprensa","@id":"https:\/\/www.ucaldas.edu.co\/portal\/#\/schema\/person\/a1b482e23449158b4bc319926c074fdf"},"headline":"Mesa de Industrias Creativas de Manizales &#8211; dic 14","datePublished":"2016-12-13T21:31:15+00:00","mainEntityOfPage":{"@id":"https:\/\/www.ucaldas.edu.co\/portal\/mesa-de-industrias-creativas-de-manizales-dic-14\/"},"wordCount":173,"publisher":{"@id":"https:\/\/www.ucaldas.edu.co\/portal\/#organization"},"keywords":["Participe","Proyecci\u00f3n","Centro Cultural Universitario Rogelio Salmona","Mesa de Industrias Creativas de Manizales"],"articleSection":["Eventos"],"inLanguage":"es"},{"@type":"WebPage","@id":"https:\/\/www.ucaldas.edu.co\/portal\/mesa-de-industrias-creativas-de-manizales-dic-14\/","url":"https:\/\/www.ucaldas.edu.co\/portal\/mesa-de-industrias-creativas-de-manizales-dic-14\/","name":"Mesa de Industrias Creativas de Manizales - dic 14 .","isPartOf":{"@id":"https:\/\/www.ucaldas.edu.co\/portal\/#website"},"datePublished":"2016-12-13T21:31:15+00:00","breadcrumb":{"@id":"https:\/\/www.ucaldas.edu.co\/portal\/mesa-de-industrias-creativas-de-manizales-dic-14\/#breadcrumb"},"inLanguage":"es","potentialAction":[{"@type":"ReadAction","target":["https:\/\/www.ucaldas.edu.co\/portal\/mesa-de-industrias-creativas-de-manizales-dic-14\/"]}]},{"@type":"BreadcrumbList","@id":"https:\/\/www.ucaldas.edu.co\/portal\/mesa-de-industrias-creativas-de-manizales-dic-14\/#breadcrumb","itemListElement":[{"@type":"ListItem","position":1,"name":"Portada","item":"https:\/\/www.ucaldas.edu.co\/portal\/"},{"@type":"ListItem","position":2,"name":"Mesa de Industrias Creativas de Manizales &#8211; dic 14"}]},{"@type":"WebSite","@id":"https:\/\/www.ucaldas.edu.co\/portal\/#website","url":"https:\/\/www.ucaldas.edu.co\/portal\/","name":"Universidad de Caldas","description":"","publisher":{"@id":"https:\/\/www.ucaldas.edu.co\/portal\/#organization"},"alternateName":"U. de Caldas","potentialAction":[{"@type":"SearchAction","target":{"@type":"EntryPoint","urlTemplate":"https:\/\/www.ucaldas.edu.co\/portal\/?s={search_term_string}"},"query-input":{"@type":"PropertyValueSpecification","valueRequired":true,"valueName":"search_term_string"}}],"inLanguage":"es"},{"@type":"Organization","@id":"https:\/\/www.ucaldas.edu.co\/portal\/#organization","name":"Universidad de Caldas","alternateName":"U. de Caldas","url":"https:\/\/www.ucaldas.edu.co\/portal\/","logo":{"@type":"ImageObject","inLanguage":"es","@id":"https:\/\/www.ucaldas.edu.co\/portal\/#\/schema\/logo\/image\/","url":"https:\/\/www.ucaldas.edu.co\/portal\/wp-content\/uploads\/2023\/11\/Logo_horizontal_oscuroU-2023.png","contentUrl":"https:\/\/www.ucaldas.edu.co\/portal\/wp-content\/uploads\/2023\/11\/Logo_horizontal_oscuroU-2023.png","width":263,"height":101,"caption":"Universidad de Caldas"},"image":{"@id":"https:\/\/www.ucaldas.edu.co\/portal\/#\/schema\/logo\/image\/"},"sameAs":["https:\/\/www.facebook.com\/udecaldas","https:\/\/x.com\/udecaldas","https:\/\/www.youtube.com\/universidadcaldas","https:\/\/www.instagram.com\/udecaldas\/"]},{"@type":"Person","@id":"https:\/\/www.ucaldas.edu.co\/portal\/#\/schema\/person\/a1b482e23449158b4bc319926c074fdf","name":"ofiprensa","image":{"@type":"ImageObject","inLanguage":"es","@id":"https:\/\/www.ucaldas.edu.co\/portal\/wp-content\/litespeed\/avatar\/09ea5085e600095a7a811142c6944527.jpg?ver=1777497608","url":"https:\/\/www.ucaldas.edu.co\/portal\/wp-content\/litespeed\/avatar\/09ea5085e600095a7a811142c6944527.jpg?ver=1777497608","contentUrl":"https:\/\/www.ucaldas.edu.co\/portal\/wp-content\/litespeed\/avatar\/09ea5085e600095a7a811142c6944527.jpg?ver=1777497608","caption":"ofiprensa"},"url":"https:\/\/www.ucaldas.edu.co\/portal\/author\/ofiprensa\/"}]}},"_links":{"self":[{"href":"https:\/\/www.ucaldas.edu.co\/portal\/wp-json\/wp\/v2\/posts\/33595","targetHints":{"allow":["GET"]}}],"collection":[{"href":"https:\/\/www.ucaldas.edu.co\/portal\/wp-json\/wp\/v2\/posts"}],"about":[{"href":"https:\/\/www.ucaldas.edu.co\/portal\/wp-json\/wp\/v2\/types\/post"}],"author":[{"embeddable":true,"href":"https:\/\/www.ucaldas.edu.co\/portal\/wp-json\/wp\/v2\/users\/2"}],"replies":[{"embeddable":true,"href":"https:\/\/www.ucaldas.edu.co\/portal\/wp-json\/wp\/v2\/comments?post=33595"}],"version-history":[{"count":0,"href":"https:\/\/www.ucaldas.edu.co\/portal\/wp-json\/wp\/v2\/posts\/33595\/revisions"}],"wp:attachment":[{"href":"https:\/\/www.ucaldas.edu.co\/portal\/wp-json\/wp\/v2\/media?parent=33595"}],"wp:term":[{"taxonomy":"category","embeddable":true,"href":"https:\/\/www.ucaldas.edu.co\/portal\/wp-json\/wp\/v2\/categories?post=33595"},{"taxonomy":"post_tag","embeddable":true,"href":"https:\/\/www.ucaldas.edu.co\/portal\/wp-json\/wp\/v2\/tags?post=33595"}],"curies":[{"name":"wp","href":"https:\/\/api.w.org\/{rel}","templated":true}]}}