{"id":33532,"date":"2016-12-07T15:32:59","date_gmt":"2016-12-07T20:32:59","guid":{"rendered":"https:\/\/www.ucaldas.edu.co\/portal\/?p=33532"},"modified":"2016-12-07T15:32:59","modified_gmt":"2016-12-07T20:32:59","slug":"manizalesopina-esto-si-es-percepcion-encuesta-de-opinion-ciudadana-dic-13","status":"publish","type":"post","link":"https:\/\/www.ucaldas.edu.co\/portal\/manizalesopina-esto-si-es-percepcion-encuesta-de-opinion-ciudadana-dic-13\/","title":{"rendered":"#ManizalesOpina \u00a1Esto s\u00ed es percepci\u00f3n! Encuesta de Opini\u00f3n Ciudadana &#8211; dic 13"},"content":{"rendered":"<p><strong>#ManizalesOpina \u00a1Esto s\u00ed es percepci\u00f3n! Encuesta de Opini\u00f3n Ciudadana &#8211; dic 13<\/strong><\/p>\n<p><img loading=\"lazy\" decoding=\"async\" class=\"alignnone size-full wp-image-33508 aligncenter\" src=\"https:\/\/www.ucaldas.edu.co\/portal\/wp-content\/uploads\/2016\/12\/web.png\" alt=\"web\" width=\"358\" height=\"245\" \/><\/p>\n<p><strong>Descripci\u00f3n:<\/strong> desde el a\u00f1o 2012 el programa Manizales C\u00f3mo Vamos realiza la Encuesta de Opini\u00f3n Ciudadana, estudio cuantitativo que recopila la percepci\u00f3n, opini\u00f3n y evaluaci\u00f3n que los manizale\u00f1os tienen sobre la calidad de vida de la ciudad en aspectos como seguridad, educaci\u00f3n, salud, movilidad, h\u00e1bitat urbano, comportamiento ciudadano, gesti\u00f3n p\u00fablica, entre otros.<\/p>\n<p>La recopilaci\u00f3n de los datos se realiza de manera presencial en las 11 comunas de la ciudad y zonas rurales, por parte de una firma encuestadora externa nacional, que para este a\u00f1o fue Ipsos Napole\u00f3n Franco.<\/p>\n<p><strong>Fecha:<\/strong> martes 13 de diciembre del 2016.<\/p>\n<p><strong>Hora:<\/strong> de 10:00 a.m. a 12:00 m.<\/p>\n<p><strong>Lugar:<\/strong> Auditorio del Campus Deportivo de la Universidad Cat\u00f3lica de Manizales.<\/p>\n<p><strong>Entrada:<\/strong> libre.<\/p>\n<p><strong>Informes:<\/strong> en el tel\u00e9fono 880 24 90.<\/p>\n<p>&nbsp;<\/p>\n","protected":false},"excerpt":{"rendered":"<p>#ManizalesOpina \u00a1Esto s\u00ed es percepci\u00f3n! Encuesta de Opini\u00f3n Ciudadana &#8211; dic 13 Descripci\u00f3n: desde el a\u00f1o 2012 el programa Manizales C\u00f3mo Vamos realiza la Encuesta de Opini\u00f3n Ciudadana, estudio cuantitativo que recopila la percepci\u00f3n, opini\u00f3n y evaluaci\u00f3n que los manizale\u00f1os tienen sobre la calidad de vida de la ciudad en aspectos como seguridad, educaci\u00f3n, salud, [&hellip;]<\/p>\n","protected":false},"author":2,"featured_media":0,"comment_status":"closed","ping_status":"closed","sticky":false,"template":"","format":"standard","meta":{"footnotes":""},"categories":[62],"tags":[63,133,161,300],"class_list":["post-33532","post","type-post","status-publish","format-standard","hentry","category-eventos","tag-participe","tag-presentacion","tag-manizales-como-vamos","tag-encuesta-de-opinion-ciudadana"],"yoast_head":"<!-- This site is optimized with the Yoast SEO plugin v27.5 - https:\/\/yoast.com\/product\/yoast-seo-wordpress\/ -->\n<title>#ManizalesOpina \u00a1Esto s\u00ed es percepci\u00f3n! Encuesta de Opini\u00f3n Ciudadana - dic 13 .<\/title>\n<meta name=\"robots\" content=\"index, follow, max-snippet:-1, max-image-preview:large, max-video-preview:-1\" \/>\n<link rel=\"canonical\" href=\"https:\/\/www.ucaldas.edu.co\/portal\/manizalesopina-esto-si-es-percepcion-encuesta-de-opinion-ciudadana-dic-13\/\" \/>\n<script type=\"application\/ld+json\" class=\"yoast-schema-graph\">{\"@context\":\"https:\\\/\\\/schema.org\",\"@graph\":[{\"@type\":\"Article\",\"@id\":\"https:\\\/\\\/www.ucaldas.edu.co\\\/portal\\\/manizalesopina-esto-si-es-percepcion-encuesta-de-opinion-ciudadana-dic-13\\\/#article\",\"isPartOf\":{\"@id\":\"https:\\\/\\\/www.ucaldas.edu.co\\\/portal\\\/manizalesopina-esto-si-es-percepcion-encuesta-de-opinion-ciudadana-dic-13\\\/\"},\"author\":{\"name\":\"ofiprensa\",\"@id\":\"https:\\\/\\\/www.ucaldas.edu.co\\\/portal\\\/#\\\/schema\\\/person\\\/a1b482e23449158b4bc319926c074fdf\"},\"headline\":\"#ManizalesOpina \u00a1Esto s\u00ed es percepci\u00f3n! Encuesta de Opini\u00f3n Ciudadana &#8211; dic 13\",\"datePublished\":\"2016-12-07T20:32:59+00:00\",\"mainEntityOfPage\":{\"@id\":\"https:\\\/\\\/www.ucaldas.edu.co\\\/portal\\\/manizalesopina-esto-si-es-percepcion-encuesta-de-opinion-ciudadana-dic-13\\\/\"},\"wordCount\":158,\"publisher\":{\"@id\":\"https:\\\/\\\/www.ucaldas.edu.co\\\/portal\\\/#organization\"},\"image\":{\"@id\":\"https:\\\/\\\/www.ucaldas.edu.co\\\/portal\\\/manizalesopina-esto-si-es-percepcion-encuesta-de-opinion-ciudadana-dic-13\\\/#primaryimage\"},\"thumbnailUrl\":\"https:\\\/\\\/www.ucaldas.edu.co\\\/portal\\\/wp-content\\\/uploads\\\/2016\\\/12\\\/web.png\",\"keywords\":[\"Participe\",\"Presentaci\u00f3n\",\"Manizales C\u00f3mo Vamos\",\"Encuesta de Opini\u00f3n Ciudadana\"],\"articleSection\":[\"Eventos\"],\"inLanguage\":\"es\"},{\"@type\":\"WebPage\",\"@id\":\"https:\\\/\\\/www.ucaldas.edu.co\\\/portal\\\/manizalesopina-esto-si-es-percepcion-encuesta-de-opinion-ciudadana-dic-13\\\/\",\"url\":\"https:\\\/\\\/www.ucaldas.edu.co\\\/portal\\\/manizalesopina-esto-si-es-percepcion-encuesta-de-opinion-ciudadana-dic-13\\\/\",\"name\":\"#ManizalesOpina \u00a1Esto s\u00ed es percepci\u00f3n! Encuesta de Opini\u00f3n Ciudadana - dic 13 .\",\"isPartOf\":{\"@id\":\"https:\\\/\\\/www.ucaldas.edu.co\\\/portal\\\/#website\"},\"primaryImageOfPage\":{\"@id\":\"https:\\\/\\\/www.ucaldas.edu.co\\\/portal\\\/manizalesopina-esto-si-es-percepcion-encuesta-de-opinion-ciudadana-dic-13\\\/#primaryimage\"},\"image\":{\"@id\":\"https:\\\/\\\/www.ucaldas.edu.co\\\/portal\\\/manizalesopina-esto-si-es-percepcion-encuesta-de-opinion-ciudadana-dic-13\\\/#primaryimage\"},\"thumbnailUrl\":\"https:\\\/\\\/www.ucaldas.edu.co\\\/portal\\\/wp-content\\\/uploads\\\/2016\\\/12\\\/web.png\",\"datePublished\":\"2016-12-07T20:32:59+00:00\",\"breadcrumb\":{\"@id\":\"https:\\\/\\\/www.ucaldas.edu.co\\\/portal\\\/manizalesopina-esto-si-es-percepcion-encuesta-de-opinion-ciudadana-dic-13\\\/#breadcrumb\"},\"inLanguage\":\"es\",\"potentialAction\":[{\"@type\":\"ReadAction\",\"target\":[\"https:\\\/\\\/www.ucaldas.edu.co\\\/portal\\\/manizalesopina-esto-si-es-percepcion-encuesta-de-opinion-ciudadana-dic-13\\\/\"]}]},{\"@type\":\"ImageObject\",\"inLanguage\":\"es\",\"@id\":\"https:\\\/\\\/www.ucaldas.edu.co\\\/portal\\\/manizalesopina-esto-si-es-percepcion-encuesta-de-opinion-ciudadana-dic-13\\\/#primaryimage\",\"url\":\"https:\\\/\\\/www.ucaldas.edu.co\\\/portal\\\/wp-content\\\/uploads\\\/2016\\\/12\\\/web.png\",\"contentUrl\":\"https:\\\/\\\/www.ucaldas.edu.co\\\/portal\\\/wp-content\\\/uploads\\\/2016\\\/12\\\/web.png\"},{\"@type\":\"BreadcrumbList\",\"@id\":\"https:\\\/\\\/www.ucaldas.edu.co\\\/portal\\\/manizalesopina-esto-si-es-percepcion-encuesta-de-opinion-ciudadana-dic-13\\\/#breadcrumb\",\"itemListElement\":[{\"@type\":\"ListItem\",\"position\":1,\"name\":\"Portada\",\"item\":\"https:\\\/\\\/www.ucaldas.edu.co\\\/portal\\\/\"},{\"@type\":\"ListItem\",\"position\":2,\"name\":\"#ManizalesOpina \u00a1Esto s\u00ed es percepci\u00f3n! Encuesta de Opini\u00f3n Ciudadana &#8211; dic 13\"}]},{\"@type\":\"WebSite\",\"@id\":\"https:\\\/\\\/www.ucaldas.edu.co\\\/portal\\\/#website\",\"url\":\"https:\\\/\\\/www.ucaldas.edu.co\\\/portal\\\/\",\"name\":\"Universidad de Caldas\",\"description\":\"\",\"publisher\":{\"@id\":\"https:\\\/\\\/www.ucaldas.edu.co\\\/portal\\\/#organization\"},\"alternateName\":\"U. de Caldas\",\"potentialAction\":[{\"@type\":\"SearchAction\",\"target\":{\"@type\":\"EntryPoint\",\"urlTemplate\":\"https:\\\/\\\/www.ucaldas.edu.co\\\/portal\\\/?s={search_term_string}\"},\"query-input\":{\"@type\":\"PropertyValueSpecification\",\"valueRequired\":true,\"valueName\":\"search_term_string\"}}],\"inLanguage\":\"es\"},{\"@type\":\"Organization\",\"@id\":\"https:\\\/\\\/www.ucaldas.edu.co\\\/portal\\\/#organization\",\"name\":\"Universidad de Caldas\",\"alternateName\":\"U. de Caldas\",\"url\":\"https:\\\/\\\/www.ucaldas.edu.co\\\/portal\\\/\",\"logo\":{\"@type\":\"ImageObject\",\"inLanguage\":\"es\",\"@id\":\"https:\\\/\\\/www.ucaldas.edu.co\\\/portal\\\/#\\\/schema\\\/logo\\\/image\\\/\",\"url\":\"https:\\\/\\\/www.ucaldas.edu.co\\\/portal\\\/wp-content\\\/uploads\\\/2023\\\/11\\\/Logo_horizontal_oscuroU-2023.png\",\"contentUrl\":\"https:\\\/\\\/www.ucaldas.edu.co\\\/portal\\\/wp-content\\\/uploads\\\/2023\\\/11\\\/Logo_horizontal_oscuroU-2023.png\",\"width\":263,\"height\":101,\"caption\":\"Universidad de Caldas\"},\"image\":{\"@id\":\"https:\\\/\\\/www.ucaldas.edu.co\\\/portal\\\/#\\\/schema\\\/logo\\\/image\\\/\"},\"sameAs\":[\"https:\\\/\\\/www.facebook.com\\\/udecaldas\",\"https:\\\/\\\/x.com\\\/udecaldas\",\"https:\\\/\\\/www.youtube.com\\\/universidadcaldas\",\"https:\\\/\\\/www.instagram.com\\\/udecaldas\\\/\"]},{\"@type\":\"Person\",\"@id\":\"https:\\\/\\\/www.ucaldas.edu.co\\\/portal\\\/#\\\/schema\\\/person\\\/a1b482e23449158b4bc319926c074fdf\",\"name\":\"ofiprensa\",\"image\":{\"@type\":\"ImageObject\",\"inLanguage\":\"es\",\"@id\":\"https:\\\/\\\/www.ucaldas.edu.co\\\/portal\\\/wp-content\\\/litespeed\\\/avatar\\\/09ea5085e600095a7a811142c6944527.jpg?ver=1777497608\",\"url\":\"https:\\\/\\\/www.ucaldas.edu.co\\\/portal\\\/wp-content\\\/litespeed\\\/avatar\\\/09ea5085e600095a7a811142c6944527.jpg?ver=1777497608\",\"contentUrl\":\"https:\\\/\\\/www.ucaldas.edu.co\\\/portal\\\/wp-content\\\/litespeed\\\/avatar\\\/09ea5085e600095a7a811142c6944527.jpg?ver=1777497608\",\"caption\":\"ofiprensa\"},\"url\":\"https:\\\/\\\/www.ucaldas.edu.co\\\/portal\\\/author\\\/ofiprensa\\\/\"}]}<\/script>\n<!-- \/ Yoast SEO plugin. -->","yoast_head_json":{"title":"#ManizalesOpina \u00a1Esto s\u00ed es percepci\u00f3n! Encuesta de Opini\u00f3n Ciudadana - dic 13 .","robots":{"index":"index","follow":"follow","max-snippet":"max-snippet:-1","max-image-preview":"max-image-preview:large","max-video-preview":"max-video-preview:-1"},"canonical":"https:\/\/www.ucaldas.edu.co\/portal\/manizalesopina-esto-si-es-percepcion-encuesta-de-opinion-ciudadana-dic-13\/","schema":{"@context":"https:\/\/schema.org","@graph":[{"@type":"Article","@id":"https:\/\/www.ucaldas.edu.co\/portal\/manizalesopina-esto-si-es-percepcion-encuesta-de-opinion-ciudadana-dic-13\/#article","isPartOf":{"@id":"https:\/\/www.ucaldas.edu.co\/portal\/manizalesopina-esto-si-es-percepcion-encuesta-de-opinion-ciudadana-dic-13\/"},"author":{"name":"ofiprensa","@id":"https:\/\/www.ucaldas.edu.co\/portal\/#\/schema\/person\/a1b482e23449158b4bc319926c074fdf"},"headline":"#ManizalesOpina \u00a1Esto s\u00ed es percepci\u00f3n! Encuesta de Opini\u00f3n Ciudadana &#8211; dic 13","datePublished":"2016-12-07T20:32:59+00:00","mainEntityOfPage":{"@id":"https:\/\/www.ucaldas.edu.co\/portal\/manizalesopina-esto-si-es-percepcion-encuesta-de-opinion-ciudadana-dic-13\/"},"wordCount":158,"publisher":{"@id":"https:\/\/www.ucaldas.edu.co\/portal\/#organization"},"image":{"@id":"https:\/\/www.ucaldas.edu.co\/portal\/manizalesopina-esto-si-es-percepcion-encuesta-de-opinion-ciudadana-dic-13\/#primaryimage"},"thumbnailUrl":"https:\/\/www.ucaldas.edu.co\/portal\/wp-content\/uploads\/2016\/12\/web.png","keywords":["Participe","Presentaci\u00f3n","Manizales C\u00f3mo Vamos","Encuesta de Opini\u00f3n Ciudadana"],"articleSection":["Eventos"],"inLanguage":"es"},{"@type":"WebPage","@id":"https:\/\/www.ucaldas.edu.co\/portal\/manizalesopina-esto-si-es-percepcion-encuesta-de-opinion-ciudadana-dic-13\/","url":"https:\/\/www.ucaldas.edu.co\/portal\/manizalesopina-esto-si-es-percepcion-encuesta-de-opinion-ciudadana-dic-13\/","name":"#ManizalesOpina \u00a1Esto s\u00ed es percepci\u00f3n! Encuesta de Opini\u00f3n Ciudadana - dic 13 .","isPartOf":{"@id":"https:\/\/www.ucaldas.edu.co\/portal\/#website"},"primaryImageOfPage":{"@id":"https:\/\/www.ucaldas.edu.co\/portal\/manizalesopina-esto-si-es-percepcion-encuesta-de-opinion-ciudadana-dic-13\/#primaryimage"},"image":{"@id":"https:\/\/www.ucaldas.edu.co\/portal\/manizalesopina-esto-si-es-percepcion-encuesta-de-opinion-ciudadana-dic-13\/#primaryimage"},"thumbnailUrl":"https:\/\/www.ucaldas.edu.co\/portal\/wp-content\/uploads\/2016\/12\/web.png","datePublished":"2016-12-07T20:32:59+00:00","breadcrumb":{"@id":"https:\/\/www.ucaldas.edu.co\/portal\/manizalesopina-esto-si-es-percepcion-encuesta-de-opinion-ciudadana-dic-13\/#breadcrumb"},"inLanguage":"es","potentialAction":[{"@type":"ReadAction","target":["https:\/\/www.ucaldas.edu.co\/portal\/manizalesopina-esto-si-es-percepcion-encuesta-de-opinion-ciudadana-dic-13\/"]}]},{"@type":"ImageObject","inLanguage":"es","@id":"https:\/\/www.ucaldas.edu.co\/portal\/manizalesopina-esto-si-es-percepcion-encuesta-de-opinion-ciudadana-dic-13\/#primaryimage","url":"https:\/\/www.ucaldas.edu.co\/portal\/wp-content\/uploads\/2016\/12\/web.png","contentUrl":"https:\/\/www.ucaldas.edu.co\/portal\/wp-content\/uploads\/2016\/12\/web.png"},{"@type":"BreadcrumbList","@id":"https:\/\/www.ucaldas.edu.co\/portal\/manizalesopina-esto-si-es-percepcion-encuesta-de-opinion-ciudadana-dic-13\/#breadcrumb","itemListElement":[{"@type":"ListItem","position":1,"name":"Portada","item":"https:\/\/www.ucaldas.edu.co\/portal\/"},{"@type":"ListItem","position":2,"name":"#ManizalesOpina \u00a1Esto s\u00ed es percepci\u00f3n! Encuesta de Opini\u00f3n Ciudadana &#8211; dic 13"}]},{"@type":"WebSite","@id":"https:\/\/www.ucaldas.edu.co\/portal\/#website","url":"https:\/\/www.ucaldas.edu.co\/portal\/","name":"Universidad de Caldas","description":"","publisher":{"@id":"https:\/\/www.ucaldas.edu.co\/portal\/#organization"},"alternateName":"U. de Caldas","potentialAction":[{"@type":"SearchAction","target":{"@type":"EntryPoint","urlTemplate":"https:\/\/www.ucaldas.edu.co\/portal\/?s={search_term_string}"},"query-input":{"@type":"PropertyValueSpecification","valueRequired":true,"valueName":"search_term_string"}}],"inLanguage":"es"},{"@type":"Organization","@id":"https:\/\/www.ucaldas.edu.co\/portal\/#organization","name":"Universidad de Caldas","alternateName":"U. de Caldas","url":"https:\/\/www.ucaldas.edu.co\/portal\/","logo":{"@type":"ImageObject","inLanguage":"es","@id":"https:\/\/www.ucaldas.edu.co\/portal\/#\/schema\/logo\/image\/","url":"https:\/\/www.ucaldas.edu.co\/portal\/wp-content\/uploads\/2023\/11\/Logo_horizontal_oscuroU-2023.png","contentUrl":"https:\/\/www.ucaldas.edu.co\/portal\/wp-content\/uploads\/2023\/11\/Logo_horizontal_oscuroU-2023.png","width":263,"height":101,"caption":"Universidad de Caldas"},"image":{"@id":"https:\/\/www.ucaldas.edu.co\/portal\/#\/schema\/logo\/image\/"},"sameAs":["https:\/\/www.facebook.com\/udecaldas","https:\/\/x.com\/udecaldas","https:\/\/www.youtube.com\/universidadcaldas","https:\/\/www.instagram.com\/udecaldas\/"]},{"@type":"Person","@id":"https:\/\/www.ucaldas.edu.co\/portal\/#\/schema\/person\/a1b482e23449158b4bc319926c074fdf","name":"ofiprensa","image":{"@type":"ImageObject","inLanguage":"es","@id":"https:\/\/www.ucaldas.edu.co\/portal\/wp-content\/litespeed\/avatar\/09ea5085e600095a7a811142c6944527.jpg?ver=1777497608","url":"https:\/\/www.ucaldas.edu.co\/portal\/wp-content\/litespeed\/avatar\/09ea5085e600095a7a811142c6944527.jpg?ver=1777497608","contentUrl":"https:\/\/www.ucaldas.edu.co\/portal\/wp-content\/litespeed\/avatar\/09ea5085e600095a7a811142c6944527.jpg?ver=1777497608","caption":"ofiprensa"},"url":"https:\/\/www.ucaldas.edu.co\/portal\/author\/ofiprensa\/"}]}},"_links":{"self":[{"href":"https:\/\/www.ucaldas.edu.co\/portal\/wp-json\/wp\/v2\/posts\/33532","targetHints":{"allow":["GET"]}}],"collection":[{"href":"https:\/\/www.ucaldas.edu.co\/portal\/wp-json\/wp\/v2\/posts"}],"about":[{"href":"https:\/\/www.ucaldas.edu.co\/portal\/wp-json\/wp\/v2\/types\/post"}],"author":[{"embeddable":true,"href":"https:\/\/www.ucaldas.edu.co\/portal\/wp-json\/wp\/v2\/users\/2"}],"replies":[{"embeddable":true,"href":"https:\/\/www.ucaldas.edu.co\/portal\/wp-json\/wp\/v2\/comments?post=33532"}],"version-history":[{"count":0,"href":"https:\/\/www.ucaldas.edu.co\/portal\/wp-json\/wp\/v2\/posts\/33532\/revisions"}],"wp:attachment":[{"href":"https:\/\/www.ucaldas.edu.co\/portal\/wp-json\/wp\/v2\/media?parent=33532"}],"wp:term":[{"taxonomy":"category","embeddable":true,"href":"https:\/\/www.ucaldas.edu.co\/portal\/wp-json\/wp\/v2\/categories?post=33532"},{"taxonomy":"post_tag","embeddable":true,"href":"https:\/\/www.ucaldas.edu.co\/portal\/wp-json\/wp\/v2\/tags?post=33532"}],"curies":[{"name":"wp","href":"https:\/\/api.w.org\/{rel}","templated":true}]}}