{"id":3344,"date":"2009-08-04T17:07:42","date_gmt":"2009-08-04T22:07:42","guid":{"rendered":"https:\/\/www.ucaldas.edu.co\/portal\/?p=3344"},"modified":"2009-08-04T17:07:42","modified_gmt":"2009-08-04T22:07:42","slug":"u-de-caldas-participara-en-la-septima-version-del-congreso-internacional-de-publicaciones-universitarias","status":"publish","type":"post","link":"https:\/\/www.ucaldas.edu.co\/portal\/u-de-caldas-participara-en-la-septima-version-del-congreso-internacional-de-publicaciones-universitarias\/","title":{"rendered":"U. de Caldas participar\u00e1 en la s\u00e9ptima versi\u00f3n del Congreso Internacional de Publicaciones Universitarias"},"content":{"rendered":"<p>Evento que se realizar\u00e1 en el marco de la 22\u00b0 Feria Internacional del libro de Bogot\u00e1<\/p>\n<hr id=\"system-readmore\" \/>\n<p>&nbsp;<\/p>\n<p>Del 12 al 23 de agosto se realizar\u00e1 la 22\u00b0 Feria Internacional del Libro de Bogot\u00e1. Dentro de este evento se realizar\u00e1, del 12 al 14, la s\u00e9ptima versi\u00f3n del Congreso Internacional de Publicaciones Universitarias, a la que asistir\u00e1 la Universidad de Caldas.<\/p>\n<p>&nbsp;<\/p>\n<p>En esta actividad participar\u00e1n cerca de 300 asistentes y m\u00e1s de 25 expertos provenientes de Argentina, Brasil, Chile, Espa\u00f1a, Estado Unidos, Italia, M\u00e9xico, Reino Unido, Rep\u00fablica Dominicana y Colombia.<\/p>\n<p>&nbsp;<\/p>\n<p>Las conferencias se realizar\u00e1n el sal\u00f3n Le\u00f3n de Greiff en Corferias y estar\u00e1n a la vanguardia de la tecnolog\u00eda desde las perspectivas y experiencias mundiales en el sector empresarial:<\/p>\n<p>&nbsp;<\/p>\n<p>E-book: publicaciones digitales<\/p>\n<p>E-searching: Google Book Search<\/p>\n<p>Marco legal: Open Access, Copyleft, Copyright, ColorIURIS<\/p>\n<p>Web 2.0<\/p>\n<p>Publicaciones acad\u00e9micas certificadas (ISI, Redalyc, Scielo, Publindex).<\/p>\n<p>&nbsp;<\/p>\n<p>El evento est\u00e1 dirigido a editores, coordinadores editoriales, bibliotec\u00f3logos, copieditores, correctores de estilo, directores editoriales, directores y gerentes comerciales, dise\u00f1adores, mercadotecnistas, escritores, estudiantes, profesores universitarios, publicistas y todos aquellos interesados en las publicaciones acad\u00e9micas.<\/p>\n<p>&nbsp;<\/p>\n<p>Interesados en conocer la programaci\u00f3n y las inscripciones, ingresar al siguiente enlace: <a href=\"http:\/\/www.congresointernacionaldepublicacionesuniversitarias.org\/\" target=\"_blank\">http:\/\/www.congresointernacionaldepublicacionesuniversitarias.org<\/a><\/p>\n","protected":false},"excerpt":{"rendered":"<p>Evento que se realizar\u00e1 en el marco de la 22\u00b0 Feria Internacional del libro de Bogot\u00e1 &nbsp; Del 12 al 23 de agosto se realizar\u00e1 la 22\u00b0 Feria Internacional del Libro de Bogot\u00e1. Dentro de este evento se realizar\u00e1, del 12 al 14, la s\u00e9ptima versi\u00f3n del Congreso Internacional de Publicaciones Universitarias, a la que [&hellip;]<\/p>\n","protected":false},"author":2,"featured_media":0,"comment_status":"closed","ping_status":"closed","sticky":false,"template":"","format":"standard","meta":{"footnotes":""},"categories":[48,53],"tags":[],"class_list":["post-3344","post","type-post","status-publish","format-standard","hentry","category-actualidad","category-universidad-al-dia"],"yoast_head":"<!-- This site is optimized with the Yoast SEO plugin v27.5 - https:\/\/yoast.com\/product\/yoast-seo-wordpress\/ -->\n<title>U. de Caldas participar\u00e1 en la s\u00e9ptima versi\u00f3n del Congreso Internacional de Publicaciones Universitarias .<\/title>\n<meta name=\"robots\" content=\"index, follow, max-snippet:-1, max-image-preview:large, max-video-preview:-1\" \/>\n<link rel=\"canonical\" href=\"https:\/\/www.ucaldas.edu.co\/portal\/u-de-caldas-participara-en-la-septima-version-del-congreso-internacional-de-publicaciones-universitarias\/\" \/>\n<script type=\"application\/ld+json\" class=\"yoast-schema-graph\">{\"@context\":\"https:\\\/\\\/schema.org\",\"@graph\":[{\"@type\":\"Article\",\"@id\":\"https:\\\/\\\/www.ucaldas.edu.co\\\/portal\\\/u-de-caldas-participara-en-la-septima-version-del-congreso-internacional-de-publicaciones-universitarias\\\/#article\",\"isPartOf\":{\"@id\":\"https:\\\/\\\/www.ucaldas.edu.co\\\/portal\\\/u-de-caldas-participara-en-la-septima-version-del-congreso-internacional-de-publicaciones-universitarias\\\/\"},\"author\":{\"name\":\"ofiprensa\",\"@id\":\"https:\\\/\\\/www.ucaldas.edu.co\\\/portal\\\/#\\\/schema\\\/person\\\/a1b482e23449158b4bc319926c074fdf\"},\"headline\":\"U. de Caldas participar\u00e1 en la s\u00e9ptima versi\u00f3n del Congreso Internacional de Publicaciones Universitarias\",\"datePublished\":\"2009-08-04T22:07:42+00:00\",\"mainEntityOfPage\":{\"@id\":\"https:\\\/\\\/www.ucaldas.edu.co\\\/portal\\\/u-de-caldas-participara-en-la-septima-version-del-congreso-internacional-de-publicaciones-universitarias\\\/\"},\"wordCount\":220,\"publisher\":{\"@id\":\"https:\\\/\\\/www.ucaldas.edu.co\\\/portal\\\/#organization\"},\"articleSection\":[\"Actualidad\",\"Universidad al D\u00eda\"],\"inLanguage\":\"es\"},{\"@type\":\"WebPage\",\"@id\":\"https:\\\/\\\/www.ucaldas.edu.co\\\/portal\\\/u-de-caldas-participara-en-la-septima-version-del-congreso-internacional-de-publicaciones-universitarias\\\/\",\"url\":\"https:\\\/\\\/www.ucaldas.edu.co\\\/portal\\\/u-de-caldas-participara-en-la-septima-version-del-congreso-internacional-de-publicaciones-universitarias\\\/\",\"name\":\"U. de Caldas participar\u00e1 en la s\u00e9ptima versi\u00f3n del Congreso Internacional de Publicaciones Universitarias .\",\"isPartOf\":{\"@id\":\"https:\\\/\\\/www.ucaldas.edu.co\\\/portal\\\/#website\"},\"datePublished\":\"2009-08-04T22:07:42+00:00\",\"breadcrumb\":{\"@id\":\"https:\\\/\\\/www.ucaldas.edu.co\\\/portal\\\/u-de-caldas-participara-en-la-septima-version-del-congreso-internacional-de-publicaciones-universitarias\\\/#breadcrumb\"},\"inLanguage\":\"es\",\"potentialAction\":[{\"@type\":\"ReadAction\",\"target\":[\"https:\\\/\\\/www.ucaldas.edu.co\\\/portal\\\/u-de-caldas-participara-en-la-septima-version-del-congreso-internacional-de-publicaciones-universitarias\\\/\"]}]},{\"@type\":\"BreadcrumbList\",\"@id\":\"https:\\\/\\\/www.ucaldas.edu.co\\\/portal\\\/u-de-caldas-participara-en-la-septima-version-del-congreso-internacional-de-publicaciones-universitarias\\\/#breadcrumb\",\"itemListElement\":[{\"@type\":\"ListItem\",\"position\":1,\"name\":\"Portada\",\"item\":\"https:\\\/\\\/www.ucaldas.edu.co\\\/portal\\\/\"},{\"@type\":\"ListItem\",\"position\":2,\"name\":\"U. de Caldas participar\u00e1 en la s\u00e9ptima versi\u00f3n del Congreso Internacional de Publicaciones Universitarias\"}]},{\"@type\":\"WebSite\",\"@id\":\"https:\\\/\\\/www.ucaldas.edu.co\\\/portal\\\/#website\",\"url\":\"https:\\\/\\\/www.ucaldas.edu.co\\\/portal\\\/\",\"name\":\"Universidad de Caldas\",\"description\":\"\",\"publisher\":{\"@id\":\"https:\\\/\\\/www.ucaldas.edu.co\\\/portal\\\/#organization\"},\"alternateName\":\"U. de Caldas\",\"potentialAction\":[{\"@type\":\"SearchAction\",\"target\":{\"@type\":\"EntryPoint\",\"urlTemplate\":\"https:\\\/\\\/www.ucaldas.edu.co\\\/portal\\\/?s={search_term_string}\"},\"query-input\":{\"@type\":\"PropertyValueSpecification\",\"valueRequired\":true,\"valueName\":\"search_term_string\"}}],\"inLanguage\":\"es\"},{\"@type\":\"Organization\",\"@id\":\"https:\\\/\\\/www.ucaldas.edu.co\\\/portal\\\/#organization\",\"name\":\"Universidad de Caldas\",\"alternateName\":\"U. de Caldas\",\"url\":\"https:\\\/\\\/www.ucaldas.edu.co\\\/portal\\\/\",\"logo\":{\"@type\":\"ImageObject\",\"inLanguage\":\"es\",\"@id\":\"https:\\\/\\\/www.ucaldas.edu.co\\\/portal\\\/#\\\/schema\\\/logo\\\/image\\\/\",\"url\":\"https:\\\/\\\/www.ucaldas.edu.co\\\/portal\\\/wp-content\\\/uploads\\\/2023\\\/11\\\/Logo_horizontal_oscuroU-2023.png\",\"contentUrl\":\"https:\\\/\\\/www.ucaldas.edu.co\\\/portal\\\/wp-content\\\/uploads\\\/2023\\\/11\\\/Logo_horizontal_oscuroU-2023.png\",\"width\":263,\"height\":101,\"caption\":\"Universidad de Caldas\"},\"image\":{\"@id\":\"https:\\\/\\\/www.ucaldas.edu.co\\\/portal\\\/#\\\/schema\\\/logo\\\/image\\\/\"},\"sameAs\":[\"https:\\\/\\\/www.facebook.com\\\/udecaldas\",\"https:\\\/\\\/x.com\\\/udecaldas\",\"https:\\\/\\\/www.youtube.com\\\/universidadcaldas\",\"https:\\\/\\\/www.instagram.com\\\/udecaldas\\\/\"]},{\"@type\":\"Person\",\"@id\":\"https:\\\/\\\/www.ucaldas.edu.co\\\/portal\\\/#\\\/schema\\\/person\\\/a1b482e23449158b4bc319926c074fdf\",\"name\":\"ofiprensa\",\"image\":{\"@type\":\"ImageObject\",\"inLanguage\":\"es\",\"@id\":\"https:\\\/\\\/www.ucaldas.edu.co\\\/portal\\\/wp-content\\\/litespeed\\\/avatar\\\/09ea5085e600095a7a811142c6944527.jpg?ver=1777497608\",\"url\":\"https:\\\/\\\/www.ucaldas.edu.co\\\/portal\\\/wp-content\\\/litespeed\\\/avatar\\\/09ea5085e600095a7a811142c6944527.jpg?ver=1777497608\",\"contentUrl\":\"https:\\\/\\\/www.ucaldas.edu.co\\\/portal\\\/wp-content\\\/litespeed\\\/avatar\\\/09ea5085e600095a7a811142c6944527.jpg?ver=1777497608\",\"caption\":\"ofiprensa\"},\"url\":\"https:\\\/\\\/www.ucaldas.edu.co\\\/portal\\\/author\\\/ofiprensa\\\/\"}]}<\/script>\n<!-- \/ Yoast SEO plugin. -->","yoast_head_json":{"title":"U. de Caldas participar\u00e1 en la s\u00e9ptima versi\u00f3n del Congreso Internacional de Publicaciones Universitarias .","robots":{"index":"index","follow":"follow","max-snippet":"max-snippet:-1","max-image-preview":"max-image-preview:large","max-video-preview":"max-video-preview:-1"},"canonical":"https:\/\/www.ucaldas.edu.co\/portal\/u-de-caldas-participara-en-la-septima-version-del-congreso-internacional-de-publicaciones-universitarias\/","schema":{"@context":"https:\/\/schema.org","@graph":[{"@type":"Article","@id":"https:\/\/www.ucaldas.edu.co\/portal\/u-de-caldas-participara-en-la-septima-version-del-congreso-internacional-de-publicaciones-universitarias\/#article","isPartOf":{"@id":"https:\/\/www.ucaldas.edu.co\/portal\/u-de-caldas-participara-en-la-septima-version-del-congreso-internacional-de-publicaciones-universitarias\/"},"author":{"name":"ofiprensa","@id":"https:\/\/www.ucaldas.edu.co\/portal\/#\/schema\/person\/a1b482e23449158b4bc319926c074fdf"},"headline":"U. de Caldas participar\u00e1 en la s\u00e9ptima versi\u00f3n del Congreso Internacional de Publicaciones Universitarias","datePublished":"2009-08-04T22:07:42+00:00","mainEntityOfPage":{"@id":"https:\/\/www.ucaldas.edu.co\/portal\/u-de-caldas-participara-en-la-septima-version-del-congreso-internacional-de-publicaciones-universitarias\/"},"wordCount":220,"publisher":{"@id":"https:\/\/www.ucaldas.edu.co\/portal\/#organization"},"articleSection":["Actualidad","Universidad al D\u00eda"],"inLanguage":"es"},{"@type":"WebPage","@id":"https:\/\/www.ucaldas.edu.co\/portal\/u-de-caldas-participara-en-la-septima-version-del-congreso-internacional-de-publicaciones-universitarias\/","url":"https:\/\/www.ucaldas.edu.co\/portal\/u-de-caldas-participara-en-la-septima-version-del-congreso-internacional-de-publicaciones-universitarias\/","name":"U. de Caldas participar\u00e1 en la s\u00e9ptima versi\u00f3n del Congreso Internacional de Publicaciones Universitarias .","isPartOf":{"@id":"https:\/\/www.ucaldas.edu.co\/portal\/#website"},"datePublished":"2009-08-04T22:07:42+00:00","breadcrumb":{"@id":"https:\/\/www.ucaldas.edu.co\/portal\/u-de-caldas-participara-en-la-septima-version-del-congreso-internacional-de-publicaciones-universitarias\/#breadcrumb"},"inLanguage":"es","potentialAction":[{"@type":"ReadAction","target":["https:\/\/www.ucaldas.edu.co\/portal\/u-de-caldas-participara-en-la-septima-version-del-congreso-internacional-de-publicaciones-universitarias\/"]}]},{"@type":"BreadcrumbList","@id":"https:\/\/www.ucaldas.edu.co\/portal\/u-de-caldas-participara-en-la-septima-version-del-congreso-internacional-de-publicaciones-universitarias\/#breadcrumb","itemListElement":[{"@type":"ListItem","position":1,"name":"Portada","item":"https:\/\/www.ucaldas.edu.co\/portal\/"},{"@type":"ListItem","position":2,"name":"U. de Caldas participar\u00e1 en la s\u00e9ptima versi\u00f3n del Congreso Internacional de Publicaciones Universitarias"}]},{"@type":"WebSite","@id":"https:\/\/www.ucaldas.edu.co\/portal\/#website","url":"https:\/\/www.ucaldas.edu.co\/portal\/","name":"Universidad de Caldas","description":"","publisher":{"@id":"https:\/\/www.ucaldas.edu.co\/portal\/#organization"},"alternateName":"U. de Caldas","potentialAction":[{"@type":"SearchAction","target":{"@type":"EntryPoint","urlTemplate":"https:\/\/www.ucaldas.edu.co\/portal\/?s={search_term_string}"},"query-input":{"@type":"PropertyValueSpecification","valueRequired":true,"valueName":"search_term_string"}}],"inLanguage":"es"},{"@type":"Organization","@id":"https:\/\/www.ucaldas.edu.co\/portal\/#organization","name":"Universidad de Caldas","alternateName":"U. de Caldas","url":"https:\/\/www.ucaldas.edu.co\/portal\/","logo":{"@type":"ImageObject","inLanguage":"es","@id":"https:\/\/www.ucaldas.edu.co\/portal\/#\/schema\/logo\/image\/","url":"https:\/\/www.ucaldas.edu.co\/portal\/wp-content\/uploads\/2023\/11\/Logo_horizontal_oscuroU-2023.png","contentUrl":"https:\/\/www.ucaldas.edu.co\/portal\/wp-content\/uploads\/2023\/11\/Logo_horizontal_oscuroU-2023.png","width":263,"height":101,"caption":"Universidad de Caldas"},"image":{"@id":"https:\/\/www.ucaldas.edu.co\/portal\/#\/schema\/logo\/image\/"},"sameAs":["https:\/\/www.facebook.com\/udecaldas","https:\/\/x.com\/udecaldas","https:\/\/www.youtube.com\/universidadcaldas","https:\/\/www.instagram.com\/udecaldas\/"]},{"@type":"Person","@id":"https:\/\/www.ucaldas.edu.co\/portal\/#\/schema\/person\/a1b482e23449158b4bc319926c074fdf","name":"ofiprensa","image":{"@type":"ImageObject","inLanguage":"es","@id":"https:\/\/www.ucaldas.edu.co\/portal\/wp-content\/litespeed\/avatar\/09ea5085e600095a7a811142c6944527.jpg?ver=1777497608","url":"https:\/\/www.ucaldas.edu.co\/portal\/wp-content\/litespeed\/avatar\/09ea5085e600095a7a811142c6944527.jpg?ver=1777497608","contentUrl":"https:\/\/www.ucaldas.edu.co\/portal\/wp-content\/litespeed\/avatar\/09ea5085e600095a7a811142c6944527.jpg?ver=1777497608","caption":"ofiprensa"},"url":"https:\/\/www.ucaldas.edu.co\/portal\/author\/ofiprensa\/"}]}},"_links":{"self":[{"href":"https:\/\/www.ucaldas.edu.co\/portal\/wp-json\/wp\/v2\/posts\/3344","targetHints":{"allow":["GET"]}}],"collection":[{"href":"https:\/\/www.ucaldas.edu.co\/portal\/wp-json\/wp\/v2\/posts"}],"about":[{"href":"https:\/\/www.ucaldas.edu.co\/portal\/wp-json\/wp\/v2\/types\/post"}],"author":[{"embeddable":true,"href":"https:\/\/www.ucaldas.edu.co\/portal\/wp-json\/wp\/v2\/users\/2"}],"replies":[{"embeddable":true,"href":"https:\/\/www.ucaldas.edu.co\/portal\/wp-json\/wp\/v2\/comments?post=3344"}],"version-history":[{"count":0,"href":"https:\/\/www.ucaldas.edu.co\/portal\/wp-json\/wp\/v2\/posts\/3344\/revisions"}],"wp:attachment":[{"href":"https:\/\/www.ucaldas.edu.co\/portal\/wp-json\/wp\/v2\/media?parent=3344"}],"wp:term":[{"taxonomy":"category","embeddable":true,"href":"https:\/\/www.ucaldas.edu.co\/portal\/wp-json\/wp\/v2\/categories?post=3344"},{"taxonomy":"post_tag","embeddable":true,"href":"https:\/\/www.ucaldas.edu.co\/portal\/wp-json\/wp\/v2\/tags?post=3344"}],"curies":[{"name":"wp","href":"https:\/\/api.w.org\/{rel}","templated":true}]}}