{"id":3336,"date":"2009-08-04T17:04:41","date_gmt":"2009-08-04T22:04:41","guid":{"rendered":"https:\/\/www.ucaldas.edu.co\/portal\/?p=3336"},"modified":"2009-08-04T17:04:41","modified_gmt":"2009-08-04T22:04:41","slug":"598-estudiantes-de-la-u-de-caldas-recibieron-su-titulo-profesional","status":"publish","type":"post","link":"https:\/\/www.ucaldas.edu.co\/portal\/598-estudiantes-de-la-u-de-caldas-recibieron-su-titulo-profesional\/","title":{"rendered":"598 estudiantes de la U. de Caldas recibieron su t\u00edtulo profesional"},"content":{"rendered":"<p>En total se realizar\u00f3n cuatr ceremonias<\/p>\n<hr id=\"system-readmore\" \/>\n<p>&nbsp;<\/p>\n<p>La Universidad de Caldas realiz\u00f3 el pasado viernes cuatro ceremonias de graduaci\u00f3n, en las que 598 estudiantes de diferentes programas, recibieron su t\u00edtulo profesional.<\/p>\n<p>El rector, Ricardo G\u00f3mez Giraldo, fue el encargado de tomarles el juramento. As\u00ed mismo, les habl\u00f3 de los avances que la Universidad ha alcanzado como: la remodelaci\u00f3n del Edificio Orlando Sierra Hern\u00e1ndez, que pr\u00f3ximamente ser\u00e1 reinaugurado y en el que se invirtieron 7mil 500 millones de pesos; los dos nuevos doctorados que abri\u00f3 la Instituci\u00f3n, el Doctorado en Ciencias Agrarias y el Doctorado en Ciencias Biom\u00e9dicas, este \u00faltimo en convenio con las universidades Tecnol\u00f3gica de Pereira, del Quind\u00edo y del Tolima; las obras de remodelaci\u00f3n del Bloque B, que hace parte del Edificio Orlando Sierra Hern\u00e1ndez, las cuales iniciar\u00e1n aproximadamente en octubre; el reforzamiento del ingl\u00e9s para los estudiantes, docentes y administrativos como segunda lengua, gracias al programa English For Ucaldas. Entre muchos otros alcances que la Universidad ha logrado, no s\u00f3lo en beneficio y desarrollo de la Instituci\u00f3n sino tambi\u00e9n para la regi\u00f3n.<\/p>\n<p>La siguiente lista es el n\u00famero de graduados por facultad:<\/p>\n<p>Facultad Ciencias Agropecuarias: 45<\/p>\n<p>Facultad de Ingenier\u00edas: 92<\/p>\n<p>Facultad de Ciencias Jur\u00eddicas y Sociales: 193<\/p>\n<p>Facultad de Artes y Humanidades: 89<\/p>\n<p>Facultad de Ciencias Exactas y Naturales: 89<\/p>\n<p>Facultad de Ciencias para la Salud: 90<\/p>\n<p>&nbsp;<\/p>\n<p>Interesados en ampliar la informaci\u00f3n, comunicarse a la Secretar\u00eda General 878 15 00 Ext. 11104<\/p>\n<p><b>Agosto 03 de 2009<\/b><\/p>\n","protected":false},"excerpt":{"rendered":"<p>En total se realizar\u00f3n cuatr ceremonias &nbsp; La Universidad de Caldas realiz\u00f3 el pasado viernes cuatro ceremonias de graduaci\u00f3n, en las que 598 estudiantes de diferentes programas, recibieron su t\u00edtulo profesional. El rector, Ricardo G\u00f3mez Giraldo, fue el encargado de tomarles el juramento. As\u00ed mismo, les habl\u00f3 de los avances que la Universidad ha alcanzado [&hellip;]<\/p>\n","protected":false},"author":2,"featured_media":0,"comment_status":"closed","ping_status":"closed","sticky":false,"template":"","format":"standard","meta":{"footnotes":""},"categories":[53,48],"tags":[],"class_list":["post-3336","post","type-post","status-publish","format-standard","hentry","category-universidad-al-dia","category-actualidad"],"yoast_head":"<!-- This site is optimized with the Yoast SEO plugin v27.5 - https:\/\/yoast.com\/product\/yoast-seo-wordpress\/ -->\n<title>598 estudiantes de la U. de Caldas recibieron su t\u00edtulo profesional .<\/title>\n<meta name=\"robots\" content=\"index, follow, max-snippet:-1, max-image-preview:large, max-video-preview:-1\" \/>\n<link rel=\"canonical\" href=\"https:\/\/www.ucaldas.edu.co\/portal\/598-estudiantes-de-la-u-de-caldas-recibieron-su-titulo-profesional\/\" \/>\n<script type=\"application\/ld+json\" class=\"yoast-schema-graph\">{\"@context\":\"https:\\\/\\\/schema.org\",\"@graph\":[{\"@type\":\"Article\",\"@id\":\"https:\\\/\\\/www.ucaldas.edu.co\\\/portal\\\/598-estudiantes-de-la-u-de-caldas-recibieron-su-titulo-profesional\\\/#article\",\"isPartOf\":{\"@id\":\"https:\\\/\\\/www.ucaldas.edu.co\\\/portal\\\/598-estudiantes-de-la-u-de-caldas-recibieron-su-titulo-profesional\\\/\"},\"author\":{\"name\":\"ofiprensa\",\"@id\":\"https:\\\/\\\/www.ucaldas.edu.co\\\/portal\\\/#\\\/schema\\\/person\\\/a1b482e23449158b4bc319926c074fdf\"},\"headline\":\"598 estudiantes de la U. de Caldas recibieron su t\u00edtulo profesional\",\"datePublished\":\"2009-08-04T22:04:41+00:00\",\"mainEntityOfPage\":{\"@id\":\"https:\\\/\\\/www.ucaldas.edu.co\\\/portal\\\/598-estudiantes-de-la-u-de-caldas-recibieron-su-titulo-profesional\\\/\"},\"wordCount\":261,\"publisher\":{\"@id\":\"https:\\\/\\\/www.ucaldas.edu.co\\\/portal\\\/#organization\"},\"articleSection\":[\"Universidad al D\u00eda\",\"Actualidad\"],\"inLanguage\":\"es\"},{\"@type\":\"WebPage\",\"@id\":\"https:\\\/\\\/www.ucaldas.edu.co\\\/portal\\\/598-estudiantes-de-la-u-de-caldas-recibieron-su-titulo-profesional\\\/\",\"url\":\"https:\\\/\\\/www.ucaldas.edu.co\\\/portal\\\/598-estudiantes-de-la-u-de-caldas-recibieron-su-titulo-profesional\\\/\",\"name\":\"598 estudiantes de la U. de Caldas recibieron su t\u00edtulo profesional .\",\"isPartOf\":{\"@id\":\"https:\\\/\\\/www.ucaldas.edu.co\\\/portal\\\/#website\"},\"datePublished\":\"2009-08-04T22:04:41+00:00\",\"breadcrumb\":{\"@id\":\"https:\\\/\\\/www.ucaldas.edu.co\\\/portal\\\/598-estudiantes-de-la-u-de-caldas-recibieron-su-titulo-profesional\\\/#breadcrumb\"},\"inLanguage\":\"es\",\"potentialAction\":[{\"@type\":\"ReadAction\",\"target\":[\"https:\\\/\\\/www.ucaldas.edu.co\\\/portal\\\/598-estudiantes-de-la-u-de-caldas-recibieron-su-titulo-profesional\\\/\"]}]},{\"@type\":\"BreadcrumbList\",\"@id\":\"https:\\\/\\\/www.ucaldas.edu.co\\\/portal\\\/598-estudiantes-de-la-u-de-caldas-recibieron-su-titulo-profesional\\\/#breadcrumb\",\"itemListElement\":[{\"@type\":\"ListItem\",\"position\":1,\"name\":\"Portada\",\"item\":\"https:\\\/\\\/www.ucaldas.edu.co\\\/portal\\\/\"},{\"@type\":\"ListItem\",\"position\":2,\"name\":\"598 estudiantes de la U. de Caldas recibieron su t\u00edtulo profesional\"}]},{\"@type\":\"WebSite\",\"@id\":\"https:\\\/\\\/www.ucaldas.edu.co\\\/portal\\\/#website\",\"url\":\"https:\\\/\\\/www.ucaldas.edu.co\\\/portal\\\/\",\"name\":\"Universidad de Caldas\",\"description\":\"\",\"publisher\":{\"@id\":\"https:\\\/\\\/www.ucaldas.edu.co\\\/portal\\\/#organization\"},\"alternateName\":\"U. de Caldas\",\"potentialAction\":[{\"@type\":\"SearchAction\",\"target\":{\"@type\":\"EntryPoint\",\"urlTemplate\":\"https:\\\/\\\/www.ucaldas.edu.co\\\/portal\\\/?s={search_term_string}\"},\"query-input\":{\"@type\":\"PropertyValueSpecification\",\"valueRequired\":true,\"valueName\":\"search_term_string\"}}],\"inLanguage\":\"es\"},{\"@type\":\"Organization\",\"@id\":\"https:\\\/\\\/www.ucaldas.edu.co\\\/portal\\\/#organization\",\"name\":\"Universidad de Caldas\",\"alternateName\":\"U. de Caldas\",\"url\":\"https:\\\/\\\/www.ucaldas.edu.co\\\/portal\\\/\",\"logo\":{\"@type\":\"ImageObject\",\"inLanguage\":\"es\",\"@id\":\"https:\\\/\\\/www.ucaldas.edu.co\\\/portal\\\/#\\\/schema\\\/logo\\\/image\\\/\",\"url\":\"https:\\\/\\\/www.ucaldas.edu.co\\\/portal\\\/wp-content\\\/uploads\\\/2023\\\/11\\\/Logo_horizontal_oscuroU-2023.png\",\"contentUrl\":\"https:\\\/\\\/www.ucaldas.edu.co\\\/portal\\\/wp-content\\\/uploads\\\/2023\\\/11\\\/Logo_horizontal_oscuroU-2023.png\",\"width\":263,\"height\":101,\"caption\":\"Universidad de Caldas\"},\"image\":{\"@id\":\"https:\\\/\\\/www.ucaldas.edu.co\\\/portal\\\/#\\\/schema\\\/logo\\\/image\\\/\"},\"sameAs\":[\"https:\\\/\\\/www.facebook.com\\\/udecaldas\",\"https:\\\/\\\/x.com\\\/udecaldas\",\"https:\\\/\\\/www.youtube.com\\\/universidadcaldas\",\"https:\\\/\\\/www.instagram.com\\\/udecaldas\\\/\"]},{\"@type\":\"Person\",\"@id\":\"https:\\\/\\\/www.ucaldas.edu.co\\\/portal\\\/#\\\/schema\\\/person\\\/a1b482e23449158b4bc319926c074fdf\",\"name\":\"ofiprensa\",\"image\":{\"@type\":\"ImageObject\",\"inLanguage\":\"es\",\"@id\":\"https:\\\/\\\/www.ucaldas.edu.co\\\/portal\\\/wp-content\\\/litespeed\\\/avatar\\\/09ea5085e600095a7a811142c6944527.jpg?ver=1777497608\",\"url\":\"https:\\\/\\\/www.ucaldas.edu.co\\\/portal\\\/wp-content\\\/litespeed\\\/avatar\\\/09ea5085e600095a7a811142c6944527.jpg?ver=1777497608\",\"contentUrl\":\"https:\\\/\\\/www.ucaldas.edu.co\\\/portal\\\/wp-content\\\/litespeed\\\/avatar\\\/09ea5085e600095a7a811142c6944527.jpg?ver=1777497608\",\"caption\":\"ofiprensa\"},\"url\":\"https:\\\/\\\/www.ucaldas.edu.co\\\/portal\\\/author\\\/ofiprensa\\\/\"}]}<\/script>\n<!-- \/ Yoast SEO plugin. -->","yoast_head_json":{"title":"598 estudiantes de la U. de Caldas recibieron su t\u00edtulo profesional .","robots":{"index":"index","follow":"follow","max-snippet":"max-snippet:-1","max-image-preview":"max-image-preview:large","max-video-preview":"max-video-preview:-1"},"canonical":"https:\/\/www.ucaldas.edu.co\/portal\/598-estudiantes-de-la-u-de-caldas-recibieron-su-titulo-profesional\/","schema":{"@context":"https:\/\/schema.org","@graph":[{"@type":"Article","@id":"https:\/\/www.ucaldas.edu.co\/portal\/598-estudiantes-de-la-u-de-caldas-recibieron-su-titulo-profesional\/#article","isPartOf":{"@id":"https:\/\/www.ucaldas.edu.co\/portal\/598-estudiantes-de-la-u-de-caldas-recibieron-su-titulo-profesional\/"},"author":{"name":"ofiprensa","@id":"https:\/\/www.ucaldas.edu.co\/portal\/#\/schema\/person\/a1b482e23449158b4bc319926c074fdf"},"headline":"598 estudiantes de la U. de Caldas recibieron su t\u00edtulo profesional","datePublished":"2009-08-04T22:04:41+00:00","mainEntityOfPage":{"@id":"https:\/\/www.ucaldas.edu.co\/portal\/598-estudiantes-de-la-u-de-caldas-recibieron-su-titulo-profesional\/"},"wordCount":261,"publisher":{"@id":"https:\/\/www.ucaldas.edu.co\/portal\/#organization"},"articleSection":["Universidad al D\u00eda","Actualidad"],"inLanguage":"es"},{"@type":"WebPage","@id":"https:\/\/www.ucaldas.edu.co\/portal\/598-estudiantes-de-la-u-de-caldas-recibieron-su-titulo-profesional\/","url":"https:\/\/www.ucaldas.edu.co\/portal\/598-estudiantes-de-la-u-de-caldas-recibieron-su-titulo-profesional\/","name":"598 estudiantes de la U. de Caldas recibieron su t\u00edtulo profesional .","isPartOf":{"@id":"https:\/\/www.ucaldas.edu.co\/portal\/#website"},"datePublished":"2009-08-04T22:04:41+00:00","breadcrumb":{"@id":"https:\/\/www.ucaldas.edu.co\/portal\/598-estudiantes-de-la-u-de-caldas-recibieron-su-titulo-profesional\/#breadcrumb"},"inLanguage":"es","potentialAction":[{"@type":"ReadAction","target":["https:\/\/www.ucaldas.edu.co\/portal\/598-estudiantes-de-la-u-de-caldas-recibieron-su-titulo-profesional\/"]}]},{"@type":"BreadcrumbList","@id":"https:\/\/www.ucaldas.edu.co\/portal\/598-estudiantes-de-la-u-de-caldas-recibieron-su-titulo-profesional\/#breadcrumb","itemListElement":[{"@type":"ListItem","position":1,"name":"Portada","item":"https:\/\/www.ucaldas.edu.co\/portal\/"},{"@type":"ListItem","position":2,"name":"598 estudiantes de la U. de Caldas recibieron su t\u00edtulo profesional"}]},{"@type":"WebSite","@id":"https:\/\/www.ucaldas.edu.co\/portal\/#website","url":"https:\/\/www.ucaldas.edu.co\/portal\/","name":"Universidad de Caldas","description":"","publisher":{"@id":"https:\/\/www.ucaldas.edu.co\/portal\/#organization"},"alternateName":"U. de Caldas","potentialAction":[{"@type":"SearchAction","target":{"@type":"EntryPoint","urlTemplate":"https:\/\/www.ucaldas.edu.co\/portal\/?s={search_term_string}"},"query-input":{"@type":"PropertyValueSpecification","valueRequired":true,"valueName":"search_term_string"}}],"inLanguage":"es"},{"@type":"Organization","@id":"https:\/\/www.ucaldas.edu.co\/portal\/#organization","name":"Universidad de Caldas","alternateName":"U. de Caldas","url":"https:\/\/www.ucaldas.edu.co\/portal\/","logo":{"@type":"ImageObject","inLanguage":"es","@id":"https:\/\/www.ucaldas.edu.co\/portal\/#\/schema\/logo\/image\/","url":"https:\/\/www.ucaldas.edu.co\/portal\/wp-content\/uploads\/2023\/11\/Logo_horizontal_oscuroU-2023.png","contentUrl":"https:\/\/www.ucaldas.edu.co\/portal\/wp-content\/uploads\/2023\/11\/Logo_horizontal_oscuroU-2023.png","width":263,"height":101,"caption":"Universidad de Caldas"},"image":{"@id":"https:\/\/www.ucaldas.edu.co\/portal\/#\/schema\/logo\/image\/"},"sameAs":["https:\/\/www.facebook.com\/udecaldas","https:\/\/x.com\/udecaldas","https:\/\/www.youtube.com\/universidadcaldas","https:\/\/www.instagram.com\/udecaldas\/"]},{"@type":"Person","@id":"https:\/\/www.ucaldas.edu.co\/portal\/#\/schema\/person\/a1b482e23449158b4bc319926c074fdf","name":"ofiprensa","image":{"@type":"ImageObject","inLanguage":"es","@id":"https:\/\/www.ucaldas.edu.co\/portal\/wp-content\/litespeed\/avatar\/09ea5085e600095a7a811142c6944527.jpg?ver=1777497608","url":"https:\/\/www.ucaldas.edu.co\/portal\/wp-content\/litespeed\/avatar\/09ea5085e600095a7a811142c6944527.jpg?ver=1777497608","contentUrl":"https:\/\/www.ucaldas.edu.co\/portal\/wp-content\/litespeed\/avatar\/09ea5085e600095a7a811142c6944527.jpg?ver=1777497608","caption":"ofiprensa"},"url":"https:\/\/www.ucaldas.edu.co\/portal\/author\/ofiprensa\/"}]}},"_links":{"self":[{"href":"https:\/\/www.ucaldas.edu.co\/portal\/wp-json\/wp\/v2\/posts\/3336","targetHints":{"allow":["GET"]}}],"collection":[{"href":"https:\/\/www.ucaldas.edu.co\/portal\/wp-json\/wp\/v2\/posts"}],"about":[{"href":"https:\/\/www.ucaldas.edu.co\/portal\/wp-json\/wp\/v2\/types\/post"}],"author":[{"embeddable":true,"href":"https:\/\/www.ucaldas.edu.co\/portal\/wp-json\/wp\/v2\/users\/2"}],"replies":[{"embeddable":true,"href":"https:\/\/www.ucaldas.edu.co\/portal\/wp-json\/wp\/v2\/comments?post=3336"}],"version-history":[{"count":0,"href":"https:\/\/www.ucaldas.edu.co\/portal\/wp-json\/wp\/v2\/posts\/3336\/revisions"}],"wp:attachment":[{"href":"https:\/\/www.ucaldas.edu.co\/portal\/wp-json\/wp\/v2\/media?parent=3336"}],"wp:term":[{"taxonomy":"category","embeddable":true,"href":"https:\/\/www.ucaldas.edu.co\/portal\/wp-json\/wp\/v2\/categories?post=3336"},{"taxonomy":"post_tag","embeddable":true,"href":"https:\/\/www.ucaldas.edu.co\/portal\/wp-json\/wp\/v2\/tags?post=3336"}],"curies":[{"name":"wp","href":"https:\/\/api.w.org\/{rel}","templated":true}]}}