{"id":33347,"date":"2016-11-30T16:08:43","date_gmt":"2016-11-30T21:08:43","guid":{"rendered":"https:\/\/www.ucaldas.edu.co\/portal\/?p=33347"},"modified":"2016-11-30T16:08:43","modified_gmt":"2016-11-30T21:08:43","slug":"u-de-caldas-realizo-segundo-precoloquio-en-diseno-y-creacion","status":"publish","type":"post","link":"https:\/\/www.ucaldas.edu.co\/portal\/u-de-caldas-realizo-segundo-precoloquio-en-diseno-y-creacion\/","title":{"rendered":"U. de Caldas realiz\u00f3 Segundo Precoloquio en Dise\u00f1o y Creaci\u00f3n"},"content":{"rendered":"<p style=\"text-align: center;\">PARTICIPARON 20 ESTUDIANTES DEL DOCTORADO Y 12 DE LA MAESTR\u00cdA<\/p>\n<p style=\"text-align: center;\"><strong style=\"line-height: 1.5;\">U. de Caldas realiz\u00f3 Segundo Precoloquio en Dise\u00f1o y Creaci\u00f3n<\/strong><\/p>\n<p style=\"text-align: right;\">30\/11\/2016<\/p>\n<p>&nbsp;<\/p>\n<p><img decoding=\"async\" class=\"aligncenter\" src=\"https:\/\/www.ucaldas.edu.co\/portal\/wp-content\/uploads\/2015\/02\/protagonista_-_universidad_de_caldas_-_actuales_-_uc_my02-300x167.jpg\" alt=\"protagonista_-_universidad_de_caldas_-_actuales_-_uc_my02\" \/><\/p>\n<p><strong>20 estudiantes del Doctorado en Dise\u00f1o y Creaci\u00f3n y 12 de la Maestr\u00eda en Dise\u00f1o y Creaci\u00f3n Interactiva<\/strong> <strong>participaron<\/strong> recientemente, juntos por primera vez, en el <strong>Segundo Precoloquio en Dise\u00f1o y Creaci\u00f3n<\/strong>\u00a0 de la Universidad de Caldas.<\/p>\n<p><!--more--><\/p>\n<p>Liliana Villescas Guzm\u00e1n, <strong>Directora de la Maestr\u00eda\u00a0 en Dise\u00f1o y Creaci\u00f3n Interactiva, entreg\u00f3 un balance de la actividad acad\u00e9mica:<\/strong> \u201ctrabajamos en mesas de cuatro estudiantes, en las cuales se encontraban tres docentes. Logramos un ejercicio interesante y retroalimentaci\u00f3n de los trabajos presentados\u201d.<\/p>\n<p>&nbsp;<\/p>\n<p>Los estudiantes del Doctorado realizaron ex\u00e1menes de candidatura y avances de proyectos, mientras que los de la Maestr\u00eda presentaron sus anteproyectos.<\/p>\n<p>&nbsp;<\/p>\n<p>\u201c<strong>Tuvimos cambios en el pensum acad\u00e9mico y articulamos la Maestr\u00eda y el Doctorado. El segundo a\u00f1o de la Maestr\u00eda es el primero del Doctorado<\/strong>. Se trata de un tr\u00e1nsito que articulamos entre el pregrado, la Maestr\u00eda y el Doctorado\u201d, agreg\u00f3.<\/p>\n<p>&nbsp;<\/p>\n<p><strong>Participantes<\/strong><\/p>\n<p><strong>Claudia Fern\u00e1ndez Silva, egresada del Doctorado y jurado del precoloquio<\/strong><\/p>\n<p><strong>Destaco la oportunidad de ver simult\u00e1neamente todos los trabajos.<\/strong> En ese sentido la participaci\u00f3n de los estudiantes de la Maestr\u00eda evidenci\u00f3 un nivel muy alto en sus procesos acad\u00e9micos. Vimos trabajos demasiado estructurados, tanto de la Maestr\u00eda como del Doctorado.<\/p>\n<p>&nbsp;<\/p>\n<p><strong>Carlos Smith, estudiante de la Maestr\u00eda en Dise\u00f1o y Creaci\u00f3n Interactiva<\/strong><\/p>\n<p><strong>Me pareci\u00f3 muy bueno ver c\u00f3mo sustentaron los compa\u00f1eros<\/strong>. Para m\u00ed este ejercicio ha sido como un empuj\u00f3n para seguir con mi proceso investigativo.<\/p>\n<p>&nbsp;<\/p>\n<p><strong>Alfredo Guti\u00e9rrez Borrero, estudiante del Doctorado de Dise\u00f1o y Creaci\u00f3n <\/strong><\/p>\n<p>No se not\u00f3 mucho la diferencia entre los estudiantes de Maestr\u00eda y Doctorado, es decir, est\u00e1n en un muy buen nivel y <strong>me parece que la calidad de las presentaciones fue simult\u00e1nea. <\/strong><\/p>\n<p>&nbsp;<\/p>\n<p><strong>Informes:<\/strong> Oficina de Prensa U. de Caldas, tel\u00e9fono 878 15 00 extensi\u00f3n 12 167.<\/p>\n<p><strong>Redacci\u00f3n: <\/strong>Margarita Laverde<\/p>\n<p>&nbsp;<\/p>\n","protected":false},"excerpt":{"rendered":"<p>PARTICIPARON 20 ESTUDIANTES DEL DOCTORADO Y 12 DE LA MAESTR\u00cdA U. de Caldas realiz\u00f3 Segundo Precoloquio en Dise\u00f1o y Creaci\u00f3n 30\/11\/2016 &nbsp; 20 estudiantes del Doctorado en Dise\u00f1o y Creaci\u00f3n y 12 de la Maestr\u00eda en Dise\u00f1o y Creaci\u00f3n Interactiva participaron recientemente, juntos por primera vez, en el Segundo Precoloquio en Dise\u00f1o y Creaci\u00f3n\u00a0 de [&hellip;]<\/p>\n","protected":false},"author":2,"featured_media":0,"comment_status":"closed","ping_status":"closed","sticky":false,"template":"","format":"standard","meta":{"footnotes":""},"categories":[48,53],"tags":[55,248,249],"class_list":["post-33347","post","type-post","status-publish","format-standard","hentry","category-actualidad","category-universidad-al-dia","tag-academia","tag-diseno","tag-precoloquio"],"yoast_head":"<!-- This site is optimized with the Yoast SEO plugin v27.5 - https:\/\/yoast.com\/product\/yoast-seo-wordpress\/ -->\n<title>U. de Caldas realiz\u00f3 Segundo Precoloquio en Dise\u00f1o y Creaci\u00f3n .<\/title>\n<meta name=\"robots\" content=\"index, follow, max-snippet:-1, max-image-preview:large, max-video-preview:-1\" \/>\n<link rel=\"canonical\" href=\"https:\/\/www.ucaldas.edu.co\/portal\/u-de-caldas-realizo-segundo-precoloquio-en-diseno-y-creacion\/\" \/>\n<script type=\"application\/ld+json\" class=\"yoast-schema-graph\">{\"@context\":\"https:\\\/\\\/schema.org\",\"@graph\":[{\"@type\":\"Article\",\"@id\":\"https:\\\/\\\/www.ucaldas.edu.co\\\/portal\\\/u-de-caldas-realizo-segundo-precoloquio-en-diseno-y-creacion\\\/#article\",\"isPartOf\":{\"@id\":\"https:\\\/\\\/www.ucaldas.edu.co\\\/portal\\\/u-de-caldas-realizo-segundo-precoloquio-en-diseno-y-creacion\\\/\"},\"author\":{\"name\":\"ofiprensa\",\"@id\":\"https:\\\/\\\/www.ucaldas.edu.co\\\/portal\\\/#\\\/schema\\\/person\\\/a1b482e23449158b4bc319926c074fdf\"},\"headline\":\"U. de Caldas realiz\u00f3 Segundo Precoloquio en Dise\u00f1o y Creaci\u00f3n\",\"datePublished\":\"2016-11-30T21:08:43+00:00\",\"mainEntityOfPage\":{\"@id\":\"https:\\\/\\\/www.ucaldas.edu.co\\\/portal\\\/u-de-caldas-realizo-segundo-precoloquio-en-diseno-y-creacion\\\/\"},\"wordCount\":361,\"publisher\":{\"@id\":\"https:\\\/\\\/www.ucaldas.edu.co\\\/portal\\\/#organization\"},\"image\":{\"@id\":\"https:\\\/\\\/www.ucaldas.edu.co\\\/portal\\\/u-de-caldas-realizo-segundo-precoloquio-en-diseno-y-creacion\\\/#primaryimage\"},\"thumbnailUrl\":\"https:\\\/\\\/www.ucaldas.edu.co\\\/portal\\\/wp-content\\\/uploads\\\/2015\\\/02\\\/protagonista_-_universidad_de_caldas_-_actuales_-_uc_my02-300x167.jpg\",\"keywords\":[\"academia\",\"dise\u00f1o\",\"precoloquio\"],\"articleSection\":[\"Actualidad\",\"Universidad al D\u00eda\"],\"inLanguage\":\"es\"},{\"@type\":\"WebPage\",\"@id\":\"https:\\\/\\\/www.ucaldas.edu.co\\\/portal\\\/u-de-caldas-realizo-segundo-precoloquio-en-diseno-y-creacion\\\/\",\"url\":\"https:\\\/\\\/www.ucaldas.edu.co\\\/portal\\\/u-de-caldas-realizo-segundo-precoloquio-en-diseno-y-creacion\\\/\",\"name\":\"U. de Caldas realiz\u00f3 Segundo Precoloquio en Dise\u00f1o y Creaci\u00f3n .\",\"isPartOf\":{\"@id\":\"https:\\\/\\\/www.ucaldas.edu.co\\\/portal\\\/#website\"},\"primaryImageOfPage\":{\"@id\":\"https:\\\/\\\/www.ucaldas.edu.co\\\/portal\\\/u-de-caldas-realizo-segundo-precoloquio-en-diseno-y-creacion\\\/#primaryimage\"},\"image\":{\"@id\":\"https:\\\/\\\/www.ucaldas.edu.co\\\/portal\\\/u-de-caldas-realizo-segundo-precoloquio-en-diseno-y-creacion\\\/#primaryimage\"},\"thumbnailUrl\":\"https:\\\/\\\/www.ucaldas.edu.co\\\/portal\\\/wp-content\\\/uploads\\\/2015\\\/02\\\/protagonista_-_universidad_de_caldas_-_actuales_-_uc_my02-300x167.jpg\",\"datePublished\":\"2016-11-30T21:08:43+00:00\",\"breadcrumb\":{\"@id\":\"https:\\\/\\\/www.ucaldas.edu.co\\\/portal\\\/u-de-caldas-realizo-segundo-precoloquio-en-diseno-y-creacion\\\/#breadcrumb\"},\"inLanguage\":\"es\",\"potentialAction\":[{\"@type\":\"ReadAction\",\"target\":[\"https:\\\/\\\/www.ucaldas.edu.co\\\/portal\\\/u-de-caldas-realizo-segundo-precoloquio-en-diseno-y-creacion\\\/\"]}]},{\"@type\":\"ImageObject\",\"inLanguage\":\"es\",\"@id\":\"https:\\\/\\\/www.ucaldas.edu.co\\\/portal\\\/u-de-caldas-realizo-segundo-precoloquio-en-diseno-y-creacion\\\/#primaryimage\",\"url\":\"https:\\\/\\\/www.ucaldas.edu.co\\\/portal\\\/wp-content\\\/uploads\\\/2015\\\/02\\\/protagonista_-_universidad_de_caldas_-_actuales_-_uc_my02-300x167.jpg\",\"contentUrl\":\"https:\\\/\\\/www.ucaldas.edu.co\\\/portal\\\/wp-content\\\/uploads\\\/2015\\\/02\\\/protagonista_-_universidad_de_caldas_-_actuales_-_uc_my02-300x167.jpg\"},{\"@type\":\"BreadcrumbList\",\"@id\":\"https:\\\/\\\/www.ucaldas.edu.co\\\/portal\\\/u-de-caldas-realizo-segundo-precoloquio-en-diseno-y-creacion\\\/#breadcrumb\",\"itemListElement\":[{\"@type\":\"ListItem\",\"position\":1,\"name\":\"Portada\",\"item\":\"https:\\\/\\\/www.ucaldas.edu.co\\\/portal\\\/\"},{\"@type\":\"ListItem\",\"position\":2,\"name\":\"U. de Caldas realiz\u00f3 Segundo Precoloquio en Dise\u00f1o y Creaci\u00f3n\"}]},{\"@type\":\"WebSite\",\"@id\":\"https:\\\/\\\/www.ucaldas.edu.co\\\/portal\\\/#website\",\"url\":\"https:\\\/\\\/www.ucaldas.edu.co\\\/portal\\\/\",\"name\":\"Universidad de Caldas\",\"description\":\"\",\"publisher\":{\"@id\":\"https:\\\/\\\/www.ucaldas.edu.co\\\/portal\\\/#organization\"},\"alternateName\":\"U. de Caldas\",\"potentialAction\":[{\"@type\":\"SearchAction\",\"target\":{\"@type\":\"EntryPoint\",\"urlTemplate\":\"https:\\\/\\\/www.ucaldas.edu.co\\\/portal\\\/?s={search_term_string}\"},\"query-input\":{\"@type\":\"PropertyValueSpecification\",\"valueRequired\":true,\"valueName\":\"search_term_string\"}}],\"inLanguage\":\"es\"},{\"@type\":\"Organization\",\"@id\":\"https:\\\/\\\/www.ucaldas.edu.co\\\/portal\\\/#organization\",\"name\":\"Universidad de Caldas\",\"alternateName\":\"U. de Caldas\",\"url\":\"https:\\\/\\\/www.ucaldas.edu.co\\\/portal\\\/\",\"logo\":{\"@type\":\"ImageObject\",\"inLanguage\":\"es\",\"@id\":\"https:\\\/\\\/www.ucaldas.edu.co\\\/portal\\\/#\\\/schema\\\/logo\\\/image\\\/\",\"url\":\"https:\\\/\\\/www.ucaldas.edu.co\\\/portal\\\/wp-content\\\/uploads\\\/2023\\\/11\\\/Logo_horizontal_oscuroU-2023.png\",\"contentUrl\":\"https:\\\/\\\/www.ucaldas.edu.co\\\/portal\\\/wp-content\\\/uploads\\\/2023\\\/11\\\/Logo_horizontal_oscuroU-2023.png\",\"width\":263,\"height\":101,\"caption\":\"Universidad de Caldas\"},\"image\":{\"@id\":\"https:\\\/\\\/www.ucaldas.edu.co\\\/portal\\\/#\\\/schema\\\/logo\\\/image\\\/\"},\"sameAs\":[\"https:\\\/\\\/www.facebook.com\\\/udecaldas\",\"https:\\\/\\\/x.com\\\/udecaldas\",\"https:\\\/\\\/www.youtube.com\\\/universidadcaldas\",\"https:\\\/\\\/www.instagram.com\\\/udecaldas\\\/\"]},{\"@type\":\"Person\",\"@id\":\"https:\\\/\\\/www.ucaldas.edu.co\\\/portal\\\/#\\\/schema\\\/person\\\/a1b482e23449158b4bc319926c074fdf\",\"name\":\"ofiprensa\",\"image\":{\"@type\":\"ImageObject\",\"inLanguage\":\"es\",\"@id\":\"https:\\\/\\\/www.ucaldas.edu.co\\\/portal\\\/wp-content\\\/litespeed\\\/avatar\\\/09ea5085e600095a7a811142c6944527.jpg?ver=1777497608\",\"url\":\"https:\\\/\\\/www.ucaldas.edu.co\\\/portal\\\/wp-content\\\/litespeed\\\/avatar\\\/09ea5085e600095a7a811142c6944527.jpg?ver=1777497608\",\"contentUrl\":\"https:\\\/\\\/www.ucaldas.edu.co\\\/portal\\\/wp-content\\\/litespeed\\\/avatar\\\/09ea5085e600095a7a811142c6944527.jpg?ver=1777497608\",\"caption\":\"ofiprensa\"},\"url\":\"https:\\\/\\\/www.ucaldas.edu.co\\\/portal\\\/author\\\/ofiprensa\\\/\"}]}<\/script>\n<!-- \/ Yoast SEO plugin. -->","yoast_head_json":{"title":"U. de Caldas realiz\u00f3 Segundo Precoloquio en Dise\u00f1o y Creaci\u00f3n .","robots":{"index":"index","follow":"follow","max-snippet":"max-snippet:-1","max-image-preview":"max-image-preview:large","max-video-preview":"max-video-preview:-1"},"canonical":"https:\/\/www.ucaldas.edu.co\/portal\/u-de-caldas-realizo-segundo-precoloquio-en-diseno-y-creacion\/","schema":{"@context":"https:\/\/schema.org","@graph":[{"@type":"Article","@id":"https:\/\/www.ucaldas.edu.co\/portal\/u-de-caldas-realizo-segundo-precoloquio-en-diseno-y-creacion\/#article","isPartOf":{"@id":"https:\/\/www.ucaldas.edu.co\/portal\/u-de-caldas-realizo-segundo-precoloquio-en-diseno-y-creacion\/"},"author":{"name":"ofiprensa","@id":"https:\/\/www.ucaldas.edu.co\/portal\/#\/schema\/person\/a1b482e23449158b4bc319926c074fdf"},"headline":"U. de Caldas realiz\u00f3 Segundo Precoloquio en Dise\u00f1o y Creaci\u00f3n","datePublished":"2016-11-30T21:08:43+00:00","mainEntityOfPage":{"@id":"https:\/\/www.ucaldas.edu.co\/portal\/u-de-caldas-realizo-segundo-precoloquio-en-diseno-y-creacion\/"},"wordCount":361,"publisher":{"@id":"https:\/\/www.ucaldas.edu.co\/portal\/#organization"},"image":{"@id":"https:\/\/www.ucaldas.edu.co\/portal\/u-de-caldas-realizo-segundo-precoloquio-en-diseno-y-creacion\/#primaryimage"},"thumbnailUrl":"https:\/\/www.ucaldas.edu.co\/portal\/wp-content\/uploads\/2015\/02\/protagonista_-_universidad_de_caldas_-_actuales_-_uc_my02-300x167.jpg","keywords":["academia","dise\u00f1o","precoloquio"],"articleSection":["Actualidad","Universidad al D\u00eda"],"inLanguage":"es"},{"@type":"WebPage","@id":"https:\/\/www.ucaldas.edu.co\/portal\/u-de-caldas-realizo-segundo-precoloquio-en-diseno-y-creacion\/","url":"https:\/\/www.ucaldas.edu.co\/portal\/u-de-caldas-realizo-segundo-precoloquio-en-diseno-y-creacion\/","name":"U. de Caldas realiz\u00f3 Segundo Precoloquio en Dise\u00f1o y Creaci\u00f3n .","isPartOf":{"@id":"https:\/\/www.ucaldas.edu.co\/portal\/#website"},"primaryImageOfPage":{"@id":"https:\/\/www.ucaldas.edu.co\/portal\/u-de-caldas-realizo-segundo-precoloquio-en-diseno-y-creacion\/#primaryimage"},"image":{"@id":"https:\/\/www.ucaldas.edu.co\/portal\/u-de-caldas-realizo-segundo-precoloquio-en-diseno-y-creacion\/#primaryimage"},"thumbnailUrl":"https:\/\/www.ucaldas.edu.co\/portal\/wp-content\/uploads\/2015\/02\/protagonista_-_universidad_de_caldas_-_actuales_-_uc_my02-300x167.jpg","datePublished":"2016-11-30T21:08:43+00:00","breadcrumb":{"@id":"https:\/\/www.ucaldas.edu.co\/portal\/u-de-caldas-realizo-segundo-precoloquio-en-diseno-y-creacion\/#breadcrumb"},"inLanguage":"es","potentialAction":[{"@type":"ReadAction","target":["https:\/\/www.ucaldas.edu.co\/portal\/u-de-caldas-realizo-segundo-precoloquio-en-diseno-y-creacion\/"]}]},{"@type":"ImageObject","inLanguage":"es","@id":"https:\/\/www.ucaldas.edu.co\/portal\/u-de-caldas-realizo-segundo-precoloquio-en-diseno-y-creacion\/#primaryimage","url":"https:\/\/www.ucaldas.edu.co\/portal\/wp-content\/uploads\/2015\/02\/protagonista_-_universidad_de_caldas_-_actuales_-_uc_my02-300x167.jpg","contentUrl":"https:\/\/www.ucaldas.edu.co\/portal\/wp-content\/uploads\/2015\/02\/protagonista_-_universidad_de_caldas_-_actuales_-_uc_my02-300x167.jpg"},{"@type":"BreadcrumbList","@id":"https:\/\/www.ucaldas.edu.co\/portal\/u-de-caldas-realizo-segundo-precoloquio-en-diseno-y-creacion\/#breadcrumb","itemListElement":[{"@type":"ListItem","position":1,"name":"Portada","item":"https:\/\/www.ucaldas.edu.co\/portal\/"},{"@type":"ListItem","position":2,"name":"U. de Caldas realiz\u00f3 Segundo Precoloquio en Dise\u00f1o y Creaci\u00f3n"}]},{"@type":"WebSite","@id":"https:\/\/www.ucaldas.edu.co\/portal\/#website","url":"https:\/\/www.ucaldas.edu.co\/portal\/","name":"Universidad de Caldas","description":"","publisher":{"@id":"https:\/\/www.ucaldas.edu.co\/portal\/#organization"},"alternateName":"U. de Caldas","potentialAction":[{"@type":"SearchAction","target":{"@type":"EntryPoint","urlTemplate":"https:\/\/www.ucaldas.edu.co\/portal\/?s={search_term_string}"},"query-input":{"@type":"PropertyValueSpecification","valueRequired":true,"valueName":"search_term_string"}}],"inLanguage":"es"},{"@type":"Organization","@id":"https:\/\/www.ucaldas.edu.co\/portal\/#organization","name":"Universidad de Caldas","alternateName":"U. de Caldas","url":"https:\/\/www.ucaldas.edu.co\/portal\/","logo":{"@type":"ImageObject","inLanguage":"es","@id":"https:\/\/www.ucaldas.edu.co\/portal\/#\/schema\/logo\/image\/","url":"https:\/\/www.ucaldas.edu.co\/portal\/wp-content\/uploads\/2023\/11\/Logo_horizontal_oscuroU-2023.png","contentUrl":"https:\/\/www.ucaldas.edu.co\/portal\/wp-content\/uploads\/2023\/11\/Logo_horizontal_oscuroU-2023.png","width":263,"height":101,"caption":"Universidad de Caldas"},"image":{"@id":"https:\/\/www.ucaldas.edu.co\/portal\/#\/schema\/logo\/image\/"},"sameAs":["https:\/\/www.facebook.com\/udecaldas","https:\/\/x.com\/udecaldas","https:\/\/www.youtube.com\/universidadcaldas","https:\/\/www.instagram.com\/udecaldas\/"]},{"@type":"Person","@id":"https:\/\/www.ucaldas.edu.co\/portal\/#\/schema\/person\/a1b482e23449158b4bc319926c074fdf","name":"ofiprensa","image":{"@type":"ImageObject","inLanguage":"es","@id":"https:\/\/www.ucaldas.edu.co\/portal\/wp-content\/litespeed\/avatar\/09ea5085e600095a7a811142c6944527.jpg?ver=1777497608","url":"https:\/\/www.ucaldas.edu.co\/portal\/wp-content\/litespeed\/avatar\/09ea5085e600095a7a811142c6944527.jpg?ver=1777497608","contentUrl":"https:\/\/www.ucaldas.edu.co\/portal\/wp-content\/litespeed\/avatar\/09ea5085e600095a7a811142c6944527.jpg?ver=1777497608","caption":"ofiprensa"},"url":"https:\/\/www.ucaldas.edu.co\/portal\/author\/ofiprensa\/"}]}},"_links":{"self":[{"href":"https:\/\/www.ucaldas.edu.co\/portal\/wp-json\/wp\/v2\/posts\/33347","targetHints":{"allow":["GET"]}}],"collection":[{"href":"https:\/\/www.ucaldas.edu.co\/portal\/wp-json\/wp\/v2\/posts"}],"about":[{"href":"https:\/\/www.ucaldas.edu.co\/portal\/wp-json\/wp\/v2\/types\/post"}],"author":[{"embeddable":true,"href":"https:\/\/www.ucaldas.edu.co\/portal\/wp-json\/wp\/v2\/users\/2"}],"replies":[{"embeddable":true,"href":"https:\/\/www.ucaldas.edu.co\/portal\/wp-json\/wp\/v2\/comments?post=33347"}],"version-history":[{"count":0,"href":"https:\/\/www.ucaldas.edu.co\/portal\/wp-json\/wp\/v2\/posts\/33347\/revisions"}],"wp:attachment":[{"href":"https:\/\/www.ucaldas.edu.co\/portal\/wp-json\/wp\/v2\/media?parent=33347"}],"wp:term":[{"taxonomy":"category","embeddable":true,"href":"https:\/\/www.ucaldas.edu.co\/portal\/wp-json\/wp\/v2\/categories?post=33347"},{"taxonomy":"post_tag","embeddable":true,"href":"https:\/\/www.ucaldas.edu.co\/portal\/wp-json\/wp\/v2\/tags?post=33347"}],"curies":[{"name":"wp","href":"https:\/\/api.w.org\/{rel}","templated":true}]}}