{"id":33344,"date":"2016-11-30T15:41:37","date_gmt":"2016-11-30T20:41:37","guid":{"rendered":"https:\/\/www.ucaldas.edu.co\/portal\/?p=33344"},"modified":"2016-11-30T15:41:37","modified_gmt":"2016-11-30T20:41:37","slug":"invitada-de-escuela-superior-de-agricultura-luiz-de-queiroz-brasil-oriento-conferencia-en-u-de-caldas","status":"publish","type":"post","link":"https:\/\/www.ucaldas.edu.co\/portal\/invitada-de-escuela-superior-de-agricultura-luiz-de-queiroz-brasil-oriento-conferencia-en-u-de-caldas\/","title":{"rendered":"Invitada de Escuela Superior de Agricultura Luiz de Queiroz (Brasil) orient\u00f3 conferencia en U. de Caldas"},"content":{"rendered":"<p style=\"text-align: center;\">SOBRE ENFOQUES Y TENDENCIAS EN INVESTIGACI\u00d3N AGRARIA<\/p>\n<p style=\"text-align: center;\"><strong>Invitada de Escuela Superior de Agricultura Luiz de Queiroz (Brasil) orient\u00f3 conferencia en U. de Caldas<\/strong><\/p>\n<p style=\"text-align: right;\">30\/11\/2016<\/p>\n<p>&nbsp;<\/p>\n<p><img loading=\"lazy\" decoding=\"async\" class=\"alignnone size-full wp-image-33345 aligncenter\" src=\"https:\/\/www.ucaldas.edu.co\/portal\/wp-content\/uploads\/2016\/11\/herminia.jpg\" alt=\"herminia\" width=\"358\" height=\"283\" \/><\/p>\n<p><em>Eficiencia de utilizaci\u00f3n de nutrientes por las hortalizas<\/em> fue el t\u00edtulo de la <strong>conferencia<\/strong> que Herminia Emilia Mart\u00ednez, Ingeniera <strong>Agr\u00f3noma de la Escuela Superior de Agricultura Luiz de Queiroz (Brasil), orient\u00f3<\/strong> en la <strong>Universidad de Caldas<\/strong>.<\/p>\n<p><!--more--><\/p>\n<p>Se trat\u00f3 de la <strong>conferencia sobre Enfoques y Tendencias en Investigaci\u00f3n Agraria<\/strong>, que realiz\u00f3 el Doctorado en Ciencias Agrarias de la U. de Caldas el pasado 25 de noviembre del 2016.<\/p>\n<p>&nbsp;<\/p>\n<p>La <strong>invitada disert\u00f3 sobre la nutrici\u00f3n de plantas y present\u00f3 el trabajo que realiza para la utilizaci\u00f3n de los nutrientes. <\/strong><\/p>\n<p>&nbsp;<\/p>\n<p>\u201cLo que hacemos es seleccionar las plantas que tengan mejores mecanismos de absorci\u00f3n. Esto es importante porque no <strong>podemos seguir desperdiciando nutrientes en todo el mundo<\/strong>. A nivel acad\u00e9mico se requiere investigaci\u00f3n en todas las partes del mundo\u201d, explic\u00f3.<\/p>\n<p>&nbsp;<\/p>\n<p><a href=\"https:\/\/www.ucaldas.edu.co\/portal\/conferencias-de-enfoques-y-tendencias-en-investigacion-agraria-nov-25-dic-2-y-12\/\">Conozca la programaci\u00f3n del Ciclo de Conferencias de Enfoques y Tendencias en Investigaci\u00f3n Agraria<\/a><\/p>\n<p><strong>\u00a0<\/strong><\/p>\n<p><a href=\"https:\/\/www.facebook.com\/media\/set\/?set=a.1221316327930230.1073745098.107054166023124&amp;type=1&amp;l=7ef21f4217\">Conozca im\u00e1genes de la Conferencia de Enfoques y Tendencias en Investigaci\u00f3n Agraria<\/a><\/p>\n<p>&nbsp;<\/p>\n<p><strong>Informes:<\/strong> Oficina de Prensa U. de Caldas, tel\u00e9fono 878 15 00 extensi\u00f3n 12 167.<\/p>\n<p><strong>Redacci\u00f3n: <\/strong>Margarita Laverde<\/p>\n<p>&nbsp;<\/p>\n","protected":false},"excerpt":{"rendered":"<p>SOBRE ENFOQUES Y TENDENCIAS EN INVESTIGACI\u00d3N AGRARIA Invitada de Escuela Superior de Agricultura Luiz de Queiroz (Brasil) orient\u00f3 conferencia en U. de Caldas 30\/11\/2016 &nbsp; Eficiencia de utilizaci\u00f3n de nutrientes por las hortalizas fue el t\u00edtulo de la conferencia que Herminia Emilia Mart\u00ednez, Ingeniera Agr\u00f3noma de la Escuela Superior de Agricultura Luiz de Queiroz (Brasil), [&hellip;]<\/p>\n","protected":false},"author":2,"featured_media":0,"comment_status":"closed","ping_status":"closed","sticky":false,"template":"","format":"standard","meta":{"footnotes":""},"categories":[48,53],"tags":[55,125,222],"class_list":["post-33344","post","type-post","status-publish","format-standard","hentry","category-actualidad","category-universidad-al-dia","tag-academia","tag-conferencia","tag-enfoques-y-tendencias-en-investigacion-agraria"],"yoast_head":"<!-- This site is optimized with the Yoast SEO plugin v27.5 - https:\/\/yoast.com\/product\/yoast-seo-wordpress\/ -->\n<title>Invitada de Escuela Superior de Agricultura Luiz de Queiroz (Brasil) orient\u00f3 conferencia en U. de Caldas .<\/title>\n<meta name=\"robots\" content=\"index, follow, max-snippet:-1, max-image-preview:large, max-video-preview:-1\" \/>\n<link rel=\"canonical\" href=\"https:\/\/www.ucaldas.edu.co\/portal\/invitada-de-escuela-superior-de-agricultura-luiz-de-queiroz-brasil-oriento-conferencia-en-u-de-caldas\/\" \/>\n<script type=\"application\/ld+json\" class=\"yoast-schema-graph\">{\"@context\":\"https:\\\/\\\/schema.org\",\"@graph\":[{\"@type\":\"Article\",\"@id\":\"https:\\\/\\\/www.ucaldas.edu.co\\\/portal\\\/invitada-de-escuela-superior-de-agricultura-luiz-de-queiroz-brasil-oriento-conferencia-en-u-de-caldas\\\/#article\",\"isPartOf\":{\"@id\":\"https:\\\/\\\/www.ucaldas.edu.co\\\/portal\\\/invitada-de-escuela-superior-de-agricultura-luiz-de-queiroz-brasil-oriento-conferencia-en-u-de-caldas\\\/\"},\"author\":{\"name\":\"ofiprensa\",\"@id\":\"https:\\\/\\\/www.ucaldas.edu.co\\\/portal\\\/#\\\/schema\\\/person\\\/a1b482e23449158b4bc319926c074fdf\"},\"headline\":\"Invitada de Escuela Superior de Agricultura Luiz de Queiroz (Brasil) orient\u00f3 conferencia en U. de Caldas\",\"datePublished\":\"2016-11-30T20:41:37+00:00\",\"mainEntityOfPage\":{\"@id\":\"https:\\\/\\\/www.ucaldas.edu.co\\\/portal\\\/invitada-de-escuela-superior-de-agricultura-luiz-de-queiroz-brasil-oriento-conferencia-en-u-de-caldas\\\/\"},\"wordCount\":225,\"publisher\":{\"@id\":\"https:\\\/\\\/www.ucaldas.edu.co\\\/portal\\\/#organization\"},\"image\":{\"@id\":\"https:\\\/\\\/www.ucaldas.edu.co\\\/portal\\\/invitada-de-escuela-superior-de-agricultura-luiz-de-queiroz-brasil-oriento-conferencia-en-u-de-caldas\\\/#primaryimage\"},\"thumbnailUrl\":\"https:\\\/\\\/www.ucaldas.edu.co\\\/portal\\\/wp-content\\\/uploads\\\/2016\\\/11\\\/herminia.jpg\",\"keywords\":[\"academia\",\"conferencia\",\"enfoques y tendencias en investigaci\u00f3n agraria\"],\"articleSection\":[\"Actualidad\",\"Universidad al D\u00eda\"],\"inLanguage\":\"es\"},{\"@type\":\"WebPage\",\"@id\":\"https:\\\/\\\/www.ucaldas.edu.co\\\/portal\\\/invitada-de-escuela-superior-de-agricultura-luiz-de-queiroz-brasil-oriento-conferencia-en-u-de-caldas\\\/\",\"url\":\"https:\\\/\\\/www.ucaldas.edu.co\\\/portal\\\/invitada-de-escuela-superior-de-agricultura-luiz-de-queiroz-brasil-oriento-conferencia-en-u-de-caldas\\\/\",\"name\":\"Invitada de Escuela Superior de Agricultura Luiz de Queiroz (Brasil) orient\u00f3 conferencia en U. de Caldas .\",\"isPartOf\":{\"@id\":\"https:\\\/\\\/www.ucaldas.edu.co\\\/portal\\\/#website\"},\"primaryImageOfPage\":{\"@id\":\"https:\\\/\\\/www.ucaldas.edu.co\\\/portal\\\/invitada-de-escuela-superior-de-agricultura-luiz-de-queiroz-brasil-oriento-conferencia-en-u-de-caldas\\\/#primaryimage\"},\"image\":{\"@id\":\"https:\\\/\\\/www.ucaldas.edu.co\\\/portal\\\/invitada-de-escuela-superior-de-agricultura-luiz-de-queiroz-brasil-oriento-conferencia-en-u-de-caldas\\\/#primaryimage\"},\"thumbnailUrl\":\"https:\\\/\\\/www.ucaldas.edu.co\\\/portal\\\/wp-content\\\/uploads\\\/2016\\\/11\\\/herminia.jpg\",\"datePublished\":\"2016-11-30T20:41:37+00:00\",\"breadcrumb\":{\"@id\":\"https:\\\/\\\/www.ucaldas.edu.co\\\/portal\\\/invitada-de-escuela-superior-de-agricultura-luiz-de-queiroz-brasil-oriento-conferencia-en-u-de-caldas\\\/#breadcrumb\"},\"inLanguage\":\"es\",\"potentialAction\":[{\"@type\":\"ReadAction\",\"target\":[\"https:\\\/\\\/www.ucaldas.edu.co\\\/portal\\\/invitada-de-escuela-superior-de-agricultura-luiz-de-queiroz-brasil-oriento-conferencia-en-u-de-caldas\\\/\"]}]},{\"@type\":\"ImageObject\",\"inLanguage\":\"es\",\"@id\":\"https:\\\/\\\/www.ucaldas.edu.co\\\/portal\\\/invitada-de-escuela-superior-de-agricultura-luiz-de-queiroz-brasil-oriento-conferencia-en-u-de-caldas\\\/#primaryimage\",\"url\":\"https:\\\/\\\/www.ucaldas.edu.co\\\/portal\\\/wp-content\\\/uploads\\\/2016\\\/11\\\/herminia.jpg\",\"contentUrl\":\"https:\\\/\\\/www.ucaldas.edu.co\\\/portal\\\/wp-content\\\/uploads\\\/2016\\\/11\\\/herminia.jpg\"},{\"@type\":\"BreadcrumbList\",\"@id\":\"https:\\\/\\\/www.ucaldas.edu.co\\\/portal\\\/invitada-de-escuela-superior-de-agricultura-luiz-de-queiroz-brasil-oriento-conferencia-en-u-de-caldas\\\/#breadcrumb\",\"itemListElement\":[{\"@type\":\"ListItem\",\"position\":1,\"name\":\"Portada\",\"item\":\"https:\\\/\\\/www.ucaldas.edu.co\\\/portal\\\/\"},{\"@type\":\"ListItem\",\"position\":2,\"name\":\"Invitada de Escuela Superior de Agricultura Luiz de Queiroz (Brasil) orient\u00f3 conferencia en U. de Caldas\"}]},{\"@type\":\"WebSite\",\"@id\":\"https:\\\/\\\/www.ucaldas.edu.co\\\/portal\\\/#website\",\"url\":\"https:\\\/\\\/www.ucaldas.edu.co\\\/portal\\\/\",\"name\":\"Universidad de Caldas\",\"description\":\"\",\"publisher\":{\"@id\":\"https:\\\/\\\/www.ucaldas.edu.co\\\/portal\\\/#organization\"},\"alternateName\":\"U. de Caldas\",\"potentialAction\":[{\"@type\":\"SearchAction\",\"target\":{\"@type\":\"EntryPoint\",\"urlTemplate\":\"https:\\\/\\\/www.ucaldas.edu.co\\\/portal\\\/?s={search_term_string}\"},\"query-input\":{\"@type\":\"PropertyValueSpecification\",\"valueRequired\":true,\"valueName\":\"search_term_string\"}}],\"inLanguage\":\"es\"},{\"@type\":\"Organization\",\"@id\":\"https:\\\/\\\/www.ucaldas.edu.co\\\/portal\\\/#organization\",\"name\":\"Universidad de Caldas\",\"alternateName\":\"U. de Caldas\",\"url\":\"https:\\\/\\\/www.ucaldas.edu.co\\\/portal\\\/\",\"logo\":{\"@type\":\"ImageObject\",\"inLanguage\":\"es\",\"@id\":\"https:\\\/\\\/www.ucaldas.edu.co\\\/portal\\\/#\\\/schema\\\/logo\\\/image\\\/\",\"url\":\"https:\\\/\\\/www.ucaldas.edu.co\\\/portal\\\/wp-content\\\/uploads\\\/2023\\\/11\\\/Logo_horizontal_oscuroU-2023.png\",\"contentUrl\":\"https:\\\/\\\/www.ucaldas.edu.co\\\/portal\\\/wp-content\\\/uploads\\\/2023\\\/11\\\/Logo_horizontal_oscuroU-2023.png\",\"width\":263,\"height\":101,\"caption\":\"Universidad de Caldas\"},\"image\":{\"@id\":\"https:\\\/\\\/www.ucaldas.edu.co\\\/portal\\\/#\\\/schema\\\/logo\\\/image\\\/\"},\"sameAs\":[\"https:\\\/\\\/www.facebook.com\\\/udecaldas\",\"https:\\\/\\\/x.com\\\/udecaldas\",\"https:\\\/\\\/www.youtube.com\\\/universidadcaldas\",\"https:\\\/\\\/www.instagram.com\\\/udecaldas\\\/\"]},{\"@type\":\"Person\",\"@id\":\"https:\\\/\\\/www.ucaldas.edu.co\\\/portal\\\/#\\\/schema\\\/person\\\/a1b482e23449158b4bc319926c074fdf\",\"name\":\"ofiprensa\",\"image\":{\"@type\":\"ImageObject\",\"inLanguage\":\"es\",\"@id\":\"https:\\\/\\\/www.ucaldas.edu.co\\\/portal\\\/wp-content\\\/litespeed\\\/avatar\\\/09ea5085e600095a7a811142c6944527.jpg?ver=1777497608\",\"url\":\"https:\\\/\\\/www.ucaldas.edu.co\\\/portal\\\/wp-content\\\/litespeed\\\/avatar\\\/09ea5085e600095a7a811142c6944527.jpg?ver=1777497608\",\"contentUrl\":\"https:\\\/\\\/www.ucaldas.edu.co\\\/portal\\\/wp-content\\\/litespeed\\\/avatar\\\/09ea5085e600095a7a811142c6944527.jpg?ver=1777497608\",\"caption\":\"ofiprensa\"},\"url\":\"https:\\\/\\\/www.ucaldas.edu.co\\\/portal\\\/author\\\/ofiprensa\\\/\"}]}<\/script>\n<!-- \/ Yoast SEO plugin. -->","yoast_head_json":{"title":"Invitada de Escuela Superior de Agricultura Luiz de Queiroz (Brasil) orient\u00f3 conferencia en U. de Caldas .","robots":{"index":"index","follow":"follow","max-snippet":"max-snippet:-1","max-image-preview":"max-image-preview:large","max-video-preview":"max-video-preview:-1"},"canonical":"https:\/\/www.ucaldas.edu.co\/portal\/invitada-de-escuela-superior-de-agricultura-luiz-de-queiroz-brasil-oriento-conferencia-en-u-de-caldas\/","schema":{"@context":"https:\/\/schema.org","@graph":[{"@type":"Article","@id":"https:\/\/www.ucaldas.edu.co\/portal\/invitada-de-escuela-superior-de-agricultura-luiz-de-queiroz-brasil-oriento-conferencia-en-u-de-caldas\/#article","isPartOf":{"@id":"https:\/\/www.ucaldas.edu.co\/portal\/invitada-de-escuela-superior-de-agricultura-luiz-de-queiroz-brasil-oriento-conferencia-en-u-de-caldas\/"},"author":{"name":"ofiprensa","@id":"https:\/\/www.ucaldas.edu.co\/portal\/#\/schema\/person\/a1b482e23449158b4bc319926c074fdf"},"headline":"Invitada de Escuela Superior de Agricultura Luiz de Queiroz (Brasil) orient\u00f3 conferencia en U. de Caldas","datePublished":"2016-11-30T20:41:37+00:00","mainEntityOfPage":{"@id":"https:\/\/www.ucaldas.edu.co\/portal\/invitada-de-escuela-superior-de-agricultura-luiz-de-queiroz-brasil-oriento-conferencia-en-u-de-caldas\/"},"wordCount":225,"publisher":{"@id":"https:\/\/www.ucaldas.edu.co\/portal\/#organization"},"image":{"@id":"https:\/\/www.ucaldas.edu.co\/portal\/invitada-de-escuela-superior-de-agricultura-luiz-de-queiroz-brasil-oriento-conferencia-en-u-de-caldas\/#primaryimage"},"thumbnailUrl":"https:\/\/www.ucaldas.edu.co\/portal\/wp-content\/uploads\/2016\/11\/herminia.jpg","keywords":["academia","conferencia","enfoques y tendencias en investigaci\u00f3n agraria"],"articleSection":["Actualidad","Universidad al D\u00eda"],"inLanguage":"es"},{"@type":"WebPage","@id":"https:\/\/www.ucaldas.edu.co\/portal\/invitada-de-escuela-superior-de-agricultura-luiz-de-queiroz-brasil-oriento-conferencia-en-u-de-caldas\/","url":"https:\/\/www.ucaldas.edu.co\/portal\/invitada-de-escuela-superior-de-agricultura-luiz-de-queiroz-brasil-oriento-conferencia-en-u-de-caldas\/","name":"Invitada de Escuela Superior de Agricultura Luiz de Queiroz (Brasil) orient\u00f3 conferencia en U. de Caldas .","isPartOf":{"@id":"https:\/\/www.ucaldas.edu.co\/portal\/#website"},"primaryImageOfPage":{"@id":"https:\/\/www.ucaldas.edu.co\/portal\/invitada-de-escuela-superior-de-agricultura-luiz-de-queiroz-brasil-oriento-conferencia-en-u-de-caldas\/#primaryimage"},"image":{"@id":"https:\/\/www.ucaldas.edu.co\/portal\/invitada-de-escuela-superior-de-agricultura-luiz-de-queiroz-brasil-oriento-conferencia-en-u-de-caldas\/#primaryimage"},"thumbnailUrl":"https:\/\/www.ucaldas.edu.co\/portal\/wp-content\/uploads\/2016\/11\/herminia.jpg","datePublished":"2016-11-30T20:41:37+00:00","breadcrumb":{"@id":"https:\/\/www.ucaldas.edu.co\/portal\/invitada-de-escuela-superior-de-agricultura-luiz-de-queiroz-brasil-oriento-conferencia-en-u-de-caldas\/#breadcrumb"},"inLanguage":"es","potentialAction":[{"@type":"ReadAction","target":["https:\/\/www.ucaldas.edu.co\/portal\/invitada-de-escuela-superior-de-agricultura-luiz-de-queiroz-brasil-oriento-conferencia-en-u-de-caldas\/"]}]},{"@type":"ImageObject","inLanguage":"es","@id":"https:\/\/www.ucaldas.edu.co\/portal\/invitada-de-escuela-superior-de-agricultura-luiz-de-queiroz-brasil-oriento-conferencia-en-u-de-caldas\/#primaryimage","url":"https:\/\/www.ucaldas.edu.co\/portal\/wp-content\/uploads\/2016\/11\/herminia.jpg","contentUrl":"https:\/\/www.ucaldas.edu.co\/portal\/wp-content\/uploads\/2016\/11\/herminia.jpg"},{"@type":"BreadcrumbList","@id":"https:\/\/www.ucaldas.edu.co\/portal\/invitada-de-escuela-superior-de-agricultura-luiz-de-queiroz-brasil-oriento-conferencia-en-u-de-caldas\/#breadcrumb","itemListElement":[{"@type":"ListItem","position":1,"name":"Portada","item":"https:\/\/www.ucaldas.edu.co\/portal\/"},{"@type":"ListItem","position":2,"name":"Invitada de Escuela Superior de Agricultura Luiz de Queiroz (Brasil) orient\u00f3 conferencia en U. de Caldas"}]},{"@type":"WebSite","@id":"https:\/\/www.ucaldas.edu.co\/portal\/#website","url":"https:\/\/www.ucaldas.edu.co\/portal\/","name":"Universidad de Caldas","description":"","publisher":{"@id":"https:\/\/www.ucaldas.edu.co\/portal\/#organization"},"alternateName":"U. de Caldas","potentialAction":[{"@type":"SearchAction","target":{"@type":"EntryPoint","urlTemplate":"https:\/\/www.ucaldas.edu.co\/portal\/?s={search_term_string}"},"query-input":{"@type":"PropertyValueSpecification","valueRequired":true,"valueName":"search_term_string"}}],"inLanguage":"es"},{"@type":"Organization","@id":"https:\/\/www.ucaldas.edu.co\/portal\/#organization","name":"Universidad de Caldas","alternateName":"U. de Caldas","url":"https:\/\/www.ucaldas.edu.co\/portal\/","logo":{"@type":"ImageObject","inLanguage":"es","@id":"https:\/\/www.ucaldas.edu.co\/portal\/#\/schema\/logo\/image\/","url":"https:\/\/www.ucaldas.edu.co\/portal\/wp-content\/uploads\/2023\/11\/Logo_horizontal_oscuroU-2023.png","contentUrl":"https:\/\/www.ucaldas.edu.co\/portal\/wp-content\/uploads\/2023\/11\/Logo_horizontal_oscuroU-2023.png","width":263,"height":101,"caption":"Universidad de Caldas"},"image":{"@id":"https:\/\/www.ucaldas.edu.co\/portal\/#\/schema\/logo\/image\/"},"sameAs":["https:\/\/www.facebook.com\/udecaldas","https:\/\/x.com\/udecaldas","https:\/\/www.youtube.com\/universidadcaldas","https:\/\/www.instagram.com\/udecaldas\/"]},{"@type":"Person","@id":"https:\/\/www.ucaldas.edu.co\/portal\/#\/schema\/person\/a1b482e23449158b4bc319926c074fdf","name":"ofiprensa","image":{"@type":"ImageObject","inLanguage":"es","@id":"https:\/\/www.ucaldas.edu.co\/portal\/wp-content\/litespeed\/avatar\/09ea5085e600095a7a811142c6944527.jpg?ver=1777497608","url":"https:\/\/www.ucaldas.edu.co\/portal\/wp-content\/litespeed\/avatar\/09ea5085e600095a7a811142c6944527.jpg?ver=1777497608","contentUrl":"https:\/\/www.ucaldas.edu.co\/portal\/wp-content\/litespeed\/avatar\/09ea5085e600095a7a811142c6944527.jpg?ver=1777497608","caption":"ofiprensa"},"url":"https:\/\/www.ucaldas.edu.co\/portal\/author\/ofiprensa\/"}]}},"_links":{"self":[{"href":"https:\/\/www.ucaldas.edu.co\/portal\/wp-json\/wp\/v2\/posts\/33344","targetHints":{"allow":["GET"]}}],"collection":[{"href":"https:\/\/www.ucaldas.edu.co\/portal\/wp-json\/wp\/v2\/posts"}],"about":[{"href":"https:\/\/www.ucaldas.edu.co\/portal\/wp-json\/wp\/v2\/types\/post"}],"author":[{"embeddable":true,"href":"https:\/\/www.ucaldas.edu.co\/portal\/wp-json\/wp\/v2\/users\/2"}],"replies":[{"embeddable":true,"href":"https:\/\/www.ucaldas.edu.co\/portal\/wp-json\/wp\/v2\/comments?post=33344"}],"version-history":[{"count":0,"href":"https:\/\/www.ucaldas.edu.co\/portal\/wp-json\/wp\/v2\/posts\/33344\/revisions"}],"wp:attachment":[{"href":"https:\/\/www.ucaldas.edu.co\/portal\/wp-json\/wp\/v2\/media?parent=33344"}],"wp:term":[{"taxonomy":"category","embeddable":true,"href":"https:\/\/www.ucaldas.edu.co\/portal\/wp-json\/wp\/v2\/categories?post=33344"},{"taxonomy":"post_tag","embeddable":true,"href":"https:\/\/www.ucaldas.edu.co\/portal\/wp-json\/wp\/v2\/tags?post=33344"}],"curies":[{"name":"wp","href":"https:\/\/api.w.org\/{rel}","templated":true}]}}