{"id":33251,"date":"2016-11-29T10:08:56","date_gmt":"2016-11-29T15:08:56","guid":{"rendered":"https:\/\/www.ucaldas.edu.co\/portal\/?p=33251"},"modified":"2018-02-21T16:35:42","modified_gmt":"2018-02-21T16:35:42","slug":"avanza-proceso-de-autoevaluacion-para-segunda-reacreditacion-de-la-u-de-caldas","status":"publish","type":"post","link":"https:\/\/www.ucaldas.edu.co\/portal\/avanza-proceso-de-autoevaluacion-para-segunda-reacreditacion-de-la-u-de-caldas\/","title":{"rendered":"Avanza proceso de Autoevaluaci\u00f3n para segunda Reacreditaci\u00f3n de la U. de Caldas"},"content":{"rendered":"<p style=\"text-align: right;\">\n<p style=\"text-align: center;\"><img loading=\"lazy\" decoding=\"async\" class=\"alignnone wp-image-33252 size-full\" src=\"https:\/\/www.ucaldas.edu.co\/portal\/wp-content\/uploads\/2016\/11\/Reacreditacion.jpg\" alt=\"reacreditacion\" width=\"378\" height=\"299\" \/><\/p>\n<p><strong>Con el objetivo fundamental de alcanzar la segunda Reacreditaci\u00f3n de Alta Calidad<\/strong> de la Universidad de Caldas en 2018, <strong>avanza el proceso de Autoevaluaci\u00f3n Institucional<\/strong> que comprende una primera etapa eminentemente t\u00e9cnica y que <strong>consiste en la recolecci\u00f3n de informaci\u00f3n estad\u00edstica correspondiente a los 13 factores<\/strong> que eval\u00faa el Consejo Nacional de Acreditaci\u00f3n.<\/p>\n<p><!--more--><\/p>\n<p>\u00abHay una serie de datos estad\u00edsticos que la universidad debe recolectar y para ello <strong>hay equipos de trabajo por cada factor, que se encuentran en el proceso de recolecci\u00f3n de datos<\/strong>\u00ab, coment\u00f3 <strong>Juli\u00e1n Orozco Ospina, jefe de la Oficina de Evaluaci\u00f3n y Calidad Acad\u00e9mica<\/strong>.<\/p>\n<p>Se espera que para el <strong>primer semestre de 2017 se pueda socializar y discutir el contenido del primer borrador del informe<\/strong> con grupos focales conformados por <strong>estudiantes, profesores, funcionarios administrativos y comunidad en general<\/strong>, para enriquecer el an\u00e1lisis de los datos y las conclusiones, y as\u00ed construir el informe definitivo de Autoevaluaci\u00f3n Institucional.<\/p>\n<p>Seg\u00fan Orozco Ospina, la participaci\u00f3n de los estamentos universitarios se empezar\u00e1 a visibilizar a partir del periodo acad\u00e9mico 2017-1, y destaca la <strong>importancia de que toda la comunidad se empiece a apropiar del proceso, a trav\u00e9s de los diferentes canales de informaci\u00f3n<\/strong> con los que cuenta la Universidad de Caldas, como la p\u00e1gina web y las redes sociales como Twitter, en las que se han publicado varias piezas gr\u00e1ficas con el <em>hashtag<\/em> <a href=\"https:\/\/twitter.com\/search?f=tweets&amp;vertical=default&amp;q=%23HacialaReacreditacion&amp;src=typd\" target=\"_blank\" rel=\"noopener\">#HacialaReacreditaci\u00f3n<\/a>.<\/p>\n<p>\u00abHemos estado tratando de informar a los miembros de nuestra instituci\u00f3n con respecto a lo que significa la Autoevaluaci\u00f3n y la Reacreditaci\u00f3n para nuestra Universidad, c\u00f3mo se lleva a cabo el proceso, cu\u00e1les son sus etapas, y <strong>mostrarles algunos de los hechos o aspectos para destacar sobre las cosas buenas y los logros de la instituci\u00f3n, que precisamente fortalecen ese proceso de Autoevaluaci\u00f3n Institucional<\/strong>\u00ab, expres\u00f3.<\/p>\n<p><img loading=\"lazy\" decoding=\"async\" class=\"size-full wp-image-33254 aligncenter\" src=\"https:\/\/www.ucaldas.edu.co\/portal\/wp-content\/uploads\/2016\/11\/Haciareacreditacion.png\" alt=\"haciareacreditacion\" width=\"378\" height=\"255\" \/><\/p>\n<p>La idea es que en el corto y mediano plazo se tengan sistemas de informaci\u00f3n que permitan una mayor interacci\u00f3n con los estudiantes, profesores y dem\u00e1s miembros de la comunidad universitaria.<\/p>\n<p>\u00abVan a poder escribirnos, hacer preguntas, plasmar sus opiniones con respecto al contenido inicial del informe, con respecto al desarrollo de los grupos focales, etc. Igualmente, <strong>son bienvenidas todas las retroalimentaciones, porque tambi\u00e9n de eso se tratan estos procesos, de reconocernos, de mirarnos y medirnos a nosotros mismos<\/strong>, y as\u00ed determinar c\u00f3mo estamos en condiciones de calidad\u00bb, anot\u00f3 el jefe de la Oficina de Evaluaci\u00f3n y Calidad Acad\u00e9mica.<\/p>\n<p>No hay que olvidar el papel clave de los graduados en el proceso, conociendo sus opiniones sobre los procesos formativos que tuvieron durante su paso por la Universidad y su desempe\u00f1o a nivel externo.<\/p>\n<p>\u00abNuestros egresados son destacados, y est\u00e1n distribuidos por todo el mundo; la idea es que tambi\u00e9n ellos se vinculen. <strong>Queremos tener el mayor contacto posible con ellos, con el apoyo de la Oficina de Egresados, para que puedan participar en el proceso, conocer el informe y aportar en su construcci\u00f3n<\/strong>\u00ab, indic\u00f3 Orozco Ospina.<\/p>\n<p>La <strong>invitaci\u00f3n a la comunidad universitaria es para que hagan sus aportes<\/strong>, teniendo en cuenta <strong>la importancia que ostenta la Universidad de Caldas como Instituci\u00f3n de Educaci\u00f3n Superior <\/strong>y<strong> su impacto, que ya trasciende a nivel internacional<\/strong>, no s\u00f3lo por sus <strong>procesos formativos de alta calidad<\/strong>, sino tambi\u00e9n desde la generaci\u00f3n de <strong>conocimiento \u00fatil a la sociedad<\/strong> a trav\u00e9s de la labor de sus profesores y estudiantes.<\/p>\n<figure id=\"attachment_33255\" aria-describedby=\"caption-attachment-33255\" style=\"width: 378px\" class=\"wp-caption aligncenter\"><img loading=\"lazy\" decoding=\"async\" class=\"wp-image-33255 size-full\" src=\"https:\/\/www.ucaldas.edu.co\/portal\/wp-content\/uploads\/2016\/11\/Julian-Orozco.jpg\" alt=\"julian-orozco\" width=\"378\" height=\"295\" \/><figcaption id=\"caption-attachment-33255\" class=\"wp-caption-text\">Juli\u00e1n Orozco Ospina, jefe de la Oficina de Evaluaci\u00f3n y Calidad Acad\u00e9mica U. de Caldas.<\/figcaption><\/figure>\n<p><strong>El dato:<\/strong><\/p>\n<p>La <strong>Acreditaci\u00f3n de Alta Calidad<\/strong> le fue otorgada a la Universidad de Caldas en el a\u00f1o <strong>2007<\/strong> y su <strong>primera Reacreditaci\u00f3n fue en el 2012<\/strong>.<\/p>\n<p>&nbsp;<\/p>\n<p><strong>CRONOLOG\u00cdA ACREDITACI\u00d3N U. DE CALDAS<\/strong><\/p>\n<p><iframe loading=\"lazy\" src=\"https:\/\/cdn.knightlab.com\/libs\/timeline3\/latest\/embed\/index.html?source=1AZbMfDuQzizhZzSOruqt1faCVuoodWgBeuKOGYqURw8&amp;font=Default&amp;lang=en&amp;initial_zoom=2&amp;height=650\" width=\"150%\" height=\"650\" frameborder=\"0\" allowfullscreen=\"allowfullscreen\"><\/iframe><\/p>\n<p>&nbsp;<\/p>\n<p><strong>Redacci\u00f3n:<\/strong> Mauricio D\u00edaz G\u00f3mez.<\/p>\n","protected":false},"excerpt":{"rendered":"<p>Con el objetivo fundamental de alcanzar la segunda Reacreditaci\u00f3n de Alta Calidad de la Universidad de Caldas en 2018, avanza el proceso de Autoevaluaci\u00f3n Institucional que comprende una primera etapa eminentemente t\u00e9cnica y que consiste en la recolecci\u00f3n de informaci\u00f3n estad\u00edstica correspondiente a los 13 factores que eval\u00faa el Consejo Nacional de Acreditaci\u00f3n.<\/p>\n","protected":false},"author":2,"featured_media":0,"comment_status":"closed","ping_status":"closed","sticky":false,"template":"","format":"standard","meta":{"footnotes":""},"categories":[243,48,53],"tags":[239,240,241,242,95,238],"class_list":["post-33251","post","type-post","status-publish","format-standard","hentry","category-ucaldas-acreditada","category-actualidad","category-universidad-al-dia","tag-alta-calidad","tag-autoevaluacion-institucional","tag-oficina-de-egresados","tag-reacreditacion","tag-universidad-de-caldas","tag-acreditacion"],"yoast_head":"<!-- This site is optimized with the Yoast SEO plugin v27.5 - https:\/\/yoast.com\/product\/yoast-seo-wordpress\/ -->\n<title>Avanza proceso de Autoevaluaci\u00f3n para segunda Reacreditaci\u00f3n de la U. de Caldas .<\/title>\n<meta name=\"robots\" content=\"index, follow, max-snippet:-1, max-image-preview:large, max-video-preview:-1\" \/>\n<link rel=\"canonical\" href=\"https:\/\/www.ucaldas.edu.co\/portal\/avanza-proceso-de-autoevaluacion-para-segunda-reacreditacion-de-la-u-de-caldas\/\" \/>\n<script type=\"application\/ld+json\" class=\"yoast-schema-graph\">{\"@context\":\"https:\\\/\\\/schema.org\",\"@graph\":[{\"@type\":\"Article\",\"@id\":\"https:\\\/\\\/www.ucaldas.edu.co\\\/portal\\\/avanza-proceso-de-autoevaluacion-para-segunda-reacreditacion-de-la-u-de-caldas\\\/#article\",\"isPartOf\":{\"@id\":\"https:\\\/\\\/www.ucaldas.edu.co\\\/portal\\\/avanza-proceso-de-autoevaluacion-para-segunda-reacreditacion-de-la-u-de-caldas\\\/\"},\"author\":{\"name\":\"ofiprensa\",\"@id\":\"https:\\\/\\\/www.ucaldas.edu.co\\\/portal\\\/#\\\/schema\\\/person\\\/a1b482e23449158b4bc319926c074fdf\"},\"headline\":\"Avanza proceso de Autoevaluaci\u00f3n para segunda Reacreditaci\u00f3n de la U. de Caldas\",\"datePublished\":\"2016-11-29T15:08:56+00:00\",\"dateModified\":\"2018-02-21T16:35:42+00:00\",\"mainEntityOfPage\":{\"@id\":\"https:\\\/\\\/www.ucaldas.edu.co\\\/portal\\\/avanza-proceso-de-autoevaluacion-para-segunda-reacreditacion-de-la-u-de-caldas\\\/\"},\"wordCount\":669,\"publisher\":{\"@id\":\"https:\\\/\\\/www.ucaldas.edu.co\\\/portal\\\/#organization\"},\"image\":{\"@id\":\"https:\\\/\\\/www.ucaldas.edu.co\\\/portal\\\/avanza-proceso-de-autoevaluacion-para-segunda-reacreditacion-de-la-u-de-caldas\\\/#primaryimage\"},\"thumbnailUrl\":\"https:\\\/\\\/www.ucaldas.edu.co\\\/portal\\\/wp-content\\\/uploads\\\/2016\\\/11\\\/Reacreditacion.jpg\",\"keywords\":[\"alta calidad\",\"Autoevaluaci\u00f3n Institucional\",\"Oficina de Egresados\",\"reacreditaci\u00f3n\",\"Universidad De Caldas\",\"acreditaci\u00f3n\"],\"articleSection\":[\"Ucaldas Acreditada\",\"Actualidad\",\"Universidad al D\u00eda\"],\"inLanguage\":\"es\"},{\"@type\":\"WebPage\",\"@id\":\"https:\\\/\\\/www.ucaldas.edu.co\\\/portal\\\/avanza-proceso-de-autoevaluacion-para-segunda-reacreditacion-de-la-u-de-caldas\\\/\",\"url\":\"https:\\\/\\\/www.ucaldas.edu.co\\\/portal\\\/avanza-proceso-de-autoevaluacion-para-segunda-reacreditacion-de-la-u-de-caldas\\\/\",\"name\":\"Avanza proceso de Autoevaluaci\u00f3n para segunda Reacreditaci\u00f3n de la U. de Caldas .\",\"isPartOf\":{\"@id\":\"https:\\\/\\\/www.ucaldas.edu.co\\\/portal\\\/#website\"},\"primaryImageOfPage\":{\"@id\":\"https:\\\/\\\/www.ucaldas.edu.co\\\/portal\\\/avanza-proceso-de-autoevaluacion-para-segunda-reacreditacion-de-la-u-de-caldas\\\/#primaryimage\"},\"image\":{\"@id\":\"https:\\\/\\\/www.ucaldas.edu.co\\\/portal\\\/avanza-proceso-de-autoevaluacion-para-segunda-reacreditacion-de-la-u-de-caldas\\\/#primaryimage\"},\"thumbnailUrl\":\"https:\\\/\\\/www.ucaldas.edu.co\\\/portal\\\/wp-content\\\/uploads\\\/2016\\\/11\\\/Reacreditacion.jpg\",\"datePublished\":\"2016-11-29T15:08:56+00:00\",\"dateModified\":\"2018-02-21T16:35:42+00:00\",\"breadcrumb\":{\"@id\":\"https:\\\/\\\/www.ucaldas.edu.co\\\/portal\\\/avanza-proceso-de-autoevaluacion-para-segunda-reacreditacion-de-la-u-de-caldas\\\/#breadcrumb\"},\"inLanguage\":\"es\",\"potentialAction\":[{\"@type\":\"ReadAction\",\"target\":[\"https:\\\/\\\/www.ucaldas.edu.co\\\/portal\\\/avanza-proceso-de-autoevaluacion-para-segunda-reacreditacion-de-la-u-de-caldas\\\/\"]}]},{\"@type\":\"ImageObject\",\"inLanguage\":\"es\",\"@id\":\"https:\\\/\\\/www.ucaldas.edu.co\\\/portal\\\/avanza-proceso-de-autoevaluacion-para-segunda-reacreditacion-de-la-u-de-caldas\\\/#primaryimage\",\"url\":\"https:\\\/\\\/www.ucaldas.edu.co\\\/portal\\\/wp-content\\\/uploads\\\/2016\\\/11\\\/Reacreditacion.jpg\",\"contentUrl\":\"https:\\\/\\\/www.ucaldas.edu.co\\\/portal\\\/wp-content\\\/uploads\\\/2016\\\/11\\\/Reacreditacion.jpg\"},{\"@type\":\"BreadcrumbList\",\"@id\":\"https:\\\/\\\/www.ucaldas.edu.co\\\/portal\\\/avanza-proceso-de-autoevaluacion-para-segunda-reacreditacion-de-la-u-de-caldas\\\/#breadcrumb\",\"itemListElement\":[{\"@type\":\"ListItem\",\"position\":1,\"name\":\"Portada\",\"item\":\"https:\\\/\\\/www.ucaldas.edu.co\\\/portal\\\/\"},{\"@type\":\"ListItem\",\"position\":2,\"name\":\"Avanza proceso de Autoevaluaci\u00f3n para segunda Reacreditaci\u00f3n de la U. de Caldas\"}]},{\"@type\":\"WebSite\",\"@id\":\"https:\\\/\\\/www.ucaldas.edu.co\\\/portal\\\/#website\",\"url\":\"https:\\\/\\\/www.ucaldas.edu.co\\\/portal\\\/\",\"name\":\"Universidad de Caldas\",\"description\":\"\",\"publisher\":{\"@id\":\"https:\\\/\\\/www.ucaldas.edu.co\\\/portal\\\/#organization\"},\"alternateName\":\"U. de Caldas\",\"potentialAction\":[{\"@type\":\"SearchAction\",\"target\":{\"@type\":\"EntryPoint\",\"urlTemplate\":\"https:\\\/\\\/www.ucaldas.edu.co\\\/portal\\\/?s={search_term_string}\"},\"query-input\":{\"@type\":\"PropertyValueSpecification\",\"valueRequired\":true,\"valueName\":\"search_term_string\"}}],\"inLanguage\":\"es\"},{\"@type\":\"Organization\",\"@id\":\"https:\\\/\\\/www.ucaldas.edu.co\\\/portal\\\/#organization\",\"name\":\"Universidad de Caldas\",\"alternateName\":\"U. de Caldas\",\"url\":\"https:\\\/\\\/www.ucaldas.edu.co\\\/portal\\\/\",\"logo\":{\"@type\":\"ImageObject\",\"inLanguage\":\"es\",\"@id\":\"https:\\\/\\\/www.ucaldas.edu.co\\\/portal\\\/#\\\/schema\\\/logo\\\/image\\\/\",\"url\":\"https:\\\/\\\/www.ucaldas.edu.co\\\/portal\\\/wp-content\\\/uploads\\\/2023\\\/11\\\/Logo_horizontal_oscuroU-2023.png\",\"contentUrl\":\"https:\\\/\\\/www.ucaldas.edu.co\\\/portal\\\/wp-content\\\/uploads\\\/2023\\\/11\\\/Logo_horizontal_oscuroU-2023.png\",\"width\":263,\"height\":101,\"caption\":\"Universidad de Caldas\"},\"image\":{\"@id\":\"https:\\\/\\\/www.ucaldas.edu.co\\\/portal\\\/#\\\/schema\\\/logo\\\/image\\\/\"},\"sameAs\":[\"https:\\\/\\\/www.facebook.com\\\/udecaldas\",\"https:\\\/\\\/x.com\\\/udecaldas\",\"https:\\\/\\\/www.youtube.com\\\/universidadcaldas\",\"https:\\\/\\\/www.instagram.com\\\/udecaldas\\\/\"]},{\"@type\":\"Person\",\"@id\":\"https:\\\/\\\/www.ucaldas.edu.co\\\/portal\\\/#\\\/schema\\\/person\\\/a1b482e23449158b4bc319926c074fdf\",\"name\":\"ofiprensa\",\"image\":{\"@type\":\"ImageObject\",\"inLanguage\":\"es\",\"@id\":\"https:\\\/\\\/www.ucaldas.edu.co\\\/portal\\\/wp-content\\\/litespeed\\\/avatar\\\/09ea5085e600095a7a811142c6944527.jpg?ver=1777497608\",\"url\":\"https:\\\/\\\/www.ucaldas.edu.co\\\/portal\\\/wp-content\\\/litespeed\\\/avatar\\\/09ea5085e600095a7a811142c6944527.jpg?ver=1777497608\",\"contentUrl\":\"https:\\\/\\\/www.ucaldas.edu.co\\\/portal\\\/wp-content\\\/litespeed\\\/avatar\\\/09ea5085e600095a7a811142c6944527.jpg?ver=1777497608\",\"caption\":\"ofiprensa\"},\"url\":\"https:\\\/\\\/www.ucaldas.edu.co\\\/portal\\\/author\\\/ofiprensa\\\/\"}]}<\/script>\n<!-- \/ Yoast SEO plugin. -->","yoast_head_json":{"title":"Avanza proceso de Autoevaluaci\u00f3n para segunda Reacreditaci\u00f3n de la U. de Caldas .","robots":{"index":"index","follow":"follow","max-snippet":"max-snippet:-1","max-image-preview":"max-image-preview:large","max-video-preview":"max-video-preview:-1"},"canonical":"https:\/\/www.ucaldas.edu.co\/portal\/avanza-proceso-de-autoevaluacion-para-segunda-reacreditacion-de-la-u-de-caldas\/","schema":{"@context":"https:\/\/schema.org","@graph":[{"@type":"Article","@id":"https:\/\/www.ucaldas.edu.co\/portal\/avanza-proceso-de-autoevaluacion-para-segunda-reacreditacion-de-la-u-de-caldas\/#article","isPartOf":{"@id":"https:\/\/www.ucaldas.edu.co\/portal\/avanza-proceso-de-autoevaluacion-para-segunda-reacreditacion-de-la-u-de-caldas\/"},"author":{"name":"ofiprensa","@id":"https:\/\/www.ucaldas.edu.co\/portal\/#\/schema\/person\/a1b482e23449158b4bc319926c074fdf"},"headline":"Avanza proceso de Autoevaluaci\u00f3n para segunda Reacreditaci\u00f3n de la U. de Caldas","datePublished":"2016-11-29T15:08:56+00:00","dateModified":"2018-02-21T16:35:42+00:00","mainEntityOfPage":{"@id":"https:\/\/www.ucaldas.edu.co\/portal\/avanza-proceso-de-autoevaluacion-para-segunda-reacreditacion-de-la-u-de-caldas\/"},"wordCount":669,"publisher":{"@id":"https:\/\/www.ucaldas.edu.co\/portal\/#organization"},"image":{"@id":"https:\/\/www.ucaldas.edu.co\/portal\/avanza-proceso-de-autoevaluacion-para-segunda-reacreditacion-de-la-u-de-caldas\/#primaryimage"},"thumbnailUrl":"https:\/\/www.ucaldas.edu.co\/portal\/wp-content\/uploads\/2016\/11\/Reacreditacion.jpg","keywords":["alta calidad","Autoevaluaci\u00f3n Institucional","Oficina de Egresados","reacreditaci\u00f3n","Universidad De Caldas","acreditaci\u00f3n"],"articleSection":["Ucaldas Acreditada","Actualidad","Universidad al D\u00eda"],"inLanguage":"es"},{"@type":"WebPage","@id":"https:\/\/www.ucaldas.edu.co\/portal\/avanza-proceso-de-autoevaluacion-para-segunda-reacreditacion-de-la-u-de-caldas\/","url":"https:\/\/www.ucaldas.edu.co\/portal\/avanza-proceso-de-autoevaluacion-para-segunda-reacreditacion-de-la-u-de-caldas\/","name":"Avanza proceso de Autoevaluaci\u00f3n para segunda Reacreditaci\u00f3n de la U. de Caldas .","isPartOf":{"@id":"https:\/\/www.ucaldas.edu.co\/portal\/#website"},"primaryImageOfPage":{"@id":"https:\/\/www.ucaldas.edu.co\/portal\/avanza-proceso-de-autoevaluacion-para-segunda-reacreditacion-de-la-u-de-caldas\/#primaryimage"},"image":{"@id":"https:\/\/www.ucaldas.edu.co\/portal\/avanza-proceso-de-autoevaluacion-para-segunda-reacreditacion-de-la-u-de-caldas\/#primaryimage"},"thumbnailUrl":"https:\/\/www.ucaldas.edu.co\/portal\/wp-content\/uploads\/2016\/11\/Reacreditacion.jpg","datePublished":"2016-11-29T15:08:56+00:00","dateModified":"2018-02-21T16:35:42+00:00","breadcrumb":{"@id":"https:\/\/www.ucaldas.edu.co\/portal\/avanza-proceso-de-autoevaluacion-para-segunda-reacreditacion-de-la-u-de-caldas\/#breadcrumb"},"inLanguage":"es","potentialAction":[{"@type":"ReadAction","target":["https:\/\/www.ucaldas.edu.co\/portal\/avanza-proceso-de-autoevaluacion-para-segunda-reacreditacion-de-la-u-de-caldas\/"]}]},{"@type":"ImageObject","inLanguage":"es","@id":"https:\/\/www.ucaldas.edu.co\/portal\/avanza-proceso-de-autoevaluacion-para-segunda-reacreditacion-de-la-u-de-caldas\/#primaryimage","url":"https:\/\/www.ucaldas.edu.co\/portal\/wp-content\/uploads\/2016\/11\/Reacreditacion.jpg","contentUrl":"https:\/\/www.ucaldas.edu.co\/portal\/wp-content\/uploads\/2016\/11\/Reacreditacion.jpg"},{"@type":"BreadcrumbList","@id":"https:\/\/www.ucaldas.edu.co\/portal\/avanza-proceso-de-autoevaluacion-para-segunda-reacreditacion-de-la-u-de-caldas\/#breadcrumb","itemListElement":[{"@type":"ListItem","position":1,"name":"Portada","item":"https:\/\/www.ucaldas.edu.co\/portal\/"},{"@type":"ListItem","position":2,"name":"Avanza proceso de Autoevaluaci\u00f3n para segunda Reacreditaci\u00f3n de la U. de Caldas"}]},{"@type":"WebSite","@id":"https:\/\/www.ucaldas.edu.co\/portal\/#website","url":"https:\/\/www.ucaldas.edu.co\/portal\/","name":"Universidad de Caldas","description":"","publisher":{"@id":"https:\/\/www.ucaldas.edu.co\/portal\/#organization"},"alternateName":"U. de Caldas","potentialAction":[{"@type":"SearchAction","target":{"@type":"EntryPoint","urlTemplate":"https:\/\/www.ucaldas.edu.co\/portal\/?s={search_term_string}"},"query-input":{"@type":"PropertyValueSpecification","valueRequired":true,"valueName":"search_term_string"}}],"inLanguage":"es"},{"@type":"Organization","@id":"https:\/\/www.ucaldas.edu.co\/portal\/#organization","name":"Universidad de Caldas","alternateName":"U. de Caldas","url":"https:\/\/www.ucaldas.edu.co\/portal\/","logo":{"@type":"ImageObject","inLanguage":"es","@id":"https:\/\/www.ucaldas.edu.co\/portal\/#\/schema\/logo\/image\/","url":"https:\/\/www.ucaldas.edu.co\/portal\/wp-content\/uploads\/2023\/11\/Logo_horizontal_oscuroU-2023.png","contentUrl":"https:\/\/www.ucaldas.edu.co\/portal\/wp-content\/uploads\/2023\/11\/Logo_horizontal_oscuroU-2023.png","width":263,"height":101,"caption":"Universidad de Caldas"},"image":{"@id":"https:\/\/www.ucaldas.edu.co\/portal\/#\/schema\/logo\/image\/"},"sameAs":["https:\/\/www.facebook.com\/udecaldas","https:\/\/x.com\/udecaldas","https:\/\/www.youtube.com\/universidadcaldas","https:\/\/www.instagram.com\/udecaldas\/"]},{"@type":"Person","@id":"https:\/\/www.ucaldas.edu.co\/portal\/#\/schema\/person\/a1b482e23449158b4bc319926c074fdf","name":"ofiprensa","image":{"@type":"ImageObject","inLanguage":"es","@id":"https:\/\/www.ucaldas.edu.co\/portal\/wp-content\/litespeed\/avatar\/09ea5085e600095a7a811142c6944527.jpg?ver=1777497608","url":"https:\/\/www.ucaldas.edu.co\/portal\/wp-content\/litespeed\/avatar\/09ea5085e600095a7a811142c6944527.jpg?ver=1777497608","contentUrl":"https:\/\/www.ucaldas.edu.co\/portal\/wp-content\/litespeed\/avatar\/09ea5085e600095a7a811142c6944527.jpg?ver=1777497608","caption":"ofiprensa"},"url":"https:\/\/www.ucaldas.edu.co\/portal\/author\/ofiprensa\/"}]}},"_links":{"self":[{"href":"https:\/\/www.ucaldas.edu.co\/portal\/wp-json\/wp\/v2\/posts\/33251","targetHints":{"allow":["GET"]}}],"collection":[{"href":"https:\/\/www.ucaldas.edu.co\/portal\/wp-json\/wp\/v2\/posts"}],"about":[{"href":"https:\/\/www.ucaldas.edu.co\/portal\/wp-json\/wp\/v2\/types\/post"}],"author":[{"embeddable":true,"href":"https:\/\/www.ucaldas.edu.co\/portal\/wp-json\/wp\/v2\/users\/2"}],"replies":[{"embeddable":true,"href":"https:\/\/www.ucaldas.edu.co\/portal\/wp-json\/wp\/v2\/comments?post=33251"}],"version-history":[{"count":0,"href":"https:\/\/www.ucaldas.edu.co\/portal\/wp-json\/wp\/v2\/posts\/33251\/revisions"}],"wp:attachment":[{"href":"https:\/\/www.ucaldas.edu.co\/portal\/wp-json\/wp\/v2\/media?parent=33251"}],"wp:term":[{"taxonomy":"category","embeddable":true,"href":"https:\/\/www.ucaldas.edu.co\/portal\/wp-json\/wp\/v2\/categories?post=33251"},{"taxonomy":"post_tag","embeddable":true,"href":"https:\/\/www.ucaldas.edu.co\/portal\/wp-json\/wp\/v2\/tags?post=33251"}],"curies":[{"name":"wp","href":"https:\/\/api.w.org\/{rel}","templated":true}]}}