{"id":33095,"date":"2016-11-22T16:08:22","date_gmt":"2016-11-22T21:08:22","guid":{"rendered":"https:\/\/www.ucaldas.edu.co\/portal\/?p=33095"},"modified":"2016-11-22T16:08:22","modified_gmt":"2016-11-22T21:08:22","slug":"rector-u-de-caldas-participo-como-panelista-en-presentacion-la-actualizacion-del-indice-de-progreso-social-ips-ciudades","status":"publish","type":"post","link":"https:\/\/www.ucaldas.edu.co\/portal\/rector-u-de-caldas-participo-como-panelista-en-presentacion-la-actualizacion-del-indice-de-progreso-social-ips-ciudades\/","title":{"rendered":"Rector U. de Caldas particip\u00f3 como panelista en presentaci\u00f3n la actualizaci\u00f3n del \u00cdndice de Progreso Social (IPS) Ciudades"},"content":{"rendered":"<p style=\"text-align: center;\">MANIZALES ES LA \u00daNICA CIUDAD QUE SE UBICA EN NIVEL DE PROGRESO SOCIAL ALTO<\/p>\n<p style=\"text-align: center;\"><strong>Rector U. de Caldas particip\u00f3 como panelista en presentaci\u00f3n la actualizaci\u00f3n del \u00cdndice de Progreso Social (IPS) Ciudades<\/strong><\/p>\n<p style=\"text-align: right;\">22\/11\/2016<\/p>\n<p><img loading=\"lazy\" decoding=\"async\" class=\"alignnone size-full wp-image-33096 aligncenter\" src=\"https:\/\/www.ucaldas.edu.co\/portal\/wp-content\/uploads\/2016\/11\/ISP.jpg\" alt=\"isp\" width=\"358\" height=\"284\" \/><\/p>\n<p><strong>Por segundo a\u00f1o consecutivo Manizales es la \u00fanica ciudad<\/strong> -de las 10 incluidas en la medici\u00f3n- <strong>que se ubica en nivel de progreso social alto <\/strong>del<a href=\"http:\/\/redcomovamos.org\/wp-content\/uploads\/2016\/11\/Resumen-Ejecutivo-final.pdf\"> <strong>\u00cdndice de Progreso Social <\/strong>(IPS) Ciudades con 75,1 puntos sobre 100 (ver resultados<\/a>), aunque con un leve retroceso frente a la medici\u00f3n del 2015.<\/p>\n<p><!--more--><\/p>\n<p><strong>As\u00ed lo evidenci\u00f3 la presentaci\u00f3n de la actualizaci\u00f3n del \u00cdndice<\/strong>, que realiz\u00f3 el Programa Manizales C\u00f3mo Vamos este martes 22 de noviembre del 2016. El <strong>Rector de la Universidad de Caldas<\/strong>, Felipe C\u00e9sar Londo\u00f1o L\u00f3pez, <strong>fue uno de los participantes del Panel <em>Pol\u00edticas p\u00fablicas y responsabilidad social empresarial<\/em>,<\/strong> realizado durante el evento.<\/p>\n<p>&nbsp;<\/p>\n<p>\u201cSin duda alguna es muy importante para Manizales que continuemos ubicados en el primer lugar en el \u00e1mbito nacional, pero <strong>no podemos decrecer en los indicadores y a\u00fan tenemos muchos aspectos por mejorar<\/strong>. Uno de ellos es la calidad de la educaci\u00f3n b\u00e1sica y media como Universidad debemos enfrentar una responsabilidad de formar mejores profesionales\u201d, explic\u00f3 Londo\u00f1o L\u00f3pez.<\/p>\n<p>&nbsp;<\/p>\n<p><strong>Los resultados<\/strong><\/p>\n<p>Uno de los invitados al evento fue Luis del Carpio, <strong>Coordinador de la Red de progreso Social Per\u00fa y representante de Centrum Business School, quien expres\u00f3<\/strong>: \u201che quedado impactado con los resultados y es en verdad <strong>fundamental conocer el desempe\u00f1o de las ciudades a nivel Latinoam\u00e9rica y no s\u00f3lo de los pa\u00edses<\/strong>\u201d.<\/p>\n<p>&nbsp;<\/p>\n<p>Por otra parte, \u00d3scar Andr\u00e9s Jim\u00e9nez, <strong>metod\u00f3logo para Colombia del Social Progress Imperative<\/strong>, inform\u00f3 que en general en las ciudades colombianas la tendencia de crecimiento par\u00f3: <strong>\u201cel 2015 no fue un bueno a\u00f1o para el progreso social, pues 7 de 10 ciudades retrocedieron<\/strong>. Manizales es la ciudad que menos retrocedi\u00f3, pero tambi\u00e9n lo hizo\u201d, especific\u00f3.<\/p>\n<p>&nbsp;<\/p>\n<p><a href=\"https:\/\/www.facebook.com\/media\/set\/?set=a.1217395018322361.1073745083.107054166023124&amp;type=1&amp;l=edd32a3a66\">Conozca im\u00e1genes de la presentaci\u00f3n actualizaci\u00f3n del \u00cdndice de Progreso Social (IPS) Ciudades<\/a><\/p>\n<p>&nbsp;<\/p>\n<p><strong>Informes: <\/strong>Oficina de Prensa U. de Caldas, tel\u00e9fono 878 15 00 extensi\u00f3n 12 167.<\/p>\n<p><strong>Redacci\u00f3n: <\/strong>Margarita Laverde<\/p>\n<p>&nbsp;<\/p>\n","protected":false},"excerpt":{"rendered":"<p>MANIZALES ES LA \u00daNICA CIUDAD QUE SE UBICA EN NIVEL DE PROGRESO SOCIAL ALTO Rector U. de Caldas particip\u00f3 como panelista en presentaci\u00f3n la actualizaci\u00f3n del \u00cdndice de Progreso Social (IPS) Ciudades 22\/11\/2016 Por segundo a\u00f1o consecutivo Manizales es la \u00fanica ciudad -de las 10 incluidas en la medici\u00f3n- que se ubica en nivel de [&hellip;]<\/p>\n","protected":false},"author":2,"featured_media":0,"comment_status":"closed","ping_status":"closed","sticky":false,"template":"","format":"standard","meta":{"footnotes":""},"categories":[48,53],"tags":[55,68,133,160,161],"class_list":["post-33095","post","type-post","status-publish","format-standard","hentry","category-actualidad","category-universidad-al-dia","tag-academia","tag-invitado","tag-presentacion","tag-indice-de-progreso-social","tag-manizales-como-vamos"],"yoast_head":"<!-- This site is optimized with the Yoast SEO plugin v27.5 - https:\/\/yoast.com\/product\/yoast-seo-wordpress\/ -->\n<title>Rector U. de Caldas particip\u00f3 como panelista en presentaci\u00f3n la actualizaci\u00f3n del \u00cdndice de Progreso Social (IPS) Ciudades .<\/title>\n<meta name=\"robots\" content=\"index, follow, max-snippet:-1, max-image-preview:large, max-video-preview:-1\" \/>\n<link rel=\"canonical\" href=\"https:\/\/www.ucaldas.edu.co\/portal\/rector-u-de-caldas-participo-como-panelista-en-presentacion-la-actualizacion-del-indice-de-progreso-social-ips-ciudades\/\" \/>\n<script type=\"application\/ld+json\" class=\"yoast-schema-graph\">{\"@context\":\"https:\\\/\\\/schema.org\",\"@graph\":[{\"@type\":\"Article\",\"@id\":\"https:\\\/\\\/www.ucaldas.edu.co\\\/portal\\\/rector-u-de-caldas-participo-como-panelista-en-presentacion-la-actualizacion-del-indice-de-progreso-social-ips-ciudades\\\/#article\",\"isPartOf\":{\"@id\":\"https:\\\/\\\/www.ucaldas.edu.co\\\/portal\\\/rector-u-de-caldas-participo-como-panelista-en-presentacion-la-actualizacion-del-indice-de-progreso-social-ips-ciudades\\\/\"},\"author\":{\"name\":\"ofiprensa\",\"@id\":\"https:\\\/\\\/www.ucaldas.edu.co\\\/portal\\\/#\\\/schema\\\/person\\\/a1b482e23449158b4bc319926c074fdf\"},\"headline\":\"Rector U. de Caldas particip\u00f3 como panelista en presentaci\u00f3n la actualizaci\u00f3n del \u00cdndice de Progreso Social (IPS) Ciudades\",\"datePublished\":\"2016-11-22T21:08:22+00:00\",\"mainEntityOfPage\":{\"@id\":\"https:\\\/\\\/www.ucaldas.edu.co\\\/portal\\\/rector-u-de-caldas-participo-como-panelista-en-presentacion-la-actualizacion-del-indice-de-progreso-social-ips-ciudades\\\/\"},\"wordCount\":376,\"publisher\":{\"@id\":\"https:\\\/\\\/www.ucaldas.edu.co\\\/portal\\\/#organization\"},\"image\":{\"@id\":\"https:\\\/\\\/www.ucaldas.edu.co\\\/portal\\\/rector-u-de-caldas-participo-como-panelista-en-presentacion-la-actualizacion-del-indice-de-progreso-social-ips-ciudades\\\/#primaryimage\"},\"thumbnailUrl\":\"https:\\\/\\\/www.ucaldas.edu.co\\\/portal\\\/wp-content\\\/uploads\\\/2016\\\/11\\\/ISP.jpg\",\"keywords\":[\"academia\",\"invitado\",\"Presentaci\u00f3n\",\"\u00cdndice de Progreso Social\",\"Manizales C\u00f3mo Vamos\"],\"articleSection\":[\"Actualidad\",\"Universidad al D\u00eda\"],\"inLanguage\":\"es\"},{\"@type\":\"WebPage\",\"@id\":\"https:\\\/\\\/www.ucaldas.edu.co\\\/portal\\\/rector-u-de-caldas-participo-como-panelista-en-presentacion-la-actualizacion-del-indice-de-progreso-social-ips-ciudades\\\/\",\"url\":\"https:\\\/\\\/www.ucaldas.edu.co\\\/portal\\\/rector-u-de-caldas-participo-como-panelista-en-presentacion-la-actualizacion-del-indice-de-progreso-social-ips-ciudades\\\/\",\"name\":\"Rector U. de Caldas particip\u00f3 como panelista en presentaci\u00f3n la actualizaci\u00f3n del \u00cdndice de Progreso Social (IPS) Ciudades .\",\"isPartOf\":{\"@id\":\"https:\\\/\\\/www.ucaldas.edu.co\\\/portal\\\/#website\"},\"primaryImageOfPage\":{\"@id\":\"https:\\\/\\\/www.ucaldas.edu.co\\\/portal\\\/rector-u-de-caldas-participo-como-panelista-en-presentacion-la-actualizacion-del-indice-de-progreso-social-ips-ciudades\\\/#primaryimage\"},\"image\":{\"@id\":\"https:\\\/\\\/www.ucaldas.edu.co\\\/portal\\\/rector-u-de-caldas-participo-como-panelista-en-presentacion-la-actualizacion-del-indice-de-progreso-social-ips-ciudades\\\/#primaryimage\"},\"thumbnailUrl\":\"https:\\\/\\\/www.ucaldas.edu.co\\\/portal\\\/wp-content\\\/uploads\\\/2016\\\/11\\\/ISP.jpg\",\"datePublished\":\"2016-11-22T21:08:22+00:00\",\"breadcrumb\":{\"@id\":\"https:\\\/\\\/www.ucaldas.edu.co\\\/portal\\\/rector-u-de-caldas-participo-como-panelista-en-presentacion-la-actualizacion-del-indice-de-progreso-social-ips-ciudades\\\/#breadcrumb\"},\"inLanguage\":\"es\",\"potentialAction\":[{\"@type\":\"ReadAction\",\"target\":[\"https:\\\/\\\/www.ucaldas.edu.co\\\/portal\\\/rector-u-de-caldas-participo-como-panelista-en-presentacion-la-actualizacion-del-indice-de-progreso-social-ips-ciudades\\\/\"]}]},{\"@type\":\"ImageObject\",\"inLanguage\":\"es\",\"@id\":\"https:\\\/\\\/www.ucaldas.edu.co\\\/portal\\\/rector-u-de-caldas-participo-como-panelista-en-presentacion-la-actualizacion-del-indice-de-progreso-social-ips-ciudades\\\/#primaryimage\",\"url\":\"https:\\\/\\\/www.ucaldas.edu.co\\\/portal\\\/wp-content\\\/uploads\\\/2016\\\/11\\\/ISP.jpg\",\"contentUrl\":\"https:\\\/\\\/www.ucaldas.edu.co\\\/portal\\\/wp-content\\\/uploads\\\/2016\\\/11\\\/ISP.jpg\"},{\"@type\":\"BreadcrumbList\",\"@id\":\"https:\\\/\\\/www.ucaldas.edu.co\\\/portal\\\/rector-u-de-caldas-participo-como-panelista-en-presentacion-la-actualizacion-del-indice-de-progreso-social-ips-ciudades\\\/#breadcrumb\",\"itemListElement\":[{\"@type\":\"ListItem\",\"position\":1,\"name\":\"Portada\",\"item\":\"https:\\\/\\\/www.ucaldas.edu.co\\\/portal\\\/\"},{\"@type\":\"ListItem\",\"position\":2,\"name\":\"Rector U. de Caldas particip\u00f3 como panelista en presentaci\u00f3n la actualizaci\u00f3n del \u00cdndice de Progreso Social (IPS) Ciudades\"}]},{\"@type\":\"WebSite\",\"@id\":\"https:\\\/\\\/www.ucaldas.edu.co\\\/portal\\\/#website\",\"url\":\"https:\\\/\\\/www.ucaldas.edu.co\\\/portal\\\/\",\"name\":\"Universidad de Caldas\",\"description\":\"\",\"publisher\":{\"@id\":\"https:\\\/\\\/www.ucaldas.edu.co\\\/portal\\\/#organization\"},\"alternateName\":\"U. de Caldas\",\"potentialAction\":[{\"@type\":\"SearchAction\",\"target\":{\"@type\":\"EntryPoint\",\"urlTemplate\":\"https:\\\/\\\/www.ucaldas.edu.co\\\/portal\\\/?s={search_term_string}\"},\"query-input\":{\"@type\":\"PropertyValueSpecification\",\"valueRequired\":true,\"valueName\":\"search_term_string\"}}],\"inLanguage\":\"es\"},{\"@type\":\"Organization\",\"@id\":\"https:\\\/\\\/www.ucaldas.edu.co\\\/portal\\\/#organization\",\"name\":\"Universidad de Caldas\",\"alternateName\":\"U. de Caldas\",\"url\":\"https:\\\/\\\/www.ucaldas.edu.co\\\/portal\\\/\",\"logo\":{\"@type\":\"ImageObject\",\"inLanguage\":\"es\",\"@id\":\"https:\\\/\\\/www.ucaldas.edu.co\\\/portal\\\/#\\\/schema\\\/logo\\\/image\\\/\",\"url\":\"https:\\\/\\\/www.ucaldas.edu.co\\\/portal\\\/wp-content\\\/uploads\\\/2023\\\/11\\\/Logo_horizontal_oscuroU-2023.png\",\"contentUrl\":\"https:\\\/\\\/www.ucaldas.edu.co\\\/portal\\\/wp-content\\\/uploads\\\/2023\\\/11\\\/Logo_horizontal_oscuroU-2023.png\",\"width\":263,\"height\":101,\"caption\":\"Universidad de Caldas\"},\"image\":{\"@id\":\"https:\\\/\\\/www.ucaldas.edu.co\\\/portal\\\/#\\\/schema\\\/logo\\\/image\\\/\"},\"sameAs\":[\"https:\\\/\\\/www.facebook.com\\\/udecaldas\",\"https:\\\/\\\/x.com\\\/udecaldas\",\"https:\\\/\\\/www.youtube.com\\\/universidadcaldas\",\"https:\\\/\\\/www.instagram.com\\\/udecaldas\\\/\"]},{\"@type\":\"Person\",\"@id\":\"https:\\\/\\\/www.ucaldas.edu.co\\\/portal\\\/#\\\/schema\\\/person\\\/a1b482e23449158b4bc319926c074fdf\",\"name\":\"ofiprensa\",\"image\":{\"@type\":\"ImageObject\",\"inLanguage\":\"es\",\"@id\":\"https:\\\/\\\/www.ucaldas.edu.co\\\/portal\\\/wp-content\\\/litespeed\\\/avatar\\\/09ea5085e600095a7a811142c6944527.jpg?ver=1777497608\",\"url\":\"https:\\\/\\\/www.ucaldas.edu.co\\\/portal\\\/wp-content\\\/litespeed\\\/avatar\\\/09ea5085e600095a7a811142c6944527.jpg?ver=1777497608\",\"contentUrl\":\"https:\\\/\\\/www.ucaldas.edu.co\\\/portal\\\/wp-content\\\/litespeed\\\/avatar\\\/09ea5085e600095a7a811142c6944527.jpg?ver=1777497608\",\"caption\":\"ofiprensa\"},\"url\":\"https:\\\/\\\/www.ucaldas.edu.co\\\/portal\\\/author\\\/ofiprensa\\\/\"}]}<\/script>\n<!-- \/ Yoast SEO plugin. -->","yoast_head_json":{"title":"Rector U. de Caldas particip\u00f3 como panelista en presentaci\u00f3n la actualizaci\u00f3n del \u00cdndice de Progreso Social (IPS) Ciudades .","robots":{"index":"index","follow":"follow","max-snippet":"max-snippet:-1","max-image-preview":"max-image-preview:large","max-video-preview":"max-video-preview:-1"},"canonical":"https:\/\/www.ucaldas.edu.co\/portal\/rector-u-de-caldas-participo-como-panelista-en-presentacion-la-actualizacion-del-indice-de-progreso-social-ips-ciudades\/","schema":{"@context":"https:\/\/schema.org","@graph":[{"@type":"Article","@id":"https:\/\/www.ucaldas.edu.co\/portal\/rector-u-de-caldas-participo-como-panelista-en-presentacion-la-actualizacion-del-indice-de-progreso-social-ips-ciudades\/#article","isPartOf":{"@id":"https:\/\/www.ucaldas.edu.co\/portal\/rector-u-de-caldas-participo-como-panelista-en-presentacion-la-actualizacion-del-indice-de-progreso-social-ips-ciudades\/"},"author":{"name":"ofiprensa","@id":"https:\/\/www.ucaldas.edu.co\/portal\/#\/schema\/person\/a1b482e23449158b4bc319926c074fdf"},"headline":"Rector U. de Caldas particip\u00f3 como panelista en presentaci\u00f3n la actualizaci\u00f3n del \u00cdndice de Progreso Social (IPS) Ciudades","datePublished":"2016-11-22T21:08:22+00:00","mainEntityOfPage":{"@id":"https:\/\/www.ucaldas.edu.co\/portal\/rector-u-de-caldas-participo-como-panelista-en-presentacion-la-actualizacion-del-indice-de-progreso-social-ips-ciudades\/"},"wordCount":376,"publisher":{"@id":"https:\/\/www.ucaldas.edu.co\/portal\/#organization"},"image":{"@id":"https:\/\/www.ucaldas.edu.co\/portal\/rector-u-de-caldas-participo-como-panelista-en-presentacion-la-actualizacion-del-indice-de-progreso-social-ips-ciudades\/#primaryimage"},"thumbnailUrl":"https:\/\/www.ucaldas.edu.co\/portal\/wp-content\/uploads\/2016\/11\/ISP.jpg","keywords":["academia","invitado","Presentaci\u00f3n","\u00cdndice de Progreso Social","Manizales C\u00f3mo Vamos"],"articleSection":["Actualidad","Universidad al D\u00eda"],"inLanguage":"es"},{"@type":"WebPage","@id":"https:\/\/www.ucaldas.edu.co\/portal\/rector-u-de-caldas-participo-como-panelista-en-presentacion-la-actualizacion-del-indice-de-progreso-social-ips-ciudades\/","url":"https:\/\/www.ucaldas.edu.co\/portal\/rector-u-de-caldas-participo-como-panelista-en-presentacion-la-actualizacion-del-indice-de-progreso-social-ips-ciudades\/","name":"Rector U. de Caldas particip\u00f3 como panelista en presentaci\u00f3n la actualizaci\u00f3n del \u00cdndice de Progreso Social (IPS) Ciudades .","isPartOf":{"@id":"https:\/\/www.ucaldas.edu.co\/portal\/#website"},"primaryImageOfPage":{"@id":"https:\/\/www.ucaldas.edu.co\/portal\/rector-u-de-caldas-participo-como-panelista-en-presentacion-la-actualizacion-del-indice-de-progreso-social-ips-ciudades\/#primaryimage"},"image":{"@id":"https:\/\/www.ucaldas.edu.co\/portal\/rector-u-de-caldas-participo-como-panelista-en-presentacion-la-actualizacion-del-indice-de-progreso-social-ips-ciudades\/#primaryimage"},"thumbnailUrl":"https:\/\/www.ucaldas.edu.co\/portal\/wp-content\/uploads\/2016\/11\/ISP.jpg","datePublished":"2016-11-22T21:08:22+00:00","breadcrumb":{"@id":"https:\/\/www.ucaldas.edu.co\/portal\/rector-u-de-caldas-participo-como-panelista-en-presentacion-la-actualizacion-del-indice-de-progreso-social-ips-ciudades\/#breadcrumb"},"inLanguage":"es","potentialAction":[{"@type":"ReadAction","target":["https:\/\/www.ucaldas.edu.co\/portal\/rector-u-de-caldas-participo-como-panelista-en-presentacion-la-actualizacion-del-indice-de-progreso-social-ips-ciudades\/"]}]},{"@type":"ImageObject","inLanguage":"es","@id":"https:\/\/www.ucaldas.edu.co\/portal\/rector-u-de-caldas-participo-como-panelista-en-presentacion-la-actualizacion-del-indice-de-progreso-social-ips-ciudades\/#primaryimage","url":"https:\/\/www.ucaldas.edu.co\/portal\/wp-content\/uploads\/2016\/11\/ISP.jpg","contentUrl":"https:\/\/www.ucaldas.edu.co\/portal\/wp-content\/uploads\/2016\/11\/ISP.jpg"},{"@type":"BreadcrumbList","@id":"https:\/\/www.ucaldas.edu.co\/portal\/rector-u-de-caldas-participo-como-panelista-en-presentacion-la-actualizacion-del-indice-de-progreso-social-ips-ciudades\/#breadcrumb","itemListElement":[{"@type":"ListItem","position":1,"name":"Portada","item":"https:\/\/www.ucaldas.edu.co\/portal\/"},{"@type":"ListItem","position":2,"name":"Rector U. de Caldas particip\u00f3 como panelista en presentaci\u00f3n la actualizaci\u00f3n del \u00cdndice de Progreso Social (IPS) Ciudades"}]},{"@type":"WebSite","@id":"https:\/\/www.ucaldas.edu.co\/portal\/#website","url":"https:\/\/www.ucaldas.edu.co\/portal\/","name":"Universidad de Caldas","description":"","publisher":{"@id":"https:\/\/www.ucaldas.edu.co\/portal\/#organization"},"alternateName":"U. de Caldas","potentialAction":[{"@type":"SearchAction","target":{"@type":"EntryPoint","urlTemplate":"https:\/\/www.ucaldas.edu.co\/portal\/?s={search_term_string}"},"query-input":{"@type":"PropertyValueSpecification","valueRequired":true,"valueName":"search_term_string"}}],"inLanguage":"es"},{"@type":"Organization","@id":"https:\/\/www.ucaldas.edu.co\/portal\/#organization","name":"Universidad de Caldas","alternateName":"U. de Caldas","url":"https:\/\/www.ucaldas.edu.co\/portal\/","logo":{"@type":"ImageObject","inLanguage":"es","@id":"https:\/\/www.ucaldas.edu.co\/portal\/#\/schema\/logo\/image\/","url":"https:\/\/www.ucaldas.edu.co\/portal\/wp-content\/uploads\/2023\/11\/Logo_horizontal_oscuroU-2023.png","contentUrl":"https:\/\/www.ucaldas.edu.co\/portal\/wp-content\/uploads\/2023\/11\/Logo_horizontal_oscuroU-2023.png","width":263,"height":101,"caption":"Universidad de Caldas"},"image":{"@id":"https:\/\/www.ucaldas.edu.co\/portal\/#\/schema\/logo\/image\/"},"sameAs":["https:\/\/www.facebook.com\/udecaldas","https:\/\/x.com\/udecaldas","https:\/\/www.youtube.com\/universidadcaldas","https:\/\/www.instagram.com\/udecaldas\/"]},{"@type":"Person","@id":"https:\/\/www.ucaldas.edu.co\/portal\/#\/schema\/person\/a1b482e23449158b4bc319926c074fdf","name":"ofiprensa","image":{"@type":"ImageObject","inLanguage":"es","@id":"https:\/\/www.ucaldas.edu.co\/portal\/wp-content\/litespeed\/avatar\/09ea5085e600095a7a811142c6944527.jpg?ver=1777497608","url":"https:\/\/www.ucaldas.edu.co\/portal\/wp-content\/litespeed\/avatar\/09ea5085e600095a7a811142c6944527.jpg?ver=1777497608","contentUrl":"https:\/\/www.ucaldas.edu.co\/portal\/wp-content\/litespeed\/avatar\/09ea5085e600095a7a811142c6944527.jpg?ver=1777497608","caption":"ofiprensa"},"url":"https:\/\/www.ucaldas.edu.co\/portal\/author\/ofiprensa\/"}]}},"_links":{"self":[{"href":"https:\/\/www.ucaldas.edu.co\/portal\/wp-json\/wp\/v2\/posts\/33095","targetHints":{"allow":["GET"]}}],"collection":[{"href":"https:\/\/www.ucaldas.edu.co\/portal\/wp-json\/wp\/v2\/posts"}],"about":[{"href":"https:\/\/www.ucaldas.edu.co\/portal\/wp-json\/wp\/v2\/types\/post"}],"author":[{"embeddable":true,"href":"https:\/\/www.ucaldas.edu.co\/portal\/wp-json\/wp\/v2\/users\/2"}],"replies":[{"embeddable":true,"href":"https:\/\/www.ucaldas.edu.co\/portal\/wp-json\/wp\/v2\/comments?post=33095"}],"version-history":[{"count":0,"href":"https:\/\/www.ucaldas.edu.co\/portal\/wp-json\/wp\/v2\/posts\/33095\/revisions"}],"wp:attachment":[{"href":"https:\/\/www.ucaldas.edu.co\/portal\/wp-json\/wp\/v2\/media?parent=33095"}],"wp:term":[{"taxonomy":"category","embeddable":true,"href":"https:\/\/www.ucaldas.edu.co\/portal\/wp-json\/wp\/v2\/categories?post=33095"},{"taxonomy":"post_tag","embeddable":true,"href":"https:\/\/www.ucaldas.edu.co\/portal\/wp-json\/wp\/v2\/tags?post=33095"}],"curies":[{"name":"wp","href":"https:\/\/api.w.org\/{rel}","templated":true}]}}