{"id":3299,"date":"2009-07-30T15:53:16","date_gmt":"2009-07-30T20:53:16","guid":{"rendered":"https:\/\/www.ucaldas.edu.co\/portal\/?p=3299"},"modified":"2009-07-30T15:53:16","modified_gmt":"2009-07-30T20:53:16","slug":"u-de-caldas-apoya-el-concurso-nacional-de-dramaturgia-contemporanea","status":"publish","type":"post","link":"https:\/\/www.ucaldas.edu.co\/portal\/u-de-caldas-apoya-el-concurso-nacional-de-dramaturgia-contemporanea\/","title":{"rendered":"U. de Caldas apoya el Concurso nacional de dramaturgia contempor\u00e1nea"},"content":{"rendered":"<p>Inscripciones hasta el 24 de Agosto<\/p>\n<hr id=\"system-readmore\" \/>\n<p>&nbsp;<\/p>\n<p>La Red Nacional de Dramaturgia Colombiana, invita a la comunidad universitaria y al p\u00fablico en general para que se inscriban en el Concurso nacional de dramaturgia contempor\u00e1nea, hasta el 24 de agosto.<\/p>\n<p>Este concurso lo apoyan la Direcci\u00f3n de Artes del Ministerio de Cultura y la Universidad de Caldas.<\/p>\n<p>El jurado premiar\u00e1 al <b>mejor texto dram\u00e1tico <\/b>y seleccionar\u00e1 cuatro obras finalistas: una de Manizales y las otras de Bogot\u00e1, Cali y Armenia. Estas obras se grabar\u00e1n en una producci\u00f3n sonora en formato de radio teatro.<\/p>\n<p>La Universidad de Caldas ser\u00e1 la encargada de difundirla por el Comit\u00e9 Directivo de la Red Nacional de Dramaturgia, en las emisoras radiales culturales y universitarias, gracias al apoyo del Ministerio de Cultura.<\/p>\n<p>Los seleccionados recibir\u00e1n diez (10) copias de la producci\u00f3n radiof\u00f3nica. La organizaci\u00f3n contar\u00e1 con la autorizaci\u00f3n de los autores para dicha labor de difusi\u00f3n.<\/p>\n<p>A los cinco ganadores participar\u00e1n en la Residencia Art\u00edstica Encuentro de j\u00f3venes dramaturgos, que se llevar\u00e1 a cabo en la ciudad de Manizales, del 10 al 14 de octubre, dirigido por tres dramaturgos, residentes en la ciudad de Bogot\u00e1, y quienes cuentan con amplia experiencia. Su objetivo es realizar un proceso de intercambio y formaci\u00f3n.<\/p>\n<p><b>\u00bfQui\u00e9nes pueden participar?<\/b><\/p>\n<p>&nbsp;<\/p>\n<p>Las personas mayores de edad, que sean colombianas, creadores, dramaturgos de cualquier parte del pa\u00eds, que est\u00e9n interesados en presentar un texto dram\u00e1tico in\u00e9dito.<\/p>\n<p>&nbsp;<\/p>\n<p><b>\u00a0\u00bfQui\u00e9nes no pueden participar?<\/b><\/p>\n<p>&nbsp;<\/p>\n<p>&#8211; Miembros del comit\u00e9 directivo de la Red Nacional de Dramaturgia.<\/p>\n<p>&#8211; Extranjeros.<\/p>\n<p>&nbsp;<\/p>\n<p><b>Requisitos:<\/b><\/p>\n<p>&nbsp;<\/p>\n<p>Enviar hasta el lunes 24 de agosto al correo electr\u00f3nico: <a href=\"http:\/\/es.mc263.mail.yahoo.com\/mc\/compose?to=concursoredramaturgia@gmail.com\" target=\"_blank\">concursoredramaturgia@gmail.com<\/a>,\u00a0 la siguiente informaci\u00f3n:<\/p>\n<p>&nbsp;<\/p>\n<p>1.\u00a0\u00a0\u00a0\u00a0\u00a0 Seud\u00f3nimo<\/p>\n<p>2.\u00a0\u00a0\u00a0\u00a0\u00a0 Datos personales: nombres y apellidos, n\u00famero de identificaci\u00f3n, ciudad, direcci\u00f3n, tel\u00e9fono de contacto (fijo y celular) y correo electr\u00f3nico.<\/p>\n<p>3.\u00a0\u00a0\u00a0\u00a0\u00a0 Rese\u00f1a de la hoja de vida.<\/p>\n<p>4.\u00a0\u00a0\u00a0\u00a0\u00a0 Archivo adjunto en JPG o Word que contenga el texto de la obra escrita en espa\u00f1ol, con una extensi\u00f3n m\u00e1xima de cuarenta (40) p\u00e1ginas, a doble espacio en fuente Times New Roman 12 puntos, con las p\u00e1ginas numeradas. La obra debe estar firmada con seud\u00f3nimo.<\/p>\n<p>5.\u00a0\u00a0\u00a0\u00a0\u00a0 archivo adjunto en JPG que contenga copia de la c\u00e9dula de ciudadan\u00eda.<\/p>\n<p>&nbsp;<\/p>\n<p><b>Nota.<\/b> Un participante solo puede inscribir una obra a este concurso.<\/p>\n<p>&nbsp;<\/p>\n<p><b>Condiciones de participaci\u00f3n\u00a0\u00a0 <\/b><\/p>\n<p>&nbsp;<\/p>\n<p>1. Obra<\/p>\n<p>-Las obras presentadas no tendr\u00e1n limitaciones de propuestas est\u00e9ticas y su estilo dramat\u00fargico es libre.<\/p>\n<p>-Las obras deber\u00e1n ser originales (no adaptaciones) e in\u00e9ditas.<\/p>\n<p>&nbsp;<\/p>\n<p>2. La participaci\u00f3n en este concurso supone la plena aceptaci\u00f3n de las bases y de las decisiones de los organizadores. Los aspectos no previstos en este\u00a0 documento ser\u00e1n resueltos oportunamente por el Jurado.<\/p>\n<p>3. Los participantes exonerar\u00e1n a la Red Nacional de Dramaturgia Colombiana, Ministerio de Cultura y Universidad de Caldas de cualquier responsabilidad ante terceros por cualquier violaci\u00f3n a los derechos de autor, propiedad intelectual y autor\u00eda de las obras teatrales.<\/p>\n<p>4. Los archivos de las obras que no resulten seleccionadas ser\u00e1n destruidos por la organizaci\u00f3n despu\u00e9s de la emisi\u00f3n del fallo del concurso.<\/p>\n<p>5. Los ganadores autorizar\u00e1n expresamente con su participaci\u00f3n y registro a la Red Nacional de Dramaturgia Colombiana, al Ministerio de Cultura y a la Universidad de Caldas, para reproducir y difundir por cualquier medio, las obras teatrales seleccionadas, cuando se estime oportuno, nombr\u00e1ndose a los autores, quienes conservar\u00e1n los derechos de propiedad intelectual sobre las mismas.<\/p>\n<p>&nbsp;<\/p>\n<p><b>Fallo <\/b><\/p>\n<p>&nbsp;<\/p>\n<p>1.\u00a0 El fallo del Jurado ser\u00e1 inapelable.<\/p>\n<p>2. Los resultados se dar\u00e1n a conocer el d\u00eda 12 de septiembre a trav\u00e9s de la p\u00e1gina Web: <a href=\"http:\/\/www.dramaturgiacolombiana.org\/\" target=\"_blank\">www.dramaturgiacolombiana.org<\/a><\/p>\n<p>3. \u00a0Los ganadores ser\u00e1n contactados telef\u00f3nicamente y v\u00eda correo electr\u00f3nico.<\/p>\n<p>&nbsp;<\/p>\n<p><b>Deberes de los ganadores<\/b><\/p>\n<p>&nbsp;<\/p>\n<p>&nbsp;<\/p>\n<p>1.\u00a0\u00a0\u00a0\u00a0\u00a0 Ceder a la Red Nacional de Dramaturgia Colombiana, al Ministerio de Cultura y a la Universidad de Caldas los derechos de publicaci\u00f3n y autorizar la realizaci\u00f3n de lecturas p\u00fablicas de las obras en lugares y medios de car\u00e1cter educativo o cultural, as\u00ed como la distribuci\u00f3n y difusi\u00f3n de la producci\u00f3n radiof\u00f3nica.<\/p>\n<p>2. Asumir los costos de transporte para asistir a la Residencia Art\u00edstica que se llevar\u00e1 a cabo en la ciudad de Manizales en el mes de octubre.<\/p>\n<p>3. Apoyar a la Universidad de Caldas en el desarrollo de la producci\u00f3n radiof\u00f3nica aportando las aclaraciones o correcciones necesarias de las obras.<\/p>\n<p>&nbsp;<\/p>\n<p><b>Mayores informes <\/b>escribiendo al correo <a href=\"http:\/\/es.mc263.mail.yahoo.com\/mc\/compose?to=concursoredramaturgia@gmail.com\" target=\"_blank\">concursoredramaturgia@gmail.com<\/a><\/p>\n<p>&nbsp;<\/p>\n<p><b>Publicado Julio 30 de 2009<\/b><\/p>\n<p>&nbsp;<\/p>\n","protected":false},"excerpt":{"rendered":"<p>Inscripciones hasta el 24 de Agosto &nbsp; La Red Nacional de Dramaturgia Colombiana, invita a la comunidad universitaria y al p\u00fablico en general para que se inscriban en el Concurso nacional de dramaturgia contempor\u00e1nea, hasta el 24 de agosto. Este concurso lo apoyan la Direcci\u00f3n de Artes del Ministerio de Cultura y la Universidad de [&hellip;]<\/p>\n","protected":false},"author":2,"featured_media":0,"comment_status":"closed","ping_status":"closed","sticky":false,"template":"","format":"standard","meta":{"footnotes":""},"categories":[48,53],"tags":[],"class_list":["post-3299","post","type-post","status-publish","format-standard","hentry","category-actualidad","category-universidad-al-dia"],"yoast_head":"<!-- This site is optimized with the Yoast SEO plugin v27.5 - https:\/\/yoast.com\/product\/yoast-seo-wordpress\/ -->\n<title>U. de Caldas apoya el Concurso nacional de dramaturgia contempor\u00e1nea .<\/title>\n<meta name=\"robots\" content=\"index, follow, max-snippet:-1, max-image-preview:large, max-video-preview:-1\" \/>\n<link rel=\"canonical\" href=\"https:\/\/www.ucaldas.edu.co\/portal\/u-de-caldas-apoya-el-concurso-nacional-de-dramaturgia-contemporanea\/\" \/>\n<script type=\"application\/ld+json\" class=\"yoast-schema-graph\">{\"@context\":\"https:\\\/\\\/schema.org\",\"@graph\":[{\"@type\":\"Article\",\"@id\":\"https:\\\/\\\/www.ucaldas.edu.co\\\/portal\\\/u-de-caldas-apoya-el-concurso-nacional-de-dramaturgia-contemporanea\\\/#article\",\"isPartOf\":{\"@id\":\"https:\\\/\\\/www.ucaldas.edu.co\\\/portal\\\/u-de-caldas-apoya-el-concurso-nacional-de-dramaturgia-contemporanea\\\/\"},\"author\":{\"name\":\"ofiprensa\",\"@id\":\"https:\\\/\\\/www.ucaldas.edu.co\\\/portal\\\/#\\\/schema\\\/person\\\/a1b482e23449158b4bc319926c074fdf\"},\"headline\":\"U. de Caldas apoya el Concurso nacional de dramaturgia contempor\u00e1nea\",\"datePublished\":\"2009-07-30T20:53:16+00:00\",\"mainEntityOfPage\":{\"@id\":\"https:\\\/\\\/www.ucaldas.edu.co\\\/portal\\\/u-de-caldas-apoya-el-concurso-nacional-de-dramaturgia-contemporanea\\\/\"},\"wordCount\":782,\"publisher\":{\"@id\":\"https:\\\/\\\/www.ucaldas.edu.co\\\/portal\\\/#organization\"},\"articleSection\":[\"Actualidad\",\"Universidad al D\u00eda\"],\"inLanguage\":\"es\"},{\"@type\":\"WebPage\",\"@id\":\"https:\\\/\\\/www.ucaldas.edu.co\\\/portal\\\/u-de-caldas-apoya-el-concurso-nacional-de-dramaturgia-contemporanea\\\/\",\"url\":\"https:\\\/\\\/www.ucaldas.edu.co\\\/portal\\\/u-de-caldas-apoya-el-concurso-nacional-de-dramaturgia-contemporanea\\\/\",\"name\":\"U. de Caldas apoya el Concurso nacional de dramaturgia contempor\u00e1nea .\",\"isPartOf\":{\"@id\":\"https:\\\/\\\/www.ucaldas.edu.co\\\/portal\\\/#website\"},\"datePublished\":\"2009-07-30T20:53:16+00:00\",\"breadcrumb\":{\"@id\":\"https:\\\/\\\/www.ucaldas.edu.co\\\/portal\\\/u-de-caldas-apoya-el-concurso-nacional-de-dramaturgia-contemporanea\\\/#breadcrumb\"},\"inLanguage\":\"es\",\"potentialAction\":[{\"@type\":\"ReadAction\",\"target\":[\"https:\\\/\\\/www.ucaldas.edu.co\\\/portal\\\/u-de-caldas-apoya-el-concurso-nacional-de-dramaturgia-contemporanea\\\/\"]}]},{\"@type\":\"BreadcrumbList\",\"@id\":\"https:\\\/\\\/www.ucaldas.edu.co\\\/portal\\\/u-de-caldas-apoya-el-concurso-nacional-de-dramaturgia-contemporanea\\\/#breadcrumb\",\"itemListElement\":[{\"@type\":\"ListItem\",\"position\":1,\"name\":\"Portada\",\"item\":\"https:\\\/\\\/www.ucaldas.edu.co\\\/portal\\\/\"},{\"@type\":\"ListItem\",\"position\":2,\"name\":\"U. de Caldas apoya el Concurso nacional de dramaturgia contempor\u00e1nea\"}]},{\"@type\":\"WebSite\",\"@id\":\"https:\\\/\\\/www.ucaldas.edu.co\\\/portal\\\/#website\",\"url\":\"https:\\\/\\\/www.ucaldas.edu.co\\\/portal\\\/\",\"name\":\"Universidad de Caldas\",\"description\":\"\",\"publisher\":{\"@id\":\"https:\\\/\\\/www.ucaldas.edu.co\\\/portal\\\/#organization\"},\"alternateName\":\"U. de Caldas\",\"potentialAction\":[{\"@type\":\"SearchAction\",\"target\":{\"@type\":\"EntryPoint\",\"urlTemplate\":\"https:\\\/\\\/www.ucaldas.edu.co\\\/portal\\\/?s={search_term_string}\"},\"query-input\":{\"@type\":\"PropertyValueSpecification\",\"valueRequired\":true,\"valueName\":\"search_term_string\"}}],\"inLanguage\":\"es\"},{\"@type\":\"Organization\",\"@id\":\"https:\\\/\\\/www.ucaldas.edu.co\\\/portal\\\/#organization\",\"name\":\"Universidad de Caldas\",\"alternateName\":\"U. de Caldas\",\"url\":\"https:\\\/\\\/www.ucaldas.edu.co\\\/portal\\\/\",\"logo\":{\"@type\":\"ImageObject\",\"inLanguage\":\"es\",\"@id\":\"https:\\\/\\\/www.ucaldas.edu.co\\\/portal\\\/#\\\/schema\\\/logo\\\/image\\\/\",\"url\":\"https:\\\/\\\/www.ucaldas.edu.co\\\/portal\\\/wp-content\\\/uploads\\\/2023\\\/11\\\/Logo_horizontal_oscuroU-2023.png\",\"contentUrl\":\"https:\\\/\\\/www.ucaldas.edu.co\\\/portal\\\/wp-content\\\/uploads\\\/2023\\\/11\\\/Logo_horizontal_oscuroU-2023.png\",\"width\":263,\"height\":101,\"caption\":\"Universidad de Caldas\"},\"image\":{\"@id\":\"https:\\\/\\\/www.ucaldas.edu.co\\\/portal\\\/#\\\/schema\\\/logo\\\/image\\\/\"},\"sameAs\":[\"https:\\\/\\\/www.facebook.com\\\/udecaldas\",\"https:\\\/\\\/x.com\\\/udecaldas\",\"https:\\\/\\\/www.youtube.com\\\/universidadcaldas\",\"https:\\\/\\\/www.instagram.com\\\/udecaldas\\\/\"]},{\"@type\":\"Person\",\"@id\":\"https:\\\/\\\/www.ucaldas.edu.co\\\/portal\\\/#\\\/schema\\\/person\\\/a1b482e23449158b4bc319926c074fdf\",\"name\":\"ofiprensa\",\"image\":{\"@type\":\"ImageObject\",\"inLanguage\":\"es\",\"@id\":\"https:\\\/\\\/www.ucaldas.edu.co\\\/portal\\\/wp-content\\\/litespeed\\\/avatar\\\/09ea5085e600095a7a811142c6944527.jpg?ver=1777497608\",\"url\":\"https:\\\/\\\/www.ucaldas.edu.co\\\/portal\\\/wp-content\\\/litespeed\\\/avatar\\\/09ea5085e600095a7a811142c6944527.jpg?ver=1777497608\",\"contentUrl\":\"https:\\\/\\\/www.ucaldas.edu.co\\\/portal\\\/wp-content\\\/litespeed\\\/avatar\\\/09ea5085e600095a7a811142c6944527.jpg?ver=1777497608\",\"caption\":\"ofiprensa\"},\"url\":\"https:\\\/\\\/www.ucaldas.edu.co\\\/portal\\\/author\\\/ofiprensa\\\/\"}]}<\/script>\n<!-- \/ Yoast SEO plugin. -->","yoast_head_json":{"title":"U. de Caldas apoya el Concurso nacional de dramaturgia contempor\u00e1nea .","robots":{"index":"index","follow":"follow","max-snippet":"max-snippet:-1","max-image-preview":"max-image-preview:large","max-video-preview":"max-video-preview:-1"},"canonical":"https:\/\/www.ucaldas.edu.co\/portal\/u-de-caldas-apoya-el-concurso-nacional-de-dramaturgia-contemporanea\/","schema":{"@context":"https:\/\/schema.org","@graph":[{"@type":"Article","@id":"https:\/\/www.ucaldas.edu.co\/portal\/u-de-caldas-apoya-el-concurso-nacional-de-dramaturgia-contemporanea\/#article","isPartOf":{"@id":"https:\/\/www.ucaldas.edu.co\/portal\/u-de-caldas-apoya-el-concurso-nacional-de-dramaturgia-contemporanea\/"},"author":{"name":"ofiprensa","@id":"https:\/\/www.ucaldas.edu.co\/portal\/#\/schema\/person\/a1b482e23449158b4bc319926c074fdf"},"headline":"U. de Caldas apoya el Concurso nacional de dramaturgia contempor\u00e1nea","datePublished":"2009-07-30T20:53:16+00:00","mainEntityOfPage":{"@id":"https:\/\/www.ucaldas.edu.co\/portal\/u-de-caldas-apoya-el-concurso-nacional-de-dramaturgia-contemporanea\/"},"wordCount":782,"publisher":{"@id":"https:\/\/www.ucaldas.edu.co\/portal\/#organization"},"articleSection":["Actualidad","Universidad al D\u00eda"],"inLanguage":"es"},{"@type":"WebPage","@id":"https:\/\/www.ucaldas.edu.co\/portal\/u-de-caldas-apoya-el-concurso-nacional-de-dramaturgia-contemporanea\/","url":"https:\/\/www.ucaldas.edu.co\/portal\/u-de-caldas-apoya-el-concurso-nacional-de-dramaturgia-contemporanea\/","name":"U. de Caldas apoya el Concurso nacional de dramaturgia contempor\u00e1nea .","isPartOf":{"@id":"https:\/\/www.ucaldas.edu.co\/portal\/#website"},"datePublished":"2009-07-30T20:53:16+00:00","breadcrumb":{"@id":"https:\/\/www.ucaldas.edu.co\/portal\/u-de-caldas-apoya-el-concurso-nacional-de-dramaturgia-contemporanea\/#breadcrumb"},"inLanguage":"es","potentialAction":[{"@type":"ReadAction","target":["https:\/\/www.ucaldas.edu.co\/portal\/u-de-caldas-apoya-el-concurso-nacional-de-dramaturgia-contemporanea\/"]}]},{"@type":"BreadcrumbList","@id":"https:\/\/www.ucaldas.edu.co\/portal\/u-de-caldas-apoya-el-concurso-nacional-de-dramaturgia-contemporanea\/#breadcrumb","itemListElement":[{"@type":"ListItem","position":1,"name":"Portada","item":"https:\/\/www.ucaldas.edu.co\/portal\/"},{"@type":"ListItem","position":2,"name":"U. de Caldas apoya el Concurso nacional de dramaturgia contempor\u00e1nea"}]},{"@type":"WebSite","@id":"https:\/\/www.ucaldas.edu.co\/portal\/#website","url":"https:\/\/www.ucaldas.edu.co\/portal\/","name":"Universidad de Caldas","description":"","publisher":{"@id":"https:\/\/www.ucaldas.edu.co\/portal\/#organization"},"alternateName":"U. de Caldas","potentialAction":[{"@type":"SearchAction","target":{"@type":"EntryPoint","urlTemplate":"https:\/\/www.ucaldas.edu.co\/portal\/?s={search_term_string}"},"query-input":{"@type":"PropertyValueSpecification","valueRequired":true,"valueName":"search_term_string"}}],"inLanguage":"es"},{"@type":"Organization","@id":"https:\/\/www.ucaldas.edu.co\/portal\/#organization","name":"Universidad de Caldas","alternateName":"U. de Caldas","url":"https:\/\/www.ucaldas.edu.co\/portal\/","logo":{"@type":"ImageObject","inLanguage":"es","@id":"https:\/\/www.ucaldas.edu.co\/portal\/#\/schema\/logo\/image\/","url":"https:\/\/www.ucaldas.edu.co\/portal\/wp-content\/uploads\/2023\/11\/Logo_horizontal_oscuroU-2023.png","contentUrl":"https:\/\/www.ucaldas.edu.co\/portal\/wp-content\/uploads\/2023\/11\/Logo_horizontal_oscuroU-2023.png","width":263,"height":101,"caption":"Universidad de Caldas"},"image":{"@id":"https:\/\/www.ucaldas.edu.co\/portal\/#\/schema\/logo\/image\/"},"sameAs":["https:\/\/www.facebook.com\/udecaldas","https:\/\/x.com\/udecaldas","https:\/\/www.youtube.com\/universidadcaldas","https:\/\/www.instagram.com\/udecaldas\/"]},{"@type":"Person","@id":"https:\/\/www.ucaldas.edu.co\/portal\/#\/schema\/person\/a1b482e23449158b4bc319926c074fdf","name":"ofiprensa","image":{"@type":"ImageObject","inLanguage":"es","@id":"https:\/\/www.ucaldas.edu.co\/portal\/wp-content\/litespeed\/avatar\/09ea5085e600095a7a811142c6944527.jpg?ver=1777497608","url":"https:\/\/www.ucaldas.edu.co\/portal\/wp-content\/litespeed\/avatar\/09ea5085e600095a7a811142c6944527.jpg?ver=1777497608","contentUrl":"https:\/\/www.ucaldas.edu.co\/portal\/wp-content\/litespeed\/avatar\/09ea5085e600095a7a811142c6944527.jpg?ver=1777497608","caption":"ofiprensa"},"url":"https:\/\/www.ucaldas.edu.co\/portal\/author\/ofiprensa\/"}]}},"_links":{"self":[{"href":"https:\/\/www.ucaldas.edu.co\/portal\/wp-json\/wp\/v2\/posts\/3299","targetHints":{"allow":["GET"]}}],"collection":[{"href":"https:\/\/www.ucaldas.edu.co\/portal\/wp-json\/wp\/v2\/posts"}],"about":[{"href":"https:\/\/www.ucaldas.edu.co\/portal\/wp-json\/wp\/v2\/types\/post"}],"author":[{"embeddable":true,"href":"https:\/\/www.ucaldas.edu.co\/portal\/wp-json\/wp\/v2\/users\/2"}],"replies":[{"embeddable":true,"href":"https:\/\/www.ucaldas.edu.co\/portal\/wp-json\/wp\/v2\/comments?post=3299"}],"version-history":[{"count":0,"href":"https:\/\/www.ucaldas.edu.co\/portal\/wp-json\/wp\/v2\/posts\/3299\/revisions"}],"wp:attachment":[{"href":"https:\/\/www.ucaldas.edu.co\/portal\/wp-json\/wp\/v2\/media?parent=3299"}],"wp:term":[{"taxonomy":"category","embeddable":true,"href":"https:\/\/www.ucaldas.edu.co\/portal\/wp-json\/wp\/v2\/categories?post=3299"},{"taxonomy":"post_tag","embeddable":true,"href":"https:\/\/www.ucaldas.edu.co\/portal\/wp-json\/wp\/v2\/tags?post=3299"}],"curies":[{"name":"wp","href":"https:\/\/api.w.org\/{rel}","templated":true}]}}