{"id":32984,"date":"2016-11-17T17:08:22","date_gmt":"2016-11-17T22:08:22","guid":{"rendered":"https:\/\/www.ucaldas.edu.co\/portal\/?p=32984"},"modified":"2016-11-17T17:08:22","modified_gmt":"2016-11-17T22:08:22","slug":"presentacion-actualizacion-del-indice-de-progreso-social-ips-ciudades-nov-22","status":"publish","type":"post","link":"https:\/\/www.ucaldas.edu.co\/portal\/presentacion-actualizacion-del-indice-de-progreso-social-ips-ciudades-nov-22\/","title":{"rendered":"Presentaci\u00f3n actualizaci\u00f3n del \u00cdndice de Progreso Social (IPS) Ciudades &#8211; nov 22"},"content":{"rendered":"<p><strong>Presentaci\u00f3n actualizaci\u00f3n del \u00cdndice de Progreso Social (IPS) Ciudades &#8211; nov 22<\/strong><\/p>\n<p><strong>Descripci\u00f3n:<\/strong> invitaci\u00f3n de Manizales C\u00f3mo Vamos. En el 2015 Colombia fue pionera en la medici\u00f3n del \u00cdndice de Progreso Social (IPS) para ciudades. Los resultados de ese a\u00f1o determinaron que Manizales ten\u00eda el mejor IPS entre 10 ciudades colombianas. Para este a\u00f1o, 2016, nuevamente se realiz\u00f3 el monitoreo del progreso social en 10 ciudades de Colombia, lo que permitir\u00e1 conocer si fue posible avanzar y mejorar, o si por el contrario se siguen presentando las mismas dificultades de desarrollo en las urbes colombianas.<\/p>\n<p><strong>Fecha:<\/strong> martes 22 de noviembre del 2016.<\/p>\n<p><strong>Hora:<\/strong> de 8:00 a.m. a 11:00 a.m.<\/p>\n<p><strong>Lugar:<\/strong> Auditorio Fundadores de la Universidad Aut\u00f3noma de Manizales.<\/p>\n<p><strong>Se realizar\u00e1n dos paneles tem\u00e1ticos: pol\u00edticas p\u00fablicas y responsabilidad social empresarial.<\/strong><\/p>\n<p>En el primero, pol\u00edticas p\u00fablicas para el progreso social, nos acompa\u00f1ar\u00e1n como expertos panelistas Juan Crist\u00f3bal Birbuet, Director para el IPS en Am\u00e9rica del Sur; Ricardo G\u00f3mez Giraldo, Gobernador (e) de Caldas; Jos\u00e9 Octavio Cardona Le\u00f3n, Alcalde de Manizales; y Felipe C\u00e9sar Londo\u00f1o L\u00f3pez, Rector Universidad de Caldas; bajo la moderaci\u00f3n de Nicol\u00e1s Restrepo, Director del peri\u00f3dico La Patria.<\/p>\n<p>En el segundo panel, sector privado y su compromiso con el progreso social, estar\u00e1n como invitados Luis del Carpio, Coordinador de la Red de progreso Social Per\u00fa y representante de Centrum Business School; Jhon Jairo Granada Giraldo, Gerente General Central Hidroel\u00e9ctrica de Caldas-CHEC Grupo EPM; Felipe Calder\u00f3n Uribe, Presidente Construcciones CFC&amp;A; y Dar\u00edo G\u00f3mez Jaramillo, Presidente Comit\u00e9 Intergremial de Caldas. Este panel lo moderar\u00e1 Juan Eduardo Zuluaga Perna, Director Caja de Compensaci\u00f3n Familiar de Caldas &#8211; Confa.<\/p>\n<p><strong>Informes: <\/strong>Oficina de Prensa U. de Caldas, tel\u00e9fono 878 15 00 extensi\u00f3n 12 167.<\/p>\n<p>&nbsp;<\/p>\n","protected":false},"excerpt":{"rendered":"<p>Presentaci\u00f3n actualizaci\u00f3n del \u00cdndice de Progreso Social (IPS) Ciudades &#8211; nov 22 Descripci\u00f3n: invitaci\u00f3n de Manizales C\u00f3mo Vamos. En el 2015 Colombia fue pionera en la medici\u00f3n del \u00cdndice de Progreso Social (IPS) para ciudades. Los resultados de ese a\u00f1o determinaron que Manizales ten\u00eda el mejor IPS entre 10 ciudades colombianas. Para este a\u00f1o, 2016, [&hellip;]<\/p>\n","protected":false},"author":2,"featured_media":0,"comment_status":"closed","ping_status":"closed","sticky":false,"template":"","format":"standard","meta":{"footnotes":""},"categories":[62],"tags":[161,55,68,133,160],"class_list":["post-32984","post","type-post","status-publish","format-standard","hentry","category-eventos","tag-manizales-como-vamos","tag-academia","tag-invitado","tag-presentacion","tag-indice-de-progreso-social"],"yoast_head":"<!-- This site is optimized with the Yoast SEO plugin v27.5 - https:\/\/yoast.com\/product\/yoast-seo-wordpress\/ -->\n<title>Presentaci\u00f3n actualizaci\u00f3n del \u00cdndice de Progreso Social (IPS) Ciudades - nov 22 .<\/title>\n<meta name=\"robots\" content=\"index, follow, max-snippet:-1, max-image-preview:large, max-video-preview:-1\" \/>\n<link rel=\"canonical\" href=\"https:\/\/www.ucaldas.edu.co\/portal\/presentacion-actualizacion-del-indice-de-progreso-social-ips-ciudades-nov-22\/\" \/>\n<script type=\"application\/ld+json\" class=\"yoast-schema-graph\">{\"@context\":\"https:\\\/\\\/schema.org\",\"@graph\":[{\"@type\":\"Article\",\"@id\":\"https:\\\/\\\/www.ucaldas.edu.co\\\/portal\\\/presentacion-actualizacion-del-indice-de-progreso-social-ips-ciudades-nov-22\\\/#article\",\"isPartOf\":{\"@id\":\"https:\\\/\\\/www.ucaldas.edu.co\\\/portal\\\/presentacion-actualizacion-del-indice-de-progreso-social-ips-ciudades-nov-22\\\/\"},\"author\":{\"name\":\"ofiprensa\",\"@id\":\"https:\\\/\\\/www.ucaldas.edu.co\\\/portal\\\/#\\\/schema\\\/person\\\/a1b482e23449158b4bc319926c074fdf\"},\"headline\":\"Presentaci\u00f3n actualizaci\u00f3n del \u00cdndice de Progreso Social (IPS) Ciudades &#8211; nov 22\",\"datePublished\":\"2016-11-17T22:08:22+00:00\",\"mainEntityOfPage\":{\"@id\":\"https:\\\/\\\/www.ucaldas.edu.co\\\/portal\\\/presentacion-actualizacion-del-indice-de-progreso-social-ips-ciudades-nov-22\\\/\"},\"wordCount\":319,\"publisher\":{\"@id\":\"https:\\\/\\\/www.ucaldas.edu.co\\\/portal\\\/#organization\"},\"keywords\":[\"Manizales C\u00f3mo Vamos\",\"academia\",\"invitado\",\"Presentaci\u00f3n\",\"\u00cdndice de Progreso Social\"],\"articleSection\":[\"Eventos\"],\"inLanguage\":\"es\"},{\"@type\":\"WebPage\",\"@id\":\"https:\\\/\\\/www.ucaldas.edu.co\\\/portal\\\/presentacion-actualizacion-del-indice-de-progreso-social-ips-ciudades-nov-22\\\/\",\"url\":\"https:\\\/\\\/www.ucaldas.edu.co\\\/portal\\\/presentacion-actualizacion-del-indice-de-progreso-social-ips-ciudades-nov-22\\\/\",\"name\":\"Presentaci\u00f3n actualizaci\u00f3n del \u00cdndice de Progreso Social (IPS) Ciudades - nov 22 .\",\"isPartOf\":{\"@id\":\"https:\\\/\\\/www.ucaldas.edu.co\\\/portal\\\/#website\"},\"datePublished\":\"2016-11-17T22:08:22+00:00\",\"breadcrumb\":{\"@id\":\"https:\\\/\\\/www.ucaldas.edu.co\\\/portal\\\/presentacion-actualizacion-del-indice-de-progreso-social-ips-ciudades-nov-22\\\/#breadcrumb\"},\"inLanguage\":\"es\",\"potentialAction\":[{\"@type\":\"ReadAction\",\"target\":[\"https:\\\/\\\/www.ucaldas.edu.co\\\/portal\\\/presentacion-actualizacion-del-indice-de-progreso-social-ips-ciudades-nov-22\\\/\"]}]},{\"@type\":\"BreadcrumbList\",\"@id\":\"https:\\\/\\\/www.ucaldas.edu.co\\\/portal\\\/presentacion-actualizacion-del-indice-de-progreso-social-ips-ciudades-nov-22\\\/#breadcrumb\",\"itemListElement\":[{\"@type\":\"ListItem\",\"position\":1,\"name\":\"Portada\",\"item\":\"https:\\\/\\\/www.ucaldas.edu.co\\\/portal\\\/\"},{\"@type\":\"ListItem\",\"position\":2,\"name\":\"Presentaci\u00f3n actualizaci\u00f3n del \u00cdndice de Progreso Social (IPS) Ciudades &#8211; nov 22\"}]},{\"@type\":\"WebSite\",\"@id\":\"https:\\\/\\\/www.ucaldas.edu.co\\\/portal\\\/#website\",\"url\":\"https:\\\/\\\/www.ucaldas.edu.co\\\/portal\\\/\",\"name\":\"Universidad de Caldas\",\"description\":\"\",\"publisher\":{\"@id\":\"https:\\\/\\\/www.ucaldas.edu.co\\\/portal\\\/#organization\"},\"alternateName\":\"U. de Caldas\",\"potentialAction\":[{\"@type\":\"SearchAction\",\"target\":{\"@type\":\"EntryPoint\",\"urlTemplate\":\"https:\\\/\\\/www.ucaldas.edu.co\\\/portal\\\/?s={search_term_string}\"},\"query-input\":{\"@type\":\"PropertyValueSpecification\",\"valueRequired\":true,\"valueName\":\"search_term_string\"}}],\"inLanguage\":\"es\"},{\"@type\":\"Organization\",\"@id\":\"https:\\\/\\\/www.ucaldas.edu.co\\\/portal\\\/#organization\",\"name\":\"Universidad de Caldas\",\"alternateName\":\"U. de Caldas\",\"url\":\"https:\\\/\\\/www.ucaldas.edu.co\\\/portal\\\/\",\"logo\":{\"@type\":\"ImageObject\",\"inLanguage\":\"es\",\"@id\":\"https:\\\/\\\/www.ucaldas.edu.co\\\/portal\\\/#\\\/schema\\\/logo\\\/image\\\/\",\"url\":\"https:\\\/\\\/www.ucaldas.edu.co\\\/portal\\\/wp-content\\\/uploads\\\/2023\\\/11\\\/Logo_horizontal_oscuroU-2023.png\",\"contentUrl\":\"https:\\\/\\\/www.ucaldas.edu.co\\\/portal\\\/wp-content\\\/uploads\\\/2023\\\/11\\\/Logo_horizontal_oscuroU-2023.png\",\"width\":263,\"height\":101,\"caption\":\"Universidad de Caldas\"},\"image\":{\"@id\":\"https:\\\/\\\/www.ucaldas.edu.co\\\/portal\\\/#\\\/schema\\\/logo\\\/image\\\/\"},\"sameAs\":[\"https:\\\/\\\/www.facebook.com\\\/udecaldas\",\"https:\\\/\\\/x.com\\\/udecaldas\",\"https:\\\/\\\/www.youtube.com\\\/universidadcaldas\",\"https:\\\/\\\/www.instagram.com\\\/udecaldas\\\/\"]},{\"@type\":\"Person\",\"@id\":\"https:\\\/\\\/www.ucaldas.edu.co\\\/portal\\\/#\\\/schema\\\/person\\\/a1b482e23449158b4bc319926c074fdf\",\"name\":\"ofiprensa\",\"image\":{\"@type\":\"ImageObject\",\"inLanguage\":\"es\",\"@id\":\"https:\\\/\\\/www.ucaldas.edu.co\\\/portal\\\/wp-content\\\/litespeed\\\/avatar\\\/09ea5085e600095a7a811142c6944527.jpg?ver=1777497608\",\"url\":\"https:\\\/\\\/www.ucaldas.edu.co\\\/portal\\\/wp-content\\\/litespeed\\\/avatar\\\/09ea5085e600095a7a811142c6944527.jpg?ver=1777497608\",\"contentUrl\":\"https:\\\/\\\/www.ucaldas.edu.co\\\/portal\\\/wp-content\\\/litespeed\\\/avatar\\\/09ea5085e600095a7a811142c6944527.jpg?ver=1777497608\",\"caption\":\"ofiprensa\"},\"url\":\"https:\\\/\\\/www.ucaldas.edu.co\\\/portal\\\/author\\\/ofiprensa\\\/\"}]}<\/script>\n<!-- \/ Yoast SEO plugin. -->","yoast_head_json":{"title":"Presentaci\u00f3n actualizaci\u00f3n del \u00cdndice de Progreso Social (IPS) Ciudades - nov 22 .","robots":{"index":"index","follow":"follow","max-snippet":"max-snippet:-1","max-image-preview":"max-image-preview:large","max-video-preview":"max-video-preview:-1"},"canonical":"https:\/\/www.ucaldas.edu.co\/portal\/presentacion-actualizacion-del-indice-de-progreso-social-ips-ciudades-nov-22\/","schema":{"@context":"https:\/\/schema.org","@graph":[{"@type":"Article","@id":"https:\/\/www.ucaldas.edu.co\/portal\/presentacion-actualizacion-del-indice-de-progreso-social-ips-ciudades-nov-22\/#article","isPartOf":{"@id":"https:\/\/www.ucaldas.edu.co\/portal\/presentacion-actualizacion-del-indice-de-progreso-social-ips-ciudades-nov-22\/"},"author":{"name":"ofiprensa","@id":"https:\/\/www.ucaldas.edu.co\/portal\/#\/schema\/person\/a1b482e23449158b4bc319926c074fdf"},"headline":"Presentaci\u00f3n actualizaci\u00f3n del \u00cdndice de Progreso Social (IPS) Ciudades &#8211; nov 22","datePublished":"2016-11-17T22:08:22+00:00","mainEntityOfPage":{"@id":"https:\/\/www.ucaldas.edu.co\/portal\/presentacion-actualizacion-del-indice-de-progreso-social-ips-ciudades-nov-22\/"},"wordCount":319,"publisher":{"@id":"https:\/\/www.ucaldas.edu.co\/portal\/#organization"},"keywords":["Manizales C\u00f3mo Vamos","academia","invitado","Presentaci\u00f3n","\u00cdndice de Progreso Social"],"articleSection":["Eventos"],"inLanguage":"es"},{"@type":"WebPage","@id":"https:\/\/www.ucaldas.edu.co\/portal\/presentacion-actualizacion-del-indice-de-progreso-social-ips-ciudades-nov-22\/","url":"https:\/\/www.ucaldas.edu.co\/portal\/presentacion-actualizacion-del-indice-de-progreso-social-ips-ciudades-nov-22\/","name":"Presentaci\u00f3n actualizaci\u00f3n del \u00cdndice de Progreso Social (IPS) Ciudades - nov 22 .","isPartOf":{"@id":"https:\/\/www.ucaldas.edu.co\/portal\/#website"},"datePublished":"2016-11-17T22:08:22+00:00","breadcrumb":{"@id":"https:\/\/www.ucaldas.edu.co\/portal\/presentacion-actualizacion-del-indice-de-progreso-social-ips-ciudades-nov-22\/#breadcrumb"},"inLanguage":"es","potentialAction":[{"@type":"ReadAction","target":["https:\/\/www.ucaldas.edu.co\/portal\/presentacion-actualizacion-del-indice-de-progreso-social-ips-ciudades-nov-22\/"]}]},{"@type":"BreadcrumbList","@id":"https:\/\/www.ucaldas.edu.co\/portal\/presentacion-actualizacion-del-indice-de-progreso-social-ips-ciudades-nov-22\/#breadcrumb","itemListElement":[{"@type":"ListItem","position":1,"name":"Portada","item":"https:\/\/www.ucaldas.edu.co\/portal\/"},{"@type":"ListItem","position":2,"name":"Presentaci\u00f3n actualizaci\u00f3n del \u00cdndice de Progreso Social (IPS) Ciudades &#8211; nov 22"}]},{"@type":"WebSite","@id":"https:\/\/www.ucaldas.edu.co\/portal\/#website","url":"https:\/\/www.ucaldas.edu.co\/portal\/","name":"Universidad de Caldas","description":"","publisher":{"@id":"https:\/\/www.ucaldas.edu.co\/portal\/#organization"},"alternateName":"U. de Caldas","potentialAction":[{"@type":"SearchAction","target":{"@type":"EntryPoint","urlTemplate":"https:\/\/www.ucaldas.edu.co\/portal\/?s={search_term_string}"},"query-input":{"@type":"PropertyValueSpecification","valueRequired":true,"valueName":"search_term_string"}}],"inLanguage":"es"},{"@type":"Organization","@id":"https:\/\/www.ucaldas.edu.co\/portal\/#organization","name":"Universidad de Caldas","alternateName":"U. de Caldas","url":"https:\/\/www.ucaldas.edu.co\/portal\/","logo":{"@type":"ImageObject","inLanguage":"es","@id":"https:\/\/www.ucaldas.edu.co\/portal\/#\/schema\/logo\/image\/","url":"https:\/\/www.ucaldas.edu.co\/portal\/wp-content\/uploads\/2023\/11\/Logo_horizontal_oscuroU-2023.png","contentUrl":"https:\/\/www.ucaldas.edu.co\/portal\/wp-content\/uploads\/2023\/11\/Logo_horizontal_oscuroU-2023.png","width":263,"height":101,"caption":"Universidad de Caldas"},"image":{"@id":"https:\/\/www.ucaldas.edu.co\/portal\/#\/schema\/logo\/image\/"},"sameAs":["https:\/\/www.facebook.com\/udecaldas","https:\/\/x.com\/udecaldas","https:\/\/www.youtube.com\/universidadcaldas","https:\/\/www.instagram.com\/udecaldas\/"]},{"@type":"Person","@id":"https:\/\/www.ucaldas.edu.co\/portal\/#\/schema\/person\/a1b482e23449158b4bc319926c074fdf","name":"ofiprensa","image":{"@type":"ImageObject","inLanguage":"es","@id":"https:\/\/www.ucaldas.edu.co\/portal\/wp-content\/litespeed\/avatar\/09ea5085e600095a7a811142c6944527.jpg?ver=1777497608","url":"https:\/\/www.ucaldas.edu.co\/portal\/wp-content\/litespeed\/avatar\/09ea5085e600095a7a811142c6944527.jpg?ver=1777497608","contentUrl":"https:\/\/www.ucaldas.edu.co\/portal\/wp-content\/litespeed\/avatar\/09ea5085e600095a7a811142c6944527.jpg?ver=1777497608","caption":"ofiprensa"},"url":"https:\/\/www.ucaldas.edu.co\/portal\/author\/ofiprensa\/"}]}},"_links":{"self":[{"href":"https:\/\/www.ucaldas.edu.co\/portal\/wp-json\/wp\/v2\/posts\/32984","targetHints":{"allow":["GET"]}}],"collection":[{"href":"https:\/\/www.ucaldas.edu.co\/portal\/wp-json\/wp\/v2\/posts"}],"about":[{"href":"https:\/\/www.ucaldas.edu.co\/portal\/wp-json\/wp\/v2\/types\/post"}],"author":[{"embeddable":true,"href":"https:\/\/www.ucaldas.edu.co\/portal\/wp-json\/wp\/v2\/users\/2"}],"replies":[{"embeddable":true,"href":"https:\/\/www.ucaldas.edu.co\/portal\/wp-json\/wp\/v2\/comments?post=32984"}],"version-history":[{"count":0,"href":"https:\/\/www.ucaldas.edu.co\/portal\/wp-json\/wp\/v2\/posts\/32984\/revisions"}],"wp:attachment":[{"href":"https:\/\/www.ucaldas.edu.co\/portal\/wp-json\/wp\/v2\/media?parent=32984"}],"wp:term":[{"taxonomy":"category","embeddable":true,"href":"https:\/\/www.ucaldas.edu.co\/portal\/wp-json\/wp\/v2\/categories?post=32984"},{"taxonomy":"post_tag","embeddable":true,"href":"https:\/\/www.ucaldas.edu.co\/portal\/wp-json\/wp\/v2\/tags?post=32984"}],"curies":[{"name":"wp","href":"https:\/\/api.w.org\/{rel}","templated":true}]}}