{"id":32859,"date":"2016-11-08T14:48:20","date_gmt":"2016-11-08T19:48:20","guid":{"rendered":"https:\/\/www.ucaldas.edu.co\/portal\/?p=32859"},"modified":"2016-11-08T14:48:20","modified_gmt":"2016-11-08T19:48:20","slug":"u-de-caldas-propicio-reflexion-en-dia-internacional-de-las-mujeres-rurales","status":"publish","type":"post","link":"https:\/\/www.ucaldas.edu.co\/portal\/u-de-caldas-propicio-reflexion-en-dia-internacional-de-las-mujeres-rurales\/","title":{"rendered":"U. de Caldas propici\u00f3 reflexi\u00f3n en D\u00eda Internacional de las Mujeres Rurales"},"content":{"rendered":"<p style=\"text-align: center;\">CONT\u00d3 CON LA PARTICIPACI\u00d3N DE MUJERES DEL CORREGIMIENTO DE SAN F\u00c9LIX (SALAMINA)<\/p>\n<p style=\"text-align: center;\"><strong style=\"line-height: 1.5;\">U. de Caldas propici\u00f3 reflexi\u00f3n en D\u00eda Internacional de las Mujeres Rurales<\/strong><\/p>\n<p style=\"text-align: right;\">8\/11\/2016<\/p>\n<p><img loading=\"lazy\" decoding=\"async\" class=\"alignnone size-full wp-image-32860 aligncenter\" src=\"https:\/\/www.ucaldas.edu.co\/portal\/wp-content\/uploads\/2016\/11\/IMG-20161028-WA0025.jpg\" alt=\"img-20161028-wa0025\" width=\"358\" height=\"283\" \/><\/p>\n<p><strong>Con ocasi\u00f3n de la Celebraci\u00f3n del D\u00eda Internacional de las Mujeres Rurales,<\/strong> el Departamento de Desarrollo Rural y Recursos Naturales, el Jard\u00edn Bot\u00e1nico y la Facultad de Ciencias Agropecuarias de la Universidad de Caldas <strong>realizaron una actividad de reflexi\u00f3n y acci\u00f3n<\/strong> el pasado 28 de octubre del 2016.<\/p>\n<p><!--more--><\/p>\n<p>Se llev\u00f3 a cabo una <strong>jornada que incluy\u00f3 taller introductorio y visitas<\/strong> a la Facultad de Ciencias Agropecuarias, Jard\u00edn Bot\u00e1nico, Unidad de Transformaci\u00f3n de Alimentos (UTA) y Laboratorio de Entomolog\u00eda de la Instituci\u00f3n. La celebraci\u00f3n cont\u00f3 con la <strong>participaci\u00f3n de mujeres del corregimiento de San F\u00e9lix (Salamina)<\/strong>, pertenecientes a la Cooperativa Coopromultiagro.<\/p>\n<p>&nbsp;<\/p>\n<p>La <strong>jornada tuvo como prop\u00f3sito que las mujeres rurales tuvieran una experiencia de reconocimiento propio y con su entorno,<\/strong> conocieran la Universidad y desarrollaran temas tan importantes como la seguridad alimentaria, el rescate de las comidas tradicionales y los procesos de control biol\u00f3gico con insectos en cultivos.<\/p>\n<p>&nbsp;<\/p>\n<p>Este es el segundo a\u00f1o que se celebra el D\u00eda de la Mujer Rural en la Facultad de Ciencias Agropecuarias y <strong>se espera que sea un evento que pueda permanecer<\/strong>, promoverse en el tiempo y que derive a futuro en iniciativas de extensi\u00f3n con mujeres rurales.<\/p>\n<p>&nbsp;<\/p>\n<p><a href=\"https:\/\/www.facebook.com\/media\/set\/?set=a.1201618103233386.1073745043.107054166023124&amp;type=1&amp;l=45661f08e3\">Conozca im\u00e1genes de la Celebraci\u00f3n del D\u00eda Internacional de las Mujeres Rurales<\/a><\/p>\n<p>&nbsp;<\/p>\n<p><strong>Informes:<\/strong> Oficina de Prensa U. de Caldas, tel\u00e9fono 878 15 00 extensi\u00f3n 12 167.<\/p>\n<p><strong>Redacci\u00f3n: <\/strong>Margarita Laverde<\/p>\n<p>&nbsp;<\/p>\n","protected":false},"excerpt":{"rendered":"<p>CONT\u00d3 CON LA PARTICIPACI\u00d3N DE MUJERES DEL CORREGIMIENTO DE SAN F\u00c9LIX (SALAMINA) U. de Caldas propici\u00f3 reflexi\u00f3n en D\u00eda Internacional de las Mujeres Rurales 8\/11\/2016 Con ocasi\u00f3n de la Celebraci\u00f3n del D\u00eda Internacional de las Mujeres Rurales, el Departamento de Desarrollo Rural y Recursos Naturales, el Jard\u00edn Bot\u00e1nico y la Facultad de Ciencias Agropecuarias de [&hellip;]<\/p>\n","protected":false},"author":2,"featured_media":0,"comment_status":"closed","ping_status":"closed","sticky":false,"template":"","format":"standard","meta":{"footnotes":""},"categories":[48,53],"tags":[55,103,104],"class_list":["post-32859","post","type-post","status-publish","format-standard","hentry","category-actualidad","category-universidad-al-dia","tag-academia","tag-celebracion","tag-dia-internacional-de-las-mujeres-rurales"],"yoast_head":"<!-- This site is optimized with the Yoast SEO plugin v27.5 - https:\/\/yoast.com\/product\/yoast-seo-wordpress\/ -->\n<title>U. de Caldas propici\u00f3 reflexi\u00f3n en D\u00eda Internacional de las Mujeres Rurales .<\/title>\n<meta name=\"robots\" content=\"index, follow, max-snippet:-1, max-image-preview:large, max-video-preview:-1\" \/>\n<link rel=\"canonical\" href=\"https:\/\/www.ucaldas.edu.co\/portal\/u-de-caldas-propicio-reflexion-en-dia-internacional-de-las-mujeres-rurales\/\" \/>\n<script type=\"application\/ld+json\" class=\"yoast-schema-graph\">{\"@context\":\"https:\\\/\\\/schema.org\",\"@graph\":[{\"@type\":\"Article\",\"@id\":\"https:\\\/\\\/www.ucaldas.edu.co\\\/portal\\\/u-de-caldas-propicio-reflexion-en-dia-internacional-de-las-mujeres-rurales\\\/#article\",\"isPartOf\":{\"@id\":\"https:\\\/\\\/www.ucaldas.edu.co\\\/portal\\\/u-de-caldas-propicio-reflexion-en-dia-internacional-de-las-mujeres-rurales\\\/\"},\"author\":{\"name\":\"ofiprensa\",\"@id\":\"https:\\\/\\\/www.ucaldas.edu.co\\\/portal\\\/#\\\/schema\\\/person\\\/a1b482e23449158b4bc319926c074fdf\"},\"headline\":\"U. de Caldas propici\u00f3 reflexi\u00f3n en D\u00eda Internacional de las Mujeres Rurales\",\"datePublished\":\"2016-11-08T19:48:20+00:00\",\"mainEntityOfPage\":{\"@id\":\"https:\\\/\\\/www.ucaldas.edu.co\\\/portal\\\/u-de-caldas-propicio-reflexion-en-dia-internacional-de-las-mujeres-rurales\\\/\"},\"wordCount\":288,\"publisher\":{\"@id\":\"https:\\\/\\\/www.ucaldas.edu.co\\\/portal\\\/#organization\"},\"image\":{\"@id\":\"https:\\\/\\\/www.ucaldas.edu.co\\\/portal\\\/u-de-caldas-propicio-reflexion-en-dia-internacional-de-las-mujeres-rurales\\\/#primaryimage\"},\"thumbnailUrl\":\"https:\\\/\\\/www.ucaldas.edu.co\\\/portal\\\/wp-content\\\/uploads\\\/2016\\\/11\\\/IMG-20161028-WA0025.jpg\",\"keywords\":[\"academia\",\"celebraci\u00f3n\",\"D\u00eda Internacional de las Mujeres Rurales\"],\"articleSection\":[\"Actualidad\",\"Universidad al D\u00eda\"],\"inLanguage\":\"es\"},{\"@type\":\"WebPage\",\"@id\":\"https:\\\/\\\/www.ucaldas.edu.co\\\/portal\\\/u-de-caldas-propicio-reflexion-en-dia-internacional-de-las-mujeres-rurales\\\/\",\"url\":\"https:\\\/\\\/www.ucaldas.edu.co\\\/portal\\\/u-de-caldas-propicio-reflexion-en-dia-internacional-de-las-mujeres-rurales\\\/\",\"name\":\"U. de Caldas propici\u00f3 reflexi\u00f3n en D\u00eda Internacional de las Mujeres Rurales .\",\"isPartOf\":{\"@id\":\"https:\\\/\\\/www.ucaldas.edu.co\\\/portal\\\/#website\"},\"primaryImageOfPage\":{\"@id\":\"https:\\\/\\\/www.ucaldas.edu.co\\\/portal\\\/u-de-caldas-propicio-reflexion-en-dia-internacional-de-las-mujeres-rurales\\\/#primaryimage\"},\"image\":{\"@id\":\"https:\\\/\\\/www.ucaldas.edu.co\\\/portal\\\/u-de-caldas-propicio-reflexion-en-dia-internacional-de-las-mujeres-rurales\\\/#primaryimage\"},\"thumbnailUrl\":\"https:\\\/\\\/www.ucaldas.edu.co\\\/portal\\\/wp-content\\\/uploads\\\/2016\\\/11\\\/IMG-20161028-WA0025.jpg\",\"datePublished\":\"2016-11-08T19:48:20+00:00\",\"breadcrumb\":{\"@id\":\"https:\\\/\\\/www.ucaldas.edu.co\\\/portal\\\/u-de-caldas-propicio-reflexion-en-dia-internacional-de-las-mujeres-rurales\\\/#breadcrumb\"},\"inLanguage\":\"es\",\"potentialAction\":[{\"@type\":\"ReadAction\",\"target\":[\"https:\\\/\\\/www.ucaldas.edu.co\\\/portal\\\/u-de-caldas-propicio-reflexion-en-dia-internacional-de-las-mujeres-rurales\\\/\"]}]},{\"@type\":\"ImageObject\",\"inLanguage\":\"es\",\"@id\":\"https:\\\/\\\/www.ucaldas.edu.co\\\/portal\\\/u-de-caldas-propicio-reflexion-en-dia-internacional-de-las-mujeres-rurales\\\/#primaryimage\",\"url\":\"https:\\\/\\\/www.ucaldas.edu.co\\\/portal\\\/wp-content\\\/uploads\\\/2016\\\/11\\\/IMG-20161028-WA0025.jpg\",\"contentUrl\":\"https:\\\/\\\/www.ucaldas.edu.co\\\/portal\\\/wp-content\\\/uploads\\\/2016\\\/11\\\/IMG-20161028-WA0025.jpg\"},{\"@type\":\"BreadcrumbList\",\"@id\":\"https:\\\/\\\/www.ucaldas.edu.co\\\/portal\\\/u-de-caldas-propicio-reflexion-en-dia-internacional-de-las-mujeres-rurales\\\/#breadcrumb\",\"itemListElement\":[{\"@type\":\"ListItem\",\"position\":1,\"name\":\"Portada\",\"item\":\"https:\\\/\\\/www.ucaldas.edu.co\\\/portal\\\/\"},{\"@type\":\"ListItem\",\"position\":2,\"name\":\"U. de Caldas propici\u00f3 reflexi\u00f3n en D\u00eda Internacional de las Mujeres Rurales\"}]},{\"@type\":\"WebSite\",\"@id\":\"https:\\\/\\\/www.ucaldas.edu.co\\\/portal\\\/#website\",\"url\":\"https:\\\/\\\/www.ucaldas.edu.co\\\/portal\\\/\",\"name\":\"Universidad de Caldas\",\"description\":\"\",\"publisher\":{\"@id\":\"https:\\\/\\\/www.ucaldas.edu.co\\\/portal\\\/#organization\"},\"alternateName\":\"U. de Caldas\",\"potentialAction\":[{\"@type\":\"SearchAction\",\"target\":{\"@type\":\"EntryPoint\",\"urlTemplate\":\"https:\\\/\\\/www.ucaldas.edu.co\\\/portal\\\/?s={search_term_string}\"},\"query-input\":{\"@type\":\"PropertyValueSpecification\",\"valueRequired\":true,\"valueName\":\"search_term_string\"}}],\"inLanguage\":\"es\"},{\"@type\":\"Organization\",\"@id\":\"https:\\\/\\\/www.ucaldas.edu.co\\\/portal\\\/#organization\",\"name\":\"Universidad de Caldas\",\"alternateName\":\"U. de Caldas\",\"url\":\"https:\\\/\\\/www.ucaldas.edu.co\\\/portal\\\/\",\"logo\":{\"@type\":\"ImageObject\",\"inLanguage\":\"es\",\"@id\":\"https:\\\/\\\/www.ucaldas.edu.co\\\/portal\\\/#\\\/schema\\\/logo\\\/image\\\/\",\"url\":\"https:\\\/\\\/www.ucaldas.edu.co\\\/portal\\\/wp-content\\\/uploads\\\/2023\\\/11\\\/Logo_horizontal_oscuroU-2023.png\",\"contentUrl\":\"https:\\\/\\\/www.ucaldas.edu.co\\\/portal\\\/wp-content\\\/uploads\\\/2023\\\/11\\\/Logo_horizontal_oscuroU-2023.png\",\"width\":263,\"height\":101,\"caption\":\"Universidad de Caldas\"},\"image\":{\"@id\":\"https:\\\/\\\/www.ucaldas.edu.co\\\/portal\\\/#\\\/schema\\\/logo\\\/image\\\/\"},\"sameAs\":[\"https:\\\/\\\/www.facebook.com\\\/udecaldas\",\"https:\\\/\\\/x.com\\\/udecaldas\",\"https:\\\/\\\/www.youtube.com\\\/universidadcaldas\",\"https:\\\/\\\/www.instagram.com\\\/udecaldas\\\/\"]},{\"@type\":\"Person\",\"@id\":\"https:\\\/\\\/www.ucaldas.edu.co\\\/portal\\\/#\\\/schema\\\/person\\\/a1b482e23449158b4bc319926c074fdf\",\"name\":\"ofiprensa\",\"image\":{\"@type\":\"ImageObject\",\"inLanguage\":\"es\",\"@id\":\"https:\\\/\\\/www.ucaldas.edu.co\\\/portal\\\/wp-content\\\/litespeed\\\/avatar\\\/09ea5085e600095a7a811142c6944527.jpg?ver=1777497608\",\"url\":\"https:\\\/\\\/www.ucaldas.edu.co\\\/portal\\\/wp-content\\\/litespeed\\\/avatar\\\/09ea5085e600095a7a811142c6944527.jpg?ver=1777497608\",\"contentUrl\":\"https:\\\/\\\/www.ucaldas.edu.co\\\/portal\\\/wp-content\\\/litespeed\\\/avatar\\\/09ea5085e600095a7a811142c6944527.jpg?ver=1777497608\",\"caption\":\"ofiprensa\"},\"url\":\"https:\\\/\\\/www.ucaldas.edu.co\\\/portal\\\/author\\\/ofiprensa\\\/\"}]}<\/script>\n<!-- \/ Yoast SEO plugin. -->","yoast_head_json":{"title":"U. de Caldas propici\u00f3 reflexi\u00f3n en D\u00eda Internacional de las Mujeres Rurales .","robots":{"index":"index","follow":"follow","max-snippet":"max-snippet:-1","max-image-preview":"max-image-preview:large","max-video-preview":"max-video-preview:-1"},"canonical":"https:\/\/www.ucaldas.edu.co\/portal\/u-de-caldas-propicio-reflexion-en-dia-internacional-de-las-mujeres-rurales\/","schema":{"@context":"https:\/\/schema.org","@graph":[{"@type":"Article","@id":"https:\/\/www.ucaldas.edu.co\/portal\/u-de-caldas-propicio-reflexion-en-dia-internacional-de-las-mujeres-rurales\/#article","isPartOf":{"@id":"https:\/\/www.ucaldas.edu.co\/portal\/u-de-caldas-propicio-reflexion-en-dia-internacional-de-las-mujeres-rurales\/"},"author":{"name":"ofiprensa","@id":"https:\/\/www.ucaldas.edu.co\/portal\/#\/schema\/person\/a1b482e23449158b4bc319926c074fdf"},"headline":"U. de Caldas propici\u00f3 reflexi\u00f3n en D\u00eda Internacional de las Mujeres Rurales","datePublished":"2016-11-08T19:48:20+00:00","mainEntityOfPage":{"@id":"https:\/\/www.ucaldas.edu.co\/portal\/u-de-caldas-propicio-reflexion-en-dia-internacional-de-las-mujeres-rurales\/"},"wordCount":288,"publisher":{"@id":"https:\/\/www.ucaldas.edu.co\/portal\/#organization"},"image":{"@id":"https:\/\/www.ucaldas.edu.co\/portal\/u-de-caldas-propicio-reflexion-en-dia-internacional-de-las-mujeres-rurales\/#primaryimage"},"thumbnailUrl":"https:\/\/www.ucaldas.edu.co\/portal\/wp-content\/uploads\/2016\/11\/IMG-20161028-WA0025.jpg","keywords":["academia","celebraci\u00f3n","D\u00eda Internacional de las Mujeres Rurales"],"articleSection":["Actualidad","Universidad al D\u00eda"],"inLanguage":"es"},{"@type":"WebPage","@id":"https:\/\/www.ucaldas.edu.co\/portal\/u-de-caldas-propicio-reflexion-en-dia-internacional-de-las-mujeres-rurales\/","url":"https:\/\/www.ucaldas.edu.co\/portal\/u-de-caldas-propicio-reflexion-en-dia-internacional-de-las-mujeres-rurales\/","name":"U. de Caldas propici\u00f3 reflexi\u00f3n en D\u00eda Internacional de las Mujeres Rurales .","isPartOf":{"@id":"https:\/\/www.ucaldas.edu.co\/portal\/#website"},"primaryImageOfPage":{"@id":"https:\/\/www.ucaldas.edu.co\/portal\/u-de-caldas-propicio-reflexion-en-dia-internacional-de-las-mujeres-rurales\/#primaryimage"},"image":{"@id":"https:\/\/www.ucaldas.edu.co\/portal\/u-de-caldas-propicio-reflexion-en-dia-internacional-de-las-mujeres-rurales\/#primaryimage"},"thumbnailUrl":"https:\/\/www.ucaldas.edu.co\/portal\/wp-content\/uploads\/2016\/11\/IMG-20161028-WA0025.jpg","datePublished":"2016-11-08T19:48:20+00:00","breadcrumb":{"@id":"https:\/\/www.ucaldas.edu.co\/portal\/u-de-caldas-propicio-reflexion-en-dia-internacional-de-las-mujeres-rurales\/#breadcrumb"},"inLanguage":"es","potentialAction":[{"@type":"ReadAction","target":["https:\/\/www.ucaldas.edu.co\/portal\/u-de-caldas-propicio-reflexion-en-dia-internacional-de-las-mujeres-rurales\/"]}]},{"@type":"ImageObject","inLanguage":"es","@id":"https:\/\/www.ucaldas.edu.co\/portal\/u-de-caldas-propicio-reflexion-en-dia-internacional-de-las-mujeres-rurales\/#primaryimage","url":"https:\/\/www.ucaldas.edu.co\/portal\/wp-content\/uploads\/2016\/11\/IMG-20161028-WA0025.jpg","contentUrl":"https:\/\/www.ucaldas.edu.co\/portal\/wp-content\/uploads\/2016\/11\/IMG-20161028-WA0025.jpg"},{"@type":"BreadcrumbList","@id":"https:\/\/www.ucaldas.edu.co\/portal\/u-de-caldas-propicio-reflexion-en-dia-internacional-de-las-mujeres-rurales\/#breadcrumb","itemListElement":[{"@type":"ListItem","position":1,"name":"Portada","item":"https:\/\/www.ucaldas.edu.co\/portal\/"},{"@type":"ListItem","position":2,"name":"U. de Caldas propici\u00f3 reflexi\u00f3n en D\u00eda Internacional de las Mujeres Rurales"}]},{"@type":"WebSite","@id":"https:\/\/www.ucaldas.edu.co\/portal\/#website","url":"https:\/\/www.ucaldas.edu.co\/portal\/","name":"Universidad de Caldas","description":"","publisher":{"@id":"https:\/\/www.ucaldas.edu.co\/portal\/#organization"},"alternateName":"U. de Caldas","potentialAction":[{"@type":"SearchAction","target":{"@type":"EntryPoint","urlTemplate":"https:\/\/www.ucaldas.edu.co\/portal\/?s={search_term_string}"},"query-input":{"@type":"PropertyValueSpecification","valueRequired":true,"valueName":"search_term_string"}}],"inLanguage":"es"},{"@type":"Organization","@id":"https:\/\/www.ucaldas.edu.co\/portal\/#organization","name":"Universidad de Caldas","alternateName":"U. de Caldas","url":"https:\/\/www.ucaldas.edu.co\/portal\/","logo":{"@type":"ImageObject","inLanguage":"es","@id":"https:\/\/www.ucaldas.edu.co\/portal\/#\/schema\/logo\/image\/","url":"https:\/\/www.ucaldas.edu.co\/portal\/wp-content\/uploads\/2023\/11\/Logo_horizontal_oscuroU-2023.png","contentUrl":"https:\/\/www.ucaldas.edu.co\/portal\/wp-content\/uploads\/2023\/11\/Logo_horizontal_oscuroU-2023.png","width":263,"height":101,"caption":"Universidad de Caldas"},"image":{"@id":"https:\/\/www.ucaldas.edu.co\/portal\/#\/schema\/logo\/image\/"},"sameAs":["https:\/\/www.facebook.com\/udecaldas","https:\/\/x.com\/udecaldas","https:\/\/www.youtube.com\/universidadcaldas","https:\/\/www.instagram.com\/udecaldas\/"]},{"@type":"Person","@id":"https:\/\/www.ucaldas.edu.co\/portal\/#\/schema\/person\/a1b482e23449158b4bc319926c074fdf","name":"ofiprensa","image":{"@type":"ImageObject","inLanguage":"es","@id":"https:\/\/www.ucaldas.edu.co\/portal\/wp-content\/litespeed\/avatar\/09ea5085e600095a7a811142c6944527.jpg?ver=1777497608","url":"https:\/\/www.ucaldas.edu.co\/portal\/wp-content\/litespeed\/avatar\/09ea5085e600095a7a811142c6944527.jpg?ver=1777497608","contentUrl":"https:\/\/www.ucaldas.edu.co\/portal\/wp-content\/litespeed\/avatar\/09ea5085e600095a7a811142c6944527.jpg?ver=1777497608","caption":"ofiprensa"},"url":"https:\/\/www.ucaldas.edu.co\/portal\/author\/ofiprensa\/"}]}},"_links":{"self":[{"href":"https:\/\/www.ucaldas.edu.co\/portal\/wp-json\/wp\/v2\/posts\/32859","targetHints":{"allow":["GET"]}}],"collection":[{"href":"https:\/\/www.ucaldas.edu.co\/portal\/wp-json\/wp\/v2\/posts"}],"about":[{"href":"https:\/\/www.ucaldas.edu.co\/portal\/wp-json\/wp\/v2\/types\/post"}],"author":[{"embeddable":true,"href":"https:\/\/www.ucaldas.edu.co\/portal\/wp-json\/wp\/v2\/users\/2"}],"replies":[{"embeddable":true,"href":"https:\/\/www.ucaldas.edu.co\/portal\/wp-json\/wp\/v2\/comments?post=32859"}],"version-history":[{"count":0,"href":"https:\/\/www.ucaldas.edu.co\/portal\/wp-json\/wp\/v2\/posts\/32859\/revisions"}],"wp:attachment":[{"href":"https:\/\/www.ucaldas.edu.co\/portal\/wp-json\/wp\/v2\/media?parent=32859"}],"wp:term":[{"taxonomy":"category","embeddable":true,"href":"https:\/\/www.ucaldas.edu.co\/portal\/wp-json\/wp\/v2\/categories?post=32859"},{"taxonomy":"post_tag","embeddable":true,"href":"https:\/\/www.ucaldas.edu.co\/portal\/wp-json\/wp\/v2\/tags?post=32859"}],"curies":[{"name":"wp","href":"https:\/\/api.w.org\/{rel}","templated":true}]}}