{"id":32815,"date":"2016-11-03T16:06:34","date_gmt":"2016-11-03T21:06:34","guid":{"rendered":"https:\/\/www.ucaldas.edu.co\/portal\/?p=32815"},"modified":"2016-11-03T16:06:34","modified_gmt":"2016-11-03T21:06:34","slug":"estudiante-u-de-caldas-obtuvo-tercer-puesto-en-congreso-latinoamericano-de-estudiantes-de-medicina-en-bolivia","status":"publish","type":"post","link":"https:\/\/www.ucaldas.edu.co\/portal\/estudiante-u-de-caldas-obtuvo-tercer-puesto-en-congreso-latinoamericano-de-estudiantes-de-medicina-en-bolivia\/","title":{"rendered":"Estudiante U. de Caldas obtuvo tercer puesto en Congreso Latinoamericano de Estudiantes de Medicina, en Bolivia"},"content":{"rendered":"<p style=\"text-align: center;\">DEL SEMILLERO DEL GRUPO DE BIOIMPEDANCIA EL\u00c9CTRICA<\/p>\n<p style=\"text-align: center;\"><strong>Estudiante U. de Caldas obtuvo tercer puesto en Congreso Latinoamericano de Estudiantes de Medicina, en Bolivia<\/strong><\/p>\n<p style=\"text-align: right;\">3\/11\/2016<\/p>\n<p><img loading=\"lazy\" decoding=\"async\" class=\"alignnone size-full wp-image-32816 aligncenter\" src=\"https:\/\/www.ucaldas.edu.co\/portal\/wp-content\/uploads\/2016\/11\/estudianteu.jpg\" alt=\"estudianteu\" width=\"358\" height=\"282\" \/><\/p>\n<p>Jos\u00e9 Jorge Lozano Vega, <strong>estudiante de d\u00e9cimo semestre del Programa de Medicina<\/strong> de la Universidad de Caldas, <strong>obtuvo el tercer puesto en el Congreso Latinoamericano de Estudiantes de Medicina<\/strong>, que se realiz\u00f3 en Bolivia en septiembre del 2016.<\/p>\n<p><!--more--><\/p>\n<p>\u201cDesde hace algunos semestres tuve el inter\u00e9s de iniciarme en el campo de la investigaci\u00f3n y sobre todo en un campo que siempre me han parecido muy importante y que ha captado mi atenci\u00f3n, es el caso de la nutrici\u00f3n. <strong>Fue as\u00ed como tuve la oportunidad de ingresar hace un par de a\u00f1os, al Semillero de Investigaci\u00f3n en Bioimpedancia El\u00e9ctrica<\/strong> donde bajo la direcci\u00f3n de Clara Gonz\u00e1lez\u201d, dijo el estudiante.<\/p>\n<p>&nbsp;<\/p>\n<p>Lozano Vega present\u00f3 el estudio <em>\u00c1ngulo de fase y correlaci\u00f3n con Indicadores antropom\u00e9tricos, nutricionales y de la condici\u00f3n f\u00edsica en universitario de Manizales, Colombia<\/em>, que pretende determinar si existe relaci\u00f3n entre estas pruebas o m\u00e9todos con el objetivo de ofrecerlos de manera complementaria para realizar una adecuada caracterizaci\u00f3n nutricional.<\/p>\n<p>&nbsp;<\/p>\n<p>\u201cAl terminar el congreso <strong>tuve la grata y satisfactoria sorpresa de que la propuesta que llev\u00e9 fue escogida como la tercera mejor, entre m\u00e1s de 200 trabajos presentados en la modalidad de protocolo de investigaci\u00f3n <\/strong>por estudiantes de medicina de toda Latinoam\u00e9rica. Sin duda alguna es algo que me llena de mucho orgullo y que debo compartir con todas las personas que me apoyaron en este fruct\u00edfero proceso\u201d, agreg\u00f3.<\/p>\n<p>&nbsp;<\/p>\n<p><strong>Recientemente con motivo de la celebraci\u00f3n de los 20 a\u00f1os de la Facultad de Ciencias para la Salud de la Universidad el consejo de Facultad le hizo un reconocimiento p\u00fablico<\/strong> por el logro obtenido en el concurso en Bolivia.<\/p>\n<p>&nbsp;<\/p>\n<p>\u201c<strong>Todo esto resulta muy motivador e implica tener muchos deseos de seguir haciendo las cosas bien y mejorarse cada d\u00eda<\/strong>, creo que ese es el reto m\u00e1s grande. Por ahora lo m\u00e1s importante es darle continuidad a este trabajo, llevar acabo el estudio y finalmente realizar una publicaci\u00f3n cient\u00edfica con los resultados encontrados\u201d, dijo.<\/p>\n<p>&nbsp;<\/p>\n<p><strong>Informes:<\/strong> Oficina de Prensa U. de Caldas, tel\u00e9fono 878 15 00 extensi\u00f3n 12 167.<\/p>\n<p><strong>Redacci\u00f3n: <\/strong>Margarita Laverde<\/p>\n<p>&nbsp;<\/p>\n","protected":false},"excerpt":{"rendered":"<p>DEL SEMILLERO DEL GRUPO DE BIOIMPEDANCIA EL\u00c9CTRICA Estudiante U. de Caldas obtuvo tercer puesto en Congreso Latinoamericano de Estudiantes de Medicina, en Bolivia 3\/11\/2016 Jos\u00e9 Jorge Lozano Vega, estudiante de d\u00e9cimo semestre del Programa de Medicina de la Universidad de Caldas, obtuvo el tercer puesto en el Congreso Latinoamericano de Estudiantes de Medicina, que se [&hellip;]<\/p>\n","protected":false},"author":2,"featured_media":0,"comment_status":"closed","ping_status":"closed","sticky":false,"template":"","format":"standard","meta":{"footnotes":""},"categories":[48,53],"tags":[73,81,87,88],"class_list":["post-32815","post","type-post","status-publish","format-standard","hentry","category-actualidad","category-universidad-al-dia","tag-proyeccion","tag-premio","tag-estudiante","tag-medicina"],"yoast_head":"<!-- This site is optimized with the Yoast SEO plugin v27.5 - https:\/\/yoast.com\/product\/yoast-seo-wordpress\/ -->\n<title>Estudiante U. de Caldas obtuvo tercer puesto en Congreso Latinoamericano de Estudiantes de Medicina, en Bolivia .<\/title>\n<meta name=\"robots\" content=\"index, follow, max-snippet:-1, max-image-preview:large, max-video-preview:-1\" \/>\n<link rel=\"canonical\" href=\"https:\/\/www.ucaldas.edu.co\/portal\/estudiante-u-de-caldas-obtuvo-tercer-puesto-en-congreso-latinoamericano-de-estudiantes-de-medicina-en-bolivia\/\" \/>\n<script type=\"application\/ld+json\" class=\"yoast-schema-graph\">{\"@context\":\"https:\\\/\\\/schema.org\",\"@graph\":[{\"@type\":\"Article\",\"@id\":\"https:\\\/\\\/www.ucaldas.edu.co\\\/portal\\\/estudiante-u-de-caldas-obtuvo-tercer-puesto-en-congreso-latinoamericano-de-estudiantes-de-medicina-en-bolivia\\\/#article\",\"isPartOf\":{\"@id\":\"https:\\\/\\\/www.ucaldas.edu.co\\\/portal\\\/estudiante-u-de-caldas-obtuvo-tercer-puesto-en-congreso-latinoamericano-de-estudiantes-de-medicina-en-bolivia\\\/\"},\"author\":{\"name\":\"ofiprensa\",\"@id\":\"https:\\\/\\\/www.ucaldas.edu.co\\\/portal\\\/#\\\/schema\\\/person\\\/a1b482e23449158b4bc319926c074fdf\"},\"headline\":\"Estudiante U. de Caldas obtuvo tercer puesto en Congreso Latinoamericano de Estudiantes de Medicina, en Bolivia\",\"datePublished\":\"2016-11-03T21:06:34+00:00\",\"mainEntityOfPage\":{\"@id\":\"https:\\\/\\\/www.ucaldas.edu.co\\\/portal\\\/estudiante-u-de-caldas-obtuvo-tercer-puesto-en-congreso-latinoamericano-de-estudiantes-de-medicina-en-bolivia\\\/\"},\"wordCount\":406,\"publisher\":{\"@id\":\"https:\\\/\\\/www.ucaldas.edu.co\\\/portal\\\/#organization\"},\"image\":{\"@id\":\"https:\\\/\\\/www.ucaldas.edu.co\\\/portal\\\/estudiante-u-de-caldas-obtuvo-tercer-puesto-en-congreso-latinoamericano-de-estudiantes-de-medicina-en-bolivia\\\/#primaryimage\"},\"thumbnailUrl\":\"https:\\\/\\\/www.ucaldas.edu.co\\\/portal\\\/wp-content\\\/uploads\\\/2016\\\/11\\\/estudianteu.jpg\",\"keywords\":[\"Proyecci\u00f3n\",\"premio\",\"Estudiante\",\"medicina\"],\"articleSection\":[\"Actualidad\",\"Universidad al D\u00eda\"],\"inLanguage\":\"es\"},{\"@type\":\"WebPage\",\"@id\":\"https:\\\/\\\/www.ucaldas.edu.co\\\/portal\\\/estudiante-u-de-caldas-obtuvo-tercer-puesto-en-congreso-latinoamericano-de-estudiantes-de-medicina-en-bolivia\\\/\",\"url\":\"https:\\\/\\\/www.ucaldas.edu.co\\\/portal\\\/estudiante-u-de-caldas-obtuvo-tercer-puesto-en-congreso-latinoamericano-de-estudiantes-de-medicina-en-bolivia\\\/\",\"name\":\"Estudiante U. de Caldas obtuvo tercer puesto en Congreso Latinoamericano de Estudiantes de Medicina, en Bolivia .\",\"isPartOf\":{\"@id\":\"https:\\\/\\\/www.ucaldas.edu.co\\\/portal\\\/#website\"},\"primaryImageOfPage\":{\"@id\":\"https:\\\/\\\/www.ucaldas.edu.co\\\/portal\\\/estudiante-u-de-caldas-obtuvo-tercer-puesto-en-congreso-latinoamericano-de-estudiantes-de-medicina-en-bolivia\\\/#primaryimage\"},\"image\":{\"@id\":\"https:\\\/\\\/www.ucaldas.edu.co\\\/portal\\\/estudiante-u-de-caldas-obtuvo-tercer-puesto-en-congreso-latinoamericano-de-estudiantes-de-medicina-en-bolivia\\\/#primaryimage\"},\"thumbnailUrl\":\"https:\\\/\\\/www.ucaldas.edu.co\\\/portal\\\/wp-content\\\/uploads\\\/2016\\\/11\\\/estudianteu.jpg\",\"datePublished\":\"2016-11-03T21:06:34+00:00\",\"breadcrumb\":{\"@id\":\"https:\\\/\\\/www.ucaldas.edu.co\\\/portal\\\/estudiante-u-de-caldas-obtuvo-tercer-puesto-en-congreso-latinoamericano-de-estudiantes-de-medicina-en-bolivia\\\/#breadcrumb\"},\"inLanguage\":\"es\",\"potentialAction\":[{\"@type\":\"ReadAction\",\"target\":[\"https:\\\/\\\/www.ucaldas.edu.co\\\/portal\\\/estudiante-u-de-caldas-obtuvo-tercer-puesto-en-congreso-latinoamericano-de-estudiantes-de-medicina-en-bolivia\\\/\"]}]},{\"@type\":\"ImageObject\",\"inLanguage\":\"es\",\"@id\":\"https:\\\/\\\/www.ucaldas.edu.co\\\/portal\\\/estudiante-u-de-caldas-obtuvo-tercer-puesto-en-congreso-latinoamericano-de-estudiantes-de-medicina-en-bolivia\\\/#primaryimage\",\"url\":\"https:\\\/\\\/www.ucaldas.edu.co\\\/portal\\\/wp-content\\\/uploads\\\/2016\\\/11\\\/estudianteu.jpg\",\"contentUrl\":\"https:\\\/\\\/www.ucaldas.edu.co\\\/portal\\\/wp-content\\\/uploads\\\/2016\\\/11\\\/estudianteu.jpg\"},{\"@type\":\"BreadcrumbList\",\"@id\":\"https:\\\/\\\/www.ucaldas.edu.co\\\/portal\\\/estudiante-u-de-caldas-obtuvo-tercer-puesto-en-congreso-latinoamericano-de-estudiantes-de-medicina-en-bolivia\\\/#breadcrumb\",\"itemListElement\":[{\"@type\":\"ListItem\",\"position\":1,\"name\":\"Portada\",\"item\":\"https:\\\/\\\/www.ucaldas.edu.co\\\/portal\\\/\"},{\"@type\":\"ListItem\",\"position\":2,\"name\":\"Estudiante U. de Caldas obtuvo tercer puesto en Congreso Latinoamericano de Estudiantes de Medicina, en Bolivia\"}]},{\"@type\":\"WebSite\",\"@id\":\"https:\\\/\\\/www.ucaldas.edu.co\\\/portal\\\/#website\",\"url\":\"https:\\\/\\\/www.ucaldas.edu.co\\\/portal\\\/\",\"name\":\"Universidad de Caldas\",\"description\":\"\",\"publisher\":{\"@id\":\"https:\\\/\\\/www.ucaldas.edu.co\\\/portal\\\/#organization\"},\"alternateName\":\"U. de Caldas\",\"potentialAction\":[{\"@type\":\"SearchAction\",\"target\":{\"@type\":\"EntryPoint\",\"urlTemplate\":\"https:\\\/\\\/www.ucaldas.edu.co\\\/portal\\\/?s={search_term_string}\"},\"query-input\":{\"@type\":\"PropertyValueSpecification\",\"valueRequired\":true,\"valueName\":\"search_term_string\"}}],\"inLanguage\":\"es\"},{\"@type\":\"Organization\",\"@id\":\"https:\\\/\\\/www.ucaldas.edu.co\\\/portal\\\/#organization\",\"name\":\"Universidad de Caldas\",\"alternateName\":\"U. de Caldas\",\"url\":\"https:\\\/\\\/www.ucaldas.edu.co\\\/portal\\\/\",\"logo\":{\"@type\":\"ImageObject\",\"inLanguage\":\"es\",\"@id\":\"https:\\\/\\\/www.ucaldas.edu.co\\\/portal\\\/#\\\/schema\\\/logo\\\/image\\\/\",\"url\":\"https:\\\/\\\/www.ucaldas.edu.co\\\/portal\\\/wp-content\\\/uploads\\\/2023\\\/11\\\/Logo_horizontal_oscuroU-2023.png\",\"contentUrl\":\"https:\\\/\\\/www.ucaldas.edu.co\\\/portal\\\/wp-content\\\/uploads\\\/2023\\\/11\\\/Logo_horizontal_oscuroU-2023.png\",\"width\":263,\"height\":101,\"caption\":\"Universidad de Caldas\"},\"image\":{\"@id\":\"https:\\\/\\\/www.ucaldas.edu.co\\\/portal\\\/#\\\/schema\\\/logo\\\/image\\\/\"},\"sameAs\":[\"https:\\\/\\\/www.facebook.com\\\/udecaldas\",\"https:\\\/\\\/x.com\\\/udecaldas\",\"https:\\\/\\\/www.youtube.com\\\/universidadcaldas\",\"https:\\\/\\\/www.instagram.com\\\/udecaldas\\\/\"]},{\"@type\":\"Person\",\"@id\":\"https:\\\/\\\/www.ucaldas.edu.co\\\/portal\\\/#\\\/schema\\\/person\\\/a1b482e23449158b4bc319926c074fdf\",\"name\":\"ofiprensa\",\"image\":{\"@type\":\"ImageObject\",\"inLanguage\":\"es\",\"@id\":\"https:\\\/\\\/www.ucaldas.edu.co\\\/portal\\\/wp-content\\\/litespeed\\\/avatar\\\/09ea5085e600095a7a811142c6944527.jpg?ver=1777497608\",\"url\":\"https:\\\/\\\/www.ucaldas.edu.co\\\/portal\\\/wp-content\\\/litespeed\\\/avatar\\\/09ea5085e600095a7a811142c6944527.jpg?ver=1777497608\",\"contentUrl\":\"https:\\\/\\\/www.ucaldas.edu.co\\\/portal\\\/wp-content\\\/litespeed\\\/avatar\\\/09ea5085e600095a7a811142c6944527.jpg?ver=1777497608\",\"caption\":\"ofiprensa\"},\"url\":\"https:\\\/\\\/www.ucaldas.edu.co\\\/portal\\\/author\\\/ofiprensa\\\/\"}]}<\/script>\n<!-- \/ Yoast SEO plugin. -->","yoast_head_json":{"title":"Estudiante U. de Caldas obtuvo tercer puesto en Congreso Latinoamericano de Estudiantes de Medicina, en Bolivia .","robots":{"index":"index","follow":"follow","max-snippet":"max-snippet:-1","max-image-preview":"max-image-preview:large","max-video-preview":"max-video-preview:-1"},"canonical":"https:\/\/www.ucaldas.edu.co\/portal\/estudiante-u-de-caldas-obtuvo-tercer-puesto-en-congreso-latinoamericano-de-estudiantes-de-medicina-en-bolivia\/","schema":{"@context":"https:\/\/schema.org","@graph":[{"@type":"Article","@id":"https:\/\/www.ucaldas.edu.co\/portal\/estudiante-u-de-caldas-obtuvo-tercer-puesto-en-congreso-latinoamericano-de-estudiantes-de-medicina-en-bolivia\/#article","isPartOf":{"@id":"https:\/\/www.ucaldas.edu.co\/portal\/estudiante-u-de-caldas-obtuvo-tercer-puesto-en-congreso-latinoamericano-de-estudiantes-de-medicina-en-bolivia\/"},"author":{"name":"ofiprensa","@id":"https:\/\/www.ucaldas.edu.co\/portal\/#\/schema\/person\/a1b482e23449158b4bc319926c074fdf"},"headline":"Estudiante U. de Caldas obtuvo tercer puesto en Congreso Latinoamericano de Estudiantes de Medicina, en Bolivia","datePublished":"2016-11-03T21:06:34+00:00","mainEntityOfPage":{"@id":"https:\/\/www.ucaldas.edu.co\/portal\/estudiante-u-de-caldas-obtuvo-tercer-puesto-en-congreso-latinoamericano-de-estudiantes-de-medicina-en-bolivia\/"},"wordCount":406,"publisher":{"@id":"https:\/\/www.ucaldas.edu.co\/portal\/#organization"},"image":{"@id":"https:\/\/www.ucaldas.edu.co\/portal\/estudiante-u-de-caldas-obtuvo-tercer-puesto-en-congreso-latinoamericano-de-estudiantes-de-medicina-en-bolivia\/#primaryimage"},"thumbnailUrl":"https:\/\/www.ucaldas.edu.co\/portal\/wp-content\/uploads\/2016\/11\/estudianteu.jpg","keywords":["Proyecci\u00f3n","premio","Estudiante","medicina"],"articleSection":["Actualidad","Universidad al D\u00eda"],"inLanguage":"es"},{"@type":"WebPage","@id":"https:\/\/www.ucaldas.edu.co\/portal\/estudiante-u-de-caldas-obtuvo-tercer-puesto-en-congreso-latinoamericano-de-estudiantes-de-medicina-en-bolivia\/","url":"https:\/\/www.ucaldas.edu.co\/portal\/estudiante-u-de-caldas-obtuvo-tercer-puesto-en-congreso-latinoamericano-de-estudiantes-de-medicina-en-bolivia\/","name":"Estudiante U. de Caldas obtuvo tercer puesto en Congreso Latinoamericano de Estudiantes de Medicina, en Bolivia .","isPartOf":{"@id":"https:\/\/www.ucaldas.edu.co\/portal\/#website"},"primaryImageOfPage":{"@id":"https:\/\/www.ucaldas.edu.co\/portal\/estudiante-u-de-caldas-obtuvo-tercer-puesto-en-congreso-latinoamericano-de-estudiantes-de-medicina-en-bolivia\/#primaryimage"},"image":{"@id":"https:\/\/www.ucaldas.edu.co\/portal\/estudiante-u-de-caldas-obtuvo-tercer-puesto-en-congreso-latinoamericano-de-estudiantes-de-medicina-en-bolivia\/#primaryimage"},"thumbnailUrl":"https:\/\/www.ucaldas.edu.co\/portal\/wp-content\/uploads\/2016\/11\/estudianteu.jpg","datePublished":"2016-11-03T21:06:34+00:00","breadcrumb":{"@id":"https:\/\/www.ucaldas.edu.co\/portal\/estudiante-u-de-caldas-obtuvo-tercer-puesto-en-congreso-latinoamericano-de-estudiantes-de-medicina-en-bolivia\/#breadcrumb"},"inLanguage":"es","potentialAction":[{"@type":"ReadAction","target":["https:\/\/www.ucaldas.edu.co\/portal\/estudiante-u-de-caldas-obtuvo-tercer-puesto-en-congreso-latinoamericano-de-estudiantes-de-medicina-en-bolivia\/"]}]},{"@type":"ImageObject","inLanguage":"es","@id":"https:\/\/www.ucaldas.edu.co\/portal\/estudiante-u-de-caldas-obtuvo-tercer-puesto-en-congreso-latinoamericano-de-estudiantes-de-medicina-en-bolivia\/#primaryimage","url":"https:\/\/www.ucaldas.edu.co\/portal\/wp-content\/uploads\/2016\/11\/estudianteu.jpg","contentUrl":"https:\/\/www.ucaldas.edu.co\/portal\/wp-content\/uploads\/2016\/11\/estudianteu.jpg"},{"@type":"BreadcrumbList","@id":"https:\/\/www.ucaldas.edu.co\/portal\/estudiante-u-de-caldas-obtuvo-tercer-puesto-en-congreso-latinoamericano-de-estudiantes-de-medicina-en-bolivia\/#breadcrumb","itemListElement":[{"@type":"ListItem","position":1,"name":"Portada","item":"https:\/\/www.ucaldas.edu.co\/portal\/"},{"@type":"ListItem","position":2,"name":"Estudiante U. de Caldas obtuvo tercer puesto en Congreso Latinoamericano de Estudiantes de Medicina, en Bolivia"}]},{"@type":"WebSite","@id":"https:\/\/www.ucaldas.edu.co\/portal\/#website","url":"https:\/\/www.ucaldas.edu.co\/portal\/","name":"Universidad de Caldas","description":"","publisher":{"@id":"https:\/\/www.ucaldas.edu.co\/portal\/#organization"},"alternateName":"U. de Caldas","potentialAction":[{"@type":"SearchAction","target":{"@type":"EntryPoint","urlTemplate":"https:\/\/www.ucaldas.edu.co\/portal\/?s={search_term_string}"},"query-input":{"@type":"PropertyValueSpecification","valueRequired":true,"valueName":"search_term_string"}}],"inLanguage":"es"},{"@type":"Organization","@id":"https:\/\/www.ucaldas.edu.co\/portal\/#organization","name":"Universidad de Caldas","alternateName":"U. de Caldas","url":"https:\/\/www.ucaldas.edu.co\/portal\/","logo":{"@type":"ImageObject","inLanguage":"es","@id":"https:\/\/www.ucaldas.edu.co\/portal\/#\/schema\/logo\/image\/","url":"https:\/\/www.ucaldas.edu.co\/portal\/wp-content\/uploads\/2023\/11\/Logo_horizontal_oscuroU-2023.png","contentUrl":"https:\/\/www.ucaldas.edu.co\/portal\/wp-content\/uploads\/2023\/11\/Logo_horizontal_oscuroU-2023.png","width":263,"height":101,"caption":"Universidad de Caldas"},"image":{"@id":"https:\/\/www.ucaldas.edu.co\/portal\/#\/schema\/logo\/image\/"},"sameAs":["https:\/\/www.facebook.com\/udecaldas","https:\/\/x.com\/udecaldas","https:\/\/www.youtube.com\/universidadcaldas","https:\/\/www.instagram.com\/udecaldas\/"]},{"@type":"Person","@id":"https:\/\/www.ucaldas.edu.co\/portal\/#\/schema\/person\/a1b482e23449158b4bc319926c074fdf","name":"ofiprensa","image":{"@type":"ImageObject","inLanguage":"es","@id":"https:\/\/www.ucaldas.edu.co\/portal\/wp-content\/litespeed\/avatar\/09ea5085e600095a7a811142c6944527.jpg?ver=1777497608","url":"https:\/\/www.ucaldas.edu.co\/portal\/wp-content\/litespeed\/avatar\/09ea5085e600095a7a811142c6944527.jpg?ver=1777497608","contentUrl":"https:\/\/www.ucaldas.edu.co\/portal\/wp-content\/litespeed\/avatar\/09ea5085e600095a7a811142c6944527.jpg?ver=1777497608","caption":"ofiprensa"},"url":"https:\/\/www.ucaldas.edu.co\/portal\/author\/ofiprensa\/"}]}},"_links":{"self":[{"href":"https:\/\/www.ucaldas.edu.co\/portal\/wp-json\/wp\/v2\/posts\/32815","targetHints":{"allow":["GET"]}}],"collection":[{"href":"https:\/\/www.ucaldas.edu.co\/portal\/wp-json\/wp\/v2\/posts"}],"about":[{"href":"https:\/\/www.ucaldas.edu.co\/portal\/wp-json\/wp\/v2\/types\/post"}],"author":[{"embeddable":true,"href":"https:\/\/www.ucaldas.edu.co\/portal\/wp-json\/wp\/v2\/users\/2"}],"replies":[{"embeddable":true,"href":"https:\/\/www.ucaldas.edu.co\/portal\/wp-json\/wp\/v2\/comments?post=32815"}],"version-history":[{"count":0,"href":"https:\/\/www.ucaldas.edu.co\/portal\/wp-json\/wp\/v2\/posts\/32815\/revisions"}],"wp:attachment":[{"href":"https:\/\/www.ucaldas.edu.co\/portal\/wp-json\/wp\/v2\/media?parent=32815"}],"wp:term":[{"taxonomy":"category","embeddable":true,"href":"https:\/\/www.ucaldas.edu.co\/portal\/wp-json\/wp\/v2\/categories?post=32815"},{"taxonomy":"post_tag","embeddable":true,"href":"https:\/\/www.ucaldas.edu.co\/portal\/wp-json\/wp\/v2\/tags?post=32815"}],"curies":[{"name":"wp","href":"https:\/\/api.w.org\/{rel}","templated":true}]}}