{"id":2938,"date":"2014-04-10T15:35:17","date_gmt":"2014-04-10T20:35:17","guid":{"rendered":"https:\/\/www.ucaldas.edu.co\/portal\/?p=2938"},"modified":"2014-04-10T15:35:17","modified_gmt":"2014-04-10T20:35:17","slug":"expertos-hablan-sobre-financiacion-y-creacion-de-proyectos-culturales","status":"publish","type":"post","link":"https:\/\/www.ucaldas.edu.co\/portal\/expertos-hablan-sobre-financiacion-y-creacion-de-proyectos-culturales\/","title":{"rendered":"Expertos hablan sobre financiaci\u00f3n y creaci\u00f3n de proyectos culturales"},"content":{"rendered":"<p align=\"center\"><span style=\"text-decoration: underline;\">CENTRO CULTURAL UNIVERSITARIO ROGELIO SALMONA SER\u00c1 UN ICONO CULTURAL<\/span><\/p>\n<p align=\"center\"><b>Expertos hablan sobre financiaci\u00f3n y creaci\u00f3n de proyectos culturales<\/b><\/p>\n<p align=\"center\"><b><a href=\"https:\/\/www.ucaldas.edu.co\/portal\/wp-content\/uploads\/2014\/04\/1520737_669283819800153_1872203098681676476_n.jpg\"><img loading=\"lazy\" decoding=\"async\" class=\"aligncenter size-medium wp-image-2939\" alt=\"1520737_669283819800153_1872203098681676476_n\" src=\"https:\/\/www.ucaldas.edu.co\/portal\/wp-content\/uploads\/2014\/04\/1520737_669283819800153_1872203098681676476_n-300x236.jpg\" width=\"300\" height=\"236\" \/><\/a><\/b><\/p>\n<p align=\"center\"><b>Foto: Guillermo Sarmiento \/ Prensa U. de Caldas\u00a0 <\/b><\/p>\n<p>&nbsp;<\/p>\n<p align=\"right\">10\/4\/2014<\/p>\n<p align=\"right\">Redacci\u00f3n Luisa Giraldo<\/p>\n<p align=\"right\">Coordinadora contenidos Intranet<\/p>\n<p style=\"text-align: justify;\" align=\"right\"><span style=\"line-height: 1.5em;\">El Ministerio de Cultura y la C\u00e1mara de Comercio de Manizales\u00a0 realizaron este jueves 10 de abril del 2014 una <\/span><b style=\"line-height: 1.5em;\">rueda de prensa<\/b><span style=\"line-height: 1.5em;\"> previa al <\/span><b style=\"line-height: 1.5em;\">foro <i>S\u00ed hay plata, \u00bfpero d\u00f3nde?<\/i><\/b><span style=\"line-height: 1.5em;\"> , un espacio en el que\u00a0 se comparti\u00f3 con los <\/span><b style=\"line-height: 1.5em;\">medios de comunicaci\u00f3n<\/b><span style=\"line-height: 1.5em;\"> cu\u00e1les son las <\/span><b style=\"line-height: 1.5em;\">posibilidades que ofrece el Gobierno<\/b><b style=\"line-height: 1.5em;\">Nacional<\/b><span style=\"line-height: 1.5em;\"> para <\/span><b style=\"line-height: 1.5em;\">apalancar proyectos culturales<\/b><span style=\"line-height: 1.5em;\">.<\/span>\u00a0<!--more--><\/p>\n<p style=\"text-align: justify;\">Al\u00a0 respecto \u00c1ngel Moreno, Jefe del \u00c1rea de Emprendimiento del Ministerio de Cultura, explic\u00f3 que actualmente tanto el <b>Gobierno<\/b> como el <b>Ministerio de Cultura<\/b> han hecho un <b>gran esfuerzo<\/b> para <b>generar fuentes<\/b> de <b>financiaci\u00f3n<\/b> nuevas para los <b>empresarios de la cultura<\/b>.<\/p>\n<p style=\"text-align: justify;\">\u201cColombia es un pa\u00eds que tiene un <b>impuesto al consumo de la telefon\u00eda m\u00f3vil<\/b>\u00a0 que\u00a0 genera <b>recursos<\/b> que van a los <b>departamentos<\/b> para <b>desarrollar proyectos de patrimonio. <\/b>Hemos desarrollado <b>el programa<\/b> <b>Capital Semilla<\/b>, tenemos <b>cr\u00e9ditos blandos<\/b> para el sector de <b>peque\u00f1a empresa<\/b> a trav\u00e9s de <b>Bancolde<\/b>x y\u00a0 el <b>Fondo Nacional de Garant\u00edas<\/b> ha entregado <b>recursos a trav\u00e9s de Impulsa<\/b>\u201d explic\u00f3 Moreno.<\/p>\n<p style=\"text-align: justify;\" align=\"left\"><b>La universidad como creadora de\u00a0 cultura<br \/>\n<\/b>Oliva D\u00edaz Granados, asesora externa del Ministerio de Cultura, coment\u00f3 que <b>las universidades<\/b> <b>juegan un gran papel<\/b> en la <b>creaci\u00f3n de cultura<\/b>, pues son estas las <b>encargadas de educar<\/b> y <b>formar<\/b> a <b>los ciudadanos<\/b> para que <b>entiendan<\/b> que los <b>espacios culturales<\/b>\u00a0 son <b>proceso<\/b>s no solo de <b>creaci\u00f3n si no de transformaci\u00f3n social<\/b>.<\/p>\n<p style=\"text-align: justify;\">D\u00edaz Granados manifest\u00f3: \u201clas universidades adem\u00e1s tienen la <b>responsabilidad<\/b> de <b>formar<\/b> <b>empresarios<\/b> que <b>impacten a la regi\u00f3n<\/b> y que <b>generen procesos culturales<\/b> en sectores como el tur\u00edstico, servicios, construcci\u00f3n, entre otros\u201d.<\/p>\n<p style=\"text-align: justify;\" align=\"left\"><b>Centro Cultural Universitario Rogelio Salmona, con miras a ser un referente cultural<br \/>\n<\/b>Durante la rueda de prensa Fernando vicario, experto en cooperaci\u00f3n internacional,\u00a0 se refiri\u00f3 a la construcci\u00f3n del <b>Centro Cultural Universitario Rogelio Salmon<\/b>a en la U. de Caldas y se mostr\u00f3 satisfecho con la <b>financiaci\u00f3n que har\u00e1 el Gobierno Nacional de las etapas 2 y 3<\/b>, como vinculaci\u00f3n a la celebraci\u00f3n de los 70 a\u00f1os de la Instituci\u00f3n.<\/p>\n<p style=\"text-align: justify;\">El experto coment\u00f3 que el <b>Centro Cultural <\/b>se <b>convertir\u00e1<\/b> en un <b>icono no solo para el eje cafetero sino para toda Colombia y Am\u00e9rica Lati<\/b>na. \u201cEl Centro Cultural <b>atraer\u00e1 no<\/b> <b>solo visitantes que quieran conoce<\/b>r, <b>sino visitantes que quieran crear<\/b>. Se convertir\u00e1 entonces en un espacio de creaci\u00f3n, innovaci\u00f3n, creatividad y dise\u00f1o\u201d agreg\u00f3.<\/p>\n<p style=\"text-align: justify;\">Por \u00faltimo Fernando Vicario manifest\u00f3 que el Centro Cultural debe tener un <b>manejo arriesgado, valiente y decidido<\/b>, refiri\u00e9ndose a que <b>no debe quedarse <\/b>en <b>las acciones cl\u00e1sicas d<\/b>e <b>una biblioteca<\/b> que solo muestra libros o <b>hacer un espacio donde solo se presenten obras tradicionales<\/b>.<\/p>\n<p style=\"text-align: justify;\">Puntualiz\u00f3 que \u201choy la gente tiene una oferta cultural grande en sus casas a trav\u00e9s de la tecnolog\u00eda, por eso\u00a0 para que el espectador cultural quiera salir <b>la oferta debe ser arriesgada, novedosa y sobre todo\u00a0 propositiva<\/b>\u201d.<\/p>\n<p style=\"text-align: justify;\"><a href=\"https:\/\/www.facebook.com\/media\/set\/?set=a.669283253133543.1073742667.107054166023124&amp;type=3\">Conozca m\u00e1s im\u00e1genes de la rueda de prensa<\/a><\/p>\n<p style=\"text-align: justify;\" align=\"left\"><b>Informes:<\/b> Oficina de\u00a0 Prensa U. de Caldas, tel\u00e9fono 878 1500 extensi\u00f3n 12 167<\/p>\n","protected":false},"excerpt":{"rendered":"<p>CENTRO CULTURAL UNIVERSITARIO ROGELIO SALMONA SER\u00c1 UN ICONO CULTURAL Expertos hablan sobre financiaci\u00f3n y creaci\u00f3n de proyectos culturales Foto: Guillermo Sarmiento \/ Prensa U. de Caldas\u00a0 &nbsp; 10\/4\/2014 Redacci\u00f3n Luisa Giraldo Coordinadora contenidos Intranet El Ministerio de Cultura y la C\u00e1mara de Comercio de Manizales\u00a0 realizaron este jueves 10 de abril del 2014 una rueda [&hellip;]<\/p>\n","protected":false},"author":2,"featured_media":0,"comment_status":"closed","ping_status":"closed","sticky":false,"template":"","format":"standard","meta":{"footnotes":""},"categories":[48],"tags":[95,194,847,930,1184,1617,1704,1705],"class_list":["post-2938","post","type-post","status-publish","format-standard","hentry","category-actualidad","tag-universidad-de-caldas","tag-cultura","tag-ministerio-de-cultura","tag-turismo","tag-financiacion","tag-centro-cultural","tag-empresarios","tag-proyectos-culturales"],"yoast_head":"<!-- This site is optimized with the Yoast SEO plugin v27.4 - https:\/\/yoast.com\/product\/yoast-seo-wordpress\/ -->\n<title>Expertos hablan sobre financiaci\u00f3n y creaci\u00f3n de proyectos culturales .<\/title>\n<meta name=\"robots\" content=\"index, follow, max-snippet:-1, max-image-preview:large, max-video-preview:-1\" \/>\n<link rel=\"canonical\" href=\"https:\/\/www.ucaldas.edu.co\/portal\/expertos-hablan-sobre-financiacion-y-creacion-de-proyectos-culturales\/\" \/>\n<script type=\"application\/ld+json\" class=\"yoast-schema-graph\">{\"@context\":\"https:\\\/\\\/schema.org\",\"@graph\":[{\"@type\":\"Article\",\"@id\":\"https:\\\/\\\/www.ucaldas.edu.co\\\/portal\\\/expertos-hablan-sobre-financiacion-y-creacion-de-proyectos-culturales\\\/#article\",\"isPartOf\":{\"@id\":\"https:\\\/\\\/www.ucaldas.edu.co\\\/portal\\\/expertos-hablan-sobre-financiacion-y-creacion-de-proyectos-culturales\\\/\"},\"author\":{\"name\":\"ofiprensa\",\"@id\":\"https:\\\/\\\/www.ucaldas.edu.co\\\/portal\\\/#\\\/schema\\\/person\\\/a1b482e23449158b4bc319926c074fdf\"},\"headline\":\"Expertos hablan sobre financiaci\u00f3n y creaci\u00f3n de proyectos culturales\",\"datePublished\":\"2014-04-10T20:35:17+00:00\",\"mainEntityOfPage\":{\"@id\":\"https:\\\/\\\/www.ucaldas.edu.co\\\/portal\\\/expertos-hablan-sobre-financiacion-y-creacion-de-proyectos-culturales\\\/\"},\"wordCount\":549,\"publisher\":{\"@id\":\"https:\\\/\\\/www.ucaldas.edu.co\\\/portal\\\/#organization\"},\"image\":{\"@id\":\"https:\\\/\\\/www.ucaldas.edu.co\\\/portal\\\/expertos-hablan-sobre-financiacion-y-creacion-de-proyectos-culturales\\\/#primaryimage\"},\"thumbnailUrl\":\"https:\\\/\\\/www.ucaldas.edu.co\\\/portal\\\/wp-content\\\/uploads\\\/2014\\\/04\\\/1520737_669283819800153_1872203098681676476_n-300x236.jpg\",\"keywords\":[\"Universidad De Caldas\",\"cultura\",\"Ministerio de Cultura\",\"turismo\",\"financiaci\u00f3n\",\"centro cultural\",\"empresarios\",\"proyectos culturales\"],\"articleSection\":[\"Actualidad\"],\"inLanguage\":\"es\"},{\"@type\":\"WebPage\",\"@id\":\"https:\\\/\\\/www.ucaldas.edu.co\\\/portal\\\/expertos-hablan-sobre-financiacion-y-creacion-de-proyectos-culturales\\\/\",\"url\":\"https:\\\/\\\/www.ucaldas.edu.co\\\/portal\\\/expertos-hablan-sobre-financiacion-y-creacion-de-proyectos-culturales\\\/\",\"name\":\"Expertos hablan sobre financiaci\u00f3n y creaci\u00f3n de proyectos culturales .\",\"isPartOf\":{\"@id\":\"https:\\\/\\\/www.ucaldas.edu.co\\\/portal\\\/#website\"},\"primaryImageOfPage\":{\"@id\":\"https:\\\/\\\/www.ucaldas.edu.co\\\/portal\\\/expertos-hablan-sobre-financiacion-y-creacion-de-proyectos-culturales\\\/#primaryimage\"},\"image\":{\"@id\":\"https:\\\/\\\/www.ucaldas.edu.co\\\/portal\\\/expertos-hablan-sobre-financiacion-y-creacion-de-proyectos-culturales\\\/#primaryimage\"},\"thumbnailUrl\":\"https:\\\/\\\/www.ucaldas.edu.co\\\/portal\\\/wp-content\\\/uploads\\\/2014\\\/04\\\/1520737_669283819800153_1872203098681676476_n-300x236.jpg\",\"datePublished\":\"2014-04-10T20:35:17+00:00\",\"breadcrumb\":{\"@id\":\"https:\\\/\\\/www.ucaldas.edu.co\\\/portal\\\/expertos-hablan-sobre-financiacion-y-creacion-de-proyectos-culturales\\\/#breadcrumb\"},\"inLanguage\":\"es\",\"potentialAction\":[{\"@type\":\"ReadAction\",\"target\":[\"https:\\\/\\\/www.ucaldas.edu.co\\\/portal\\\/expertos-hablan-sobre-financiacion-y-creacion-de-proyectos-culturales\\\/\"]}]},{\"@type\":\"ImageObject\",\"inLanguage\":\"es\",\"@id\":\"https:\\\/\\\/www.ucaldas.edu.co\\\/portal\\\/expertos-hablan-sobre-financiacion-y-creacion-de-proyectos-culturales\\\/#primaryimage\",\"url\":\"https:\\\/\\\/www.ucaldas.edu.co\\\/portal\\\/wp-content\\\/uploads\\\/2014\\\/04\\\/1520737_669283819800153_1872203098681676476_n-300x236.jpg\",\"contentUrl\":\"https:\\\/\\\/www.ucaldas.edu.co\\\/portal\\\/wp-content\\\/uploads\\\/2014\\\/04\\\/1520737_669283819800153_1872203098681676476_n-300x236.jpg\"},{\"@type\":\"BreadcrumbList\",\"@id\":\"https:\\\/\\\/www.ucaldas.edu.co\\\/portal\\\/expertos-hablan-sobre-financiacion-y-creacion-de-proyectos-culturales\\\/#breadcrumb\",\"itemListElement\":[{\"@type\":\"ListItem\",\"position\":1,\"name\":\"Portada\",\"item\":\"https:\\\/\\\/www.ucaldas.edu.co\\\/portal\\\/\"},{\"@type\":\"ListItem\",\"position\":2,\"name\":\"Expertos hablan sobre financiaci\u00f3n y creaci\u00f3n de proyectos culturales\"}]},{\"@type\":\"WebSite\",\"@id\":\"https:\\\/\\\/www.ucaldas.edu.co\\\/portal\\\/#website\",\"url\":\"https:\\\/\\\/www.ucaldas.edu.co\\\/portal\\\/\",\"name\":\"Universidad de Caldas\",\"description\":\"\",\"publisher\":{\"@id\":\"https:\\\/\\\/www.ucaldas.edu.co\\\/portal\\\/#organization\"},\"alternateName\":\"U. de Caldas\",\"potentialAction\":[{\"@type\":\"SearchAction\",\"target\":{\"@type\":\"EntryPoint\",\"urlTemplate\":\"https:\\\/\\\/www.ucaldas.edu.co\\\/portal\\\/?s={search_term_string}\"},\"query-input\":{\"@type\":\"PropertyValueSpecification\",\"valueRequired\":true,\"valueName\":\"search_term_string\"}}],\"inLanguage\":\"es\"},{\"@type\":\"Organization\",\"@id\":\"https:\\\/\\\/www.ucaldas.edu.co\\\/portal\\\/#organization\",\"name\":\"Universidad de Caldas\",\"alternateName\":\"U. de Caldas\",\"url\":\"https:\\\/\\\/www.ucaldas.edu.co\\\/portal\\\/\",\"logo\":{\"@type\":\"ImageObject\",\"inLanguage\":\"es\",\"@id\":\"https:\\\/\\\/www.ucaldas.edu.co\\\/portal\\\/#\\\/schema\\\/logo\\\/image\\\/\",\"url\":\"https:\\\/\\\/www.ucaldas.edu.co\\\/portal\\\/wp-content\\\/uploads\\\/2023\\\/11\\\/Logo_horizontal_oscuroU-2023.png\",\"contentUrl\":\"https:\\\/\\\/www.ucaldas.edu.co\\\/portal\\\/wp-content\\\/uploads\\\/2023\\\/11\\\/Logo_horizontal_oscuroU-2023.png\",\"width\":263,\"height\":101,\"caption\":\"Universidad de Caldas\"},\"image\":{\"@id\":\"https:\\\/\\\/www.ucaldas.edu.co\\\/portal\\\/#\\\/schema\\\/logo\\\/image\\\/\"},\"sameAs\":[\"https:\\\/\\\/www.facebook.com\\\/udecaldas\",\"https:\\\/\\\/x.com\\\/udecaldas\",\"https:\\\/\\\/www.youtube.com\\\/universidadcaldas\",\"https:\\\/\\\/www.instagram.com\\\/udecaldas\\\/\"]},{\"@type\":\"Person\",\"@id\":\"https:\\\/\\\/www.ucaldas.edu.co\\\/portal\\\/#\\\/schema\\\/person\\\/a1b482e23449158b4bc319926c074fdf\",\"name\":\"ofiprensa\",\"image\":{\"@type\":\"ImageObject\",\"inLanguage\":\"es\",\"@id\":\"https:\\\/\\\/www.ucaldas.edu.co\\\/portal\\\/wp-content\\\/litespeed\\\/avatar\\\/09ea5085e600095a7a811142c6944527.jpg?ver=1776892805\",\"url\":\"https:\\\/\\\/www.ucaldas.edu.co\\\/portal\\\/wp-content\\\/litespeed\\\/avatar\\\/09ea5085e600095a7a811142c6944527.jpg?ver=1776892805\",\"contentUrl\":\"https:\\\/\\\/www.ucaldas.edu.co\\\/portal\\\/wp-content\\\/litespeed\\\/avatar\\\/09ea5085e600095a7a811142c6944527.jpg?ver=1776892805\",\"caption\":\"ofiprensa\"},\"url\":\"https:\\\/\\\/www.ucaldas.edu.co\\\/portal\\\/author\\\/ofiprensa\\\/\"}]}<\/script>\n<!-- \/ Yoast SEO plugin. -->","yoast_head_json":{"title":"Expertos hablan sobre financiaci\u00f3n y creaci\u00f3n de proyectos culturales .","robots":{"index":"index","follow":"follow","max-snippet":"max-snippet:-1","max-image-preview":"max-image-preview:large","max-video-preview":"max-video-preview:-1"},"canonical":"https:\/\/www.ucaldas.edu.co\/portal\/expertos-hablan-sobre-financiacion-y-creacion-de-proyectos-culturales\/","schema":{"@context":"https:\/\/schema.org","@graph":[{"@type":"Article","@id":"https:\/\/www.ucaldas.edu.co\/portal\/expertos-hablan-sobre-financiacion-y-creacion-de-proyectos-culturales\/#article","isPartOf":{"@id":"https:\/\/www.ucaldas.edu.co\/portal\/expertos-hablan-sobre-financiacion-y-creacion-de-proyectos-culturales\/"},"author":{"name":"ofiprensa","@id":"https:\/\/www.ucaldas.edu.co\/portal\/#\/schema\/person\/a1b482e23449158b4bc319926c074fdf"},"headline":"Expertos hablan sobre financiaci\u00f3n y creaci\u00f3n de proyectos culturales","datePublished":"2014-04-10T20:35:17+00:00","mainEntityOfPage":{"@id":"https:\/\/www.ucaldas.edu.co\/portal\/expertos-hablan-sobre-financiacion-y-creacion-de-proyectos-culturales\/"},"wordCount":549,"publisher":{"@id":"https:\/\/www.ucaldas.edu.co\/portal\/#organization"},"image":{"@id":"https:\/\/www.ucaldas.edu.co\/portal\/expertos-hablan-sobre-financiacion-y-creacion-de-proyectos-culturales\/#primaryimage"},"thumbnailUrl":"https:\/\/www.ucaldas.edu.co\/portal\/wp-content\/uploads\/2014\/04\/1520737_669283819800153_1872203098681676476_n-300x236.jpg","keywords":["Universidad De Caldas","cultura","Ministerio de Cultura","turismo","financiaci\u00f3n","centro cultural","empresarios","proyectos culturales"],"articleSection":["Actualidad"],"inLanguage":"es"},{"@type":"WebPage","@id":"https:\/\/www.ucaldas.edu.co\/portal\/expertos-hablan-sobre-financiacion-y-creacion-de-proyectos-culturales\/","url":"https:\/\/www.ucaldas.edu.co\/portal\/expertos-hablan-sobre-financiacion-y-creacion-de-proyectos-culturales\/","name":"Expertos hablan sobre financiaci\u00f3n y creaci\u00f3n de proyectos culturales .","isPartOf":{"@id":"https:\/\/www.ucaldas.edu.co\/portal\/#website"},"primaryImageOfPage":{"@id":"https:\/\/www.ucaldas.edu.co\/portal\/expertos-hablan-sobre-financiacion-y-creacion-de-proyectos-culturales\/#primaryimage"},"image":{"@id":"https:\/\/www.ucaldas.edu.co\/portal\/expertos-hablan-sobre-financiacion-y-creacion-de-proyectos-culturales\/#primaryimage"},"thumbnailUrl":"https:\/\/www.ucaldas.edu.co\/portal\/wp-content\/uploads\/2014\/04\/1520737_669283819800153_1872203098681676476_n-300x236.jpg","datePublished":"2014-04-10T20:35:17+00:00","breadcrumb":{"@id":"https:\/\/www.ucaldas.edu.co\/portal\/expertos-hablan-sobre-financiacion-y-creacion-de-proyectos-culturales\/#breadcrumb"},"inLanguage":"es","potentialAction":[{"@type":"ReadAction","target":["https:\/\/www.ucaldas.edu.co\/portal\/expertos-hablan-sobre-financiacion-y-creacion-de-proyectos-culturales\/"]}]},{"@type":"ImageObject","inLanguage":"es","@id":"https:\/\/www.ucaldas.edu.co\/portal\/expertos-hablan-sobre-financiacion-y-creacion-de-proyectos-culturales\/#primaryimage","url":"https:\/\/www.ucaldas.edu.co\/portal\/wp-content\/uploads\/2014\/04\/1520737_669283819800153_1872203098681676476_n-300x236.jpg","contentUrl":"https:\/\/www.ucaldas.edu.co\/portal\/wp-content\/uploads\/2014\/04\/1520737_669283819800153_1872203098681676476_n-300x236.jpg"},{"@type":"BreadcrumbList","@id":"https:\/\/www.ucaldas.edu.co\/portal\/expertos-hablan-sobre-financiacion-y-creacion-de-proyectos-culturales\/#breadcrumb","itemListElement":[{"@type":"ListItem","position":1,"name":"Portada","item":"https:\/\/www.ucaldas.edu.co\/portal\/"},{"@type":"ListItem","position":2,"name":"Expertos hablan sobre financiaci\u00f3n y creaci\u00f3n de proyectos culturales"}]},{"@type":"WebSite","@id":"https:\/\/www.ucaldas.edu.co\/portal\/#website","url":"https:\/\/www.ucaldas.edu.co\/portal\/","name":"Universidad de Caldas","description":"","publisher":{"@id":"https:\/\/www.ucaldas.edu.co\/portal\/#organization"},"alternateName":"U. de Caldas","potentialAction":[{"@type":"SearchAction","target":{"@type":"EntryPoint","urlTemplate":"https:\/\/www.ucaldas.edu.co\/portal\/?s={search_term_string}"},"query-input":{"@type":"PropertyValueSpecification","valueRequired":true,"valueName":"search_term_string"}}],"inLanguage":"es"},{"@type":"Organization","@id":"https:\/\/www.ucaldas.edu.co\/portal\/#organization","name":"Universidad de Caldas","alternateName":"U. de Caldas","url":"https:\/\/www.ucaldas.edu.co\/portal\/","logo":{"@type":"ImageObject","inLanguage":"es","@id":"https:\/\/www.ucaldas.edu.co\/portal\/#\/schema\/logo\/image\/","url":"https:\/\/www.ucaldas.edu.co\/portal\/wp-content\/uploads\/2023\/11\/Logo_horizontal_oscuroU-2023.png","contentUrl":"https:\/\/www.ucaldas.edu.co\/portal\/wp-content\/uploads\/2023\/11\/Logo_horizontal_oscuroU-2023.png","width":263,"height":101,"caption":"Universidad de Caldas"},"image":{"@id":"https:\/\/www.ucaldas.edu.co\/portal\/#\/schema\/logo\/image\/"},"sameAs":["https:\/\/www.facebook.com\/udecaldas","https:\/\/x.com\/udecaldas","https:\/\/www.youtube.com\/universidadcaldas","https:\/\/www.instagram.com\/udecaldas\/"]},{"@type":"Person","@id":"https:\/\/www.ucaldas.edu.co\/portal\/#\/schema\/person\/a1b482e23449158b4bc319926c074fdf","name":"ofiprensa","image":{"@type":"ImageObject","inLanguage":"es","@id":"https:\/\/www.ucaldas.edu.co\/portal\/wp-content\/litespeed\/avatar\/09ea5085e600095a7a811142c6944527.jpg?ver=1776892805","url":"https:\/\/www.ucaldas.edu.co\/portal\/wp-content\/litespeed\/avatar\/09ea5085e600095a7a811142c6944527.jpg?ver=1776892805","contentUrl":"https:\/\/www.ucaldas.edu.co\/portal\/wp-content\/litespeed\/avatar\/09ea5085e600095a7a811142c6944527.jpg?ver=1776892805","caption":"ofiprensa"},"url":"https:\/\/www.ucaldas.edu.co\/portal\/author\/ofiprensa\/"}]}},"_links":{"self":[{"href":"https:\/\/www.ucaldas.edu.co\/portal\/wp-json\/wp\/v2\/posts\/2938","targetHints":{"allow":["GET"]}}],"collection":[{"href":"https:\/\/www.ucaldas.edu.co\/portal\/wp-json\/wp\/v2\/posts"}],"about":[{"href":"https:\/\/www.ucaldas.edu.co\/portal\/wp-json\/wp\/v2\/types\/post"}],"author":[{"embeddable":true,"href":"https:\/\/www.ucaldas.edu.co\/portal\/wp-json\/wp\/v2\/users\/2"}],"replies":[{"embeddable":true,"href":"https:\/\/www.ucaldas.edu.co\/portal\/wp-json\/wp\/v2\/comments?post=2938"}],"version-history":[{"count":0,"href":"https:\/\/www.ucaldas.edu.co\/portal\/wp-json\/wp\/v2\/posts\/2938\/revisions"}],"wp:attachment":[{"href":"https:\/\/www.ucaldas.edu.co\/portal\/wp-json\/wp\/v2\/media?parent=2938"}],"wp:term":[{"taxonomy":"category","embeddable":true,"href":"https:\/\/www.ucaldas.edu.co\/portal\/wp-json\/wp\/v2\/categories?post=2938"},{"taxonomy":"post_tag","embeddable":true,"href":"https:\/\/www.ucaldas.edu.co\/portal\/wp-json\/wp\/v2\/tags?post=2938"}],"curies":[{"name":"wp","href":"https:\/\/api.w.org\/{rel}","templated":true}]}}