{"id":2934,"date":"2014-04-10T15:31:07","date_gmt":"2014-04-10T20:31:07","guid":{"rendered":"https:\/\/www.ucaldas.edu.co\/portal\/?p=2934"},"modified":"2014-04-10T15:31:07","modified_gmt":"2014-04-10T20:31:07","slug":"u-de-caldas-lidera-la-direccion-administrativa-de-colombia-challenge-your-knowledge","status":"publish","type":"post","link":"https:\/\/www.ucaldas.edu.co\/portal\/u-de-caldas-lidera-la-direccion-administrativa-de-colombia-challenge-your-knowledge\/","title":{"rendered":"U. de Caldas lidera la direcci\u00f3n ejecutiva de  Colombia Challenge Your Knowledge"},"content":{"rendered":"<p align=\"center\"><span style=\"text-decoration: underline;\">PAULA ANDREA HENAO RUIZ, ASESORA DE INTERNACIONALIZACI\u00d3N, ASUMI\u00d3 EL CARGO<\/span><span style=\"text-decoration: underline;\"><br \/>\n<\/span><b>U. de Caldas lidera la direcci\u00f3n ejecutiva de <i>\u00a0Colombia Challenge Your Knowledge<\/i><\/b><\/p>\n<p align=\"center\"><a href=\"https:\/\/www.ucaldas.edu.co\/portal\/wp-content\/uploads\/2014\/04\/paula-henao.jpg\"><img loading=\"lazy\" decoding=\"async\" class=\"aligncenter size-medium wp-image-2935\" alt=\"paula henao\" src=\"https:\/\/www.ucaldas.edu.co\/portal\/wp-content\/uploads\/2014\/04\/paula-henao-300x237.jpg\" width=\"300\" height=\"237\" \/><\/a><\/p>\n<p align=\"center\">Foto: Guillermo Sarmiento \/ Prensa U. de Caldas<\/p>\n<p align=\"right\">10\/4\/2014<\/p>\n<p align=\"right\">Redacci\u00f3n: Margarita Laverde<\/p>\n<p style=\"text-align: justify;\">\u00a0La <b>Red de Universidades Colombia Challenge your Knowledge<\/b> (CCYK) <b>realiz\u00f3<\/b> su <b>asamblea ordinaria<\/b> el pasado 3 de abril del 2014. All\u00ed se definieron los nuevos integrantes de los diferentes comit\u00e9s y dentro de ellos <b>se eligieron cinco personas, que conforman ahora el Comit\u00e9 Directivo<\/b>.\u00a0<!--more--><\/p>\n<p style=\"text-align: justify;\">A partir de esos cinco directores escogidos, <b>se design\u00f3 un Director Ejecutivo<\/b>\u00a0por dos a\u00f1os, quien <b>ser\u00e1<\/b> Paula Andrea Henao Ruiz, <b>Asesora de Internacionalizaci\u00f3n<\/b> de la <b>Universidad de Caldas,<\/b> quien <b>se desempe\u00f1aba como gerente (e) de la campa\u00f1a<\/b> CCYK, desde el pasado 31 de enero.<\/p>\n<p style=\"text-align: justify;\">\u201cLa <b>designaci\u00f3n se hizo a t\u00edtulo personal, aunque es la U. de Caldas la que me ha apoyado en todo el proceso<\/b>. Estamos trabajando en una reforma de estatutos para ser coherentes con los principios y objetivos que nos queremos plantear, pues evolucionamos de ser una campa\u00f1a de promoci\u00f3n a ser una red de universidades acreditadas para presentarnos en el exterior\u201d, dijo Henao Ruiz.<\/p>\n<p style=\"text-align: justify;\">La nueva Directora Ejecutiva agreg\u00f3: \u201c<b>para la U. de Caldas es un reconocimiento muy importante, porque la pone en total visibilidad de los procesos de internacionalizaci\u00f3n del<\/b> <b>pa\u00eds<\/b>. CCYK es definitivamente una de las redes m\u00e1s importantes que existen en Colombia\u201d.<\/p>\n<p style=\"text-align: justify;\"><b>Lazos con Alemania<\/b><\/p>\n<p style=\"text-align: justify;\">Sven Werkmeister, <b>Director del Servicio Alem\u00e1n de Intercambio Acad\u00e9mico (DAAD), visit\u00f3<\/b> la <b>Universidad de Caldas<\/b> el pasado mi\u00e9rcoles 9 de abril del 2014 y <b>se reuni\u00f3<\/b> con los <b>profesores<\/b> Julio C\u00e9sar Caicedo Eraso, del Departamento de Sistemas e Inform\u00e1tica y Clara Helena Gonz\u00e1lez Corres, del Departamento de Ciencias B\u00e1sicas para la Salud, en un almuerzo de trabajo.<\/p>\n<p style=\"text-align: justify;\">\u201c<b>Quisimos hacerle un reconocimiento a Werkmeister por el apoyo recibido<\/b> y ponerlo en contacto con nuestros investigadores que ya han desarrollado alg\u00fan trabajo con Alemania, pues hemos generado ideas de participaci\u00f3n con las convocatoria del DAAD\u201d, explic\u00f3 Henao Ruiz.<\/p>\n<p style=\"text-align: justify;\">Asesora de Internacionalizaci\u00f3n de la Universidad de Caldas comparti\u00f3 una buena noticia para la Instituci\u00f3n: <b>pr\u00f3ximamente se contar\u00e1 con un asistente alem\u00e1n<\/b> que ya fue aprobado por el Departamento de Lenguas Extranjeras de la Universidad.<\/p>\n<p style=\"text-align: justify;\"><b>Informes:<\/b> Oficina de Prensa U. de Caldas, tel\u00e9fono 878 15 00 extensi\u00f3n 12 167.<\/p>\n","protected":false},"excerpt":{"rendered":"<p>PAULA ANDREA HENAO RUIZ, ASESORA DE INTERNACIONALIZACI\u00d3N, ASUMI\u00d3 EL CARGO U. de Caldas lidera la direcci\u00f3n ejecutiva de \u00a0Colombia Challenge Your Knowledge Foto: Guillermo Sarmiento \/ Prensa U. de Caldas 10\/4\/2014 Redacci\u00f3n: Margarita Laverde \u00a0La Red de Universidades Colombia Challenge your Knowledge (CCYK) realiz\u00f3 su asamblea ordinaria el pasado 3 de abril del 2014. All\u00ed [&hellip;]<\/p>\n","protected":false},"author":2,"featured_media":0,"comment_status":"closed","ping_status":"closed","sticky":false,"template":"","format":"standard","meta":{"footnotes":""},"categories":[48],"tags":[95,203,288,970,1020,1698,1699,1700,1701,1702,1703],"class_list":["post-2934","post","type-post","status-publish","format-standard","hentry","category-actualidad","tag-universidad-de-caldas","tag-universidad","tag-colombia","tag-acreditacion-de-alta-calidad","tag-servicio-aleman-de-intercambio-academico","tag-ccyk","tag-colombia-challenge-your-knowledge","tag-direccion-administrativa","tag-estatuto","tag-oficina-de-internacionalizacion","tag-paula-andrea-henao-ruiz"],"yoast_head":"<!-- This site is optimized with the Yoast SEO plugin v27.5 - https:\/\/yoast.com\/product\/yoast-seo-wordpress\/ -->\n<title>U. de Caldas lidera la direcci\u00f3n ejecutiva de Colombia Challenge Your Knowledge .<\/title>\n<meta name=\"robots\" content=\"index, follow, max-snippet:-1, max-image-preview:large, max-video-preview:-1\" \/>\n<link rel=\"canonical\" href=\"https:\/\/www.ucaldas.edu.co\/portal\/u-de-caldas-lidera-la-direccion-administrativa-de-colombia-challenge-your-knowledge\/\" \/>\n<script type=\"application\/ld+json\" class=\"yoast-schema-graph\">{\"@context\":\"https:\\\/\\\/schema.org\",\"@graph\":[{\"@type\":\"Article\",\"@id\":\"https:\\\/\\\/www.ucaldas.edu.co\\\/portal\\\/u-de-caldas-lidera-la-direccion-administrativa-de-colombia-challenge-your-knowledge\\\/#article\",\"isPartOf\":{\"@id\":\"https:\\\/\\\/www.ucaldas.edu.co\\\/portal\\\/u-de-caldas-lidera-la-direccion-administrativa-de-colombia-challenge-your-knowledge\\\/\"},\"author\":{\"name\":\"ofiprensa\",\"@id\":\"https:\\\/\\\/www.ucaldas.edu.co\\\/portal\\\/#\\\/schema\\\/person\\\/a1b482e23449158b4bc319926c074fdf\"},\"headline\":\"U. de Caldas lidera la direcci\u00f3n ejecutiva de Colombia Challenge Your Knowledge\",\"datePublished\":\"2014-04-10T20:31:07+00:00\",\"mainEntityOfPage\":{\"@id\":\"https:\\\/\\\/www.ucaldas.edu.co\\\/portal\\\/u-de-caldas-lidera-la-direccion-administrativa-de-colombia-challenge-your-knowledge\\\/\"},\"wordCount\":407,\"publisher\":{\"@id\":\"https:\\\/\\\/www.ucaldas.edu.co\\\/portal\\\/#organization\"},\"image\":{\"@id\":\"https:\\\/\\\/www.ucaldas.edu.co\\\/portal\\\/u-de-caldas-lidera-la-direccion-administrativa-de-colombia-challenge-your-knowledge\\\/#primaryimage\"},\"thumbnailUrl\":\"https:\\\/\\\/www.ucaldas.edu.co\\\/portal\\\/wp-content\\\/uploads\\\/2014\\\/04\\\/paula-henao-300x237.jpg\",\"keywords\":[\"Universidad De Caldas\",\"universidad\",\"Colombia\",\"acreditaci\u00f3n de alta calidad\",\"Servicio Alem\u00e1n de Intercambio Acad\u00e9mico\",\"CCYK\",\"Colombia Challenge your Knowledge\",\"Direcci\u00f3n Administrativa\",\"estatuto\",\"Oficina de Internacionalizaci\u00f3n\",\"Paula Andrea Henao Ruiz\"],\"articleSection\":[\"Actualidad\"],\"inLanguage\":\"es\"},{\"@type\":\"WebPage\",\"@id\":\"https:\\\/\\\/www.ucaldas.edu.co\\\/portal\\\/u-de-caldas-lidera-la-direccion-administrativa-de-colombia-challenge-your-knowledge\\\/\",\"url\":\"https:\\\/\\\/www.ucaldas.edu.co\\\/portal\\\/u-de-caldas-lidera-la-direccion-administrativa-de-colombia-challenge-your-knowledge\\\/\",\"name\":\"U. de Caldas lidera la direcci\u00f3n ejecutiva de Colombia Challenge Your Knowledge .\",\"isPartOf\":{\"@id\":\"https:\\\/\\\/www.ucaldas.edu.co\\\/portal\\\/#website\"},\"primaryImageOfPage\":{\"@id\":\"https:\\\/\\\/www.ucaldas.edu.co\\\/portal\\\/u-de-caldas-lidera-la-direccion-administrativa-de-colombia-challenge-your-knowledge\\\/#primaryimage\"},\"image\":{\"@id\":\"https:\\\/\\\/www.ucaldas.edu.co\\\/portal\\\/u-de-caldas-lidera-la-direccion-administrativa-de-colombia-challenge-your-knowledge\\\/#primaryimage\"},\"thumbnailUrl\":\"https:\\\/\\\/www.ucaldas.edu.co\\\/portal\\\/wp-content\\\/uploads\\\/2014\\\/04\\\/paula-henao-300x237.jpg\",\"datePublished\":\"2014-04-10T20:31:07+00:00\",\"breadcrumb\":{\"@id\":\"https:\\\/\\\/www.ucaldas.edu.co\\\/portal\\\/u-de-caldas-lidera-la-direccion-administrativa-de-colombia-challenge-your-knowledge\\\/#breadcrumb\"},\"inLanguage\":\"es\",\"potentialAction\":[{\"@type\":\"ReadAction\",\"target\":[\"https:\\\/\\\/www.ucaldas.edu.co\\\/portal\\\/u-de-caldas-lidera-la-direccion-administrativa-de-colombia-challenge-your-knowledge\\\/\"]}]},{\"@type\":\"ImageObject\",\"inLanguage\":\"es\",\"@id\":\"https:\\\/\\\/www.ucaldas.edu.co\\\/portal\\\/u-de-caldas-lidera-la-direccion-administrativa-de-colombia-challenge-your-knowledge\\\/#primaryimage\",\"url\":\"https:\\\/\\\/www.ucaldas.edu.co\\\/portal\\\/wp-content\\\/uploads\\\/2014\\\/04\\\/paula-henao-300x237.jpg\",\"contentUrl\":\"https:\\\/\\\/www.ucaldas.edu.co\\\/portal\\\/wp-content\\\/uploads\\\/2014\\\/04\\\/paula-henao-300x237.jpg\"},{\"@type\":\"BreadcrumbList\",\"@id\":\"https:\\\/\\\/www.ucaldas.edu.co\\\/portal\\\/u-de-caldas-lidera-la-direccion-administrativa-de-colombia-challenge-your-knowledge\\\/#breadcrumb\",\"itemListElement\":[{\"@type\":\"ListItem\",\"position\":1,\"name\":\"Portada\",\"item\":\"https:\\\/\\\/www.ucaldas.edu.co\\\/portal\\\/\"},{\"@type\":\"ListItem\",\"position\":2,\"name\":\"U. de Caldas lidera la direcci\u00f3n ejecutiva de Colombia Challenge Your Knowledge\"}]},{\"@type\":\"WebSite\",\"@id\":\"https:\\\/\\\/www.ucaldas.edu.co\\\/portal\\\/#website\",\"url\":\"https:\\\/\\\/www.ucaldas.edu.co\\\/portal\\\/\",\"name\":\"Universidad de Caldas\",\"description\":\"\",\"publisher\":{\"@id\":\"https:\\\/\\\/www.ucaldas.edu.co\\\/portal\\\/#organization\"},\"alternateName\":\"U. de Caldas\",\"potentialAction\":[{\"@type\":\"SearchAction\",\"target\":{\"@type\":\"EntryPoint\",\"urlTemplate\":\"https:\\\/\\\/www.ucaldas.edu.co\\\/portal\\\/?s={search_term_string}\"},\"query-input\":{\"@type\":\"PropertyValueSpecification\",\"valueRequired\":true,\"valueName\":\"search_term_string\"}}],\"inLanguage\":\"es\"},{\"@type\":\"Organization\",\"@id\":\"https:\\\/\\\/www.ucaldas.edu.co\\\/portal\\\/#organization\",\"name\":\"Universidad de Caldas\",\"alternateName\":\"U. de Caldas\",\"url\":\"https:\\\/\\\/www.ucaldas.edu.co\\\/portal\\\/\",\"logo\":{\"@type\":\"ImageObject\",\"inLanguage\":\"es\",\"@id\":\"https:\\\/\\\/www.ucaldas.edu.co\\\/portal\\\/#\\\/schema\\\/logo\\\/image\\\/\",\"url\":\"https:\\\/\\\/www.ucaldas.edu.co\\\/portal\\\/wp-content\\\/uploads\\\/2023\\\/11\\\/Logo_horizontal_oscuroU-2023.png\",\"contentUrl\":\"https:\\\/\\\/www.ucaldas.edu.co\\\/portal\\\/wp-content\\\/uploads\\\/2023\\\/11\\\/Logo_horizontal_oscuroU-2023.png\",\"width\":263,\"height\":101,\"caption\":\"Universidad de Caldas\"},\"image\":{\"@id\":\"https:\\\/\\\/www.ucaldas.edu.co\\\/portal\\\/#\\\/schema\\\/logo\\\/image\\\/\"},\"sameAs\":[\"https:\\\/\\\/www.facebook.com\\\/udecaldas\",\"https:\\\/\\\/x.com\\\/udecaldas\",\"https:\\\/\\\/www.youtube.com\\\/universidadcaldas\",\"https:\\\/\\\/www.instagram.com\\\/udecaldas\\\/\"]},{\"@type\":\"Person\",\"@id\":\"https:\\\/\\\/www.ucaldas.edu.co\\\/portal\\\/#\\\/schema\\\/person\\\/a1b482e23449158b4bc319926c074fdf\",\"name\":\"ofiprensa\",\"image\":{\"@type\":\"ImageObject\",\"inLanguage\":\"es\",\"@id\":\"https:\\\/\\\/www.ucaldas.edu.co\\\/portal\\\/wp-content\\\/litespeed\\\/avatar\\\/09ea5085e600095a7a811142c6944527.jpg?ver=1777497608\",\"url\":\"https:\\\/\\\/www.ucaldas.edu.co\\\/portal\\\/wp-content\\\/litespeed\\\/avatar\\\/09ea5085e600095a7a811142c6944527.jpg?ver=1777497608\",\"contentUrl\":\"https:\\\/\\\/www.ucaldas.edu.co\\\/portal\\\/wp-content\\\/litespeed\\\/avatar\\\/09ea5085e600095a7a811142c6944527.jpg?ver=1777497608\",\"caption\":\"ofiprensa\"},\"url\":\"https:\\\/\\\/www.ucaldas.edu.co\\\/portal\\\/author\\\/ofiprensa\\\/\"}]}<\/script>\n<!-- \/ Yoast SEO plugin. -->","yoast_head_json":{"title":"U. de Caldas lidera la direcci\u00f3n ejecutiva de Colombia Challenge Your Knowledge .","robots":{"index":"index","follow":"follow","max-snippet":"max-snippet:-1","max-image-preview":"max-image-preview:large","max-video-preview":"max-video-preview:-1"},"canonical":"https:\/\/www.ucaldas.edu.co\/portal\/u-de-caldas-lidera-la-direccion-administrativa-de-colombia-challenge-your-knowledge\/","schema":{"@context":"https:\/\/schema.org","@graph":[{"@type":"Article","@id":"https:\/\/www.ucaldas.edu.co\/portal\/u-de-caldas-lidera-la-direccion-administrativa-de-colombia-challenge-your-knowledge\/#article","isPartOf":{"@id":"https:\/\/www.ucaldas.edu.co\/portal\/u-de-caldas-lidera-la-direccion-administrativa-de-colombia-challenge-your-knowledge\/"},"author":{"name":"ofiprensa","@id":"https:\/\/www.ucaldas.edu.co\/portal\/#\/schema\/person\/a1b482e23449158b4bc319926c074fdf"},"headline":"U. de Caldas lidera la direcci\u00f3n ejecutiva de Colombia Challenge Your Knowledge","datePublished":"2014-04-10T20:31:07+00:00","mainEntityOfPage":{"@id":"https:\/\/www.ucaldas.edu.co\/portal\/u-de-caldas-lidera-la-direccion-administrativa-de-colombia-challenge-your-knowledge\/"},"wordCount":407,"publisher":{"@id":"https:\/\/www.ucaldas.edu.co\/portal\/#organization"},"image":{"@id":"https:\/\/www.ucaldas.edu.co\/portal\/u-de-caldas-lidera-la-direccion-administrativa-de-colombia-challenge-your-knowledge\/#primaryimage"},"thumbnailUrl":"https:\/\/www.ucaldas.edu.co\/portal\/wp-content\/uploads\/2014\/04\/paula-henao-300x237.jpg","keywords":["Universidad De Caldas","universidad","Colombia","acreditaci\u00f3n de alta calidad","Servicio Alem\u00e1n de Intercambio Acad\u00e9mico","CCYK","Colombia Challenge your Knowledge","Direcci\u00f3n Administrativa","estatuto","Oficina de Internacionalizaci\u00f3n","Paula Andrea Henao Ruiz"],"articleSection":["Actualidad"],"inLanguage":"es"},{"@type":"WebPage","@id":"https:\/\/www.ucaldas.edu.co\/portal\/u-de-caldas-lidera-la-direccion-administrativa-de-colombia-challenge-your-knowledge\/","url":"https:\/\/www.ucaldas.edu.co\/portal\/u-de-caldas-lidera-la-direccion-administrativa-de-colombia-challenge-your-knowledge\/","name":"U. de Caldas lidera la direcci\u00f3n ejecutiva de Colombia Challenge Your Knowledge .","isPartOf":{"@id":"https:\/\/www.ucaldas.edu.co\/portal\/#website"},"primaryImageOfPage":{"@id":"https:\/\/www.ucaldas.edu.co\/portal\/u-de-caldas-lidera-la-direccion-administrativa-de-colombia-challenge-your-knowledge\/#primaryimage"},"image":{"@id":"https:\/\/www.ucaldas.edu.co\/portal\/u-de-caldas-lidera-la-direccion-administrativa-de-colombia-challenge-your-knowledge\/#primaryimage"},"thumbnailUrl":"https:\/\/www.ucaldas.edu.co\/portal\/wp-content\/uploads\/2014\/04\/paula-henao-300x237.jpg","datePublished":"2014-04-10T20:31:07+00:00","breadcrumb":{"@id":"https:\/\/www.ucaldas.edu.co\/portal\/u-de-caldas-lidera-la-direccion-administrativa-de-colombia-challenge-your-knowledge\/#breadcrumb"},"inLanguage":"es","potentialAction":[{"@type":"ReadAction","target":["https:\/\/www.ucaldas.edu.co\/portal\/u-de-caldas-lidera-la-direccion-administrativa-de-colombia-challenge-your-knowledge\/"]}]},{"@type":"ImageObject","inLanguage":"es","@id":"https:\/\/www.ucaldas.edu.co\/portal\/u-de-caldas-lidera-la-direccion-administrativa-de-colombia-challenge-your-knowledge\/#primaryimage","url":"https:\/\/www.ucaldas.edu.co\/portal\/wp-content\/uploads\/2014\/04\/paula-henao-300x237.jpg","contentUrl":"https:\/\/www.ucaldas.edu.co\/portal\/wp-content\/uploads\/2014\/04\/paula-henao-300x237.jpg"},{"@type":"BreadcrumbList","@id":"https:\/\/www.ucaldas.edu.co\/portal\/u-de-caldas-lidera-la-direccion-administrativa-de-colombia-challenge-your-knowledge\/#breadcrumb","itemListElement":[{"@type":"ListItem","position":1,"name":"Portada","item":"https:\/\/www.ucaldas.edu.co\/portal\/"},{"@type":"ListItem","position":2,"name":"U. de Caldas lidera la direcci\u00f3n ejecutiva de Colombia Challenge Your Knowledge"}]},{"@type":"WebSite","@id":"https:\/\/www.ucaldas.edu.co\/portal\/#website","url":"https:\/\/www.ucaldas.edu.co\/portal\/","name":"Universidad de Caldas","description":"","publisher":{"@id":"https:\/\/www.ucaldas.edu.co\/portal\/#organization"},"alternateName":"U. de Caldas","potentialAction":[{"@type":"SearchAction","target":{"@type":"EntryPoint","urlTemplate":"https:\/\/www.ucaldas.edu.co\/portal\/?s={search_term_string}"},"query-input":{"@type":"PropertyValueSpecification","valueRequired":true,"valueName":"search_term_string"}}],"inLanguage":"es"},{"@type":"Organization","@id":"https:\/\/www.ucaldas.edu.co\/portal\/#organization","name":"Universidad de Caldas","alternateName":"U. de Caldas","url":"https:\/\/www.ucaldas.edu.co\/portal\/","logo":{"@type":"ImageObject","inLanguage":"es","@id":"https:\/\/www.ucaldas.edu.co\/portal\/#\/schema\/logo\/image\/","url":"https:\/\/www.ucaldas.edu.co\/portal\/wp-content\/uploads\/2023\/11\/Logo_horizontal_oscuroU-2023.png","contentUrl":"https:\/\/www.ucaldas.edu.co\/portal\/wp-content\/uploads\/2023\/11\/Logo_horizontal_oscuroU-2023.png","width":263,"height":101,"caption":"Universidad de Caldas"},"image":{"@id":"https:\/\/www.ucaldas.edu.co\/portal\/#\/schema\/logo\/image\/"},"sameAs":["https:\/\/www.facebook.com\/udecaldas","https:\/\/x.com\/udecaldas","https:\/\/www.youtube.com\/universidadcaldas","https:\/\/www.instagram.com\/udecaldas\/"]},{"@type":"Person","@id":"https:\/\/www.ucaldas.edu.co\/portal\/#\/schema\/person\/a1b482e23449158b4bc319926c074fdf","name":"ofiprensa","image":{"@type":"ImageObject","inLanguage":"es","@id":"https:\/\/www.ucaldas.edu.co\/portal\/wp-content\/litespeed\/avatar\/09ea5085e600095a7a811142c6944527.jpg?ver=1777497608","url":"https:\/\/www.ucaldas.edu.co\/portal\/wp-content\/litespeed\/avatar\/09ea5085e600095a7a811142c6944527.jpg?ver=1777497608","contentUrl":"https:\/\/www.ucaldas.edu.co\/portal\/wp-content\/litespeed\/avatar\/09ea5085e600095a7a811142c6944527.jpg?ver=1777497608","caption":"ofiprensa"},"url":"https:\/\/www.ucaldas.edu.co\/portal\/author\/ofiprensa\/"}]}},"_links":{"self":[{"href":"https:\/\/www.ucaldas.edu.co\/portal\/wp-json\/wp\/v2\/posts\/2934","targetHints":{"allow":["GET"]}}],"collection":[{"href":"https:\/\/www.ucaldas.edu.co\/portal\/wp-json\/wp\/v2\/posts"}],"about":[{"href":"https:\/\/www.ucaldas.edu.co\/portal\/wp-json\/wp\/v2\/types\/post"}],"author":[{"embeddable":true,"href":"https:\/\/www.ucaldas.edu.co\/portal\/wp-json\/wp\/v2\/users\/2"}],"replies":[{"embeddable":true,"href":"https:\/\/www.ucaldas.edu.co\/portal\/wp-json\/wp\/v2\/comments?post=2934"}],"version-history":[{"count":0,"href":"https:\/\/www.ucaldas.edu.co\/portal\/wp-json\/wp\/v2\/posts\/2934\/revisions"}],"wp:attachment":[{"href":"https:\/\/www.ucaldas.edu.co\/portal\/wp-json\/wp\/v2\/media?parent=2934"}],"wp:term":[{"taxonomy":"category","embeddable":true,"href":"https:\/\/www.ucaldas.edu.co\/portal\/wp-json\/wp\/v2\/categories?post=2934"},{"taxonomy":"post_tag","embeddable":true,"href":"https:\/\/www.ucaldas.edu.co\/portal\/wp-json\/wp\/v2\/tags?post=2934"}],"curies":[{"name":"wp","href":"https:\/\/api.w.org\/{rel}","templated":true}]}}