{"id":2676,"date":"2014-03-31T20:22:32","date_gmt":"2014-04-01T01:22:32","guid":{"rendered":"https:\/\/www.ucaldas.edu.co\/portal\/?p=2676"},"modified":"2014-03-31T20:22:32","modified_gmt":"2014-04-01T01:22:32","slug":"u-de-caldas-recibio-a-ganadores-de-india-catalina-en-innovacion-televisiva-2014","status":"publish","type":"post","link":"https:\/\/www.ucaldas.edu.co\/portal\/u-de-caldas-recibio-a-ganadores-de-india-catalina-en-innovacion-televisiva-2014\/","title":{"rendered":"U. de Caldas recibi\u00f3 a ganadores de India Catalina en innovaci\u00f3n televisiva 2014"},"content":{"rendered":"<p align=\"center\"><span style=\"text-decoration: underline;\">ASISITENTES CONOCIERON EL PROYECTO GANADOR DENOMINADO CUENTOS DE VIEJOS<\/span><\/p>\n<p align=\"center\"><b>U. de Caldas recibi\u00f3 a ganadores de India Catalina en innovaci\u00f3n televisiva 2014<\/b><\/p>\n<p align=\"center\"><b>\u00a0<img loading=\"lazy\" decoding=\"async\" class=\"alignnone size-full wp-image-2677\" alt=\"animaci\u00f3n\" src=\"https:\/\/www.ucaldas.edu.co\/portal\/wp-content\/uploads\/2014\/03\/animaci\u00f3n.jpg\" width=\"378\" height=\"298\" \/><\/b><\/p>\n<table class=\" alignright\" border=\"0\">\n<tbody>\n<tr>\n<td>Foto: Guillermo Sarmiento \/ Prensa U. de Caldas<\/td>\n<\/tr>\n<\/tbody>\n<\/table>\n<p style=\"text-align: right;\" align=\"center\">\n<p align=\"right\">31\/03\/2014<\/p>\n<p align=\"right\">Redacci\u00f3n: Luisa Giraldo<\/p>\n<p align=\"right\">Coordinadora contenidos Intranet<\/p>\n<p>Marcelo Dematei del estudio Piaggio Dematei y Carlos Smith de Hierro Animaci\u00f3n, <b>ganadores de los Premios India Catalina 2014<\/b> en la categor\u00eda de innovaci\u00f3n o mejor formato televisivo, <b>participaron<\/b> el viernes 28 de marzo del 2014 en el <b>conversatorio A<\/b><b><i>nimaci\u00f3n Documental: Transmidia y nuevas perspectivas<\/i><\/b><i> <\/i>organizado por la U. de Caldas.<\/p>\n<p><!--more--><\/p>\n<p>El Director del Estudio Piaggio Dematei de Barcelona, explic\u00f3 que los <b>asistentes al conversatorio conocieron <\/b>de primera mano <b>el proyecto ganador denominado <i>Cuentos de Vie<\/i>jos,<\/b> el cual <b>se realiza con una serie animada de televisi\u00f3n y una plataforma web colaborativa<\/b>.<\/p>\n<p>Agreg\u00f3: \u201c<b>la web propone explorar<\/b>,<b> comentar <\/b>y <b>relacionar las historias coleccionadas<\/b>, pero adem\u00e1s, propone <b>salir a buscar nuevas historias<\/b> que compartir, interrogar a los mayores que nos rodean, registrar su relato <b>e integrarlo a la red de recuerdos<\/b>\u201d.<\/p>\n<p>Los asistentes al conversatorio pudieron tambi\u00e9n <b>conocer c\u00f3mo el proyecto propone la realizaci\u00f3n de actividades escolares<\/b>, mediante la ayuda de documentos gu\u00eda en los cuales los maestros y profesores pueden incentivar a los alumnos a investigar los recuerdos de sus mayores, encontrar relaciones, discutir, organizar y <b>compartirlo online<\/b>.<\/p>\n<p>Seg\u00fan comenta Adriana G\u00f3mez Alzate, Directora de la Maestr\u00eda en Dise\u00f1o y Creaci\u00f3n Interactiva de la U. de caldas, con el <b>conversatorio se esperaba incentivar a estudiantes del \u00e1rea de dise\u00f1o o afines<\/b> de diferentes partes del pa\u00eds <b>a explorar nuevas formas de narrativa creativa<\/b> a trav\u00e9s de <b>diferentes soportes tecnol\u00f3gicos <\/b>que es lo que propone la <b>Transmidia<\/b>.<\/p>\n<p><b>Participantes del conversatorio opinaron<\/b><\/p>\n<p><b>Herman Rojas Giraldo, Programa de Dise\u00f1o Visual de la U. de Caldas<\/b><\/p>\n<p>Estos eventos son muy importantes para los queremos especializarnos en esta nueva forma de narraci\u00f3n creativa. Adem\u00e1s, es de destacar que<b> la Universidad nos d\u00e9 la oportunidad de acercarnos a personajes tan reconocidos<\/b> y <b>expertos en el tema<\/b>.<\/p>\n<p><b>John Anderson Mu\u00f1oz Guzm\u00e1n, Comunicaci\u00f3n Social de la Universidad del Quind\u00edo<\/b><\/p>\n<p>El conversatorio es muy importante en este momento porque la animaci\u00f3n documental y el transmidia son dos temas que est\u00e1n a la vanguardia de la producci\u00f3n audiovisual, Es necesario que desde ahora tengamos la \u00a0<b>inquietud por desarrollar contenidos<\/b> no solo de <b>ficci\u00f3n<\/b> si no tambi\u00e9n <b>period\u00edsticos basados en este proceso transmidia<\/b>.<\/p>\n<p><a href=\"https:\/\/www.facebook.com\/media\/set\/?set=a.663258270402708.1073742638.107054166023124&amp;type=3\">Conozca aqu\u00ed las im\u00e1genes del conversatorio A<i>nimaci\u00f3n Documental: Transmidia y nuevas perspectivas<\/i><\/a>.<\/p>\n<p>&nbsp;<\/p>\n<p><b>Informes:<\/b> Imagoteca del Departamento de Dise\u00f1o Visual de la U. de Caldas en el tel\u00e9fono 878 1500 extensi\u00f3n 12 606<\/p>\n<p><b>\u00a0<\/b><\/p>\n","protected":false},"excerpt":{"rendered":"<p>ASISITENTES CONOCIERON EL PROYECTO GANADOR DENOMINADO CUENTOS DE VIEJOS U. de Caldas recibi\u00f3 a ganadores de India Catalina en innovaci\u00f3n televisiva 2014 \u00a0 Foto: Guillermo Sarmiento \/ Prensa U. de Caldas 31\/03\/2014 Redacci\u00f3n: Luisa Giraldo Coordinadora contenidos Intranet Marcelo Dematei del estudio Piaggio Dematei y Carlos Smith de Hierro Animaci\u00f3n, ganadores de los Premios India [&hellip;]<\/p>\n","protected":false},"author":2,"featured_media":0,"comment_status":"closed","ping_status":"closed","sticky":false,"template":"","format":"standard","meta":{"footnotes":""},"categories":[48,53],"tags":[95,248,363,485,1646,1647,1648,1649],"class_list":["post-2676","post","type-post","status-publish","format-standard","hentry","category-actualidad","category-universidad-al-dia","tag-universidad-de-caldas","tag-diseno","tag-innovacion","tag-premios-india-catalina","tag-cuentos-de-viejos","tag-formato-televisivo","tag-programa-de-diseno-visual","tag-transmidia"],"yoast_head":"<!-- This site is optimized with the Yoast SEO plugin v27.5 - https:\/\/yoast.com\/product\/yoast-seo-wordpress\/ -->\n<title>U. de Caldas recibi\u00f3 a ganadores de India Catalina en innovaci\u00f3n televisiva 2014 .<\/title>\n<meta name=\"robots\" content=\"index, follow, max-snippet:-1, max-image-preview:large, max-video-preview:-1\" \/>\n<link rel=\"canonical\" href=\"https:\/\/www.ucaldas.edu.co\/portal\/u-de-caldas-recibio-a-ganadores-de-india-catalina-en-innovacion-televisiva-2014\/\" \/>\n<script type=\"application\/ld+json\" class=\"yoast-schema-graph\">{\"@context\":\"https:\\\/\\\/schema.org\",\"@graph\":[{\"@type\":\"Article\",\"@id\":\"https:\\\/\\\/www.ucaldas.edu.co\\\/portal\\\/u-de-caldas-recibio-a-ganadores-de-india-catalina-en-innovacion-televisiva-2014\\\/#article\",\"isPartOf\":{\"@id\":\"https:\\\/\\\/www.ucaldas.edu.co\\\/portal\\\/u-de-caldas-recibio-a-ganadores-de-india-catalina-en-innovacion-televisiva-2014\\\/\"},\"author\":{\"name\":\"ofiprensa\",\"@id\":\"https:\\\/\\\/www.ucaldas.edu.co\\\/portal\\\/#\\\/schema\\\/person\\\/a1b482e23449158b4bc319926c074fdf\"},\"headline\":\"U. de Caldas recibi\u00f3 a ganadores de India Catalina en innovaci\u00f3n televisiva 2014\",\"datePublished\":\"2014-04-01T01:22:32+00:00\",\"mainEntityOfPage\":{\"@id\":\"https:\\\/\\\/www.ucaldas.edu.co\\\/portal\\\/u-de-caldas-recibio-a-ganadores-de-india-catalina-en-innovacion-televisiva-2014\\\/\"},\"wordCount\":464,\"publisher\":{\"@id\":\"https:\\\/\\\/www.ucaldas.edu.co\\\/portal\\\/#organization\"},\"keywords\":[\"Universidad De Caldas\",\"dise\u00f1o\",\"innovaci\u00f3n\",\"Premios India Catalina\",\"Cuentos de Viejos\",\"formato televisivo\",\"Programa de Dise\u00f1o Visual\",\"transmidia\"],\"articleSection\":[\"Actualidad\",\"Universidad al D\u00eda\"],\"inLanguage\":\"es\"},{\"@type\":\"WebPage\",\"@id\":\"https:\\\/\\\/www.ucaldas.edu.co\\\/portal\\\/u-de-caldas-recibio-a-ganadores-de-india-catalina-en-innovacion-televisiva-2014\\\/\",\"url\":\"https:\\\/\\\/www.ucaldas.edu.co\\\/portal\\\/u-de-caldas-recibio-a-ganadores-de-india-catalina-en-innovacion-televisiva-2014\\\/\",\"name\":\"U. de Caldas recibi\u00f3 a ganadores de India Catalina en innovaci\u00f3n televisiva 2014 .\",\"isPartOf\":{\"@id\":\"https:\\\/\\\/www.ucaldas.edu.co\\\/portal\\\/#website\"},\"datePublished\":\"2014-04-01T01:22:32+00:00\",\"breadcrumb\":{\"@id\":\"https:\\\/\\\/www.ucaldas.edu.co\\\/portal\\\/u-de-caldas-recibio-a-ganadores-de-india-catalina-en-innovacion-televisiva-2014\\\/#breadcrumb\"},\"inLanguage\":\"es\",\"potentialAction\":[{\"@type\":\"ReadAction\",\"target\":[\"https:\\\/\\\/www.ucaldas.edu.co\\\/portal\\\/u-de-caldas-recibio-a-ganadores-de-india-catalina-en-innovacion-televisiva-2014\\\/\"]}]},{\"@type\":\"BreadcrumbList\",\"@id\":\"https:\\\/\\\/www.ucaldas.edu.co\\\/portal\\\/u-de-caldas-recibio-a-ganadores-de-india-catalina-en-innovacion-televisiva-2014\\\/#breadcrumb\",\"itemListElement\":[{\"@type\":\"ListItem\",\"position\":1,\"name\":\"Portada\",\"item\":\"https:\\\/\\\/www.ucaldas.edu.co\\\/portal\\\/\"},{\"@type\":\"ListItem\",\"position\":2,\"name\":\"U. de Caldas recibi\u00f3 a ganadores de India Catalina en innovaci\u00f3n televisiva 2014\"}]},{\"@type\":\"WebSite\",\"@id\":\"https:\\\/\\\/www.ucaldas.edu.co\\\/portal\\\/#website\",\"url\":\"https:\\\/\\\/www.ucaldas.edu.co\\\/portal\\\/\",\"name\":\"Universidad de Caldas\",\"description\":\"\",\"publisher\":{\"@id\":\"https:\\\/\\\/www.ucaldas.edu.co\\\/portal\\\/#organization\"},\"alternateName\":\"U. de Caldas\",\"potentialAction\":[{\"@type\":\"SearchAction\",\"target\":{\"@type\":\"EntryPoint\",\"urlTemplate\":\"https:\\\/\\\/www.ucaldas.edu.co\\\/portal\\\/?s={search_term_string}\"},\"query-input\":{\"@type\":\"PropertyValueSpecification\",\"valueRequired\":true,\"valueName\":\"search_term_string\"}}],\"inLanguage\":\"es\"},{\"@type\":\"Organization\",\"@id\":\"https:\\\/\\\/www.ucaldas.edu.co\\\/portal\\\/#organization\",\"name\":\"Universidad de Caldas\",\"alternateName\":\"U. de Caldas\",\"url\":\"https:\\\/\\\/www.ucaldas.edu.co\\\/portal\\\/\",\"logo\":{\"@type\":\"ImageObject\",\"inLanguage\":\"es\",\"@id\":\"https:\\\/\\\/www.ucaldas.edu.co\\\/portal\\\/#\\\/schema\\\/logo\\\/image\\\/\",\"url\":\"https:\\\/\\\/www.ucaldas.edu.co\\\/portal\\\/wp-content\\\/uploads\\\/2023\\\/11\\\/Logo_horizontal_oscuroU-2023.png\",\"contentUrl\":\"https:\\\/\\\/www.ucaldas.edu.co\\\/portal\\\/wp-content\\\/uploads\\\/2023\\\/11\\\/Logo_horizontal_oscuroU-2023.png\",\"width\":263,\"height\":101,\"caption\":\"Universidad de Caldas\"},\"image\":{\"@id\":\"https:\\\/\\\/www.ucaldas.edu.co\\\/portal\\\/#\\\/schema\\\/logo\\\/image\\\/\"},\"sameAs\":[\"https:\\\/\\\/www.facebook.com\\\/udecaldas\",\"https:\\\/\\\/x.com\\\/udecaldas\",\"https:\\\/\\\/www.youtube.com\\\/universidadcaldas\",\"https:\\\/\\\/www.instagram.com\\\/udecaldas\\\/\"]},{\"@type\":\"Person\",\"@id\":\"https:\\\/\\\/www.ucaldas.edu.co\\\/portal\\\/#\\\/schema\\\/person\\\/a1b482e23449158b4bc319926c074fdf\",\"name\":\"ofiprensa\",\"image\":{\"@type\":\"ImageObject\",\"inLanguage\":\"es\",\"@id\":\"https:\\\/\\\/www.ucaldas.edu.co\\\/portal\\\/wp-content\\\/litespeed\\\/avatar\\\/09ea5085e600095a7a811142c6944527.jpg?ver=1777497608\",\"url\":\"https:\\\/\\\/www.ucaldas.edu.co\\\/portal\\\/wp-content\\\/litespeed\\\/avatar\\\/09ea5085e600095a7a811142c6944527.jpg?ver=1777497608\",\"contentUrl\":\"https:\\\/\\\/www.ucaldas.edu.co\\\/portal\\\/wp-content\\\/litespeed\\\/avatar\\\/09ea5085e600095a7a811142c6944527.jpg?ver=1777497608\",\"caption\":\"ofiprensa\"},\"url\":\"https:\\\/\\\/www.ucaldas.edu.co\\\/portal\\\/author\\\/ofiprensa\\\/\"}]}<\/script>\n<!-- \/ Yoast SEO plugin. -->","yoast_head_json":{"title":"U. de Caldas recibi\u00f3 a ganadores de India Catalina en innovaci\u00f3n televisiva 2014 .","robots":{"index":"index","follow":"follow","max-snippet":"max-snippet:-1","max-image-preview":"max-image-preview:large","max-video-preview":"max-video-preview:-1"},"canonical":"https:\/\/www.ucaldas.edu.co\/portal\/u-de-caldas-recibio-a-ganadores-de-india-catalina-en-innovacion-televisiva-2014\/","schema":{"@context":"https:\/\/schema.org","@graph":[{"@type":"Article","@id":"https:\/\/www.ucaldas.edu.co\/portal\/u-de-caldas-recibio-a-ganadores-de-india-catalina-en-innovacion-televisiva-2014\/#article","isPartOf":{"@id":"https:\/\/www.ucaldas.edu.co\/portal\/u-de-caldas-recibio-a-ganadores-de-india-catalina-en-innovacion-televisiva-2014\/"},"author":{"name":"ofiprensa","@id":"https:\/\/www.ucaldas.edu.co\/portal\/#\/schema\/person\/a1b482e23449158b4bc319926c074fdf"},"headline":"U. de Caldas recibi\u00f3 a ganadores de India Catalina en innovaci\u00f3n televisiva 2014","datePublished":"2014-04-01T01:22:32+00:00","mainEntityOfPage":{"@id":"https:\/\/www.ucaldas.edu.co\/portal\/u-de-caldas-recibio-a-ganadores-de-india-catalina-en-innovacion-televisiva-2014\/"},"wordCount":464,"publisher":{"@id":"https:\/\/www.ucaldas.edu.co\/portal\/#organization"},"keywords":["Universidad De Caldas","dise\u00f1o","innovaci\u00f3n","Premios India Catalina","Cuentos de Viejos","formato televisivo","Programa de Dise\u00f1o Visual","transmidia"],"articleSection":["Actualidad","Universidad al D\u00eda"],"inLanguage":"es"},{"@type":"WebPage","@id":"https:\/\/www.ucaldas.edu.co\/portal\/u-de-caldas-recibio-a-ganadores-de-india-catalina-en-innovacion-televisiva-2014\/","url":"https:\/\/www.ucaldas.edu.co\/portal\/u-de-caldas-recibio-a-ganadores-de-india-catalina-en-innovacion-televisiva-2014\/","name":"U. de Caldas recibi\u00f3 a ganadores de India Catalina en innovaci\u00f3n televisiva 2014 .","isPartOf":{"@id":"https:\/\/www.ucaldas.edu.co\/portal\/#website"},"datePublished":"2014-04-01T01:22:32+00:00","breadcrumb":{"@id":"https:\/\/www.ucaldas.edu.co\/portal\/u-de-caldas-recibio-a-ganadores-de-india-catalina-en-innovacion-televisiva-2014\/#breadcrumb"},"inLanguage":"es","potentialAction":[{"@type":"ReadAction","target":["https:\/\/www.ucaldas.edu.co\/portal\/u-de-caldas-recibio-a-ganadores-de-india-catalina-en-innovacion-televisiva-2014\/"]}]},{"@type":"BreadcrumbList","@id":"https:\/\/www.ucaldas.edu.co\/portal\/u-de-caldas-recibio-a-ganadores-de-india-catalina-en-innovacion-televisiva-2014\/#breadcrumb","itemListElement":[{"@type":"ListItem","position":1,"name":"Portada","item":"https:\/\/www.ucaldas.edu.co\/portal\/"},{"@type":"ListItem","position":2,"name":"U. de Caldas recibi\u00f3 a ganadores de India Catalina en innovaci\u00f3n televisiva 2014"}]},{"@type":"WebSite","@id":"https:\/\/www.ucaldas.edu.co\/portal\/#website","url":"https:\/\/www.ucaldas.edu.co\/portal\/","name":"Universidad de Caldas","description":"","publisher":{"@id":"https:\/\/www.ucaldas.edu.co\/portal\/#organization"},"alternateName":"U. de Caldas","potentialAction":[{"@type":"SearchAction","target":{"@type":"EntryPoint","urlTemplate":"https:\/\/www.ucaldas.edu.co\/portal\/?s={search_term_string}"},"query-input":{"@type":"PropertyValueSpecification","valueRequired":true,"valueName":"search_term_string"}}],"inLanguage":"es"},{"@type":"Organization","@id":"https:\/\/www.ucaldas.edu.co\/portal\/#organization","name":"Universidad de Caldas","alternateName":"U. de Caldas","url":"https:\/\/www.ucaldas.edu.co\/portal\/","logo":{"@type":"ImageObject","inLanguage":"es","@id":"https:\/\/www.ucaldas.edu.co\/portal\/#\/schema\/logo\/image\/","url":"https:\/\/www.ucaldas.edu.co\/portal\/wp-content\/uploads\/2023\/11\/Logo_horizontal_oscuroU-2023.png","contentUrl":"https:\/\/www.ucaldas.edu.co\/portal\/wp-content\/uploads\/2023\/11\/Logo_horizontal_oscuroU-2023.png","width":263,"height":101,"caption":"Universidad de Caldas"},"image":{"@id":"https:\/\/www.ucaldas.edu.co\/portal\/#\/schema\/logo\/image\/"},"sameAs":["https:\/\/www.facebook.com\/udecaldas","https:\/\/x.com\/udecaldas","https:\/\/www.youtube.com\/universidadcaldas","https:\/\/www.instagram.com\/udecaldas\/"]},{"@type":"Person","@id":"https:\/\/www.ucaldas.edu.co\/portal\/#\/schema\/person\/a1b482e23449158b4bc319926c074fdf","name":"ofiprensa","image":{"@type":"ImageObject","inLanguage":"es","@id":"https:\/\/www.ucaldas.edu.co\/portal\/wp-content\/litespeed\/avatar\/09ea5085e600095a7a811142c6944527.jpg?ver=1777497608","url":"https:\/\/www.ucaldas.edu.co\/portal\/wp-content\/litespeed\/avatar\/09ea5085e600095a7a811142c6944527.jpg?ver=1777497608","contentUrl":"https:\/\/www.ucaldas.edu.co\/portal\/wp-content\/litespeed\/avatar\/09ea5085e600095a7a811142c6944527.jpg?ver=1777497608","caption":"ofiprensa"},"url":"https:\/\/www.ucaldas.edu.co\/portal\/author\/ofiprensa\/"}]}},"_links":{"self":[{"href":"https:\/\/www.ucaldas.edu.co\/portal\/wp-json\/wp\/v2\/posts\/2676","targetHints":{"allow":["GET"]}}],"collection":[{"href":"https:\/\/www.ucaldas.edu.co\/portal\/wp-json\/wp\/v2\/posts"}],"about":[{"href":"https:\/\/www.ucaldas.edu.co\/portal\/wp-json\/wp\/v2\/types\/post"}],"author":[{"embeddable":true,"href":"https:\/\/www.ucaldas.edu.co\/portal\/wp-json\/wp\/v2\/users\/2"}],"replies":[{"embeddable":true,"href":"https:\/\/www.ucaldas.edu.co\/portal\/wp-json\/wp\/v2\/comments?post=2676"}],"version-history":[{"count":0,"href":"https:\/\/www.ucaldas.edu.co\/portal\/wp-json\/wp\/v2\/posts\/2676\/revisions"}],"wp:attachment":[{"href":"https:\/\/www.ucaldas.edu.co\/portal\/wp-json\/wp\/v2\/media?parent=2676"}],"wp:term":[{"taxonomy":"category","embeddable":true,"href":"https:\/\/www.ucaldas.edu.co\/portal\/wp-json\/wp\/v2\/categories?post=2676"},{"taxonomy":"post_tag","embeddable":true,"href":"https:\/\/www.ucaldas.edu.co\/portal\/wp-json\/wp\/v2\/tags?post=2676"}],"curies":[{"name":"wp","href":"https:\/\/api.w.org\/{rel}","templated":true}]}}