{"id":2642,"date":"2014-03-31T00:07:31","date_gmt":"2014-03-31T05:07:31","guid":{"rendered":"https:\/\/www.ucaldas.edu.co\/portal\/?p=2642"},"modified":"2014-03-31T00:07:31","modified_gmt":"2014-03-31T05:07:31","slug":"321-estudiantes-u-de-caldas-le-cumplieron-a-simulacro-virtual-de-elecciones-280","status":"publish","type":"post","link":"https:\/\/www.ucaldas.edu.co\/portal\/321-estudiantes-u-de-caldas-le-cumplieron-a-simulacro-virtual-de-elecciones-280\/","title":{"rendered":"321 estudiantes U. de Caldas le cumplieron a simulacro virtual de elecciones  28\/0"},"content":{"rendered":"<p align=\"center\"><span style=\"text-decoration: underline;\">EL SISTEMA NO PRESENT\u00d3 NINGUNA FALLA NI RIESGOS DE SEGURIDAD<\/span><\/p>\n<p align=\"center\"><b>321 estudiantes U. de Caldas le cumplieron a simulacro virtual de elecciones<\/b><\/p>\n<p align=\"center\"><img loading=\"lazy\" decoding=\"async\" class=\"alignnone size-full wp-image-2643\" alt=\"simulacro\" src=\"https:\/\/www.ucaldas.edu.co\/portal\/wp-content\/uploads\/2014\/03\/simulacro.jpg\" width=\"378\" height=\"299\" \/><\/p>\n<table class=\" alignright\" border=\"0\">\n<tbody>\n<tr>\n<td>Foto: Margarita Laverde \/ Prensa U. de Caldas<\/td>\n<\/tr>\n<\/tbody>\n<\/table>\n<p style=\"text-align: right;\" align=\"center\">\n<p align=\"right\">28\/03\/14<\/p>\n<p align=\"right\">Redacci\u00f3n: Luisa Giraldo<\/p>\n<p align=\"right\">Coordinadora contenido Intranet<\/p>\n<p>El <b>simulacro de votaci\u00f3n virtual<\/b> que realiz\u00f3 la Universidad de Caldas este viernes 28 de marzo del 2014 <b>cerr\u00f3<\/b> a las 3:00 p.m. despu\u00e9s de una jornada de <b>siete horas en las que no se presentaron fallas<\/b> t\u00e9cnicas ni de seguridad.<\/p>\n<p><!--more--><\/p>\n<p>Seg\u00fan la informaci\u00f3n arrojada por la Universidad de Antioquia, <b>al sistema ingresaron 534 usuarios<\/b>, de los cuales <b>321 realizaron un voto efectivo <\/b>en la prueba de Representante Estudiantil ante el <b>Consejo Acad\u00e9mico<\/b> y <b>296 <\/b>en la de Representante Estudiantil ante el <b>Consejo Superior<\/b>.<\/p>\n<p>Los datos del simulacro tambi\u00e9n dan raz\u00f3n de un n\u00famero total de <b>213 personas<\/b> que<b> a pesar de haber ingresado al sistema no realizaron ninguna votaci\u00f3n<\/b>.<\/p>\n<p><b>Datos del sistema<\/b><\/p>\n<p>Seg\u00fan explic\u00f3 Abelardo Rodr\u00edguez Giraldo, jefe del \u00c1rea de Sistemas de la U. de Caldas, esto puede darse por dos razones: \u201c<b>puede ser que el estudiante haya entrado y simplemente no complet\u00f3 el proceso <\/b>o al momento de que el sistema les solicit\u00f3 <b>la fecha de nacimiento para validar la identidad, esta no era acorde con los datos de Registro Acad\u00e9mico<\/b>\u201d.<\/p>\n<p>Los estudiantes a los que se les haya presentado este caso, seg\u00fan informa Rodr\u00edguez Giraldo deben <b>enviar un email a Secretaria Genera<\/b>l (<a href=\"mailto:sgeneral@ucaldas.edu.co\">sgeneral@ucaldas.edu.co<\/a>) <b>solicitando la correcci\u00f3n de la fecha de nacimiento <\/b>para que no presenten problemas en las pr\u00f3ximas jornadas de elecciones.<\/p>\n<p align=\"left\">El l\u00edder del \u00e1rea de sistemas concluy\u00f3 que <b>con los resultados del simulacro se puede ver un gran potencial de participaci\u00f3n<\/b> para las elecciones de Consejo\u00a0 y la consulta de rector.<\/p>\n<p align=\"left\">Cabe recordar que este simulacro se plane\u00f3 en una semana y su duraci\u00f3n para el voto virtual fue de tan solo siete horas. Para el simulacro se realiz\u00f3 una <a href=\"https:\/\/www.facebook.com\/media\/set\/?set=a.662878240440711.1073742630.107054166023124&amp;type=3\">gira did\u00e1ctica por los campus (ver fotos),<\/a> para que los estudiantes participaran en el simulacro y se inscribieran en el censo de las elecciones del 4 de abril del 2014.<\/p>\n<p align=\"left\"><b><br \/>\nEstudiantes en el simulacro<br \/>\nMat\u00edas Mej\u00eda Chaves, estudiante de\u00a0 Licenciatura de Lenguas Modernas<br \/>\n<\/b>Yo vote desde mi celular y fue un proceso muy r\u00e1pido y que no tuvo complicaciones.<\/p>\n<p><b>Helberth Augusto Gonz\u00e1lez rico, Estudiante de Medicina<\/b><\/p>\n<p>El sistema de votaci\u00f3n fue muy f\u00e1cil, no se congestion\u00f3 y no me demor\u00e9 m\u00e1s de tres minutos, pues las opciones de candidatos son muy f\u00e1ciles de identificar.<\/p>\n<p>&nbsp;<\/p>\n<p align=\"left\"><b>Informes: <\/b>Oficina de Sistemas U. de Caldas, tel\u00e9fono 878 15 00 extensi\u00f3n 11 604.<\/p>\n<p align=\"left\"><b>\u00a0<\/b><\/p>\n","protected":false},"excerpt":{"rendered":"<p>EL SISTEMA NO PRESENT\u00d3 NINGUNA FALLA NI RIESGOS DE SEGURIDAD 321 estudiantes U. de Caldas le cumplieron a simulacro virtual de elecciones Foto: Margarita Laverde \/ Prensa U. de Caldas 28\/03\/14 Redacci\u00f3n: Luisa Giraldo Coordinadora contenido Intranet El simulacro de votaci\u00f3n virtual que realiz\u00f3 la Universidad de Caldas este viernes 28 de marzo del 2014 [&hellip;]<\/p>\n","protected":false},"author":2,"featured_media":0,"comment_status":"closed","ping_status":"closed","sticky":false,"template":"","format":"standard","meta":{"footnotes":""},"categories":[48,53],"tags":[91,95,330,496,1116,1444,1630],"class_list":["post-2642","post","type-post","status-publish","format-standard","hentry","category-actualidad","category-universidad-al-dia","tag-simulacro","tag-universidad-de-caldas","tag-estudiantes","tag-eleccion","tag-rector","tag-votaciones","tag-consejos"],"yoast_head":"<!-- This site is optimized with the Yoast SEO plugin v27.5 - https:\/\/yoast.com\/product\/yoast-seo-wordpress\/ -->\n<title>321 estudiantes U. de Caldas le cumplieron a simulacro virtual de elecciones 28\/0 .<\/title>\n<meta name=\"robots\" content=\"index, follow, max-snippet:-1, max-image-preview:large, max-video-preview:-1\" \/>\n<link rel=\"canonical\" href=\"https:\/\/www.ucaldas.edu.co\/portal\/321-estudiantes-u-de-caldas-le-cumplieron-a-simulacro-virtual-de-elecciones-280\/\" \/>\n<script type=\"application\/ld+json\" class=\"yoast-schema-graph\">{\"@context\":\"https:\\\/\\\/schema.org\",\"@graph\":[{\"@type\":\"Article\",\"@id\":\"https:\\\/\\\/www.ucaldas.edu.co\\\/portal\\\/321-estudiantes-u-de-caldas-le-cumplieron-a-simulacro-virtual-de-elecciones-280\\\/#article\",\"isPartOf\":{\"@id\":\"https:\\\/\\\/www.ucaldas.edu.co\\\/portal\\\/321-estudiantes-u-de-caldas-le-cumplieron-a-simulacro-virtual-de-elecciones-280\\\/\"},\"author\":{\"name\":\"ofiprensa\",\"@id\":\"https:\\\/\\\/www.ucaldas.edu.co\\\/portal\\\/#\\\/schema\\\/person\\\/a1b482e23449158b4bc319926c074fdf\"},\"headline\":\"321 estudiantes U. de Caldas le cumplieron a simulacro virtual de elecciones 28\\\/0\",\"datePublished\":\"2014-03-31T05:07:31+00:00\",\"mainEntityOfPage\":{\"@id\":\"https:\\\/\\\/www.ucaldas.edu.co\\\/portal\\\/321-estudiantes-u-de-caldas-le-cumplieron-a-simulacro-virtual-de-elecciones-280\\\/\"},\"wordCount\":452,\"publisher\":{\"@id\":\"https:\\\/\\\/www.ucaldas.edu.co\\\/portal\\\/#organization\"},\"image\":{\"@id\":\"https:\\\/\\\/www.ucaldas.edu.co\\\/portal\\\/321-estudiantes-u-de-caldas-le-cumplieron-a-simulacro-virtual-de-elecciones-280\\\/#primaryimage\"},\"thumbnailUrl\":\"https:\\\/\\\/www.ucaldas.edu.co\\\/portal\\\/wp-content\\\/uploads\\\/2014\\\/03\\\/simulacro.jpg\",\"keywords\":[\"simulacro\",\"Universidad De Caldas\",\"estudiantes\",\"elecci\u00f3n\",\"Rector\",\"votaciones\",\"consejos\"],\"articleSection\":[\"Actualidad\",\"Universidad al D\u00eda\"],\"inLanguage\":\"es\"},{\"@type\":\"WebPage\",\"@id\":\"https:\\\/\\\/www.ucaldas.edu.co\\\/portal\\\/321-estudiantes-u-de-caldas-le-cumplieron-a-simulacro-virtual-de-elecciones-280\\\/\",\"url\":\"https:\\\/\\\/www.ucaldas.edu.co\\\/portal\\\/321-estudiantes-u-de-caldas-le-cumplieron-a-simulacro-virtual-de-elecciones-280\\\/\",\"name\":\"321 estudiantes U. de Caldas le cumplieron a simulacro virtual de elecciones 28\\\/0 .\",\"isPartOf\":{\"@id\":\"https:\\\/\\\/www.ucaldas.edu.co\\\/portal\\\/#website\"},\"primaryImageOfPage\":{\"@id\":\"https:\\\/\\\/www.ucaldas.edu.co\\\/portal\\\/321-estudiantes-u-de-caldas-le-cumplieron-a-simulacro-virtual-de-elecciones-280\\\/#primaryimage\"},\"image\":{\"@id\":\"https:\\\/\\\/www.ucaldas.edu.co\\\/portal\\\/321-estudiantes-u-de-caldas-le-cumplieron-a-simulacro-virtual-de-elecciones-280\\\/#primaryimage\"},\"thumbnailUrl\":\"https:\\\/\\\/www.ucaldas.edu.co\\\/portal\\\/wp-content\\\/uploads\\\/2014\\\/03\\\/simulacro.jpg\",\"datePublished\":\"2014-03-31T05:07:31+00:00\",\"breadcrumb\":{\"@id\":\"https:\\\/\\\/www.ucaldas.edu.co\\\/portal\\\/321-estudiantes-u-de-caldas-le-cumplieron-a-simulacro-virtual-de-elecciones-280\\\/#breadcrumb\"},\"inLanguage\":\"es\",\"potentialAction\":[{\"@type\":\"ReadAction\",\"target\":[\"https:\\\/\\\/www.ucaldas.edu.co\\\/portal\\\/321-estudiantes-u-de-caldas-le-cumplieron-a-simulacro-virtual-de-elecciones-280\\\/\"]}]},{\"@type\":\"ImageObject\",\"inLanguage\":\"es\",\"@id\":\"https:\\\/\\\/www.ucaldas.edu.co\\\/portal\\\/321-estudiantes-u-de-caldas-le-cumplieron-a-simulacro-virtual-de-elecciones-280\\\/#primaryimage\",\"url\":\"https:\\\/\\\/www.ucaldas.edu.co\\\/portal\\\/wp-content\\\/uploads\\\/2014\\\/03\\\/simulacro.jpg\",\"contentUrl\":\"https:\\\/\\\/www.ucaldas.edu.co\\\/portal\\\/wp-content\\\/uploads\\\/2014\\\/03\\\/simulacro.jpg\"},{\"@type\":\"BreadcrumbList\",\"@id\":\"https:\\\/\\\/www.ucaldas.edu.co\\\/portal\\\/321-estudiantes-u-de-caldas-le-cumplieron-a-simulacro-virtual-de-elecciones-280\\\/#breadcrumb\",\"itemListElement\":[{\"@type\":\"ListItem\",\"position\":1,\"name\":\"Portada\",\"item\":\"https:\\\/\\\/www.ucaldas.edu.co\\\/portal\\\/\"},{\"@type\":\"ListItem\",\"position\":2,\"name\":\"321 estudiantes U. de Caldas le cumplieron a simulacro virtual de elecciones 28\\\/0\"}]},{\"@type\":\"WebSite\",\"@id\":\"https:\\\/\\\/www.ucaldas.edu.co\\\/portal\\\/#website\",\"url\":\"https:\\\/\\\/www.ucaldas.edu.co\\\/portal\\\/\",\"name\":\"Universidad de Caldas\",\"description\":\"\",\"publisher\":{\"@id\":\"https:\\\/\\\/www.ucaldas.edu.co\\\/portal\\\/#organization\"},\"alternateName\":\"U. de Caldas\",\"potentialAction\":[{\"@type\":\"SearchAction\",\"target\":{\"@type\":\"EntryPoint\",\"urlTemplate\":\"https:\\\/\\\/www.ucaldas.edu.co\\\/portal\\\/?s={search_term_string}\"},\"query-input\":{\"@type\":\"PropertyValueSpecification\",\"valueRequired\":true,\"valueName\":\"search_term_string\"}}],\"inLanguage\":\"es\"},{\"@type\":\"Organization\",\"@id\":\"https:\\\/\\\/www.ucaldas.edu.co\\\/portal\\\/#organization\",\"name\":\"Universidad de Caldas\",\"alternateName\":\"U. de Caldas\",\"url\":\"https:\\\/\\\/www.ucaldas.edu.co\\\/portal\\\/\",\"logo\":{\"@type\":\"ImageObject\",\"inLanguage\":\"es\",\"@id\":\"https:\\\/\\\/www.ucaldas.edu.co\\\/portal\\\/#\\\/schema\\\/logo\\\/image\\\/\",\"url\":\"https:\\\/\\\/www.ucaldas.edu.co\\\/portal\\\/wp-content\\\/uploads\\\/2023\\\/11\\\/Logo_horizontal_oscuroU-2023.png\",\"contentUrl\":\"https:\\\/\\\/www.ucaldas.edu.co\\\/portal\\\/wp-content\\\/uploads\\\/2023\\\/11\\\/Logo_horizontal_oscuroU-2023.png\",\"width\":263,\"height\":101,\"caption\":\"Universidad de Caldas\"},\"image\":{\"@id\":\"https:\\\/\\\/www.ucaldas.edu.co\\\/portal\\\/#\\\/schema\\\/logo\\\/image\\\/\"},\"sameAs\":[\"https:\\\/\\\/www.facebook.com\\\/udecaldas\",\"https:\\\/\\\/x.com\\\/udecaldas\",\"https:\\\/\\\/www.youtube.com\\\/universidadcaldas\",\"https:\\\/\\\/www.instagram.com\\\/udecaldas\\\/\"]},{\"@type\":\"Person\",\"@id\":\"https:\\\/\\\/www.ucaldas.edu.co\\\/portal\\\/#\\\/schema\\\/person\\\/a1b482e23449158b4bc319926c074fdf\",\"name\":\"ofiprensa\",\"image\":{\"@type\":\"ImageObject\",\"inLanguage\":\"es\",\"@id\":\"https:\\\/\\\/www.ucaldas.edu.co\\\/portal\\\/wp-content\\\/litespeed\\\/avatar\\\/09ea5085e600095a7a811142c6944527.jpg?ver=1777497608\",\"url\":\"https:\\\/\\\/www.ucaldas.edu.co\\\/portal\\\/wp-content\\\/litespeed\\\/avatar\\\/09ea5085e600095a7a811142c6944527.jpg?ver=1777497608\",\"contentUrl\":\"https:\\\/\\\/www.ucaldas.edu.co\\\/portal\\\/wp-content\\\/litespeed\\\/avatar\\\/09ea5085e600095a7a811142c6944527.jpg?ver=1777497608\",\"caption\":\"ofiprensa\"},\"url\":\"https:\\\/\\\/www.ucaldas.edu.co\\\/portal\\\/author\\\/ofiprensa\\\/\"}]}<\/script>\n<!-- \/ Yoast SEO plugin. -->","yoast_head_json":{"title":"321 estudiantes U. de Caldas le cumplieron a simulacro virtual de elecciones 28\/0 .","robots":{"index":"index","follow":"follow","max-snippet":"max-snippet:-1","max-image-preview":"max-image-preview:large","max-video-preview":"max-video-preview:-1"},"canonical":"https:\/\/www.ucaldas.edu.co\/portal\/321-estudiantes-u-de-caldas-le-cumplieron-a-simulacro-virtual-de-elecciones-280\/","schema":{"@context":"https:\/\/schema.org","@graph":[{"@type":"Article","@id":"https:\/\/www.ucaldas.edu.co\/portal\/321-estudiantes-u-de-caldas-le-cumplieron-a-simulacro-virtual-de-elecciones-280\/#article","isPartOf":{"@id":"https:\/\/www.ucaldas.edu.co\/portal\/321-estudiantes-u-de-caldas-le-cumplieron-a-simulacro-virtual-de-elecciones-280\/"},"author":{"name":"ofiprensa","@id":"https:\/\/www.ucaldas.edu.co\/portal\/#\/schema\/person\/a1b482e23449158b4bc319926c074fdf"},"headline":"321 estudiantes U. de Caldas le cumplieron a simulacro virtual de elecciones 28\/0","datePublished":"2014-03-31T05:07:31+00:00","mainEntityOfPage":{"@id":"https:\/\/www.ucaldas.edu.co\/portal\/321-estudiantes-u-de-caldas-le-cumplieron-a-simulacro-virtual-de-elecciones-280\/"},"wordCount":452,"publisher":{"@id":"https:\/\/www.ucaldas.edu.co\/portal\/#organization"},"image":{"@id":"https:\/\/www.ucaldas.edu.co\/portal\/321-estudiantes-u-de-caldas-le-cumplieron-a-simulacro-virtual-de-elecciones-280\/#primaryimage"},"thumbnailUrl":"https:\/\/www.ucaldas.edu.co\/portal\/wp-content\/uploads\/2014\/03\/simulacro.jpg","keywords":["simulacro","Universidad De Caldas","estudiantes","elecci\u00f3n","Rector","votaciones","consejos"],"articleSection":["Actualidad","Universidad al D\u00eda"],"inLanguage":"es"},{"@type":"WebPage","@id":"https:\/\/www.ucaldas.edu.co\/portal\/321-estudiantes-u-de-caldas-le-cumplieron-a-simulacro-virtual-de-elecciones-280\/","url":"https:\/\/www.ucaldas.edu.co\/portal\/321-estudiantes-u-de-caldas-le-cumplieron-a-simulacro-virtual-de-elecciones-280\/","name":"321 estudiantes U. de Caldas le cumplieron a simulacro virtual de elecciones 28\/0 .","isPartOf":{"@id":"https:\/\/www.ucaldas.edu.co\/portal\/#website"},"primaryImageOfPage":{"@id":"https:\/\/www.ucaldas.edu.co\/portal\/321-estudiantes-u-de-caldas-le-cumplieron-a-simulacro-virtual-de-elecciones-280\/#primaryimage"},"image":{"@id":"https:\/\/www.ucaldas.edu.co\/portal\/321-estudiantes-u-de-caldas-le-cumplieron-a-simulacro-virtual-de-elecciones-280\/#primaryimage"},"thumbnailUrl":"https:\/\/www.ucaldas.edu.co\/portal\/wp-content\/uploads\/2014\/03\/simulacro.jpg","datePublished":"2014-03-31T05:07:31+00:00","breadcrumb":{"@id":"https:\/\/www.ucaldas.edu.co\/portal\/321-estudiantes-u-de-caldas-le-cumplieron-a-simulacro-virtual-de-elecciones-280\/#breadcrumb"},"inLanguage":"es","potentialAction":[{"@type":"ReadAction","target":["https:\/\/www.ucaldas.edu.co\/portal\/321-estudiantes-u-de-caldas-le-cumplieron-a-simulacro-virtual-de-elecciones-280\/"]}]},{"@type":"ImageObject","inLanguage":"es","@id":"https:\/\/www.ucaldas.edu.co\/portal\/321-estudiantes-u-de-caldas-le-cumplieron-a-simulacro-virtual-de-elecciones-280\/#primaryimage","url":"https:\/\/www.ucaldas.edu.co\/portal\/wp-content\/uploads\/2014\/03\/simulacro.jpg","contentUrl":"https:\/\/www.ucaldas.edu.co\/portal\/wp-content\/uploads\/2014\/03\/simulacro.jpg"},{"@type":"BreadcrumbList","@id":"https:\/\/www.ucaldas.edu.co\/portal\/321-estudiantes-u-de-caldas-le-cumplieron-a-simulacro-virtual-de-elecciones-280\/#breadcrumb","itemListElement":[{"@type":"ListItem","position":1,"name":"Portada","item":"https:\/\/www.ucaldas.edu.co\/portal\/"},{"@type":"ListItem","position":2,"name":"321 estudiantes U. de Caldas le cumplieron a simulacro virtual de elecciones 28\/0"}]},{"@type":"WebSite","@id":"https:\/\/www.ucaldas.edu.co\/portal\/#website","url":"https:\/\/www.ucaldas.edu.co\/portal\/","name":"Universidad de Caldas","description":"","publisher":{"@id":"https:\/\/www.ucaldas.edu.co\/portal\/#organization"},"alternateName":"U. de Caldas","potentialAction":[{"@type":"SearchAction","target":{"@type":"EntryPoint","urlTemplate":"https:\/\/www.ucaldas.edu.co\/portal\/?s={search_term_string}"},"query-input":{"@type":"PropertyValueSpecification","valueRequired":true,"valueName":"search_term_string"}}],"inLanguage":"es"},{"@type":"Organization","@id":"https:\/\/www.ucaldas.edu.co\/portal\/#organization","name":"Universidad de Caldas","alternateName":"U. de Caldas","url":"https:\/\/www.ucaldas.edu.co\/portal\/","logo":{"@type":"ImageObject","inLanguage":"es","@id":"https:\/\/www.ucaldas.edu.co\/portal\/#\/schema\/logo\/image\/","url":"https:\/\/www.ucaldas.edu.co\/portal\/wp-content\/uploads\/2023\/11\/Logo_horizontal_oscuroU-2023.png","contentUrl":"https:\/\/www.ucaldas.edu.co\/portal\/wp-content\/uploads\/2023\/11\/Logo_horizontal_oscuroU-2023.png","width":263,"height":101,"caption":"Universidad de Caldas"},"image":{"@id":"https:\/\/www.ucaldas.edu.co\/portal\/#\/schema\/logo\/image\/"},"sameAs":["https:\/\/www.facebook.com\/udecaldas","https:\/\/x.com\/udecaldas","https:\/\/www.youtube.com\/universidadcaldas","https:\/\/www.instagram.com\/udecaldas\/"]},{"@type":"Person","@id":"https:\/\/www.ucaldas.edu.co\/portal\/#\/schema\/person\/a1b482e23449158b4bc319926c074fdf","name":"ofiprensa","image":{"@type":"ImageObject","inLanguage":"es","@id":"https:\/\/www.ucaldas.edu.co\/portal\/wp-content\/litespeed\/avatar\/09ea5085e600095a7a811142c6944527.jpg?ver=1777497608","url":"https:\/\/www.ucaldas.edu.co\/portal\/wp-content\/litespeed\/avatar\/09ea5085e600095a7a811142c6944527.jpg?ver=1777497608","contentUrl":"https:\/\/www.ucaldas.edu.co\/portal\/wp-content\/litespeed\/avatar\/09ea5085e600095a7a811142c6944527.jpg?ver=1777497608","caption":"ofiprensa"},"url":"https:\/\/www.ucaldas.edu.co\/portal\/author\/ofiprensa\/"}]}},"_links":{"self":[{"href":"https:\/\/www.ucaldas.edu.co\/portal\/wp-json\/wp\/v2\/posts\/2642","targetHints":{"allow":["GET"]}}],"collection":[{"href":"https:\/\/www.ucaldas.edu.co\/portal\/wp-json\/wp\/v2\/posts"}],"about":[{"href":"https:\/\/www.ucaldas.edu.co\/portal\/wp-json\/wp\/v2\/types\/post"}],"author":[{"embeddable":true,"href":"https:\/\/www.ucaldas.edu.co\/portal\/wp-json\/wp\/v2\/users\/2"}],"replies":[{"embeddable":true,"href":"https:\/\/www.ucaldas.edu.co\/portal\/wp-json\/wp\/v2\/comments?post=2642"}],"version-history":[{"count":0,"href":"https:\/\/www.ucaldas.edu.co\/portal\/wp-json\/wp\/v2\/posts\/2642\/revisions"}],"wp:attachment":[{"href":"https:\/\/www.ucaldas.edu.co\/portal\/wp-json\/wp\/v2\/media?parent=2642"}],"wp:term":[{"taxonomy":"category","embeddable":true,"href":"https:\/\/www.ucaldas.edu.co\/portal\/wp-json\/wp\/v2\/categories?post=2642"},{"taxonomy":"post_tag","embeddable":true,"href":"https:\/\/www.ucaldas.edu.co\/portal\/wp-json\/wp\/v2\/tags?post=2642"}],"curies":[{"name":"wp","href":"https:\/\/api.w.org\/{rel}","templated":true}]}}