{"id":2430,"date":"2014-03-21T09:10:34","date_gmt":"2014-03-21T14:10:34","guid":{"rendered":"https:\/\/www.ucaldas.edu.co\/portal\/?p=2430"},"modified":"2014-03-21T09:10:34","modified_gmt":"2014-03-21T14:10:34","slug":"u-de-caldas-capacito-a-sus-estudiantes-de-centro-tutorial-de-pereira-sobre-elecciones","status":"publish","type":"post","link":"https:\/\/www.ucaldas.edu.co\/portal\/u-de-caldas-capacito-a-sus-estudiantes-de-centro-tutorial-de-pereira-sobre-elecciones\/","title":{"rendered":"U. de Caldas capacit\u00f3 a sus estudiantes de Centro Tutorial de Pereira, sobre elecciones"},"content":{"rendered":"<p align=\"center\"><span style=\"text-decoration: underline;\">ESTE JUEVES SE REALIZAR\u00c1 OTRO ENCUENTRO EN EL LUGAR<\/span><span style=\"text-decoration: underline;\"><br \/>\n<\/span><b>U. de Caldas capacit\u00f3 a sus estudiantes de Centro Tutorial de Pereira, sobre elecciones<\/b><\/p>\n<p align=\"center\"><img loading=\"lazy\" decoding=\"async\" class=\"alignnone size-full wp-image-2431\" alt=\"pereira\" src=\"https:\/\/www.ucaldas.edu.co\/portal\/wp-content\/uploads\/2014\/03\/pereira.jpg\" width=\"378\" height=\"299\" \/><\/p>\n<table class=\" alignright\" border=\"0\">\n<tbody>\n<tr>\n<td>Foto: Margarita Laverde \/ Prensa U. de Caldas<\/td>\n<\/tr>\n<\/tbody>\n<\/table>\n<p align=\"center\">\n<p align=\"center\">\n<p align=\"right\">20\/3\/2014<\/p>\n<p align=\"right\">Redacci\u00f3n: Margarita Laverde<\/p>\n<p>Con el objetivo de <b>instruir<\/b> y <b>motivar<\/b> la <b>participaci\u00f3n<\/b> de la comunidad universitaria en los <b>procesos<\/b> de <b>elecciones<\/b> de <b>representantes<\/b> y <b>consulta<\/b> para la <b>designaci\u00f3n<\/b> de <b>rector<\/b> de la Universidad de Caldas, se realiz\u00f3 un <b>encuentro<\/b> en el <b>Centro de Tutor\u00edas<\/b> de la Instituci\u00f3n <b>en Pereira<\/b> (Risaralda), el pasado 19 de marzo del 2014.<\/p>\n<p><!--more--><\/p>\n<p>Al evento que cont\u00f3 con la participaci\u00f3n de <b>unos<\/b><b> 100 estudiantes<\/b>, el <b>Jefe de Oficina de Prensa<\/b>, Carlos Eduardo Garc\u00eda Cort\u00e9s, y la <b>Jefe de la Oficina de Egresados<\/b>, Gloria Esperanza Garc\u00eda Quintero, <b>explicaron<\/b> los dos <b>procesos<\/b> electorales y <b>resolvieron<\/b> las <b>dudas<\/b> de los asistentes.<\/p>\n<p>En el encuentro <b>se dispuso de una unidad de trabajo<\/b> y al final de este, los <b>orientadores<\/b> de la reuni\u00f3n <b>brindaron asesor\u00eda<\/b> en la <b>activaci\u00f3n<\/b> de los <b>correos electr\u00f3nicos<\/b> de los estudiantes que participaron, pertenecientes a las facultades de <b>Ciencias para la Salud<\/b> y <b>de Ciencias Jur\u00eddicas y Sociales<\/b>.<\/p>\n<p><b>Hablan los estudiantes de Tecnolog\u00eda en Regencia de Farmacia<\/b><\/p>\n<p><b>Julio C\u00e9sar Giraldo Soto, de tercer semestre <\/b><\/p>\n<p>Me pareci\u00f3 un buen encuentro, pues es una oportunidad de aprender sobre los procesos electorales y participar en ellos.<\/p>\n<p><b>Jorge William Mar\u00edn Tabares, de quinto semestre<\/b><\/p>\n<p>La democracia es muy importante y debemos participar en estos procesos para elegir a nuestros representantes.<\/p>\n<p><b>Maribel Henao Mar\u00edn, de tercer semestre<\/b><\/p>\n<p>Se resolvieron todas las dudas y fue muy bueno conocer sobre las votaciones de nuestra Universidad de Caldas.<\/p>\n<p><b>Marcela L\u00f3pez Salazar, de quinto semestre<\/b><\/p>\n<p>Nos sent\u00edamos olvidados y vemos que ahora verdaderamente hacemos parte de la Instituci\u00f3n. Es importante conocer sobre estos procesos de la Universidad.<\/p>\n<p><a href=\"https:\/\/www.facebook.com\/media\/set\/?set=a.659186884143180.1073742608.107054166023124&amp;type=1&amp;l=4070d64964\">Conozca im\u00e1genes del encuentro en Centro de Tutor\u00edas de Pereira, con egresados, estudiantes y profesores<\/a><\/p>\n<p><b>Para tener en cuenta<\/b><\/p>\n<p><b>Se realizar\u00e1n dos elecciones virtuales<\/b>: la primera el <b>4 de abril<\/b> (para elegir consejos y comit\u00e9s) y la segunda el <b>24 de abril <\/b>(consulta para designaci\u00f3n de rector).<\/p>\n<p><b>Participen<\/b><\/p>\n<p><a href=\"https:\/\/www.ucaldas.edu.co\/portal\/estudiante-u-de-caldas-actualice-su-correo-institucional-y-disfrute-de-beneficios\/\">Estudiantes y profesores, activen su correo institucional<\/a><\/p>\n<p><a href=\"https:\/\/www.ucaldas.edu.co\/portal\/convalidacion-de-datos-para-egresados\/\">Egresados, convaliden sus datos<\/a><\/p>\n<p><b>Nuevo encuentro en Pereira<\/b><\/p>\n<p>Este <b>jueves 20 de marzo<\/b> del 2014 se realizar\u00e1 otra <b>sesi\u00f3n<\/b> en el <b>Centro Tutorial de Pereira<\/b>, con la siguiente agenda de trabajo:<\/p>\n<p>&#8211; Puesto de activaci\u00f3n de correo y validaci\u00f3n de datos: de 6:00 p.m. a 9:00 p.m.<\/p>\n<p>&#8211; Conversatorio con estudiantes y egresados: 7:00 p.m.<\/p>\n<p>&nbsp;<\/p>\n<p align=\"left\"><b>Informes:\u00a0<\/b>Oficina de Prensa U. de Caldas, tel\u00e9fono 878 15 00, extensi\u00f3n 12 167.<\/p>\n<p align=\"left\"><b>\u00a0<\/b><\/p>\n","protected":false},"excerpt":{"rendered":"<p>ESTE JUEVES SE REALIZAR\u00c1 OTRO ENCUENTRO EN EL LUGAR U. de Caldas capacit\u00f3 a sus estudiantes de Centro Tutorial de Pereira, sobre elecciones Foto: Margarita Laverde \/ Prensa U. de Caldas 20\/3\/2014 Redacci\u00f3n: Margarita Laverde Con el objetivo de instruir y motivar la participaci\u00f3n de la comunidad universitaria en los procesos de elecciones de representantes [&hellip;]<\/p>\n","protected":false},"author":2,"featured_media":0,"comment_status":"closed","ping_status":"closed","sticky":false,"template":"","format":"standard","meta":{"footnotes":""},"categories":[48,53],"tags":[646,903,1113,1208,1357,1540,87,95,252],"class_list":["post-2430","post","type-post","status-publish","format-standard","hentry","category-actualidad","category-universidad-al-dia","tag-pereira","tag-rector-u-de-caldas","tag-designacion","tag-elecciones","tag-consulta","tag-centro-de-tutorias","tag-estudiante","tag-universidad-de-caldas","tag-charla"],"yoast_head":"<!-- This site is optimized with the Yoast SEO plugin v27.5 - https:\/\/yoast.com\/product\/yoast-seo-wordpress\/ -->\n<title>U. de Caldas capacit\u00f3 a sus estudiantes de Centro Tutorial de Pereira, sobre elecciones .<\/title>\n<meta name=\"robots\" content=\"index, follow, max-snippet:-1, max-image-preview:large, max-video-preview:-1\" \/>\n<link rel=\"canonical\" href=\"https:\/\/www.ucaldas.edu.co\/portal\/u-de-caldas-capacito-a-sus-estudiantes-de-centro-tutorial-de-pereira-sobre-elecciones\/\" \/>\n<script type=\"application\/ld+json\" class=\"yoast-schema-graph\">{\"@context\":\"https:\\\/\\\/schema.org\",\"@graph\":[{\"@type\":\"Article\",\"@id\":\"https:\\\/\\\/www.ucaldas.edu.co\\\/portal\\\/u-de-caldas-capacito-a-sus-estudiantes-de-centro-tutorial-de-pereira-sobre-elecciones\\\/#article\",\"isPartOf\":{\"@id\":\"https:\\\/\\\/www.ucaldas.edu.co\\\/portal\\\/u-de-caldas-capacito-a-sus-estudiantes-de-centro-tutorial-de-pereira-sobre-elecciones\\\/\"},\"author\":{\"name\":\"ofiprensa\",\"@id\":\"https:\\\/\\\/www.ucaldas.edu.co\\\/portal\\\/#\\\/schema\\\/person\\\/a1b482e23449158b4bc319926c074fdf\"},\"headline\":\"U. de Caldas capacit\u00f3 a sus estudiantes de Centro Tutorial de Pereira, sobre elecciones\",\"datePublished\":\"2014-03-21T14:10:34+00:00\",\"mainEntityOfPage\":{\"@id\":\"https:\\\/\\\/www.ucaldas.edu.co\\\/portal\\\/u-de-caldas-capacito-a-sus-estudiantes-de-centro-tutorial-de-pereira-sobre-elecciones\\\/\"},\"wordCount\":449,\"publisher\":{\"@id\":\"https:\\\/\\\/www.ucaldas.edu.co\\\/portal\\\/#organization\"},\"image\":{\"@id\":\"https:\\\/\\\/www.ucaldas.edu.co\\\/portal\\\/u-de-caldas-capacito-a-sus-estudiantes-de-centro-tutorial-de-pereira-sobre-elecciones\\\/#primaryimage\"},\"thumbnailUrl\":\"https:\\\/\\\/www.ucaldas.edu.co\\\/portal\\\/wp-content\\\/uploads\\\/2014\\\/03\\\/pereira.jpg\",\"keywords\":[\"Pereira\",\"Rector U. de Caldas\",\"Designaci\u00f3n\",\"Elecciones\",\"consulta\",\"Centro de Tutor\u00edas\",\"Estudiante\",\"Universidad De Caldas\",\"charla\"],\"articleSection\":[\"Actualidad\",\"Universidad al D\u00eda\"],\"inLanguage\":\"es\"},{\"@type\":\"WebPage\",\"@id\":\"https:\\\/\\\/www.ucaldas.edu.co\\\/portal\\\/u-de-caldas-capacito-a-sus-estudiantes-de-centro-tutorial-de-pereira-sobre-elecciones\\\/\",\"url\":\"https:\\\/\\\/www.ucaldas.edu.co\\\/portal\\\/u-de-caldas-capacito-a-sus-estudiantes-de-centro-tutorial-de-pereira-sobre-elecciones\\\/\",\"name\":\"U. de Caldas capacit\u00f3 a sus estudiantes de Centro Tutorial de Pereira, sobre elecciones .\",\"isPartOf\":{\"@id\":\"https:\\\/\\\/www.ucaldas.edu.co\\\/portal\\\/#website\"},\"primaryImageOfPage\":{\"@id\":\"https:\\\/\\\/www.ucaldas.edu.co\\\/portal\\\/u-de-caldas-capacito-a-sus-estudiantes-de-centro-tutorial-de-pereira-sobre-elecciones\\\/#primaryimage\"},\"image\":{\"@id\":\"https:\\\/\\\/www.ucaldas.edu.co\\\/portal\\\/u-de-caldas-capacito-a-sus-estudiantes-de-centro-tutorial-de-pereira-sobre-elecciones\\\/#primaryimage\"},\"thumbnailUrl\":\"https:\\\/\\\/www.ucaldas.edu.co\\\/portal\\\/wp-content\\\/uploads\\\/2014\\\/03\\\/pereira.jpg\",\"datePublished\":\"2014-03-21T14:10:34+00:00\",\"breadcrumb\":{\"@id\":\"https:\\\/\\\/www.ucaldas.edu.co\\\/portal\\\/u-de-caldas-capacito-a-sus-estudiantes-de-centro-tutorial-de-pereira-sobre-elecciones\\\/#breadcrumb\"},\"inLanguage\":\"es\",\"potentialAction\":[{\"@type\":\"ReadAction\",\"target\":[\"https:\\\/\\\/www.ucaldas.edu.co\\\/portal\\\/u-de-caldas-capacito-a-sus-estudiantes-de-centro-tutorial-de-pereira-sobre-elecciones\\\/\"]}]},{\"@type\":\"ImageObject\",\"inLanguage\":\"es\",\"@id\":\"https:\\\/\\\/www.ucaldas.edu.co\\\/portal\\\/u-de-caldas-capacito-a-sus-estudiantes-de-centro-tutorial-de-pereira-sobre-elecciones\\\/#primaryimage\",\"url\":\"https:\\\/\\\/www.ucaldas.edu.co\\\/portal\\\/wp-content\\\/uploads\\\/2014\\\/03\\\/pereira.jpg\",\"contentUrl\":\"https:\\\/\\\/www.ucaldas.edu.co\\\/portal\\\/wp-content\\\/uploads\\\/2014\\\/03\\\/pereira.jpg\"},{\"@type\":\"BreadcrumbList\",\"@id\":\"https:\\\/\\\/www.ucaldas.edu.co\\\/portal\\\/u-de-caldas-capacito-a-sus-estudiantes-de-centro-tutorial-de-pereira-sobre-elecciones\\\/#breadcrumb\",\"itemListElement\":[{\"@type\":\"ListItem\",\"position\":1,\"name\":\"Portada\",\"item\":\"https:\\\/\\\/www.ucaldas.edu.co\\\/portal\\\/\"},{\"@type\":\"ListItem\",\"position\":2,\"name\":\"U. de Caldas capacit\u00f3 a sus estudiantes de Centro Tutorial de Pereira, sobre elecciones\"}]},{\"@type\":\"WebSite\",\"@id\":\"https:\\\/\\\/www.ucaldas.edu.co\\\/portal\\\/#website\",\"url\":\"https:\\\/\\\/www.ucaldas.edu.co\\\/portal\\\/\",\"name\":\"Universidad de Caldas\",\"description\":\"\",\"publisher\":{\"@id\":\"https:\\\/\\\/www.ucaldas.edu.co\\\/portal\\\/#organization\"},\"alternateName\":\"U. de Caldas\",\"potentialAction\":[{\"@type\":\"SearchAction\",\"target\":{\"@type\":\"EntryPoint\",\"urlTemplate\":\"https:\\\/\\\/www.ucaldas.edu.co\\\/portal\\\/?s={search_term_string}\"},\"query-input\":{\"@type\":\"PropertyValueSpecification\",\"valueRequired\":true,\"valueName\":\"search_term_string\"}}],\"inLanguage\":\"es\"},{\"@type\":\"Organization\",\"@id\":\"https:\\\/\\\/www.ucaldas.edu.co\\\/portal\\\/#organization\",\"name\":\"Universidad de Caldas\",\"alternateName\":\"U. de Caldas\",\"url\":\"https:\\\/\\\/www.ucaldas.edu.co\\\/portal\\\/\",\"logo\":{\"@type\":\"ImageObject\",\"inLanguage\":\"es\",\"@id\":\"https:\\\/\\\/www.ucaldas.edu.co\\\/portal\\\/#\\\/schema\\\/logo\\\/image\\\/\",\"url\":\"https:\\\/\\\/www.ucaldas.edu.co\\\/portal\\\/wp-content\\\/uploads\\\/2023\\\/11\\\/Logo_horizontal_oscuroU-2023.png\",\"contentUrl\":\"https:\\\/\\\/www.ucaldas.edu.co\\\/portal\\\/wp-content\\\/uploads\\\/2023\\\/11\\\/Logo_horizontal_oscuroU-2023.png\",\"width\":263,\"height\":101,\"caption\":\"Universidad de Caldas\"},\"image\":{\"@id\":\"https:\\\/\\\/www.ucaldas.edu.co\\\/portal\\\/#\\\/schema\\\/logo\\\/image\\\/\"},\"sameAs\":[\"https:\\\/\\\/www.facebook.com\\\/udecaldas\",\"https:\\\/\\\/x.com\\\/udecaldas\",\"https:\\\/\\\/www.youtube.com\\\/universidadcaldas\",\"https:\\\/\\\/www.instagram.com\\\/udecaldas\\\/\"]},{\"@type\":\"Person\",\"@id\":\"https:\\\/\\\/www.ucaldas.edu.co\\\/portal\\\/#\\\/schema\\\/person\\\/a1b482e23449158b4bc319926c074fdf\",\"name\":\"ofiprensa\",\"image\":{\"@type\":\"ImageObject\",\"inLanguage\":\"es\",\"@id\":\"https:\\\/\\\/www.ucaldas.edu.co\\\/portal\\\/wp-content\\\/litespeed\\\/avatar\\\/09ea5085e600095a7a811142c6944527.jpg?ver=1777497608\",\"url\":\"https:\\\/\\\/www.ucaldas.edu.co\\\/portal\\\/wp-content\\\/litespeed\\\/avatar\\\/09ea5085e600095a7a811142c6944527.jpg?ver=1777497608\",\"contentUrl\":\"https:\\\/\\\/www.ucaldas.edu.co\\\/portal\\\/wp-content\\\/litespeed\\\/avatar\\\/09ea5085e600095a7a811142c6944527.jpg?ver=1777497608\",\"caption\":\"ofiprensa\"},\"url\":\"https:\\\/\\\/www.ucaldas.edu.co\\\/portal\\\/author\\\/ofiprensa\\\/\"}]}<\/script>\n<!-- \/ Yoast SEO plugin. -->","yoast_head_json":{"title":"U. de Caldas capacit\u00f3 a sus estudiantes de Centro Tutorial de Pereira, sobre elecciones .","robots":{"index":"index","follow":"follow","max-snippet":"max-snippet:-1","max-image-preview":"max-image-preview:large","max-video-preview":"max-video-preview:-1"},"canonical":"https:\/\/www.ucaldas.edu.co\/portal\/u-de-caldas-capacito-a-sus-estudiantes-de-centro-tutorial-de-pereira-sobre-elecciones\/","schema":{"@context":"https:\/\/schema.org","@graph":[{"@type":"Article","@id":"https:\/\/www.ucaldas.edu.co\/portal\/u-de-caldas-capacito-a-sus-estudiantes-de-centro-tutorial-de-pereira-sobre-elecciones\/#article","isPartOf":{"@id":"https:\/\/www.ucaldas.edu.co\/portal\/u-de-caldas-capacito-a-sus-estudiantes-de-centro-tutorial-de-pereira-sobre-elecciones\/"},"author":{"name":"ofiprensa","@id":"https:\/\/www.ucaldas.edu.co\/portal\/#\/schema\/person\/a1b482e23449158b4bc319926c074fdf"},"headline":"U. de Caldas capacit\u00f3 a sus estudiantes de Centro Tutorial de Pereira, sobre elecciones","datePublished":"2014-03-21T14:10:34+00:00","mainEntityOfPage":{"@id":"https:\/\/www.ucaldas.edu.co\/portal\/u-de-caldas-capacito-a-sus-estudiantes-de-centro-tutorial-de-pereira-sobre-elecciones\/"},"wordCount":449,"publisher":{"@id":"https:\/\/www.ucaldas.edu.co\/portal\/#organization"},"image":{"@id":"https:\/\/www.ucaldas.edu.co\/portal\/u-de-caldas-capacito-a-sus-estudiantes-de-centro-tutorial-de-pereira-sobre-elecciones\/#primaryimage"},"thumbnailUrl":"https:\/\/www.ucaldas.edu.co\/portal\/wp-content\/uploads\/2014\/03\/pereira.jpg","keywords":["Pereira","Rector U. de Caldas","Designaci\u00f3n","Elecciones","consulta","Centro de Tutor\u00edas","Estudiante","Universidad De Caldas","charla"],"articleSection":["Actualidad","Universidad al D\u00eda"],"inLanguage":"es"},{"@type":"WebPage","@id":"https:\/\/www.ucaldas.edu.co\/portal\/u-de-caldas-capacito-a-sus-estudiantes-de-centro-tutorial-de-pereira-sobre-elecciones\/","url":"https:\/\/www.ucaldas.edu.co\/portal\/u-de-caldas-capacito-a-sus-estudiantes-de-centro-tutorial-de-pereira-sobre-elecciones\/","name":"U. de Caldas capacit\u00f3 a sus estudiantes de Centro Tutorial de Pereira, sobre elecciones .","isPartOf":{"@id":"https:\/\/www.ucaldas.edu.co\/portal\/#website"},"primaryImageOfPage":{"@id":"https:\/\/www.ucaldas.edu.co\/portal\/u-de-caldas-capacito-a-sus-estudiantes-de-centro-tutorial-de-pereira-sobre-elecciones\/#primaryimage"},"image":{"@id":"https:\/\/www.ucaldas.edu.co\/portal\/u-de-caldas-capacito-a-sus-estudiantes-de-centro-tutorial-de-pereira-sobre-elecciones\/#primaryimage"},"thumbnailUrl":"https:\/\/www.ucaldas.edu.co\/portal\/wp-content\/uploads\/2014\/03\/pereira.jpg","datePublished":"2014-03-21T14:10:34+00:00","breadcrumb":{"@id":"https:\/\/www.ucaldas.edu.co\/portal\/u-de-caldas-capacito-a-sus-estudiantes-de-centro-tutorial-de-pereira-sobre-elecciones\/#breadcrumb"},"inLanguage":"es","potentialAction":[{"@type":"ReadAction","target":["https:\/\/www.ucaldas.edu.co\/portal\/u-de-caldas-capacito-a-sus-estudiantes-de-centro-tutorial-de-pereira-sobre-elecciones\/"]}]},{"@type":"ImageObject","inLanguage":"es","@id":"https:\/\/www.ucaldas.edu.co\/portal\/u-de-caldas-capacito-a-sus-estudiantes-de-centro-tutorial-de-pereira-sobre-elecciones\/#primaryimage","url":"https:\/\/www.ucaldas.edu.co\/portal\/wp-content\/uploads\/2014\/03\/pereira.jpg","contentUrl":"https:\/\/www.ucaldas.edu.co\/portal\/wp-content\/uploads\/2014\/03\/pereira.jpg"},{"@type":"BreadcrumbList","@id":"https:\/\/www.ucaldas.edu.co\/portal\/u-de-caldas-capacito-a-sus-estudiantes-de-centro-tutorial-de-pereira-sobre-elecciones\/#breadcrumb","itemListElement":[{"@type":"ListItem","position":1,"name":"Portada","item":"https:\/\/www.ucaldas.edu.co\/portal\/"},{"@type":"ListItem","position":2,"name":"U. de Caldas capacit\u00f3 a sus estudiantes de Centro Tutorial de Pereira, sobre elecciones"}]},{"@type":"WebSite","@id":"https:\/\/www.ucaldas.edu.co\/portal\/#website","url":"https:\/\/www.ucaldas.edu.co\/portal\/","name":"Universidad de Caldas","description":"","publisher":{"@id":"https:\/\/www.ucaldas.edu.co\/portal\/#organization"},"alternateName":"U. de Caldas","potentialAction":[{"@type":"SearchAction","target":{"@type":"EntryPoint","urlTemplate":"https:\/\/www.ucaldas.edu.co\/portal\/?s={search_term_string}"},"query-input":{"@type":"PropertyValueSpecification","valueRequired":true,"valueName":"search_term_string"}}],"inLanguage":"es"},{"@type":"Organization","@id":"https:\/\/www.ucaldas.edu.co\/portal\/#organization","name":"Universidad de Caldas","alternateName":"U. de Caldas","url":"https:\/\/www.ucaldas.edu.co\/portal\/","logo":{"@type":"ImageObject","inLanguage":"es","@id":"https:\/\/www.ucaldas.edu.co\/portal\/#\/schema\/logo\/image\/","url":"https:\/\/www.ucaldas.edu.co\/portal\/wp-content\/uploads\/2023\/11\/Logo_horizontal_oscuroU-2023.png","contentUrl":"https:\/\/www.ucaldas.edu.co\/portal\/wp-content\/uploads\/2023\/11\/Logo_horizontal_oscuroU-2023.png","width":263,"height":101,"caption":"Universidad de Caldas"},"image":{"@id":"https:\/\/www.ucaldas.edu.co\/portal\/#\/schema\/logo\/image\/"},"sameAs":["https:\/\/www.facebook.com\/udecaldas","https:\/\/x.com\/udecaldas","https:\/\/www.youtube.com\/universidadcaldas","https:\/\/www.instagram.com\/udecaldas\/"]},{"@type":"Person","@id":"https:\/\/www.ucaldas.edu.co\/portal\/#\/schema\/person\/a1b482e23449158b4bc319926c074fdf","name":"ofiprensa","image":{"@type":"ImageObject","inLanguage":"es","@id":"https:\/\/www.ucaldas.edu.co\/portal\/wp-content\/litespeed\/avatar\/09ea5085e600095a7a811142c6944527.jpg?ver=1777497608","url":"https:\/\/www.ucaldas.edu.co\/portal\/wp-content\/litespeed\/avatar\/09ea5085e600095a7a811142c6944527.jpg?ver=1777497608","contentUrl":"https:\/\/www.ucaldas.edu.co\/portal\/wp-content\/litespeed\/avatar\/09ea5085e600095a7a811142c6944527.jpg?ver=1777497608","caption":"ofiprensa"},"url":"https:\/\/www.ucaldas.edu.co\/portal\/author\/ofiprensa\/"}]}},"_links":{"self":[{"href":"https:\/\/www.ucaldas.edu.co\/portal\/wp-json\/wp\/v2\/posts\/2430","targetHints":{"allow":["GET"]}}],"collection":[{"href":"https:\/\/www.ucaldas.edu.co\/portal\/wp-json\/wp\/v2\/posts"}],"about":[{"href":"https:\/\/www.ucaldas.edu.co\/portal\/wp-json\/wp\/v2\/types\/post"}],"author":[{"embeddable":true,"href":"https:\/\/www.ucaldas.edu.co\/portal\/wp-json\/wp\/v2\/users\/2"}],"replies":[{"embeddable":true,"href":"https:\/\/www.ucaldas.edu.co\/portal\/wp-json\/wp\/v2\/comments?post=2430"}],"version-history":[{"count":0,"href":"https:\/\/www.ucaldas.edu.co\/portal\/wp-json\/wp\/v2\/posts\/2430\/revisions"}],"wp:attachment":[{"href":"https:\/\/www.ucaldas.edu.co\/portal\/wp-json\/wp\/v2\/media?parent=2430"}],"wp:term":[{"taxonomy":"category","embeddable":true,"href":"https:\/\/www.ucaldas.edu.co\/portal\/wp-json\/wp\/v2\/categories?post=2430"},{"taxonomy":"post_tag","embeddable":true,"href":"https:\/\/www.ucaldas.edu.co\/portal\/wp-json\/wp\/v2\/tags?post=2430"}],"curies":[{"name":"wp","href":"https:\/\/api.w.org\/{rel}","templated":true}]}}