{"id":2006,"date":"2014-03-11T18:12:11","date_gmt":"2014-03-11T23:12:11","guid":{"rendered":"https:\/\/www.ucaldas.edu.co\/portal\/?p=2006"},"modified":"2014-03-11T18:12:11","modified_gmt":"2014-03-11T23:12:11","slug":"23-estudiantes-u-de-caldas-seran-embajadores-en-6-paises-por-movilidad-academica","status":"publish","type":"post","link":"https:\/\/www.ucaldas.edu.co\/portal\/23-estudiantes-u-de-caldas-seran-embajadores-en-6-paises-por-movilidad-academica\/","title":{"rendered":"23 estudiantes U. de Caldas ser\u00e1n embajadores  en 6 pa\u00edses, por movilidad acad\u00e9mica"},"content":{"rendered":"<p align=\"center\"><span style=\"text-decoration: underline;\">REPRESENTAR\u00c1N A SEIS PROGRAMAS DE LA INSTITUCI\u00d3N EN EL EXTRANJERO<br \/>\n<\/span><b>23 estudiantes U. de Caldas ser\u00e1n embajadores<br \/>\nen 6 pa\u00edses, por movilidad acad\u00e9mica<br \/>\n<\/b><\/p>\n<p align=\"right\">12\/2\/2014<\/p>\n<p align=\"right\">Redacci\u00f3n: Margarita Laverde<\/p>\n<p><b>Argentina, Brasil, Chile, M\u00e9xico, Polonia y Espa\u00f1a<\/b> ser\u00e1n los <b>pa\u00edses destino de 23 estudiantes<\/b> de tres facultades de la <b>Universidad de Caldas<\/b>. Los alumnos ser\u00e1n los embajadores de la Instituci\u00f3n y Colombia este 2014-1.<\/p>\n<p><!--more--><\/p>\n<p>La Oficina de Internacionalizaci\u00f3n de la U. de Caldas realiz\u00f3 un acto de despedida el pasado 11 de febrero del 2014 para los j\u00f3venes, quienes <b>representar\u00e1n a seis programas<\/b> de la Instituci\u00f3n <b>en ocho universidades<\/b> y <b>un centro hospitalario<\/b> de los pa\u00edses mencionados.<\/p>\n<p>Paula Andrea Henao Ruiz, <b>Asesora de Rector\u00eda de la U. de Caldas, en Internacionalizaci\u00f3n, <\/b>expres\u00f3: \u201cesta vez tenemos en movilidad a muchos estudiantes de la Facultad de Ciencias para la Salud. Lo m\u00e1s importante es que sepan que <b>ser\u00e1n embajadores, as\u00ed que el mensaje es de mucha responsabilidad<\/b>\u201d.<\/p>\n<p>El <b>Rector (e) de la Instituci\u00f3n<\/b>, Carlos Alberto Ospina Herrera, presidi\u00f3 el acto y dijo: \u201ccomienza una aventura personal antes que nada e intelectual y acad\u00e9mica en otro sentido. El hecho de estar en contacto con otra cultura nos permite conocer otras visiones del mundo, ustedes comienzan a ser ciudadanos del mundo y eso enriquece lo que somos como personas\u201d.<\/p>\n<p>Ospina Herrera <b>anunci\u00f3 <\/b>los<b> cinco ganadores <\/b>del<b> Programa de Becas Iberoam\u00e9rica<\/b> de <b>Banco Santander<\/b>, que fueron postulados por la U. de Caldas por su desempe\u00f1o acad\u00e9mico.<\/p>\n<p><b>Ser los mejores s\u00ed da frutos<\/b><\/p>\n<p><b>Federico Mart\u00ednez Seidel, estudiante de Ingenier\u00eda Agron\u00f3mica rumbo a Argentina<\/b><\/p>\n<p>Realizar\u00e9 la profundizaci\u00f3n de mi carrera en Argentina. Ser\u00e1 una experiencia muy importante desde el punto de vista acad\u00e9mica y personal. Podr\u00e9 desenvolverme en una realidad distinta.<\/p>\n<p><b>Victoria Eugenia Cajas Bravo, estudiante de Medicina rumbo a M\u00e9xico<\/b><\/p>\n<p>Este ser\u00e1 un intercambio tanto cultural como de conocimientos, que nos enriquece a todos. Adem\u00e1s, podremos representar a nuestra Universidad en otros pa\u00edses.<\/p>\n<p><a href=\"https:\/\/www.facebook.com\/media\/set\/?set=a.642251775836691.1073742523.107054166023124&amp;type=1&amp;l=9172a833fd\">Conozca im\u00e1genes de la despedida de estudiantes en movilidad acad\u00e9mica 2014-1<\/a><\/p>\n<p>&nbsp;<\/p>\n<p><b>Informes:<\/b> Oficina de Internacionalizaci\u00f3n, tel\u00e9fono 878 15 00 extensi\u00f3n 12 169.<\/p>\n<p><b>\u00a0<\/b><\/p>\n","protected":false},"excerpt":{"rendered":"<p>REPRESENTAR\u00c1N A SEIS PROGRAMAS DE LA INSTITUCI\u00d3N EN EL EXTRANJERO 23 estudiantes U. de Caldas ser\u00e1n embajadores en 6 pa\u00edses, por movilidad acad\u00e9mica 12\/2\/2014 Redacci\u00f3n: Margarita Laverde Argentina, Brasil, Chile, M\u00e9xico, Polonia y Espa\u00f1a ser\u00e1n los pa\u00edses destino de 23 estudiantes de tres facultades de la Universidad de Caldas. Los alumnos ser\u00e1n los embajadores de [&hellip;]<\/p>\n","protected":false},"author":2,"featured_media":0,"comment_status":"closed","ping_status":"closed","sticky":false,"template":"","format":"standard","meta":{"footnotes":""},"categories":[48,53],"tags":[1093,1094,1206,87,95,109,138,270,325,366,447,939],"class_list":["post-2006","post","type-post","status-publish","format-standard","hentry","category-actualidad","category-universidad-al-dia","tag-argentina","tag-brasil","tag-polonia","tag-estudiante","tag-universidad-de-caldas","tag-chile","tag-mexico","tag-internacionalizacion","tag-despedida","tag-espana","tag-movilidad-academica","tag-intercambio"],"yoast_head":"<!-- This site is optimized with the Yoast SEO plugin v27.5 - https:\/\/yoast.com\/product\/yoast-seo-wordpress\/ -->\n<title>23 estudiantes U. de Caldas ser\u00e1n embajadores en 6 pa\u00edses, por movilidad acad\u00e9mica .<\/title>\n<meta name=\"robots\" content=\"index, follow, max-snippet:-1, max-image-preview:large, max-video-preview:-1\" \/>\n<link rel=\"canonical\" href=\"https:\/\/www.ucaldas.edu.co\/portal\/23-estudiantes-u-de-caldas-seran-embajadores-en-6-paises-por-movilidad-academica\/\" \/>\n<script type=\"application\/ld+json\" class=\"yoast-schema-graph\">{\"@context\":\"https:\\\/\\\/schema.org\",\"@graph\":[{\"@type\":\"Article\",\"@id\":\"https:\\\/\\\/www.ucaldas.edu.co\\\/portal\\\/23-estudiantes-u-de-caldas-seran-embajadores-en-6-paises-por-movilidad-academica\\\/#article\",\"isPartOf\":{\"@id\":\"https:\\\/\\\/www.ucaldas.edu.co\\\/portal\\\/23-estudiantes-u-de-caldas-seran-embajadores-en-6-paises-por-movilidad-academica\\\/\"},\"author\":{\"name\":\"ofiprensa\",\"@id\":\"https:\\\/\\\/www.ucaldas.edu.co\\\/portal\\\/#\\\/schema\\\/person\\\/a1b482e23449158b4bc319926c074fdf\"},\"headline\":\"23 estudiantes U. de Caldas ser\u00e1n embajadores en 6 pa\u00edses, por movilidad acad\u00e9mica\",\"datePublished\":\"2014-03-11T23:12:11+00:00\",\"mainEntityOfPage\":{\"@id\":\"https:\\\/\\\/www.ucaldas.edu.co\\\/portal\\\/23-estudiantes-u-de-caldas-seran-embajadores-en-6-paises-por-movilidad-academica\\\/\"},\"wordCount\":379,\"publisher\":{\"@id\":\"https:\\\/\\\/www.ucaldas.edu.co\\\/portal\\\/#organization\"},\"keywords\":[\"Argentina\",\"Brasil\",\"Polonia\",\"Estudiante\",\"Universidad De Caldas\",\"Chile\",\"M\u00e9xico\",\"Internacionalizaci\u00f3n\",\"Despedida\",\"Espa\u00f1a\",\"movilidad acad\u00e9mica\",\"intercambio\"],\"articleSection\":[\"Actualidad\",\"Universidad al D\u00eda\"],\"inLanguage\":\"es\"},{\"@type\":\"WebPage\",\"@id\":\"https:\\\/\\\/www.ucaldas.edu.co\\\/portal\\\/23-estudiantes-u-de-caldas-seran-embajadores-en-6-paises-por-movilidad-academica\\\/\",\"url\":\"https:\\\/\\\/www.ucaldas.edu.co\\\/portal\\\/23-estudiantes-u-de-caldas-seran-embajadores-en-6-paises-por-movilidad-academica\\\/\",\"name\":\"23 estudiantes U. de Caldas ser\u00e1n embajadores en 6 pa\u00edses, por movilidad acad\u00e9mica .\",\"isPartOf\":{\"@id\":\"https:\\\/\\\/www.ucaldas.edu.co\\\/portal\\\/#website\"},\"datePublished\":\"2014-03-11T23:12:11+00:00\",\"breadcrumb\":{\"@id\":\"https:\\\/\\\/www.ucaldas.edu.co\\\/portal\\\/23-estudiantes-u-de-caldas-seran-embajadores-en-6-paises-por-movilidad-academica\\\/#breadcrumb\"},\"inLanguage\":\"es\",\"potentialAction\":[{\"@type\":\"ReadAction\",\"target\":[\"https:\\\/\\\/www.ucaldas.edu.co\\\/portal\\\/23-estudiantes-u-de-caldas-seran-embajadores-en-6-paises-por-movilidad-academica\\\/\"]}]},{\"@type\":\"BreadcrumbList\",\"@id\":\"https:\\\/\\\/www.ucaldas.edu.co\\\/portal\\\/23-estudiantes-u-de-caldas-seran-embajadores-en-6-paises-por-movilidad-academica\\\/#breadcrumb\",\"itemListElement\":[{\"@type\":\"ListItem\",\"position\":1,\"name\":\"Portada\",\"item\":\"https:\\\/\\\/www.ucaldas.edu.co\\\/portal\\\/\"},{\"@type\":\"ListItem\",\"position\":2,\"name\":\"23 estudiantes U. de Caldas ser\u00e1n embajadores en 6 pa\u00edses, por movilidad acad\u00e9mica\"}]},{\"@type\":\"WebSite\",\"@id\":\"https:\\\/\\\/www.ucaldas.edu.co\\\/portal\\\/#website\",\"url\":\"https:\\\/\\\/www.ucaldas.edu.co\\\/portal\\\/\",\"name\":\"Universidad de Caldas\",\"description\":\"\",\"publisher\":{\"@id\":\"https:\\\/\\\/www.ucaldas.edu.co\\\/portal\\\/#organization\"},\"alternateName\":\"U. de Caldas\",\"potentialAction\":[{\"@type\":\"SearchAction\",\"target\":{\"@type\":\"EntryPoint\",\"urlTemplate\":\"https:\\\/\\\/www.ucaldas.edu.co\\\/portal\\\/?s={search_term_string}\"},\"query-input\":{\"@type\":\"PropertyValueSpecification\",\"valueRequired\":true,\"valueName\":\"search_term_string\"}}],\"inLanguage\":\"es\"},{\"@type\":\"Organization\",\"@id\":\"https:\\\/\\\/www.ucaldas.edu.co\\\/portal\\\/#organization\",\"name\":\"Universidad de Caldas\",\"alternateName\":\"U. de Caldas\",\"url\":\"https:\\\/\\\/www.ucaldas.edu.co\\\/portal\\\/\",\"logo\":{\"@type\":\"ImageObject\",\"inLanguage\":\"es\",\"@id\":\"https:\\\/\\\/www.ucaldas.edu.co\\\/portal\\\/#\\\/schema\\\/logo\\\/image\\\/\",\"url\":\"https:\\\/\\\/www.ucaldas.edu.co\\\/portal\\\/wp-content\\\/uploads\\\/2023\\\/11\\\/Logo_horizontal_oscuroU-2023.png\",\"contentUrl\":\"https:\\\/\\\/www.ucaldas.edu.co\\\/portal\\\/wp-content\\\/uploads\\\/2023\\\/11\\\/Logo_horizontal_oscuroU-2023.png\",\"width\":263,\"height\":101,\"caption\":\"Universidad de Caldas\"},\"image\":{\"@id\":\"https:\\\/\\\/www.ucaldas.edu.co\\\/portal\\\/#\\\/schema\\\/logo\\\/image\\\/\"},\"sameAs\":[\"https:\\\/\\\/www.facebook.com\\\/udecaldas\",\"https:\\\/\\\/x.com\\\/udecaldas\",\"https:\\\/\\\/www.youtube.com\\\/universidadcaldas\",\"https:\\\/\\\/www.instagram.com\\\/udecaldas\\\/\"]},{\"@type\":\"Person\",\"@id\":\"https:\\\/\\\/www.ucaldas.edu.co\\\/portal\\\/#\\\/schema\\\/person\\\/a1b482e23449158b4bc319926c074fdf\",\"name\":\"ofiprensa\",\"image\":{\"@type\":\"ImageObject\",\"inLanguage\":\"es\",\"@id\":\"https:\\\/\\\/www.ucaldas.edu.co\\\/portal\\\/wp-content\\\/litespeed\\\/avatar\\\/09ea5085e600095a7a811142c6944527.jpg?ver=1776892805\",\"url\":\"https:\\\/\\\/www.ucaldas.edu.co\\\/portal\\\/wp-content\\\/litespeed\\\/avatar\\\/09ea5085e600095a7a811142c6944527.jpg?ver=1776892805\",\"contentUrl\":\"https:\\\/\\\/www.ucaldas.edu.co\\\/portal\\\/wp-content\\\/litespeed\\\/avatar\\\/09ea5085e600095a7a811142c6944527.jpg?ver=1776892805\",\"caption\":\"ofiprensa\"},\"url\":\"https:\\\/\\\/www.ucaldas.edu.co\\\/portal\\\/author\\\/ofiprensa\\\/\"}]}<\/script>\n<!-- \/ Yoast SEO plugin. -->","yoast_head_json":{"title":"23 estudiantes U. de Caldas ser\u00e1n embajadores en 6 pa\u00edses, por movilidad acad\u00e9mica .","robots":{"index":"index","follow":"follow","max-snippet":"max-snippet:-1","max-image-preview":"max-image-preview:large","max-video-preview":"max-video-preview:-1"},"canonical":"https:\/\/www.ucaldas.edu.co\/portal\/23-estudiantes-u-de-caldas-seran-embajadores-en-6-paises-por-movilidad-academica\/","schema":{"@context":"https:\/\/schema.org","@graph":[{"@type":"Article","@id":"https:\/\/www.ucaldas.edu.co\/portal\/23-estudiantes-u-de-caldas-seran-embajadores-en-6-paises-por-movilidad-academica\/#article","isPartOf":{"@id":"https:\/\/www.ucaldas.edu.co\/portal\/23-estudiantes-u-de-caldas-seran-embajadores-en-6-paises-por-movilidad-academica\/"},"author":{"name":"ofiprensa","@id":"https:\/\/www.ucaldas.edu.co\/portal\/#\/schema\/person\/a1b482e23449158b4bc319926c074fdf"},"headline":"23 estudiantes U. de Caldas ser\u00e1n embajadores en 6 pa\u00edses, por movilidad acad\u00e9mica","datePublished":"2014-03-11T23:12:11+00:00","mainEntityOfPage":{"@id":"https:\/\/www.ucaldas.edu.co\/portal\/23-estudiantes-u-de-caldas-seran-embajadores-en-6-paises-por-movilidad-academica\/"},"wordCount":379,"publisher":{"@id":"https:\/\/www.ucaldas.edu.co\/portal\/#organization"},"keywords":["Argentina","Brasil","Polonia","Estudiante","Universidad De Caldas","Chile","M\u00e9xico","Internacionalizaci\u00f3n","Despedida","Espa\u00f1a","movilidad acad\u00e9mica","intercambio"],"articleSection":["Actualidad","Universidad al D\u00eda"],"inLanguage":"es"},{"@type":"WebPage","@id":"https:\/\/www.ucaldas.edu.co\/portal\/23-estudiantes-u-de-caldas-seran-embajadores-en-6-paises-por-movilidad-academica\/","url":"https:\/\/www.ucaldas.edu.co\/portal\/23-estudiantes-u-de-caldas-seran-embajadores-en-6-paises-por-movilidad-academica\/","name":"23 estudiantes U. de Caldas ser\u00e1n embajadores en 6 pa\u00edses, por movilidad acad\u00e9mica .","isPartOf":{"@id":"https:\/\/www.ucaldas.edu.co\/portal\/#website"},"datePublished":"2014-03-11T23:12:11+00:00","breadcrumb":{"@id":"https:\/\/www.ucaldas.edu.co\/portal\/23-estudiantes-u-de-caldas-seran-embajadores-en-6-paises-por-movilidad-academica\/#breadcrumb"},"inLanguage":"es","potentialAction":[{"@type":"ReadAction","target":["https:\/\/www.ucaldas.edu.co\/portal\/23-estudiantes-u-de-caldas-seran-embajadores-en-6-paises-por-movilidad-academica\/"]}]},{"@type":"BreadcrumbList","@id":"https:\/\/www.ucaldas.edu.co\/portal\/23-estudiantes-u-de-caldas-seran-embajadores-en-6-paises-por-movilidad-academica\/#breadcrumb","itemListElement":[{"@type":"ListItem","position":1,"name":"Portada","item":"https:\/\/www.ucaldas.edu.co\/portal\/"},{"@type":"ListItem","position":2,"name":"23 estudiantes U. de Caldas ser\u00e1n embajadores en 6 pa\u00edses, por movilidad acad\u00e9mica"}]},{"@type":"WebSite","@id":"https:\/\/www.ucaldas.edu.co\/portal\/#website","url":"https:\/\/www.ucaldas.edu.co\/portal\/","name":"Universidad de Caldas","description":"","publisher":{"@id":"https:\/\/www.ucaldas.edu.co\/portal\/#organization"},"alternateName":"U. de Caldas","potentialAction":[{"@type":"SearchAction","target":{"@type":"EntryPoint","urlTemplate":"https:\/\/www.ucaldas.edu.co\/portal\/?s={search_term_string}"},"query-input":{"@type":"PropertyValueSpecification","valueRequired":true,"valueName":"search_term_string"}}],"inLanguage":"es"},{"@type":"Organization","@id":"https:\/\/www.ucaldas.edu.co\/portal\/#organization","name":"Universidad de Caldas","alternateName":"U. de Caldas","url":"https:\/\/www.ucaldas.edu.co\/portal\/","logo":{"@type":"ImageObject","inLanguage":"es","@id":"https:\/\/www.ucaldas.edu.co\/portal\/#\/schema\/logo\/image\/","url":"https:\/\/www.ucaldas.edu.co\/portal\/wp-content\/uploads\/2023\/11\/Logo_horizontal_oscuroU-2023.png","contentUrl":"https:\/\/www.ucaldas.edu.co\/portal\/wp-content\/uploads\/2023\/11\/Logo_horizontal_oscuroU-2023.png","width":263,"height":101,"caption":"Universidad de Caldas"},"image":{"@id":"https:\/\/www.ucaldas.edu.co\/portal\/#\/schema\/logo\/image\/"},"sameAs":["https:\/\/www.facebook.com\/udecaldas","https:\/\/x.com\/udecaldas","https:\/\/www.youtube.com\/universidadcaldas","https:\/\/www.instagram.com\/udecaldas\/"]},{"@type":"Person","@id":"https:\/\/www.ucaldas.edu.co\/portal\/#\/schema\/person\/a1b482e23449158b4bc319926c074fdf","name":"ofiprensa","image":{"@type":"ImageObject","inLanguage":"es","@id":"https:\/\/www.ucaldas.edu.co\/portal\/wp-content\/litespeed\/avatar\/09ea5085e600095a7a811142c6944527.jpg?ver=1776892805","url":"https:\/\/www.ucaldas.edu.co\/portal\/wp-content\/litespeed\/avatar\/09ea5085e600095a7a811142c6944527.jpg?ver=1776892805","contentUrl":"https:\/\/www.ucaldas.edu.co\/portal\/wp-content\/litespeed\/avatar\/09ea5085e600095a7a811142c6944527.jpg?ver=1776892805","caption":"ofiprensa"},"url":"https:\/\/www.ucaldas.edu.co\/portal\/author\/ofiprensa\/"}]}},"_links":{"self":[{"href":"https:\/\/www.ucaldas.edu.co\/portal\/wp-json\/wp\/v2\/posts\/2006","targetHints":{"allow":["GET"]}}],"collection":[{"href":"https:\/\/www.ucaldas.edu.co\/portal\/wp-json\/wp\/v2\/posts"}],"about":[{"href":"https:\/\/www.ucaldas.edu.co\/portal\/wp-json\/wp\/v2\/types\/post"}],"author":[{"embeddable":true,"href":"https:\/\/www.ucaldas.edu.co\/portal\/wp-json\/wp\/v2\/users\/2"}],"replies":[{"embeddable":true,"href":"https:\/\/www.ucaldas.edu.co\/portal\/wp-json\/wp\/v2\/comments?post=2006"}],"version-history":[{"count":0,"href":"https:\/\/www.ucaldas.edu.co\/portal\/wp-json\/wp\/v2\/posts\/2006\/revisions"}],"wp:attachment":[{"href":"https:\/\/www.ucaldas.edu.co\/portal\/wp-json\/wp\/v2\/media?parent=2006"}],"wp:term":[{"taxonomy":"category","embeddable":true,"href":"https:\/\/www.ucaldas.edu.co\/portal\/wp-json\/wp\/v2\/categories?post=2006"},{"taxonomy":"post_tag","embeddable":true,"href":"https:\/\/www.ucaldas.edu.co\/portal\/wp-json\/wp\/v2\/tags?post=2006"}],"curies":[{"name":"wp","href":"https:\/\/api.w.org\/{rel}","templated":true}]}}