{"id":1896,"date":"2014-03-08T08:34:55","date_gmt":"2014-03-08T13:34:55","guid":{"rendered":"https:\/\/www.ucaldas.edu.co\/portal\/?p=1896"},"modified":"2014-03-08T08:34:55","modified_gmt":"2014-03-08T13:34:55","slug":"docente-hablo-de-transformaciones-del-conocimiento","status":"publish","type":"post","link":"https:\/\/www.ucaldas.edu.co\/portal\/docente-hablo-de-transformaciones-del-conocimiento\/","title":{"rendered":"Docente habl\u00f3 de transformaciones del conocimiento"},"content":{"rendered":"<p align=\"center\"><span style=\"text-decoration: underline;\">EN EL CICLO DE CONFERENCIAS DE FILOSOF\u00cdA EN LA CIUDAD <\/span><\/p>\n<p align=\"center\"><b>Docente U. de Caldas expuso sobre la filosof\u00eda y las transformaciones del conocimiento<\/b><\/p>\n<p align=\"center\"><img loading=\"lazy\" decoding=\"async\" class=\"alignnone size-full wp-image-1897\" alt=\"filosofia\" src=\"https:\/\/www.ucaldas.edu.co\/portal\/wp-content\/uploads\/2014\/03\/filosofia.jpg\" width=\"378\" height=\"298\" \/><\/p>\n<table class=\" alignright\" border=\"0\">\n<tbody>\n<tr>\n<td>Foto: Margarita Laverde \/ Prensa U. de Caldas<\/td>\n<\/tr>\n<\/tbody>\n<\/table>\n<p align=\"right\">07\/3\/2014<\/p>\n<p align=\"right\">Redacci\u00f3n: Laura S\u00e1nchez Largo<\/p>\n<p>Comenz\u00f3 el <b>Ciclo de Conferencias de Filosof\u00eda en la Ciudad<\/b> con la intervenci\u00f3n <b><i>Filosof\u00eda 2.0: las sociedades del conocimiento<\/i><\/b>. El certamen lo organiza el \u00a0Departamento de Filosof\u00eda de la Facultad de Artes y Humanidades de la Universidad de Caldas y la Sede Cultural del Banco de la Rep\u00fablica.<\/p>\n<p><!--more--><\/p>\n<p>El pasado 6 de marzo del 2014, el docente Adolfo Le\u00f3n Grisales Vargas, de dicho departamento, orient\u00f3 la charla y reflexion\u00f3 sobre el <b>papel que le queda a la filosof\u00eda despu\u00e9s de las transformaciones del conocimiento<\/b> durante la historia.<\/p>\n<p>Para el docente el conocimiento ya no representa barreras sociales. En cambio, se convirti\u00f3 en un <b>asunto colaborativo<\/b>, un <b>mediador entre las distintas formas del saber<\/b>, que adem\u00e1s las aproxima.<\/p>\n<p>El evento se realiz\u00f3 en la Sala M\u00faltiple del Banco de la Rep\u00fablica.<\/p>\n<p>&nbsp;<\/p>\n<p><a href=\"https:\/\/www.facebook.com\/media\/set\/?set=a.653284814733387.1073742568.107054166023124&amp;type=1\">Conozca im\u00e1genes de la primera charla del ciclo Filosof\u00eda en la ciudad<\/a><\/p>\n<p><a href=\"http:\/\/ucaldas.edu.co\/images\/tmp\/2014\/FILOSOFIA%202.O%20LAS%20SOCIEDADES%20DEL%20CONOCIMIENTO.pdf\">Lea el documento sobre <i>Filosof\u00eda 2.0: las sociedades del conocimiento<\/i>, realizado por el profesor Adolfo Le\u00f3n Grisales Vargas<\/a><\/p>\n<p>&nbsp;<\/p>\n<p><b>Informes:<\/b> Departamento de Filosof\u00eda, tel\u00e9fono 886 27 20 extensi\u00f3n 21 151.<\/p>\n<p><b>\u00a0<\/b><\/p>\n","protected":false},"excerpt":{"rendered":"<p>EN EL CICLO DE CONFERENCIAS DE FILOSOF\u00cdA EN LA CIUDAD Docente U. de Caldas expuso sobre la filosof\u00eda y las transformaciones del conocimiento Foto: Margarita Laverde \/ Prensa U. de Caldas 07\/3\/2014 Redacci\u00f3n: Laura S\u00e1nchez Largo Comenz\u00f3 el Ciclo de Conferencias de Filosof\u00eda en la Ciudad con la intervenci\u00f3n Filosof\u00eda 2.0: las sociedades del conocimiento. [&hellip;]<\/p>\n","protected":false},"author":2,"featured_media":0,"comment_status":"closed","ping_status":"open","sticky":false,"template":"","format":"standard","meta":{"footnotes":""},"categories":[48,53],"tags":[1253,1254,1445,1446,1447,95,235,585,1060],"class_list":["post-1896","post","type-post","status-publish","format-standard","hentry","category-actualidad","category-universidad-al-dia","tag-banco-de-la-republica","tag-facultad-de-artes-y-humanidades","tag-filosofia-en-la-ciudad","tag-sociedad-del-conocimiento","tag-transformacion","tag-universidad-de-caldas","tag-filosofia","tag-departamento-de-filosofia","tag-conocimiento"],"yoast_head":"<!-- This site is optimized with the Yoast SEO plugin v27.5 - https:\/\/yoast.com\/product\/yoast-seo-wordpress\/ -->\n<title>Docente habl\u00f3 de transformaciones del conocimiento .<\/title>\n<meta name=\"robots\" content=\"index, follow, max-snippet:-1, max-image-preview:large, max-video-preview:-1\" \/>\n<link rel=\"canonical\" href=\"https:\/\/www.ucaldas.edu.co\/portal\/docente-hablo-de-transformaciones-del-conocimiento\/\" \/>\n<script type=\"application\/ld+json\" class=\"yoast-schema-graph\">{\"@context\":\"https:\\\/\\\/schema.org\",\"@graph\":[{\"@type\":\"Article\",\"@id\":\"https:\\\/\\\/www.ucaldas.edu.co\\\/portal\\\/docente-hablo-de-transformaciones-del-conocimiento\\\/#article\",\"isPartOf\":{\"@id\":\"https:\\\/\\\/www.ucaldas.edu.co\\\/portal\\\/docente-hablo-de-transformaciones-del-conocimiento\\\/\"},\"author\":{\"name\":\"ofiprensa\",\"@id\":\"https:\\\/\\\/www.ucaldas.edu.co\\\/portal\\\/#\\\/schema\\\/person\\\/a1b482e23449158b4bc319926c074fdf\"},\"headline\":\"Docente habl\u00f3 de transformaciones del conocimiento\",\"datePublished\":\"2014-03-08T13:34:55+00:00\",\"mainEntityOfPage\":{\"@id\":\"https:\\\/\\\/www.ucaldas.edu.co\\\/portal\\\/docente-hablo-de-transformaciones-del-conocimiento\\\/\"},\"wordCount\":226,\"publisher\":{\"@id\":\"https:\\\/\\\/www.ucaldas.edu.co\\\/portal\\\/#organization\"},\"image\":{\"@id\":\"https:\\\/\\\/www.ucaldas.edu.co\\\/portal\\\/docente-hablo-de-transformaciones-del-conocimiento\\\/#primaryimage\"},\"thumbnailUrl\":\"https:\\\/\\\/www.ucaldas.edu.co\\\/portal\\\/wp-content\\\/uploads\\\/2014\\\/03\\\/filosofia.jpg\",\"keywords\":[\"Banco de la Rep\u00fablica\",\"Facultad de Artes y Humanidades\",\"Filosof\u00eda en la ciudad\",\"sociedad del conocimiento\",\"transformaci\u00f3n\",\"Universidad De Caldas\",\"filosof\u00eda\",\"Departamento de Filosof\u00eda\",\"conocimiento\"],\"articleSection\":[\"Actualidad\",\"Universidad al D\u00eda\"],\"inLanguage\":\"es\"},{\"@type\":\"WebPage\",\"@id\":\"https:\\\/\\\/www.ucaldas.edu.co\\\/portal\\\/docente-hablo-de-transformaciones-del-conocimiento\\\/\",\"url\":\"https:\\\/\\\/www.ucaldas.edu.co\\\/portal\\\/docente-hablo-de-transformaciones-del-conocimiento\\\/\",\"name\":\"Docente habl\u00f3 de transformaciones del conocimiento .\",\"isPartOf\":{\"@id\":\"https:\\\/\\\/www.ucaldas.edu.co\\\/portal\\\/#website\"},\"primaryImageOfPage\":{\"@id\":\"https:\\\/\\\/www.ucaldas.edu.co\\\/portal\\\/docente-hablo-de-transformaciones-del-conocimiento\\\/#primaryimage\"},\"image\":{\"@id\":\"https:\\\/\\\/www.ucaldas.edu.co\\\/portal\\\/docente-hablo-de-transformaciones-del-conocimiento\\\/#primaryimage\"},\"thumbnailUrl\":\"https:\\\/\\\/www.ucaldas.edu.co\\\/portal\\\/wp-content\\\/uploads\\\/2014\\\/03\\\/filosofia.jpg\",\"datePublished\":\"2014-03-08T13:34:55+00:00\",\"breadcrumb\":{\"@id\":\"https:\\\/\\\/www.ucaldas.edu.co\\\/portal\\\/docente-hablo-de-transformaciones-del-conocimiento\\\/#breadcrumb\"},\"inLanguage\":\"es\",\"potentialAction\":[{\"@type\":\"ReadAction\",\"target\":[\"https:\\\/\\\/www.ucaldas.edu.co\\\/portal\\\/docente-hablo-de-transformaciones-del-conocimiento\\\/\"]}]},{\"@type\":\"ImageObject\",\"inLanguage\":\"es\",\"@id\":\"https:\\\/\\\/www.ucaldas.edu.co\\\/portal\\\/docente-hablo-de-transformaciones-del-conocimiento\\\/#primaryimage\",\"url\":\"https:\\\/\\\/www.ucaldas.edu.co\\\/portal\\\/wp-content\\\/uploads\\\/2014\\\/03\\\/filosofia.jpg\",\"contentUrl\":\"https:\\\/\\\/www.ucaldas.edu.co\\\/portal\\\/wp-content\\\/uploads\\\/2014\\\/03\\\/filosofia.jpg\"},{\"@type\":\"BreadcrumbList\",\"@id\":\"https:\\\/\\\/www.ucaldas.edu.co\\\/portal\\\/docente-hablo-de-transformaciones-del-conocimiento\\\/#breadcrumb\",\"itemListElement\":[{\"@type\":\"ListItem\",\"position\":1,\"name\":\"Portada\",\"item\":\"https:\\\/\\\/www.ucaldas.edu.co\\\/portal\\\/\"},{\"@type\":\"ListItem\",\"position\":2,\"name\":\"Docente habl\u00f3 de transformaciones del conocimiento\"}]},{\"@type\":\"WebSite\",\"@id\":\"https:\\\/\\\/www.ucaldas.edu.co\\\/portal\\\/#website\",\"url\":\"https:\\\/\\\/www.ucaldas.edu.co\\\/portal\\\/\",\"name\":\"Universidad de Caldas\",\"description\":\"\",\"publisher\":{\"@id\":\"https:\\\/\\\/www.ucaldas.edu.co\\\/portal\\\/#organization\"},\"alternateName\":\"U. de Caldas\",\"potentialAction\":[{\"@type\":\"SearchAction\",\"target\":{\"@type\":\"EntryPoint\",\"urlTemplate\":\"https:\\\/\\\/www.ucaldas.edu.co\\\/portal\\\/?s={search_term_string}\"},\"query-input\":{\"@type\":\"PropertyValueSpecification\",\"valueRequired\":true,\"valueName\":\"search_term_string\"}}],\"inLanguage\":\"es\"},{\"@type\":\"Organization\",\"@id\":\"https:\\\/\\\/www.ucaldas.edu.co\\\/portal\\\/#organization\",\"name\":\"Universidad de Caldas\",\"alternateName\":\"U. de Caldas\",\"url\":\"https:\\\/\\\/www.ucaldas.edu.co\\\/portal\\\/\",\"logo\":{\"@type\":\"ImageObject\",\"inLanguage\":\"es\",\"@id\":\"https:\\\/\\\/www.ucaldas.edu.co\\\/portal\\\/#\\\/schema\\\/logo\\\/image\\\/\",\"url\":\"https:\\\/\\\/www.ucaldas.edu.co\\\/portal\\\/wp-content\\\/uploads\\\/2023\\\/11\\\/Logo_horizontal_oscuroU-2023.png\",\"contentUrl\":\"https:\\\/\\\/www.ucaldas.edu.co\\\/portal\\\/wp-content\\\/uploads\\\/2023\\\/11\\\/Logo_horizontal_oscuroU-2023.png\",\"width\":263,\"height\":101,\"caption\":\"Universidad de Caldas\"},\"image\":{\"@id\":\"https:\\\/\\\/www.ucaldas.edu.co\\\/portal\\\/#\\\/schema\\\/logo\\\/image\\\/\"},\"sameAs\":[\"https:\\\/\\\/www.facebook.com\\\/udecaldas\",\"https:\\\/\\\/x.com\\\/udecaldas\",\"https:\\\/\\\/www.youtube.com\\\/universidadcaldas\",\"https:\\\/\\\/www.instagram.com\\\/udecaldas\\\/\"]},{\"@type\":\"Person\",\"@id\":\"https:\\\/\\\/www.ucaldas.edu.co\\\/portal\\\/#\\\/schema\\\/person\\\/a1b482e23449158b4bc319926c074fdf\",\"name\":\"ofiprensa\",\"image\":{\"@type\":\"ImageObject\",\"inLanguage\":\"es\",\"@id\":\"https:\\\/\\\/www.ucaldas.edu.co\\\/portal\\\/wp-content\\\/litespeed\\\/avatar\\\/09ea5085e600095a7a811142c6944527.jpg?ver=1777497608\",\"url\":\"https:\\\/\\\/www.ucaldas.edu.co\\\/portal\\\/wp-content\\\/litespeed\\\/avatar\\\/09ea5085e600095a7a811142c6944527.jpg?ver=1777497608\",\"contentUrl\":\"https:\\\/\\\/www.ucaldas.edu.co\\\/portal\\\/wp-content\\\/litespeed\\\/avatar\\\/09ea5085e600095a7a811142c6944527.jpg?ver=1777497608\",\"caption\":\"ofiprensa\"},\"url\":\"https:\\\/\\\/www.ucaldas.edu.co\\\/portal\\\/author\\\/ofiprensa\\\/\"}]}<\/script>\n<!-- \/ Yoast SEO plugin. -->","yoast_head_json":{"title":"Docente habl\u00f3 de transformaciones del conocimiento .","robots":{"index":"index","follow":"follow","max-snippet":"max-snippet:-1","max-image-preview":"max-image-preview:large","max-video-preview":"max-video-preview:-1"},"canonical":"https:\/\/www.ucaldas.edu.co\/portal\/docente-hablo-de-transformaciones-del-conocimiento\/","schema":{"@context":"https:\/\/schema.org","@graph":[{"@type":"Article","@id":"https:\/\/www.ucaldas.edu.co\/portal\/docente-hablo-de-transformaciones-del-conocimiento\/#article","isPartOf":{"@id":"https:\/\/www.ucaldas.edu.co\/portal\/docente-hablo-de-transformaciones-del-conocimiento\/"},"author":{"name":"ofiprensa","@id":"https:\/\/www.ucaldas.edu.co\/portal\/#\/schema\/person\/a1b482e23449158b4bc319926c074fdf"},"headline":"Docente habl\u00f3 de transformaciones del conocimiento","datePublished":"2014-03-08T13:34:55+00:00","mainEntityOfPage":{"@id":"https:\/\/www.ucaldas.edu.co\/portal\/docente-hablo-de-transformaciones-del-conocimiento\/"},"wordCount":226,"publisher":{"@id":"https:\/\/www.ucaldas.edu.co\/portal\/#organization"},"image":{"@id":"https:\/\/www.ucaldas.edu.co\/portal\/docente-hablo-de-transformaciones-del-conocimiento\/#primaryimage"},"thumbnailUrl":"https:\/\/www.ucaldas.edu.co\/portal\/wp-content\/uploads\/2014\/03\/filosofia.jpg","keywords":["Banco de la Rep\u00fablica","Facultad de Artes y Humanidades","Filosof\u00eda en la ciudad","sociedad del conocimiento","transformaci\u00f3n","Universidad De Caldas","filosof\u00eda","Departamento de Filosof\u00eda","conocimiento"],"articleSection":["Actualidad","Universidad al D\u00eda"],"inLanguage":"es"},{"@type":"WebPage","@id":"https:\/\/www.ucaldas.edu.co\/portal\/docente-hablo-de-transformaciones-del-conocimiento\/","url":"https:\/\/www.ucaldas.edu.co\/portal\/docente-hablo-de-transformaciones-del-conocimiento\/","name":"Docente habl\u00f3 de transformaciones del conocimiento .","isPartOf":{"@id":"https:\/\/www.ucaldas.edu.co\/portal\/#website"},"primaryImageOfPage":{"@id":"https:\/\/www.ucaldas.edu.co\/portal\/docente-hablo-de-transformaciones-del-conocimiento\/#primaryimage"},"image":{"@id":"https:\/\/www.ucaldas.edu.co\/portal\/docente-hablo-de-transformaciones-del-conocimiento\/#primaryimage"},"thumbnailUrl":"https:\/\/www.ucaldas.edu.co\/portal\/wp-content\/uploads\/2014\/03\/filosofia.jpg","datePublished":"2014-03-08T13:34:55+00:00","breadcrumb":{"@id":"https:\/\/www.ucaldas.edu.co\/portal\/docente-hablo-de-transformaciones-del-conocimiento\/#breadcrumb"},"inLanguage":"es","potentialAction":[{"@type":"ReadAction","target":["https:\/\/www.ucaldas.edu.co\/portal\/docente-hablo-de-transformaciones-del-conocimiento\/"]}]},{"@type":"ImageObject","inLanguage":"es","@id":"https:\/\/www.ucaldas.edu.co\/portal\/docente-hablo-de-transformaciones-del-conocimiento\/#primaryimage","url":"https:\/\/www.ucaldas.edu.co\/portal\/wp-content\/uploads\/2014\/03\/filosofia.jpg","contentUrl":"https:\/\/www.ucaldas.edu.co\/portal\/wp-content\/uploads\/2014\/03\/filosofia.jpg"},{"@type":"BreadcrumbList","@id":"https:\/\/www.ucaldas.edu.co\/portal\/docente-hablo-de-transformaciones-del-conocimiento\/#breadcrumb","itemListElement":[{"@type":"ListItem","position":1,"name":"Portada","item":"https:\/\/www.ucaldas.edu.co\/portal\/"},{"@type":"ListItem","position":2,"name":"Docente habl\u00f3 de transformaciones del conocimiento"}]},{"@type":"WebSite","@id":"https:\/\/www.ucaldas.edu.co\/portal\/#website","url":"https:\/\/www.ucaldas.edu.co\/portal\/","name":"Universidad de Caldas","description":"","publisher":{"@id":"https:\/\/www.ucaldas.edu.co\/portal\/#organization"},"alternateName":"U. de Caldas","potentialAction":[{"@type":"SearchAction","target":{"@type":"EntryPoint","urlTemplate":"https:\/\/www.ucaldas.edu.co\/portal\/?s={search_term_string}"},"query-input":{"@type":"PropertyValueSpecification","valueRequired":true,"valueName":"search_term_string"}}],"inLanguage":"es"},{"@type":"Organization","@id":"https:\/\/www.ucaldas.edu.co\/portal\/#organization","name":"Universidad de Caldas","alternateName":"U. de Caldas","url":"https:\/\/www.ucaldas.edu.co\/portal\/","logo":{"@type":"ImageObject","inLanguage":"es","@id":"https:\/\/www.ucaldas.edu.co\/portal\/#\/schema\/logo\/image\/","url":"https:\/\/www.ucaldas.edu.co\/portal\/wp-content\/uploads\/2023\/11\/Logo_horizontal_oscuroU-2023.png","contentUrl":"https:\/\/www.ucaldas.edu.co\/portal\/wp-content\/uploads\/2023\/11\/Logo_horizontal_oscuroU-2023.png","width":263,"height":101,"caption":"Universidad de Caldas"},"image":{"@id":"https:\/\/www.ucaldas.edu.co\/portal\/#\/schema\/logo\/image\/"},"sameAs":["https:\/\/www.facebook.com\/udecaldas","https:\/\/x.com\/udecaldas","https:\/\/www.youtube.com\/universidadcaldas","https:\/\/www.instagram.com\/udecaldas\/"]},{"@type":"Person","@id":"https:\/\/www.ucaldas.edu.co\/portal\/#\/schema\/person\/a1b482e23449158b4bc319926c074fdf","name":"ofiprensa","image":{"@type":"ImageObject","inLanguage":"es","@id":"https:\/\/www.ucaldas.edu.co\/portal\/wp-content\/litespeed\/avatar\/09ea5085e600095a7a811142c6944527.jpg?ver=1777497608","url":"https:\/\/www.ucaldas.edu.co\/portal\/wp-content\/litespeed\/avatar\/09ea5085e600095a7a811142c6944527.jpg?ver=1777497608","contentUrl":"https:\/\/www.ucaldas.edu.co\/portal\/wp-content\/litespeed\/avatar\/09ea5085e600095a7a811142c6944527.jpg?ver=1777497608","caption":"ofiprensa"},"url":"https:\/\/www.ucaldas.edu.co\/portal\/author\/ofiprensa\/"}]}},"_links":{"self":[{"href":"https:\/\/www.ucaldas.edu.co\/portal\/wp-json\/wp\/v2\/posts\/1896","targetHints":{"allow":["GET"]}}],"collection":[{"href":"https:\/\/www.ucaldas.edu.co\/portal\/wp-json\/wp\/v2\/posts"}],"about":[{"href":"https:\/\/www.ucaldas.edu.co\/portal\/wp-json\/wp\/v2\/types\/post"}],"author":[{"embeddable":true,"href":"https:\/\/www.ucaldas.edu.co\/portal\/wp-json\/wp\/v2\/users\/2"}],"replies":[{"embeddable":true,"href":"https:\/\/www.ucaldas.edu.co\/portal\/wp-json\/wp\/v2\/comments?post=1896"}],"version-history":[{"count":0,"href":"https:\/\/www.ucaldas.edu.co\/portal\/wp-json\/wp\/v2\/posts\/1896\/revisions"}],"wp:attachment":[{"href":"https:\/\/www.ucaldas.edu.co\/portal\/wp-json\/wp\/v2\/media?parent=1896"}],"wp:term":[{"taxonomy":"category","embeddable":true,"href":"https:\/\/www.ucaldas.edu.co\/portal\/wp-json\/wp\/v2\/categories?post=1896"},{"taxonomy":"post_tag","embeddable":true,"href":"https:\/\/www.ucaldas.edu.co\/portal\/wp-json\/wp\/v2\/tags?post=1896"}],"curies":[{"name":"wp","href":"https:\/\/api.w.org\/{rel}","templated":true}]}}