{"id":18927,"date":"2014-08-29T15:51:32","date_gmt":"2014-08-29T20:51:32","guid":{"rendered":"https:\/\/www.ucaldas.edu.co\/portal\/?p=18927"},"modified":"2014-08-29T15:51:32","modified_gmt":"2014-08-29T20:51:32","slug":"inscribase-en-la-convocatoria-de-monitorias-de-asignaturas-y-coordinacion-de-salas","status":"publish","type":"post","link":"https:\/\/www.ucaldas.edu.co\/portal\/inscribase-en-la-convocatoria-de-monitorias-de-asignaturas-y-coordinacion-de-salas\/","title":{"rendered":"Inscr\u00edbase en la convocatoria de monitorias  de asignaturas y coordinaci\u00f3n de salas"},"content":{"rendered":"<p align=\"center\">HASTA EL 9 DE SEPTIEMBRE DEL 2014<\/p>\n<p align=\"center\"><b>Inscr\u00edbase en la convocatoria de monitorias\u00a0\u00a0de asignaturas y coordinaci\u00f3n de salas<\/b><\/p>\n<p align=\"center\"><a href=\"https:\/\/www.ucaldas.edu.co\/portal\/wp-content\/uploads\/2014\/08\/10407532_735570446504823_9179705745879617035_n.jpg\"><img loading=\"lazy\" decoding=\"async\" class=\"aligncenter size-medium wp-image-18791\" alt=\"10407532_735570446504823_9179705745879617035_n\" src=\"https:\/\/www.ucaldas.edu.co\/portal\/wp-content\/uploads\/2014\/08\/10407532_735570446504823_9179705745879617035_n-300x200.jpg\" width=\"300\" height=\"200\" \/><\/a><\/p>\n<p align=\"right\">\n<p align=\"right\">29\/8\/2014<\/p>\n<p style=\"text-align: justify;\"><span style=\"line-height: 1.5em;\">La\u00a0<\/span><b style=\"line-height: 1.5em;\">Facultad de Ingenier\u00edas<\/b><span style=\"line-height: 1.5em;\">\u00a0de la Universidad de Caldas\u00a0<\/span><b style=\"line-height: 1.5em;\">tiene abierta la convocatoria<\/b><span style=\"line-height: 1.5em;\">\u00a0de\u00a0<\/span><b style=\"line-height: 1.5em;\">monitorias<\/b><span style=\"line-height: 1.5em;\">\u00a0\u00a0de\u00a0<\/span><b style=\"line-height: 1.5em;\">asignaturas y coordinaci\u00f3n de salas<\/b><span style=\"line-height: 1.5em;\">para el segundo semestre del 2014. Se ofrecen 13 cupos de monitores acad\u00e9micos, 37 de monitores para atender salas de sistemas, 5 monitor\u00edas especiales de salas (2 monitores para Manizales, 1 parera Riosucio, 1 para Anserma y 1 para La Dorada).<!--more--><\/span><\/p>\n<p style=\"text-align: justify;\">\u00a0El\u00a0<b>cierre<\/b>\u00a0de la convocatoria ser\u00e1 el\u00a0<b>9 de septiembre<\/b>\u00a0del 2014 a las 10:00 a.m.\u00a0<a href=\"https:\/\/www.ucaldas.edu.co\/portal\/wp-content\/uploads\/2014\/08\/FORMULARIO-1.pdf\" target=\"_blank\">Conozca aqu\u00ed el formato de inscripci\u00f3n<\/a><\/p>\n<p style=\"text-align: justify;\" align=\"left\"><b>Informes:<\/b>\u00a0Facultad de Ingenier\u00edas, tel\u00e9fono 878 15 00 extensi\u00f3n 13 641.<br \/>\n<b>Redacci\u00f3n:<\/b>\u00a0Margarita Laverde<b>\u00a0<\/b><\/p>\n<p style=\"text-align: justify;\" align=\"left\"><b>\u00a0<\/b><\/p>\n","protected":false},"excerpt":{"rendered":"<p>HASTA EL 9 DE SEPTIEMBRE DEL 2014 Inscr\u00edbase en la convocatoria de monitorias\u00a0\u00a0de asignaturas y coordinaci\u00f3n de salas 29\/8\/2014 La\u00a0Facultad de Ingenier\u00edas\u00a0de la Universidad de Caldas\u00a0tiene abierta la convocatoria\u00a0de\u00a0monitorias\u00a0\u00a0de\u00a0asignaturas y coordinaci\u00f3n de salaspara el segundo semestre del 2014. Se ofrecen 13 cupos de monitores acad\u00e9micos, 37 de monitores para atender salas de sistemas, 5 monitor\u00edas [&hellip;]<\/p>\n","protected":false},"author":2,"featured_media":0,"comment_status":"closed","ping_status":"closed","sticky":false,"template":"","format":"standard","meta":{"footnotes":""},"categories":[53],"tags":[63,426,1795],"class_list":["post-18927","post","type-post","status-publish","format-standard","hentry","category-universidad-al-dia","tag-participe","tag-facultad-de-ingenierias","tag-monitoria"],"yoast_head":"<!-- This site is optimized with the Yoast SEO plugin v27.5 - https:\/\/yoast.com\/product\/yoast-seo-wordpress\/ -->\n<title>Inscr\u00edbase en la convocatoria de monitorias de asignaturas y coordinaci\u00f3n de salas .<\/title>\n<meta name=\"robots\" content=\"index, follow, max-snippet:-1, max-image-preview:large, max-video-preview:-1\" \/>\n<link rel=\"canonical\" href=\"https:\/\/www.ucaldas.edu.co\/portal\/inscribase-en-la-convocatoria-de-monitorias-de-asignaturas-y-coordinacion-de-salas\/\" \/>\n<script type=\"application\/ld+json\" class=\"yoast-schema-graph\">{\"@context\":\"https:\\\/\\\/schema.org\",\"@graph\":[{\"@type\":\"Article\",\"@id\":\"https:\\\/\\\/www.ucaldas.edu.co\\\/portal\\\/inscribase-en-la-convocatoria-de-monitorias-de-asignaturas-y-coordinacion-de-salas\\\/#article\",\"isPartOf\":{\"@id\":\"https:\\\/\\\/www.ucaldas.edu.co\\\/portal\\\/inscribase-en-la-convocatoria-de-monitorias-de-asignaturas-y-coordinacion-de-salas\\\/\"},\"author\":{\"name\":\"ofiprensa\",\"@id\":\"https:\\\/\\\/www.ucaldas.edu.co\\\/portal\\\/#\\\/schema\\\/person\\\/a1b482e23449158b4bc319926c074fdf\"},\"headline\":\"Inscr\u00edbase en la convocatoria de monitorias de asignaturas y coordinaci\u00f3n de salas\",\"datePublished\":\"2014-08-29T20:51:32+00:00\",\"mainEntityOfPage\":{\"@id\":\"https:\\\/\\\/www.ucaldas.edu.co\\\/portal\\\/inscribase-en-la-convocatoria-de-monitorias-de-asignaturas-y-coordinacion-de-salas\\\/\"},\"wordCount\":125,\"publisher\":{\"@id\":\"https:\\\/\\\/www.ucaldas.edu.co\\\/portal\\\/#organization\"},\"image\":{\"@id\":\"https:\\\/\\\/www.ucaldas.edu.co\\\/portal\\\/inscribase-en-la-convocatoria-de-monitorias-de-asignaturas-y-coordinacion-de-salas\\\/#primaryimage\"},\"thumbnailUrl\":\"https:\\\/\\\/www.ucaldas.edu.co\\\/portal\\\/wp-content\\\/uploads\\\/2014\\\/08\\\/10407532_735570446504823_9179705745879617035_n-300x200.jpg\",\"keywords\":[\"Participe\",\"Facultad de Ingenier\u00edas\",\"monitor\u00eda\"],\"articleSection\":[\"Universidad al D\u00eda\"],\"inLanguage\":\"es\"},{\"@type\":\"WebPage\",\"@id\":\"https:\\\/\\\/www.ucaldas.edu.co\\\/portal\\\/inscribase-en-la-convocatoria-de-monitorias-de-asignaturas-y-coordinacion-de-salas\\\/\",\"url\":\"https:\\\/\\\/www.ucaldas.edu.co\\\/portal\\\/inscribase-en-la-convocatoria-de-monitorias-de-asignaturas-y-coordinacion-de-salas\\\/\",\"name\":\"Inscr\u00edbase en la convocatoria de monitorias de asignaturas y coordinaci\u00f3n de salas .\",\"isPartOf\":{\"@id\":\"https:\\\/\\\/www.ucaldas.edu.co\\\/portal\\\/#website\"},\"primaryImageOfPage\":{\"@id\":\"https:\\\/\\\/www.ucaldas.edu.co\\\/portal\\\/inscribase-en-la-convocatoria-de-monitorias-de-asignaturas-y-coordinacion-de-salas\\\/#primaryimage\"},\"image\":{\"@id\":\"https:\\\/\\\/www.ucaldas.edu.co\\\/portal\\\/inscribase-en-la-convocatoria-de-monitorias-de-asignaturas-y-coordinacion-de-salas\\\/#primaryimage\"},\"thumbnailUrl\":\"https:\\\/\\\/www.ucaldas.edu.co\\\/portal\\\/wp-content\\\/uploads\\\/2014\\\/08\\\/10407532_735570446504823_9179705745879617035_n-300x200.jpg\",\"datePublished\":\"2014-08-29T20:51:32+00:00\",\"breadcrumb\":{\"@id\":\"https:\\\/\\\/www.ucaldas.edu.co\\\/portal\\\/inscribase-en-la-convocatoria-de-monitorias-de-asignaturas-y-coordinacion-de-salas\\\/#breadcrumb\"},\"inLanguage\":\"es\",\"potentialAction\":[{\"@type\":\"ReadAction\",\"target\":[\"https:\\\/\\\/www.ucaldas.edu.co\\\/portal\\\/inscribase-en-la-convocatoria-de-monitorias-de-asignaturas-y-coordinacion-de-salas\\\/\"]}]},{\"@type\":\"ImageObject\",\"inLanguage\":\"es\",\"@id\":\"https:\\\/\\\/www.ucaldas.edu.co\\\/portal\\\/inscribase-en-la-convocatoria-de-monitorias-de-asignaturas-y-coordinacion-de-salas\\\/#primaryimage\",\"url\":\"https:\\\/\\\/www.ucaldas.edu.co\\\/portal\\\/wp-content\\\/uploads\\\/2014\\\/08\\\/10407532_735570446504823_9179705745879617035_n-300x200.jpg\",\"contentUrl\":\"https:\\\/\\\/www.ucaldas.edu.co\\\/portal\\\/wp-content\\\/uploads\\\/2014\\\/08\\\/10407532_735570446504823_9179705745879617035_n-300x200.jpg\"},{\"@type\":\"BreadcrumbList\",\"@id\":\"https:\\\/\\\/www.ucaldas.edu.co\\\/portal\\\/inscribase-en-la-convocatoria-de-monitorias-de-asignaturas-y-coordinacion-de-salas\\\/#breadcrumb\",\"itemListElement\":[{\"@type\":\"ListItem\",\"position\":1,\"name\":\"Portada\",\"item\":\"https:\\\/\\\/www.ucaldas.edu.co\\\/portal\\\/\"},{\"@type\":\"ListItem\",\"position\":2,\"name\":\"Inscr\u00edbase en la convocatoria de monitorias de asignaturas y coordinaci\u00f3n de salas\"}]},{\"@type\":\"WebSite\",\"@id\":\"https:\\\/\\\/www.ucaldas.edu.co\\\/portal\\\/#website\",\"url\":\"https:\\\/\\\/www.ucaldas.edu.co\\\/portal\\\/\",\"name\":\"Universidad de Caldas\",\"description\":\"\",\"publisher\":{\"@id\":\"https:\\\/\\\/www.ucaldas.edu.co\\\/portal\\\/#organization\"},\"alternateName\":\"U. de Caldas\",\"potentialAction\":[{\"@type\":\"SearchAction\",\"target\":{\"@type\":\"EntryPoint\",\"urlTemplate\":\"https:\\\/\\\/www.ucaldas.edu.co\\\/portal\\\/?s={search_term_string}\"},\"query-input\":{\"@type\":\"PropertyValueSpecification\",\"valueRequired\":true,\"valueName\":\"search_term_string\"}}],\"inLanguage\":\"es\"},{\"@type\":\"Organization\",\"@id\":\"https:\\\/\\\/www.ucaldas.edu.co\\\/portal\\\/#organization\",\"name\":\"Universidad de Caldas\",\"alternateName\":\"U. de Caldas\",\"url\":\"https:\\\/\\\/www.ucaldas.edu.co\\\/portal\\\/\",\"logo\":{\"@type\":\"ImageObject\",\"inLanguage\":\"es\",\"@id\":\"https:\\\/\\\/www.ucaldas.edu.co\\\/portal\\\/#\\\/schema\\\/logo\\\/image\\\/\",\"url\":\"https:\\\/\\\/www.ucaldas.edu.co\\\/portal\\\/wp-content\\\/uploads\\\/2023\\\/11\\\/Logo_horizontal_oscuroU-2023.png\",\"contentUrl\":\"https:\\\/\\\/www.ucaldas.edu.co\\\/portal\\\/wp-content\\\/uploads\\\/2023\\\/11\\\/Logo_horizontal_oscuroU-2023.png\",\"width\":263,\"height\":101,\"caption\":\"Universidad de Caldas\"},\"image\":{\"@id\":\"https:\\\/\\\/www.ucaldas.edu.co\\\/portal\\\/#\\\/schema\\\/logo\\\/image\\\/\"},\"sameAs\":[\"https:\\\/\\\/www.facebook.com\\\/udecaldas\",\"https:\\\/\\\/x.com\\\/udecaldas\",\"https:\\\/\\\/www.youtube.com\\\/universidadcaldas\",\"https:\\\/\\\/www.instagram.com\\\/udecaldas\\\/\"]},{\"@type\":\"Person\",\"@id\":\"https:\\\/\\\/www.ucaldas.edu.co\\\/portal\\\/#\\\/schema\\\/person\\\/a1b482e23449158b4bc319926c074fdf\",\"name\":\"ofiprensa\",\"image\":{\"@type\":\"ImageObject\",\"inLanguage\":\"es\",\"@id\":\"https:\\\/\\\/www.ucaldas.edu.co\\\/portal\\\/wp-content\\\/litespeed\\\/avatar\\\/09ea5085e600095a7a811142c6944527.jpg?ver=1777497608\",\"url\":\"https:\\\/\\\/www.ucaldas.edu.co\\\/portal\\\/wp-content\\\/litespeed\\\/avatar\\\/09ea5085e600095a7a811142c6944527.jpg?ver=1777497608\",\"contentUrl\":\"https:\\\/\\\/www.ucaldas.edu.co\\\/portal\\\/wp-content\\\/litespeed\\\/avatar\\\/09ea5085e600095a7a811142c6944527.jpg?ver=1777497608\",\"caption\":\"ofiprensa\"},\"url\":\"https:\\\/\\\/www.ucaldas.edu.co\\\/portal\\\/author\\\/ofiprensa\\\/\"}]}<\/script>\n<!-- \/ Yoast SEO plugin. -->","yoast_head_json":{"title":"Inscr\u00edbase en la convocatoria de monitorias de asignaturas y coordinaci\u00f3n de salas .","robots":{"index":"index","follow":"follow","max-snippet":"max-snippet:-1","max-image-preview":"max-image-preview:large","max-video-preview":"max-video-preview:-1"},"canonical":"https:\/\/www.ucaldas.edu.co\/portal\/inscribase-en-la-convocatoria-de-monitorias-de-asignaturas-y-coordinacion-de-salas\/","schema":{"@context":"https:\/\/schema.org","@graph":[{"@type":"Article","@id":"https:\/\/www.ucaldas.edu.co\/portal\/inscribase-en-la-convocatoria-de-monitorias-de-asignaturas-y-coordinacion-de-salas\/#article","isPartOf":{"@id":"https:\/\/www.ucaldas.edu.co\/portal\/inscribase-en-la-convocatoria-de-monitorias-de-asignaturas-y-coordinacion-de-salas\/"},"author":{"name":"ofiprensa","@id":"https:\/\/www.ucaldas.edu.co\/portal\/#\/schema\/person\/a1b482e23449158b4bc319926c074fdf"},"headline":"Inscr\u00edbase en la convocatoria de monitorias de asignaturas y coordinaci\u00f3n de salas","datePublished":"2014-08-29T20:51:32+00:00","mainEntityOfPage":{"@id":"https:\/\/www.ucaldas.edu.co\/portal\/inscribase-en-la-convocatoria-de-monitorias-de-asignaturas-y-coordinacion-de-salas\/"},"wordCount":125,"publisher":{"@id":"https:\/\/www.ucaldas.edu.co\/portal\/#organization"},"image":{"@id":"https:\/\/www.ucaldas.edu.co\/portal\/inscribase-en-la-convocatoria-de-monitorias-de-asignaturas-y-coordinacion-de-salas\/#primaryimage"},"thumbnailUrl":"https:\/\/www.ucaldas.edu.co\/portal\/wp-content\/uploads\/2014\/08\/10407532_735570446504823_9179705745879617035_n-300x200.jpg","keywords":["Participe","Facultad de Ingenier\u00edas","monitor\u00eda"],"articleSection":["Universidad al D\u00eda"],"inLanguage":"es"},{"@type":"WebPage","@id":"https:\/\/www.ucaldas.edu.co\/portal\/inscribase-en-la-convocatoria-de-monitorias-de-asignaturas-y-coordinacion-de-salas\/","url":"https:\/\/www.ucaldas.edu.co\/portal\/inscribase-en-la-convocatoria-de-monitorias-de-asignaturas-y-coordinacion-de-salas\/","name":"Inscr\u00edbase en la convocatoria de monitorias de asignaturas y coordinaci\u00f3n de salas .","isPartOf":{"@id":"https:\/\/www.ucaldas.edu.co\/portal\/#website"},"primaryImageOfPage":{"@id":"https:\/\/www.ucaldas.edu.co\/portal\/inscribase-en-la-convocatoria-de-monitorias-de-asignaturas-y-coordinacion-de-salas\/#primaryimage"},"image":{"@id":"https:\/\/www.ucaldas.edu.co\/portal\/inscribase-en-la-convocatoria-de-monitorias-de-asignaturas-y-coordinacion-de-salas\/#primaryimage"},"thumbnailUrl":"https:\/\/www.ucaldas.edu.co\/portal\/wp-content\/uploads\/2014\/08\/10407532_735570446504823_9179705745879617035_n-300x200.jpg","datePublished":"2014-08-29T20:51:32+00:00","breadcrumb":{"@id":"https:\/\/www.ucaldas.edu.co\/portal\/inscribase-en-la-convocatoria-de-monitorias-de-asignaturas-y-coordinacion-de-salas\/#breadcrumb"},"inLanguage":"es","potentialAction":[{"@type":"ReadAction","target":["https:\/\/www.ucaldas.edu.co\/portal\/inscribase-en-la-convocatoria-de-monitorias-de-asignaturas-y-coordinacion-de-salas\/"]}]},{"@type":"ImageObject","inLanguage":"es","@id":"https:\/\/www.ucaldas.edu.co\/portal\/inscribase-en-la-convocatoria-de-monitorias-de-asignaturas-y-coordinacion-de-salas\/#primaryimage","url":"https:\/\/www.ucaldas.edu.co\/portal\/wp-content\/uploads\/2014\/08\/10407532_735570446504823_9179705745879617035_n-300x200.jpg","contentUrl":"https:\/\/www.ucaldas.edu.co\/portal\/wp-content\/uploads\/2014\/08\/10407532_735570446504823_9179705745879617035_n-300x200.jpg"},{"@type":"BreadcrumbList","@id":"https:\/\/www.ucaldas.edu.co\/portal\/inscribase-en-la-convocatoria-de-monitorias-de-asignaturas-y-coordinacion-de-salas\/#breadcrumb","itemListElement":[{"@type":"ListItem","position":1,"name":"Portada","item":"https:\/\/www.ucaldas.edu.co\/portal\/"},{"@type":"ListItem","position":2,"name":"Inscr\u00edbase en la convocatoria de monitorias de asignaturas y coordinaci\u00f3n de salas"}]},{"@type":"WebSite","@id":"https:\/\/www.ucaldas.edu.co\/portal\/#website","url":"https:\/\/www.ucaldas.edu.co\/portal\/","name":"Universidad de Caldas","description":"","publisher":{"@id":"https:\/\/www.ucaldas.edu.co\/portal\/#organization"},"alternateName":"U. de Caldas","potentialAction":[{"@type":"SearchAction","target":{"@type":"EntryPoint","urlTemplate":"https:\/\/www.ucaldas.edu.co\/portal\/?s={search_term_string}"},"query-input":{"@type":"PropertyValueSpecification","valueRequired":true,"valueName":"search_term_string"}}],"inLanguage":"es"},{"@type":"Organization","@id":"https:\/\/www.ucaldas.edu.co\/portal\/#organization","name":"Universidad de Caldas","alternateName":"U. de Caldas","url":"https:\/\/www.ucaldas.edu.co\/portal\/","logo":{"@type":"ImageObject","inLanguage":"es","@id":"https:\/\/www.ucaldas.edu.co\/portal\/#\/schema\/logo\/image\/","url":"https:\/\/www.ucaldas.edu.co\/portal\/wp-content\/uploads\/2023\/11\/Logo_horizontal_oscuroU-2023.png","contentUrl":"https:\/\/www.ucaldas.edu.co\/portal\/wp-content\/uploads\/2023\/11\/Logo_horizontal_oscuroU-2023.png","width":263,"height":101,"caption":"Universidad de Caldas"},"image":{"@id":"https:\/\/www.ucaldas.edu.co\/portal\/#\/schema\/logo\/image\/"},"sameAs":["https:\/\/www.facebook.com\/udecaldas","https:\/\/x.com\/udecaldas","https:\/\/www.youtube.com\/universidadcaldas","https:\/\/www.instagram.com\/udecaldas\/"]},{"@type":"Person","@id":"https:\/\/www.ucaldas.edu.co\/portal\/#\/schema\/person\/a1b482e23449158b4bc319926c074fdf","name":"ofiprensa","image":{"@type":"ImageObject","inLanguage":"es","@id":"https:\/\/www.ucaldas.edu.co\/portal\/wp-content\/litespeed\/avatar\/09ea5085e600095a7a811142c6944527.jpg?ver=1777497608","url":"https:\/\/www.ucaldas.edu.co\/portal\/wp-content\/litespeed\/avatar\/09ea5085e600095a7a811142c6944527.jpg?ver=1777497608","contentUrl":"https:\/\/www.ucaldas.edu.co\/portal\/wp-content\/litespeed\/avatar\/09ea5085e600095a7a811142c6944527.jpg?ver=1777497608","caption":"ofiprensa"},"url":"https:\/\/www.ucaldas.edu.co\/portal\/author\/ofiprensa\/"}]}},"_links":{"self":[{"href":"https:\/\/www.ucaldas.edu.co\/portal\/wp-json\/wp\/v2\/posts\/18927","targetHints":{"allow":["GET"]}}],"collection":[{"href":"https:\/\/www.ucaldas.edu.co\/portal\/wp-json\/wp\/v2\/posts"}],"about":[{"href":"https:\/\/www.ucaldas.edu.co\/portal\/wp-json\/wp\/v2\/types\/post"}],"author":[{"embeddable":true,"href":"https:\/\/www.ucaldas.edu.co\/portal\/wp-json\/wp\/v2\/users\/2"}],"replies":[{"embeddable":true,"href":"https:\/\/www.ucaldas.edu.co\/portal\/wp-json\/wp\/v2\/comments?post=18927"}],"version-history":[{"count":0,"href":"https:\/\/www.ucaldas.edu.co\/portal\/wp-json\/wp\/v2\/posts\/18927\/revisions"}],"wp:attachment":[{"href":"https:\/\/www.ucaldas.edu.co\/portal\/wp-json\/wp\/v2\/media?parent=18927"}],"wp:term":[{"taxonomy":"category","embeddable":true,"href":"https:\/\/www.ucaldas.edu.co\/portal\/wp-json\/wp\/v2\/categories?post=18927"},{"taxonomy":"post_tag","embeddable":true,"href":"https:\/\/www.ucaldas.edu.co\/portal\/wp-json\/wp\/v2\/tags?post=18927"}],"curies":[{"name":"wp","href":"https:\/\/api.w.org\/{rel}","templated":true}]}}