{"id":18918,"date":"2014-08-29T15:30:56","date_gmt":"2014-08-29T20:30:56","guid":{"rendered":"https:\/\/www.ucaldas.edu.co\/portal\/?p=18918"},"modified":"2014-08-29T15:30:56","modified_gmt":"2014-08-29T20:30:56","slug":"en-feria-del-libro-se-dio-espacio-para-hablar-del-centro-cultural-universitario-rogelio-salmona","status":"publish","type":"post","link":"https:\/\/www.ucaldas.edu.co\/portal\/en-feria-del-libro-se-dio-espacio-para-hablar-del-centro-cultural-universitario-rogelio-salmona\/","title":{"rendered":"En Feria del Libro se dio espacio para hablar del Centro Cultural Universitario Rogelio Salmona"},"content":{"rendered":"<p align=\"center\">COMUNIDAD PUDO COMPARTIR SUS OPINIONES SOBRE EL PROYECTO<\/p>\n<p align=\"center\"><a href=\"https:\/\/www.ucaldas.edu.co\/portal\/wp-content\/uploads\/2014\/08\/10647164_739541179441083_5699584987375063052_n.jpg\"><img loading=\"lazy\" decoding=\"async\" class=\"aligncenter size-medium wp-image-18919\" alt=\"10647164_739541179441083_5699584987375063052_n\" src=\"https:\/\/www.ucaldas.edu.co\/portal\/wp-content\/uploads\/2014\/08\/10647164_739541179441083_5699584987375063052_n-300x200.jpg\" width=\"300\" height=\"200\" \/><\/a><span style=\"line-height: 1.5em;\">\u00a0<\/span><\/p>\n<p align=\"right\">29\/8\/2014<\/p>\n<p style=\"text-align: justify;\">Como parte de la\u00a0<b>programaci\u00f3n<\/b>\u00a0de la\u00a0<b>V Feria del Libro de Manizales<\/b>\u00a0se realiz\u00f3 el pasado 28 de agosto del 2014 el\u00a0<b>conversatorio<\/b>\u00a0<i>La cultura desde el\u00a0<b>Centro Cultural Universitario Rogelio Salmona<\/b>,\u00a0<\/i>con el fin de conocer las opiniones de la comunidad respecto a este importante proyecto.<!--more--><\/p>\n<p style=\"text-align: justify;\">\u00a0H\u00e9ctor Fabio Torres Cardona,\u00a0<b>Gerente del Centro Cultural Universitario Rogelio Salmona,\u00a0<\/b>explic\u00f3: \u201clLa comunidad conoce un poco del Centro en el sentido de que se est\u00e1 realizando la construcci\u00f3n de la primera etapa, que tiene que ver con la biblioteca, pero\u00a0<b>queremos escuchar a las personas que trabajan en la cultura<\/b>, estudiantes y profesores\u201d.<\/p>\n<p style=\"text-align: justify;\">\u201c<b>Queremos dar un panorama inicial del estado del proyecto<\/b>\u00a0y conversar acerca de este. La construcci\u00f3n de esta primera etapa est\u00e1 proyectada para dos a\u00f1os y comenz\u00f3 en abril de este a\u00f1o. Se est\u00e1 cumpliendo con el cronograma y la biblioteca, as\u00ed como una peque\u00f1a parte del conservatorio estar\u00e1 lista en abril del 2016\u201d, inform\u00f3.<\/p>\n<p style=\"text-align: justify;\">Torres Cardona destac\u00f3 que des<b>de el Centro se llevar\u00e1 a cabo un diagn\u00f3stico de cultura y desp\u00faes se buscar\u00e1 que haya un gran nivel de participaci\u00f3n<\/b>\u00a0de la ciudad y la regi\u00f3n. \u201cTodas las manifestaciones culturales son bienvenidas en el centro y nos interesa promocionar y servir de punto de apoyo\u201d, dijo.<\/p>\n<p style=\"text-align: justify;\">Por su parte, Felipe C\u00e9sar Londo\u00f1o L\u00f3pez,\u00a0<b>Rector de la U. de Caldas,\u00a0<\/b>mencion\u00f3: \u201cse est\u00e1 construyendo una infraestructura, que posiblemente sea la m\u00e1s grande en el Eje Cafetero y que estar\u00e1 al servicio del fomento de la cultura y el conocimiento. Este es el esp\u00edritu que nos motiva a crear un centro que est\u00e9 al servicio de todos.\u00a0<b>Esperamos que el Centro nos conecte con Colombia y con el mundo<\/b>\u201d.<\/p>\n<p style=\"text-align: justify;\"><a href=\"https:\/\/www.facebook.com\/media\/set\/?set=a.739541146107753.1073743008.107054166023124&amp;type=1&amp;l=08f8ec1374\" target=\"_blank\">Conozca im\u00e1genes del conversatorio sobre el Centro Cultural Universitario Rogelio Salmona<\/a><\/p>\n<p style=\"text-align: justify;\" align=\"left\"><b>Informes:<\/b>\u00a0Oficina de Prensa, tel\u00e9fono 878 15 00 extensi\u00f3n 12 167.<br \/>\n<b>Redacci\u00f3n:<\/b>\u00a0Margarita Laverde<\/p>\n<p style=\"text-align: justify;\"><b>\u00a0<\/b><\/p>\n<p align=\"left\"><b>\u00a0<\/b><\/p>\n","protected":false},"excerpt":{"rendered":"<p>COMUNIDAD PUDO COMPARTIR SUS OPINIONES SOBRE EL PROYECTO \u00a0 29\/8\/2014 Como parte de la\u00a0programaci\u00f3n\u00a0de la\u00a0V Feria del Libro de Manizales\u00a0se realiz\u00f3 el pasado 28 de agosto del 2014 el\u00a0conversatorio\u00a0La cultura desde el\u00a0Centro Cultural Universitario Rogelio Salmona,\u00a0con el fin de conocer las opiniones de la comunidad respecto a este importante proyecto.<\/p>\n","protected":false},"author":2,"featured_media":0,"comment_status":"closed","ping_status":"closed","sticky":false,"template":"","format":"standard","meta":{"footnotes":""},"categories":[48,53],"tags":[95,99,172,315,779],"class_list":["post-18918","post","type-post","status-publish","format-standard","hentry","category-actualidad","category-universidad-al-dia","tag-universidad-de-caldas","tag-cultural","tag-conversatorio","tag-centro-cultural-universitario-rogelio-salmona","tag-feria"],"yoast_head":"<!-- This site is optimized with the Yoast SEO plugin v27.5 - https:\/\/yoast.com\/product\/yoast-seo-wordpress\/ -->\n<title>En Feria del Libro se dio espacio para hablar del Centro Cultural Universitario Rogelio Salmona .<\/title>\n<meta name=\"robots\" content=\"index, follow, max-snippet:-1, max-image-preview:large, max-video-preview:-1\" \/>\n<link rel=\"canonical\" href=\"https:\/\/www.ucaldas.edu.co\/portal\/en-feria-del-libro-se-dio-espacio-para-hablar-del-centro-cultural-universitario-rogelio-salmona\/\" \/>\n<script type=\"application\/ld+json\" class=\"yoast-schema-graph\">{\"@context\":\"https:\\\/\\\/schema.org\",\"@graph\":[{\"@type\":\"Article\",\"@id\":\"https:\\\/\\\/www.ucaldas.edu.co\\\/portal\\\/en-feria-del-libro-se-dio-espacio-para-hablar-del-centro-cultural-universitario-rogelio-salmona\\\/#article\",\"isPartOf\":{\"@id\":\"https:\\\/\\\/www.ucaldas.edu.co\\\/portal\\\/en-feria-del-libro-se-dio-espacio-para-hablar-del-centro-cultural-universitario-rogelio-salmona\\\/\"},\"author\":{\"name\":\"ofiprensa\",\"@id\":\"https:\\\/\\\/www.ucaldas.edu.co\\\/portal\\\/#\\\/schema\\\/person\\\/a1b482e23449158b4bc319926c074fdf\"},\"headline\":\"En Feria del Libro se dio espacio para hablar del Centro Cultural Universitario Rogelio Salmona\",\"datePublished\":\"2014-08-29T20:30:56+00:00\",\"mainEntityOfPage\":{\"@id\":\"https:\\\/\\\/www.ucaldas.edu.co\\\/portal\\\/en-feria-del-libro-se-dio-espacio-para-hablar-del-centro-cultural-universitario-rogelio-salmona\\\/\"},\"wordCount\":340,\"publisher\":{\"@id\":\"https:\\\/\\\/www.ucaldas.edu.co\\\/portal\\\/#organization\"},\"image\":{\"@id\":\"https:\\\/\\\/www.ucaldas.edu.co\\\/portal\\\/en-feria-del-libro-se-dio-espacio-para-hablar-del-centro-cultural-universitario-rogelio-salmona\\\/#primaryimage\"},\"thumbnailUrl\":\"https:\\\/\\\/www.ucaldas.edu.co\\\/portal\\\/wp-content\\\/uploads\\\/2014\\\/08\\\/10647164_739541179441083_5699584987375063052_n-300x200.jpg\",\"keywords\":[\"Universidad De Caldas\",\"Cultural\",\"Conversatorio\",\"Centro Cultural Universitario Rogelio Salmona\",\"feria\"],\"articleSection\":[\"Actualidad\",\"Universidad al D\u00eda\"],\"inLanguage\":\"es\"},{\"@type\":\"WebPage\",\"@id\":\"https:\\\/\\\/www.ucaldas.edu.co\\\/portal\\\/en-feria-del-libro-se-dio-espacio-para-hablar-del-centro-cultural-universitario-rogelio-salmona\\\/\",\"url\":\"https:\\\/\\\/www.ucaldas.edu.co\\\/portal\\\/en-feria-del-libro-se-dio-espacio-para-hablar-del-centro-cultural-universitario-rogelio-salmona\\\/\",\"name\":\"En Feria del Libro se dio espacio para hablar del Centro Cultural Universitario Rogelio Salmona .\",\"isPartOf\":{\"@id\":\"https:\\\/\\\/www.ucaldas.edu.co\\\/portal\\\/#website\"},\"primaryImageOfPage\":{\"@id\":\"https:\\\/\\\/www.ucaldas.edu.co\\\/portal\\\/en-feria-del-libro-se-dio-espacio-para-hablar-del-centro-cultural-universitario-rogelio-salmona\\\/#primaryimage\"},\"image\":{\"@id\":\"https:\\\/\\\/www.ucaldas.edu.co\\\/portal\\\/en-feria-del-libro-se-dio-espacio-para-hablar-del-centro-cultural-universitario-rogelio-salmona\\\/#primaryimage\"},\"thumbnailUrl\":\"https:\\\/\\\/www.ucaldas.edu.co\\\/portal\\\/wp-content\\\/uploads\\\/2014\\\/08\\\/10647164_739541179441083_5699584987375063052_n-300x200.jpg\",\"datePublished\":\"2014-08-29T20:30:56+00:00\",\"breadcrumb\":{\"@id\":\"https:\\\/\\\/www.ucaldas.edu.co\\\/portal\\\/en-feria-del-libro-se-dio-espacio-para-hablar-del-centro-cultural-universitario-rogelio-salmona\\\/#breadcrumb\"},\"inLanguage\":\"es\",\"potentialAction\":[{\"@type\":\"ReadAction\",\"target\":[\"https:\\\/\\\/www.ucaldas.edu.co\\\/portal\\\/en-feria-del-libro-se-dio-espacio-para-hablar-del-centro-cultural-universitario-rogelio-salmona\\\/\"]}]},{\"@type\":\"ImageObject\",\"inLanguage\":\"es\",\"@id\":\"https:\\\/\\\/www.ucaldas.edu.co\\\/portal\\\/en-feria-del-libro-se-dio-espacio-para-hablar-del-centro-cultural-universitario-rogelio-salmona\\\/#primaryimage\",\"url\":\"https:\\\/\\\/www.ucaldas.edu.co\\\/portal\\\/wp-content\\\/uploads\\\/2014\\\/08\\\/10647164_739541179441083_5699584987375063052_n-300x200.jpg\",\"contentUrl\":\"https:\\\/\\\/www.ucaldas.edu.co\\\/portal\\\/wp-content\\\/uploads\\\/2014\\\/08\\\/10647164_739541179441083_5699584987375063052_n-300x200.jpg\"},{\"@type\":\"BreadcrumbList\",\"@id\":\"https:\\\/\\\/www.ucaldas.edu.co\\\/portal\\\/en-feria-del-libro-se-dio-espacio-para-hablar-del-centro-cultural-universitario-rogelio-salmona\\\/#breadcrumb\",\"itemListElement\":[{\"@type\":\"ListItem\",\"position\":1,\"name\":\"Portada\",\"item\":\"https:\\\/\\\/www.ucaldas.edu.co\\\/portal\\\/\"},{\"@type\":\"ListItem\",\"position\":2,\"name\":\"En Feria del Libro se dio espacio para hablar del Centro Cultural Universitario Rogelio Salmona\"}]},{\"@type\":\"WebSite\",\"@id\":\"https:\\\/\\\/www.ucaldas.edu.co\\\/portal\\\/#website\",\"url\":\"https:\\\/\\\/www.ucaldas.edu.co\\\/portal\\\/\",\"name\":\"Universidad de Caldas\",\"description\":\"\",\"publisher\":{\"@id\":\"https:\\\/\\\/www.ucaldas.edu.co\\\/portal\\\/#organization\"},\"alternateName\":\"U. de Caldas\",\"potentialAction\":[{\"@type\":\"SearchAction\",\"target\":{\"@type\":\"EntryPoint\",\"urlTemplate\":\"https:\\\/\\\/www.ucaldas.edu.co\\\/portal\\\/?s={search_term_string}\"},\"query-input\":{\"@type\":\"PropertyValueSpecification\",\"valueRequired\":true,\"valueName\":\"search_term_string\"}}],\"inLanguage\":\"es\"},{\"@type\":\"Organization\",\"@id\":\"https:\\\/\\\/www.ucaldas.edu.co\\\/portal\\\/#organization\",\"name\":\"Universidad de Caldas\",\"alternateName\":\"U. de Caldas\",\"url\":\"https:\\\/\\\/www.ucaldas.edu.co\\\/portal\\\/\",\"logo\":{\"@type\":\"ImageObject\",\"inLanguage\":\"es\",\"@id\":\"https:\\\/\\\/www.ucaldas.edu.co\\\/portal\\\/#\\\/schema\\\/logo\\\/image\\\/\",\"url\":\"https:\\\/\\\/www.ucaldas.edu.co\\\/portal\\\/wp-content\\\/uploads\\\/2023\\\/11\\\/Logo_horizontal_oscuroU-2023.png\",\"contentUrl\":\"https:\\\/\\\/www.ucaldas.edu.co\\\/portal\\\/wp-content\\\/uploads\\\/2023\\\/11\\\/Logo_horizontal_oscuroU-2023.png\",\"width\":263,\"height\":101,\"caption\":\"Universidad de Caldas\"},\"image\":{\"@id\":\"https:\\\/\\\/www.ucaldas.edu.co\\\/portal\\\/#\\\/schema\\\/logo\\\/image\\\/\"},\"sameAs\":[\"https:\\\/\\\/www.facebook.com\\\/udecaldas\",\"https:\\\/\\\/x.com\\\/udecaldas\",\"https:\\\/\\\/www.youtube.com\\\/universidadcaldas\",\"https:\\\/\\\/www.instagram.com\\\/udecaldas\\\/\"]},{\"@type\":\"Person\",\"@id\":\"https:\\\/\\\/www.ucaldas.edu.co\\\/portal\\\/#\\\/schema\\\/person\\\/a1b482e23449158b4bc319926c074fdf\",\"name\":\"ofiprensa\",\"image\":{\"@type\":\"ImageObject\",\"inLanguage\":\"es\",\"@id\":\"https:\\\/\\\/www.ucaldas.edu.co\\\/portal\\\/wp-content\\\/litespeed\\\/avatar\\\/09ea5085e600095a7a811142c6944527.jpg?ver=1777497608\",\"url\":\"https:\\\/\\\/www.ucaldas.edu.co\\\/portal\\\/wp-content\\\/litespeed\\\/avatar\\\/09ea5085e600095a7a811142c6944527.jpg?ver=1777497608\",\"contentUrl\":\"https:\\\/\\\/www.ucaldas.edu.co\\\/portal\\\/wp-content\\\/litespeed\\\/avatar\\\/09ea5085e600095a7a811142c6944527.jpg?ver=1777497608\",\"caption\":\"ofiprensa\"},\"url\":\"https:\\\/\\\/www.ucaldas.edu.co\\\/portal\\\/author\\\/ofiprensa\\\/\"}]}<\/script>\n<!-- \/ Yoast SEO plugin. -->","yoast_head_json":{"title":"En Feria del Libro se dio espacio para hablar del Centro Cultural Universitario Rogelio Salmona .","robots":{"index":"index","follow":"follow","max-snippet":"max-snippet:-1","max-image-preview":"max-image-preview:large","max-video-preview":"max-video-preview:-1"},"canonical":"https:\/\/www.ucaldas.edu.co\/portal\/en-feria-del-libro-se-dio-espacio-para-hablar-del-centro-cultural-universitario-rogelio-salmona\/","schema":{"@context":"https:\/\/schema.org","@graph":[{"@type":"Article","@id":"https:\/\/www.ucaldas.edu.co\/portal\/en-feria-del-libro-se-dio-espacio-para-hablar-del-centro-cultural-universitario-rogelio-salmona\/#article","isPartOf":{"@id":"https:\/\/www.ucaldas.edu.co\/portal\/en-feria-del-libro-se-dio-espacio-para-hablar-del-centro-cultural-universitario-rogelio-salmona\/"},"author":{"name":"ofiprensa","@id":"https:\/\/www.ucaldas.edu.co\/portal\/#\/schema\/person\/a1b482e23449158b4bc319926c074fdf"},"headline":"En Feria del Libro se dio espacio para hablar del Centro Cultural Universitario Rogelio Salmona","datePublished":"2014-08-29T20:30:56+00:00","mainEntityOfPage":{"@id":"https:\/\/www.ucaldas.edu.co\/portal\/en-feria-del-libro-se-dio-espacio-para-hablar-del-centro-cultural-universitario-rogelio-salmona\/"},"wordCount":340,"publisher":{"@id":"https:\/\/www.ucaldas.edu.co\/portal\/#organization"},"image":{"@id":"https:\/\/www.ucaldas.edu.co\/portal\/en-feria-del-libro-se-dio-espacio-para-hablar-del-centro-cultural-universitario-rogelio-salmona\/#primaryimage"},"thumbnailUrl":"https:\/\/www.ucaldas.edu.co\/portal\/wp-content\/uploads\/2014\/08\/10647164_739541179441083_5699584987375063052_n-300x200.jpg","keywords":["Universidad De Caldas","Cultural","Conversatorio","Centro Cultural Universitario Rogelio Salmona","feria"],"articleSection":["Actualidad","Universidad al D\u00eda"],"inLanguage":"es"},{"@type":"WebPage","@id":"https:\/\/www.ucaldas.edu.co\/portal\/en-feria-del-libro-se-dio-espacio-para-hablar-del-centro-cultural-universitario-rogelio-salmona\/","url":"https:\/\/www.ucaldas.edu.co\/portal\/en-feria-del-libro-se-dio-espacio-para-hablar-del-centro-cultural-universitario-rogelio-salmona\/","name":"En Feria del Libro se dio espacio para hablar del Centro Cultural Universitario Rogelio Salmona .","isPartOf":{"@id":"https:\/\/www.ucaldas.edu.co\/portal\/#website"},"primaryImageOfPage":{"@id":"https:\/\/www.ucaldas.edu.co\/portal\/en-feria-del-libro-se-dio-espacio-para-hablar-del-centro-cultural-universitario-rogelio-salmona\/#primaryimage"},"image":{"@id":"https:\/\/www.ucaldas.edu.co\/portal\/en-feria-del-libro-se-dio-espacio-para-hablar-del-centro-cultural-universitario-rogelio-salmona\/#primaryimage"},"thumbnailUrl":"https:\/\/www.ucaldas.edu.co\/portal\/wp-content\/uploads\/2014\/08\/10647164_739541179441083_5699584987375063052_n-300x200.jpg","datePublished":"2014-08-29T20:30:56+00:00","breadcrumb":{"@id":"https:\/\/www.ucaldas.edu.co\/portal\/en-feria-del-libro-se-dio-espacio-para-hablar-del-centro-cultural-universitario-rogelio-salmona\/#breadcrumb"},"inLanguage":"es","potentialAction":[{"@type":"ReadAction","target":["https:\/\/www.ucaldas.edu.co\/portal\/en-feria-del-libro-se-dio-espacio-para-hablar-del-centro-cultural-universitario-rogelio-salmona\/"]}]},{"@type":"ImageObject","inLanguage":"es","@id":"https:\/\/www.ucaldas.edu.co\/portal\/en-feria-del-libro-se-dio-espacio-para-hablar-del-centro-cultural-universitario-rogelio-salmona\/#primaryimage","url":"https:\/\/www.ucaldas.edu.co\/portal\/wp-content\/uploads\/2014\/08\/10647164_739541179441083_5699584987375063052_n-300x200.jpg","contentUrl":"https:\/\/www.ucaldas.edu.co\/portal\/wp-content\/uploads\/2014\/08\/10647164_739541179441083_5699584987375063052_n-300x200.jpg"},{"@type":"BreadcrumbList","@id":"https:\/\/www.ucaldas.edu.co\/portal\/en-feria-del-libro-se-dio-espacio-para-hablar-del-centro-cultural-universitario-rogelio-salmona\/#breadcrumb","itemListElement":[{"@type":"ListItem","position":1,"name":"Portada","item":"https:\/\/www.ucaldas.edu.co\/portal\/"},{"@type":"ListItem","position":2,"name":"En Feria del Libro se dio espacio para hablar del Centro Cultural Universitario Rogelio Salmona"}]},{"@type":"WebSite","@id":"https:\/\/www.ucaldas.edu.co\/portal\/#website","url":"https:\/\/www.ucaldas.edu.co\/portal\/","name":"Universidad de Caldas","description":"","publisher":{"@id":"https:\/\/www.ucaldas.edu.co\/portal\/#organization"},"alternateName":"U. de Caldas","potentialAction":[{"@type":"SearchAction","target":{"@type":"EntryPoint","urlTemplate":"https:\/\/www.ucaldas.edu.co\/portal\/?s={search_term_string}"},"query-input":{"@type":"PropertyValueSpecification","valueRequired":true,"valueName":"search_term_string"}}],"inLanguage":"es"},{"@type":"Organization","@id":"https:\/\/www.ucaldas.edu.co\/portal\/#organization","name":"Universidad de Caldas","alternateName":"U. de Caldas","url":"https:\/\/www.ucaldas.edu.co\/portal\/","logo":{"@type":"ImageObject","inLanguage":"es","@id":"https:\/\/www.ucaldas.edu.co\/portal\/#\/schema\/logo\/image\/","url":"https:\/\/www.ucaldas.edu.co\/portal\/wp-content\/uploads\/2023\/11\/Logo_horizontal_oscuroU-2023.png","contentUrl":"https:\/\/www.ucaldas.edu.co\/portal\/wp-content\/uploads\/2023\/11\/Logo_horizontal_oscuroU-2023.png","width":263,"height":101,"caption":"Universidad de Caldas"},"image":{"@id":"https:\/\/www.ucaldas.edu.co\/portal\/#\/schema\/logo\/image\/"},"sameAs":["https:\/\/www.facebook.com\/udecaldas","https:\/\/x.com\/udecaldas","https:\/\/www.youtube.com\/universidadcaldas","https:\/\/www.instagram.com\/udecaldas\/"]},{"@type":"Person","@id":"https:\/\/www.ucaldas.edu.co\/portal\/#\/schema\/person\/a1b482e23449158b4bc319926c074fdf","name":"ofiprensa","image":{"@type":"ImageObject","inLanguage":"es","@id":"https:\/\/www.ucaldas.edu.co\/portal\/wp-content\/litespeed\/avatar\/09ea5085e600095a7a811142c6944527.jpg?ver=1777497608","url":"https:\/\/www.ucaldas.edu.co\/portal\/wp-content\/litespeed\/avatar\/09ea5085e600095a7a811142c6944527.jpg?ver=1777497608","contentUrl":"https:\/\/www.ucaldas.edu.co\/portal\/wp-content\/litespeed\/avatar\/09ea5085e600095a7a811142c6944527.jpg?ver=1777497608","caption":"ofiprensa"},"url":"https:\/\/www.ucaldas.edu.co\/portal\/author\/ofiprensa\/"}]}},"_links":{"self":[{"href":"https:\/\/www.ucaldas.edu.co\/portal\/wp-json\/wp\/v2\/posts\/18918","targetHints":{"allow":["GET"]}}],"collection":[{"href":"https:\/\/www.ucaldas.edu.co\/portal\/wp-json\/wp\/v2\/posts"}],"about":[{"href":"https:\/\/www.ucaldas.edu.co\/portal\/wp-json\/wp\/v2\/types\/post"}],"author":[{"embeddable":true,"href":"https:\/\/www.ucaldas.edu.co\/portal\/wp-json\/wp\/v2\/users\/2"}],"replies":[{"embeddable":true,"href":"https:\/\/www.ucaldas.edu.co\/portal\/wp-json\/wp\/v2\/comments?post=18918"}],"version-history":[{"count":0,"href":"https:\/\/www.ucaldas.edu.co\/portal\/wp-json\/wp\/v2\/posts\/18918\/revisions"}],"wp:attachment":[{"href":"https:\/\/www.ucaldas.edu.co\/portal\/wp-json\/wp\/v2\/media?parent=18918"}],"wp:term":[{"taxonomy":"category","embeddable":true,"href":"https:\/\/www.ucaldas.edu.co\/portal\/wp-json\/wp\/v2\/categories?post=18918"},{"taxonomy":"post_tag","embeddable":true,"href":"https:\/\/www.ucaldas.edu.co\/portal\/wp-json\/wp\/v2\/tags?post=18918"}],"curies":[{"name":"wp","href":"https:\/\/api.w.org\/{rel}","templated":true}]}}