{"id":18901,"date":"2014-08-28T17:52:55","date_gmt":"2014-08-28T22:52:55","guid":{"rendered":"https:\/\/www.ucaldas.edu.co\/portal\/?p=18901"},"modified":"2014-08-28T17:52:55","modified_gmt":"2014-08-28T22:52:55","slug":"agradezco-el-apoyo-de-todos-para-lograr-mi-libertad-andres-felipe-calle-valencia","status":"publish","type":"post","link":"https:\/\/www.ucaldas.edu.co\/portal\/agradezco-el-apoyo-de-todos-para-lograr-mi-libertad-andres-felipe-calle-valencia\/","title":{"rendered":"\u201cAgradezco el apoyo de todos para lograr mi libertad\u201d: Andr\u00e9s Felipe Calle Valencia"},"content":{"rendered":"<p align=\"center\">EGRESADO U. DE CALDAS LLEG\u00d3 A MANIZALES ESTE JUEVES 28 DE AGOSTO DEL 2014<\/p>\n<p align=\"center\"><b>\u201cAgradezco el apoyo de todos para lograr mi libertad\u201d: Andr\u00e9s Felipe Calle Valencia<\/b><\/p>\n<p align=\"center\"><a href=\"https:\/\/www.ucaldas.edu.co\/portal\/wp-content\/uploads\/2014\/08\/10639567_739459959449205_8881218484031854686_n.jpg\"><img loading=\"lazy\" decoding=\"async\" class=\"aligncenter size-medium wp-image-18902\" alt=\"10639567_739459959449205_8881218484031854686_n\" src=\"https:\/\/www.ucaldas.edu.co\/portal\/wp-content\/uploads\/2014\/08\/10639567_739459959449205_8881218484031854686_n-300x200.jpg\" width=\"300\" height=\"200\" \/><\/a><\/p>\n<p align=\"right\"><span style=\"line-height: 1.5em;\">28\/8\/2014<\/span><\/p>\n<p style=\"text-align: justify;\">\u00a0<b><a href=\"http:\/\/www.ivoox.com\/andres-felipe-calle-valencia-egresado-u-caldas-audios-mp3_rf_3438536_1.html\" target=\"_blank\">Andr\u00e9s Felipe Calle Valencia, ge\u00f3logo\u00a0egresado de la Universidad de Caldas (descargue aqu\u00ed el audio)<\/a><\/b>,\u00a0<b>arrib\u00f3 a Manizales<\/b>\u00a0este\u00a0<b>jueves 28 de agosto<\/b>\u00a0del 2014 y asegur\u00f3 que\u00a0<b>su<\/b>\u00a0<b>liberaci\u00f3n se dio gracias a la presi\u00f3n<\/b>\u00a0de su\u00a0<b>familia, la Instituci\u00f3n caldense, la iglesia y el Servicio Geol\u00f3gico Colombiano<\/b>.<!--more--><\/p>\n<p style=\"text-align: justify;\">\u00a0As\u00ed lo afirm\u00f3 al llegar con su familia, en\u00a0<b>di\u00e1logo con los medios de comunicaci\u00f3n<\/b>\u00a0en la pista del Aeropuerto La Nubia, de la capital caldense. En las instalaciones de la terminal a\u00e9rea\u00a0<b>se reuni\u00f3 adem\u00e1s con unos 50 familiares y amigos<\/b>, que con lo esperaban con carteles, flores y veladoras encendidas.<\/p>\n<p style=\"text-align: justify;\">\u00a0Calle Valencia\u00a0<b>fue<\/b>\u00a0<b>raptado por el Eln<\/b>\u00a0<b>el pasado 29 de junio<\/b>\u00a0en un sector de las v\u00edas que comunican las veredas La Luna 1 y Pitalito, en jurisdicci\u00f3n de Curuman\u00ed (Cesar), ubicado en la Serran\u00eda de Perij\u00e1.<\/p>\n<p style=\"text-align: justify;\">\u00a0<b>Reflexiones y recuerdos<\/b><\/p>\n<p style=\"text-align: justify;\">\u201c<b>Agradezco a mis padres y a quienes han estado dando esta batalla<\/b>, para lograr mi libertad. Quiero aprovechar este momento para enviarle un saludo a los secuestrados. No tuve la posibilidad de escuchar los mensajes que mis padres, amigos y personas del com\u00fan me enviaron con tanto empe\u00f1o, pues apenas ayer vi todo lo que hicieron\u201d, dijo el egresado de la Instituci\u00f3n caldense.<\/p>\n<p style=\"text-align: justify;\">El ge\u00f3logo inform\u00f3 el\u00a0<b>Eln estaba investigando si estaba realizando un tipo de exploraci\u00f3n minera o algo relacionado con el campo energ\u00e9tico<\/b>. Agradeci\u00f3 que a pesar de la situaci\u00f3n tan dificil que viv\u00eda, siempre recibi\u00f3 buen trato de sus captores.<\/p>\n<p style=\"text-align: justify;\">\u201cHace 16 d\u00edas supe que me iban a liberar. Fueron 14 d\u00edas de traves\u00eda y recorridos. Agradezco al Comit\u00e9 Internacional de la Cruz Roja (CICR) y estoy feliz de ver el apoyo de tantas personas.\u00a0<b>Estoy encantado con el ambiente familiar y las cosas m\u00e1s sencillas de la vida<\/b>, que se convierten el algo fundamental\u201d, dijo.<\/p>\n<p style=\"text-align: justify;\">\u00a0<a href=\"https:\/\/www.facebook.com\/media\/set\/?set=a.739459412782593.1073743006.107054166023124&amp;type=1&amp;l=4414e931cf\" target=\"_blank\">Conozca im\u00e1genes de la llegada a Manizales de Andr\u00e9s Felipe Calle Valencia<\/a><\/p>\n<p style=\"text-align: justify;\"><a href=\"http:\/\/www.ivoox.com\/andres-felipe-calle-valencia-egresado-u-caldas-audios-mp3_rf_3438536_1.html\" target=\"_blank\">Escuche aqu\u00ed una entrevista con Andr\u00e9s Felipe Calle Valencia<\/a><\/p>\n<p style=\"text-align: justify;\"><a href=\"https:\/\/www.ucaldas.edu.co\/portal\/liberen-a-andres\/\" target=\"_blank\">Conozca aqu\u00ed los pronunciamientos y acciones de la comunidad acad\u00e9mica de la U. de Caldas y de otros actores sociales respecto al rapto de Calle Valencia.<\/a><\/p>\n<p style=\"text-align: justify;\"><b>Informes:<\/b>\u00a0Oficina de Prensa de la U. de Caldas, tel\u00e9fono 878 15 00 extensi\u00f3n 12 167.<br \/>\n<b>Redacci\u00f3n:<\/b>\u00a0Margarita Laverde<b>\u00a0<\/b><\/p>\n<p><b>\u00a0<\/b><\/p>\n","protected":false},"excerpt":{"rendered":"<p>EGRESADO U. DE CALDAS LLEG\u00d3 A MANIZALES ESTE JUEVES 28 DE AGOSTO DEL 2014 \u201cAgradezco el apoyo de todos para lograr mi libertad\u201d: Andr\u00e9s Felipe Calle Valencia 28\/8\/2014 \u00a0Andr\u00e9s Felipe Calle Valencia, ge\u00f3logo\u00a0egresado de la Universidad de Caldas (descargue aqu\u00ed el audio),\u00a0arrib\u00f3 a Manizales\u00a0este\u00a0jueves 28 de agosto\u00a0del 2014 y asegur\u00f3 que\u00a0su\u00a0liberaci\u00f3n se dio gracias a [&hellip;]<\/p>\n","protected":false},"author":2,"featured_media":0,"comment_status":"closed","ping_status":"closed","sticky":false,"template":"","format":"standard","meta":{"footnotes":""},"categories":[48,53],"tags":[95,460,2087,2088],"class_list":["post-18901","post","type-post","status-publish","format-standard","hentry","category-actualidad","category-universidad-al-dia","tag-universidad-de-caldas","tag-egresado","tag-libertad","tag-movilizacion"],"yoast_head":"<!-- This site is optimized with the Yoast SEO plugin v27.5 - https:\/\/yoast.com\/product\/yoast-seo-wordpress\/ -->\n<title>\u201cAgradezco el apoyo de todos para lograr mi libertad\u201d: Andr\u00e9s Felipe Calle Valencia .<\/title>\n<meta name=\"robots\" content=\"index, follow, max-snippet:-1, max-image-preview:large, max-video-preview:-1\" \/>\n<link rel=\"canonical\" href=\"https:\/\/www.ucaldas.edu.co\/portal\/agradezco-el-apoyo-de-todos-para-lograr-mi-libertad-andres-felipe-calle-valencia\/\" \/>\n<script type=\"application\/ld+json\" class=\"yoast-schema-graph\">{\"@context\":\"https:\\\/\\\/schema.org\",\"@graph\":[{\"@type\":\"Article\",\"@id\":\"https:\\\/\\\/www.ucaldas.edu.co\\\/portal\\\/agradezco-el-apoyo-de-todos-para-lograr-mi-libertad-andres-felipe-calle-valencia\\\/#article\",\"isPartOf\":{\"@id\":\"https:\\\/\\\/www.ucaldas.edu.co\\\/portal\\\/agradezco-el-apoyo-de-todos-para-lograr-mi-libertad-andres-felipe-calle-valencia\\\/\"},\"author\":{\"name\":\"ofiprensa\",\"@id\":\"https:\\\/\\\/www.ucaldas.edu.co\\\/portal\\\/#\\\/schema\\\/person\\\/a1b482e23449158b4bc319926c074fdf\"},\"headline\":\"\u201cAgradezco el apoyo de todos para lograr mi libertad\u201d: Andr\u00e9s Felipe Calle Valencia\",\"datePublished\":\"2014-08-28T22:52:55+00:00\",\"mainEntityOfPage\":{\"@id\":\"https:\\\/\\\/www.ucaldas.edu.co\\\/portal\\\/agradezco-el-apoyo-de-todos-para-lograr-mi-libertad-andres-felipe-calle-valencia\\\/\"},\"wordCount\":427,\"publisher\":{\"@id\":\"https:\\\/\\\/www.ucaldas.edu.co\\\/portal\\\/#organization\"},\"image\":{\"@id\":\"https:\\\/\\\/www.ucaldas.edu.co\\\/portal\\\/agradezco-el-apoyo-de-todos-para-lograr-mi-libertad-andres-felipe-calle-valencia\\\/#primaryimage\"},\"thumbnailUrl\":\"https:\\\/\\\/www.ucaldas.edu.co\\\/portal\\\/wp-content\\\/uploads\\\/2014\\\/08\\\/10639567_739459959449205_8881218484031854686_n-300x200.jpg\",\"keywords\":[\"Universidad De Caldas\",\"Egresado\",\"libertad\",\"movilizaci\u00f3n\"],\"articleSection\":[\"Actualidad\",\"Universidad al D\u00eda\"],\"inLanguage\":\"es\"},{\"@type\":\"WebPage\",\"@id\":\"https:\\\/\\\/www.ucaldas.edu.co\\\/portal\\\/agradezco-el-apoyo-de-todos-para-lograr-mi-libertad-andres-felipe-calle-valencia\\\/\",\"url\":\"https:\\\/\\\/www.ucaldas.edu.co\\\/portal\\\/agradezco-el-apoyo-de-todos-para-lograr-mi-libertad-andres-felipe-calle-valencia\\\/\",\"name\":\"\u201cAgradezco el apoyo de todos para lograr mi libertad\u201d: Andr\u00e9s Felipe Calle Valencia .\",\"isPartOf\":{\"@id\":\"https:\\\/\\\/www.ucaldas.edu.co\\\/portal\\\/#website\"},\"primaryImageOfPage\":{\"@id\":\"https:\\\/\\\/www.ucaldas.edu.co\\\/portal\\\/agradezco-el-apoyo-de-todos-para-lograr-mi-libertad-andres-felipe-calle-valencia\\\/#primaryimage\"},\"image\":{\"@id\":\"https:\\\/\\\/www.ucaldas.edu.co\\\/portal\\\/agradezco-el-apoyo-de-todos-para-lograr-mi-libertad-andres-felipe-calle-valencia\\\/#primaryimage\"},\"thumbnailUrl\":\"https:\\\/\\\/www.ucaldas.edu.co\\\/portal\\\/wp-content\\\/uploads\\\/2014\\\/08\\\/10639567_739459959449205_8881218484031854686_n-300x200.jpg\",\"datePublished\":\"2014-08-28T22:52:55+00:00\",\"breadcrumb\":{\"@id\":\"https:\\\/\\\/www.ucaldas.edu.co\\\/portal\\\/agradezco-el-apoyo-de-todos-para-lograr-mi-libertad-andres-felipe-calle-valencia\\\/#breadcrumb\"},\"inLanguage\":\"es\",\"potentialAction\":[{\"@type\":\"ReadAction\",\"target\":[\"https:\\\/\\\/www.ucaldas.edu.co\\\/portal\\\/agradezco-el-apoyo-de-todos-para-lograr-mi-libertad-andres-felipe-calle-valencia\\\/\"]}]},{\"@type\":\"ImageObject\",\"inLanguage\":\"es\",\"@id\":\"https:\\\/\\\/www.ucaldas.edu.co\\\/portal\\\/agradezco-el-apoyo-de-todos-para-lograr-mi-libertad-andres-felipe-calle-valencia\\\/#primaryimage\",\"url\":\"https:\\\/\\\/www.ucaldas.edu.co\\\/portal\\\/wp-content\\\/uploads\\\/2014\\\/08\\\/10639567_739459959449205_8881218484031854686_n-300x200.jpg\",\"contentUrl\":\"https:\\\/\\\/www.ucaldas.edu.co\\\/portal\\\/wp-content\\\/uploads\\\/2014\\\/08\\\/10639567_739459959449205_8881218484031854686_n-300x200.jpg\"},{\"@type\":\"BreadcrumbList\",\"@id\":\"https:\\\/\\\/www.ucaldas.edu.co\\\/portal\\\/agradezco-el-apoyo-de-todos-para-lograr-mi-libertad-andres-felipe-calle-valencia\\\/#breadcrumb\",\"itemListElement\":[{\"@type\":\"ListItem\",\"position\":1,\"name\":\"Portada\",\"item\":\"https:\\\/\\\/www.ucaldas.edu.co\\\/portal\\\/\"},{\"@type\":\"ListItem\",\"position\":2,\"name\":\"\u201cAgradezco el apoyo de todos para lograr mi libertad\u201d: Andr\u00e9s Felipe Calle Valencia\"}]},{\"@type\":\"WebSite\",\"@id\":\"https:\\\/\\\/www.ucaldas.edu.co\\\/portal\\\/#website\",\"url\":\"https:\\\/\\\/www.ucaldas.edu.co\\\/portal\\\/\",\"name\":\"Universidad de Caldas\",\"description\":\"\",\"publisher\":{\"@id\":\"https:\\\/\\\/www.ucaldas.edu.co\\\/portal\\\/#organization\"},\"alternateName\":\"U. de Caldas\",\"potentialAction\":[{\"@type\":\"SearchAction\",\"target\":{\"@type\":\"EntryPoint\",\"urlTemplate\":\"https:\\\/\\\/www.ucaldas.edu.co\\\/portal\\\/?s={search_term_string}\"},\"query-input\":{\"@type\":\"PropertyValueSpecification\",\"valueRequired\":true,\"valueName\":\"search_term_string\"}}],\"inLanguage\":\"es\"},{\"@type\":\"Organization\",\"@id\":\"https:\\\/\\\/www.ucaldas.edu.co\\\/portal\\\/#organization\",\"name\":\"Universidad de Caldas\",\"alternateName\":\"U. de Caldas\",\"url\":\"https:\\\/\\\/www.ucaldas.edu.co\\\/portal\\\/\",\"logo\":{\"@type\":\"ImageObject\",\"inLanguage\":\"es\",\"@id\":\"https:\\\/\\\/www.ucaldas.edu.co\\\/portal\\\/#\\\/schema\\\/logo\\\/image\\\/\",\"url\":\"https:\\\/\\\/www.ucaldas.edu.co\\\/portal\\\/wp-content\\\/uploads\\\/2023\\\/11\\\/Logo_horizontal_oscuroU-2023.png\",\"contentUrl\":\"https:\\\/\\\/www.ucaldas.edu.co\\\/portal\\\/wp-content\\\/uploads\\\/2023\\\/11\\\/Logo_horizontal_oscuroU-2023.png\",\"width\":263,\"height\":101,\"caption\":\"Universidad de Caldas\"},\"image\":{\"@id\":\"https:\\\/\\\/www.ucaldas.edu.co\\\/portal\\\/#\\\/schema\\\/logo\\\/image\\\/\"},\"sameAs\":[\"https:\\\/\\\/www.facebook.com\\\/udecaldas\",\"https:\\\/\\\/x.com\\\/udecaldas\",\"https:\\\/\\\/www.youtube.com\\\/universidadcaldas\",\"https:\\\/\\\/www.instagram.com\\\/udecaldas\\\/\"]},{\"@type\":\"Person\",\"@id\":\"https:\\\/\\\/www.ucaldas.edu.co\\\/portal\\\/#\\\/schema\\\/person\\\/a1b482e23449158b4bc319926c074fdf\",\"name\":\"ofiprensa\",\"image\":{\"@type\":\"ImageObject\",\"inLanguage\":\"es\",\"@id\":\"https:\\\/\\\/www.ucaldas.edu.co\\\/portal\\\/wp-content\\\/litespeed\\\/avatar\\\/09ea5085e600095a7a811142c6944527.jpg?ver=1777497608\",\"url\":\"https:\\\/\\\/www.ucaldas.edu.co\\\/portal\\\/wp-content\\\/litespeed\\\/avatar\\\/09ea5085e600095a7a811142c6944527.jpg?ver=1777497608\",\"contentUrl\":\"https:\\\/\\\/www.ucaldas.edu.co\\\/portal\\\/wp-content\\\/litespeed\\\/avatar\\\/09ea5085e600095a7a811142c6944527.jpg?ver=1777497608\",\"caption\":\"ofiprensa\"},\"url\":\"https:\\\/\\\/www.ucaldas.edu.co\\\/portal\\\/author\\\/ofiprensa\\\/\"}]}<\/script>\n<!-- \/ Yoast SEO plugin. -->","yoast_head_json":{"title":"\u201cAgradezco el apoyo de todos para lograr mi libertad\u201d: Andr\u00e9s Felipe Calle Valencia .","robots":{"index":"index","follow":"follow","max-snippet":"max-snippet:-1","max-image-preview":"max-image-preview:large","max-video-preview":"max-video-preview:-1"},"canonical":"https:\/\/www.ucaldas.edu.co\/portal\/agradezco-el-apoyo-de-todos-para-lograr-mi-libertad-andres-felipe-calle-valencia\/","schema":{"@context":"https:\/\/schema.org","@graph":[{"@type":"Article","@id":"https:\/\/www.ucaldas.edu.co\/portal\/agradezco-el-apoyo-de-todos-para-lograr-mi-libertad-andres-felipe-calle-valencia\/#article","isPartOf":{"@id":"https:\/\/www.ucaldas.edu.co\/portal\/agradezco-el-apoyo-de-todos-para-lograr-mi-libertad-andres-felipe-calle-valencia\/"},"author":{"name":"ofiprensa","@id":"https:\/\/www.ucaldas.edu.co\/portal\/#\/schema\/person\/a1b482e23449158b4bc319926c074fdf"},"headline":"\u201cAgradezco el apoyo de todos para lograr mi libertad\u201d: Andr\u00e9s Felipe Calle Valencia","datePublished":"2014-08-28T22:52:55+00:00","mainEntityOfPage":{"@id":"https:\/\/www.ucaldas.edu.co\/portal\/agradezco-el-apoyo-de-todos-para-lograr-mi-libertad-andres-felipe-calle-valencia\/"},"wordCount":427,"publisher":{"@id":"https:\/\/www.ucaldas.edu.co\/portal\/#organization"},"image":{"@id":"https:\/\/www.ucaldas.edu.co\/portal\/agradezco-el-apoyo-de-todos-para-lograr-mi-libertad-andres-felipe-calle-valencia\/#primaryimage"},"thumbnailUrl":"https:\/\/www.ucaldas.edu.co\/portal\/wp-content\/uploads\/2014\/08\/10639567_739459959449205_8881218484031854686_n-300x200.jpg","keywords":["Universidad De Caldas","Egresado","libertad","movilizaci\u00f3n"],"articleSection":["Actualidad","Universidad al D\u00eda"],"inLanguage":"es"},{"@type":"WebPage","@id":"https:\/\/www.ucaldas.edu.co\/portal\/agradezco-el-apoyo-de-todos-para-lograr-mi-libertad-andres-felipe-calle-valencia\/","url":"https:\/\/www.ucaldas.edu.co\/portal\/agradezco-el-apoyo-de-todos-para-lograr-mi-libertad-andres-felipe-calle-valencia\/","name":"\u201cAgradezco el apoyo de todos para lograr mi libertad\u201d: Andr\u00e9s Felipe Calle Valencia .","isPartOf":{"@id":"https:\/\/www.ucaldas.edu.co\/portal\/#website"},"primaryImageOfPage":{"@id":"https:\/\/www.ucaldas.edu.co\/portal\/agradezco-el-apoyo-de-todos-para-lograr-mi-libertad-andres-felipe-calle-valencia\/#primaryimage"},"image":{"@id":"https:\/\/www.ucaldas.edu.co\/portal\/agradezco-el-apoyo-de-todos-para-lograr-mi-libertad-andres-felipe-calle-valencia\/#primaryimage"},"thumbnailUrl":"https:\/\/www.ucaldas.edu.co\/portal\/wp-content\/uploads\/2014\/08\/10639567_739459959449205_8881218484031854686_n-300x200.jpg","datePublished":"2014-08-28T22:52:55+00:00","breadcrumb":{"@id":"https:\/\/www.ucaldas.edu.co\/portal\/agradezco-el-apoyo-de-todos-para-lograr-mi-libertad-andres-felipe-calle-valencia\/#breadcrumb"},"inLanguage":"es","potentialAction":[{"@type":"ReadAction","target":["https:\/\/www.ucaldas.edu.co\/portal\/agradezco-el-apoyo-de-todos-para-lograr-mi-libertad-andres-felipe-calle-valencia\/"]}]},{"@type":"ImageObject","inLanguage":"es","@id":"https:\/\/www.ucaldas.edu.co\/portal\/agradezco-el-apoyo-de-todos-para-lograr-mi-libertad-andres-felipe-calle-valencia\/#primaryimage","url":"https:\/\/www.ucaldas.edu.co\/portal\/wp-content\/uploads\/2014\/08\/10639567_739459959449205_8881218484031854686_n-300x200.jpg","contentUrl":"https:\/\/www.ucaldas.edu.co\/portal\/wp-content\/uploads\/2014\/08\/10639567_739459959449205_8881218484031854686_n-300x200.jpg"},{"@type":"BreadcrumbList","@id":"https:\/\/www.ucaldas.edu.co\/portal\/agradezco-el-apoyo-de-todos-para-lograr-mi-libertad-andres-felipe-calle-valencia\/#breadcrumb","itemListElement":[{"@type":"ListItem","position":1,"name":"Portada","item":"https:\/\/www.ucaldas.edu.co\/portal\/"},{"@type":"ListItem","position":2,"name":"\u201cAgradezco el apoyo de todos para lograr mi libertad\u201d: Andr\u00e9s Felipe Calle Valencia"}]},{"@type":"WebSite","@id":"https:\/\/www.ucaldas.edu.co\/portal\/#website","url":"https:\/\/www.ucaldas.edu.co\/portal\/","name":"Universidad de Caldas","description":"","publisher":{"@id":"https:\/\/www.ucaldas.edu.co\/portal\/#organization"},"alternateName":"U. de Caldas","potentialAction":[{"@type":"SearchAction","target":{"@type":"EntryPoint","urlTemplate":"https:\/\/www.ucaldas.edu.co\/portal\/?s={search_term_string}"},"query-input":{"@type":"PropertyValueSpecification","valueRequired":true,"valueName":"search_term_string"}}],"inLanguage":"es"},{"@type":"Organization","@id":"https:\/\/www.ucaldas.edu.co\/portal\/#organization","name":"Universidad de Caldas","alternateName":"U. de Caldas","url":"https:\/\/www.ucaldas.edu.co\/portal\/","logo":{"@type":"ImageObject","inLanguage":"es","@id":"https:\/\/www.ucaldas.edu.co\/portal\/#\/schema\/logo\/image\/","url":"https:\/\/www.ucaldas.edu.co\/portal\/wp-content\/uploads\/2023\/11\/Logo_horizontal_oscuroU-2023.png","contentUrl":"https:\/\/www.ucaldas.edu.co\/portal\/wp-content\/uploads\/2023\/11\/Logo_horizontal_oscuroU-2023.png","width":263,"height":101,"caption":"Universidad de Caldas"},"image":{"@id":"https:\/\/www.ucaldas.edu.co\/portal\/#\/schema\/logo\/image\/"},"sameAs":["https:\/\/www.facebook.com\/udecaldas","https:\/\/x.com\/udecaldas","https:\/\/www.youtube.com\/universidadcaldas","https:\/\/www.instagram.com\/udecaldas\/"]},{"@type":"Person","@id":"https:\/\/www.ucaldas.edu.co\/portal\/#\/schema\/person\/a1b482e23449158b4bc319926c074fdf","name":"ofiprensa","image":{"@type":"ImageObject","inLanguage":"es","@id":"https:\/\/www.ucaldas.edu.co\/portal\/wp-content\/litespeed\/avatar\/09ea5085e600095a7a811142c6944527.jpg?ver=1777497608","url":"https:\/\/www.ucaldas.edu.co\/portal\/wp-content\/litespeed\/avatar\/09ea5085e600095a7a811142c6944527.jpg?ver=1777497608","contentUrl":"https:\/\/www.ucaldas.edu.co\/portal\/wp-content\/litespeed\/avatar\/09ea5085e600095a7a811142c6944527.jpg?ver=1777497608","caption":"ofiprensa"},"url":"https:\/\/www.ucaldas.edu.co\/portal\/author\/ofiprensa\/"}]}},"_links":{"self":[{"href":"https:\/\/www.ucaldas.edu.co\/portal\/wp-json\/wp\/v2\/posts\/18901","targetHints":{"allow":["GET"]}}],"collection":[{"href":"https:\/\/www.ucaldas.edu.co\/portal\/wp-json\/wp\/v2\/posts"}],"about":[{"href":"https:\/\/www.ucaldas.edu.co\/portal\/wp-json\/wp\/v2\/types\/post"}],"author":[{"embeddable":true,"href":"https:\/\/www.ucaldas.edu.co\/portal\/wp-json\/wp\/v2\/users\/2"}],"replies":[{"embeddable":true,"href":"https:\/\/www.ucaldas.edu.co\/portal\/wp-json\/wp\/v2\/comments?post=18901"}],"version-history":[{"count":0,"href":"https:\/\/www.ucaldas.edu.co\/portal\/wp-json\/wp\/v2\/posts\/18901\/revisions"}],"wp:attachment":[{"href":"https:\/\/www.ucaldas.edu.co\/portal\/wp-json\/wp\/v2\/media?parent=18901"}],"wp:term":[{"taxonomy":"category","embeddable":true,"href":"https:\/\/www.ucaldas.edu.co\/portal\/wp-json\/wp\/v2\/categories?post=18901"},{"taxonomy":"post_tag","embeddable":true,"href":"https:\/\/www.ucaldas.edu.co\/portal\/wp-json\/wp\/v2\/tags?post=18901"}],"curies":[{"name":"wp","href":"https:\/\/api.w.org\/{rel}","templated":true}]}}