{"id":18890,"date":"2014-08-27T17:02:39","date_gmt":"2014-08-27T22:02:39","guid":{"rendered":"https:\/\/www.ucaldas.edu.co\/portal\/?p=18890"},"modified":"2014-08-27T17:02:39","modified_gmt":"2014-08-27T22:02:39","slug":"estudiantes-aprenden-sobre-pautas-para-creacion-de-proyectos-radiales","status":"publish","type":"post","link":"https:\/\/www.ucaldas.edu.co\/portal\/estudiantes-aprenden-sobre-pautas-para-creacion-de-proyectos-radiales\/","title":{"rendered":"Estudiantes aprenden sobre pautas para creaci\u00f3n de proyectos radiales"},"content":{"rendered":"<p align=\"center\">EN TALLERES DE FORMACI\u00d3N PARA CREACI\u00d3N DE EMISORA POPULAR UNIVERSITARIA<\/p>\n<p align=\"center\"><b>Estudiantes aprenden sobre pautas para creaci\u00f3n de proyectos radiales<\/b><\/p>\n<p align=\"center\"><span style=\"line-height: 1.5em;\">\u00a0<a href=\"https:\/\/www.ucaldas.edu.co\/portal\/wp-content\/uploads\/2014\/08\/10422563_739129299482271_2869115514460214556_n.jpg\"><img loading=\"lazy\" decoding=\"async\" class=\"aligncenter size-medium wp-image-18891\" alt=\"10422563_739129299482271_2869115514460214556_n\" src=\"https:\/\/www.ucaldas.edu.co\/portal\/wp-content\/uploads\/2014\/08\/10422563_739129299482271_2869115514460214556_n-300x200.jpg\" width=\"300\" height=\"200\" \/><\/a><\/span><\/p>\n<p align=\"right\">27\/8\/2014<\/p>\n<p style=\"text-align: justify;\">Con el objetivo de\u00a0<b>acercar la Universidad de Caldas a la ciudad<\/b>\u00a0y como una forma de integrar a toda la comunidad acad\u00e9mica en los\u00a0<b>procesos de comunicaci\u00f3n<\/b>\u00a0de la Instituci\u00f3n, estudiantes de diferentes programas\u00a0<b>contin\u00faan trabajando en el proyecto de creaci\u00f3n de una Emisora Popular Universitaria<\/b>.<!--more--><\/p>\n<p style=\"text-align: justify;\">Como parte de los\u00a0<b>talleres de formaci\u00f3n<\/b>\u00a0los estudiantes recibieron el pasado 26 de agosto del 2014 a Miguel Camacho\u00a0\u00a0Casta\u00f1o,\u00a0<b>periodista cultural de Se\u00f1al Radio Colombia<\/b>, quien comparti\u00f3 su amplia\u00a0<b>experiencia en los medios de comunicaci\u00f3n<\/b>\u00a0y les dio\u00a0<b>pautas para encaminar el proceso de conformaci\u00f3n<\/b>\u00a0de la emisora universitaria.<\/p>\n<p style=\"text-align: justify;\">Camacho Casta\u00f1o se mostr\u00f3\u00a0<b>sorprendido por el entusiasmo<\/b>\u00a0y\u00a0<b>dedicaci\u00f3n<\/b>\u00a0que han puesto los estudiantes en este proyecto, que le\u00a0<b>permitir\u00e1 a la Universidad escuchar la voz de quienes la viven a diario<\/b>.<\/p>\n<p style=\"text-align: justify;\">La charla del periodista cultural estuvo enfocada en\u00a0<b>resolver las dudas sobre qu\u00e9 modelos radiales son los m\u00e1s adecuados<\/b>\u00a0para este tipo de emisora. \u201cLo principal es que decidan qu\u00e9\u00a0<b>tipo de radio<\/b>\u00a0quieren hacer, qu\u00e9\u00a0<b>tratamiento<\/b>\u00a0quieren darle a la informaci\u00f3n y\u00a0<b>c\u00f3mo la quieren mostrar<\/b>\u201d, dijo.<\/p>\n<p style=\"text-align: justify;\" align=\"left\"><b>Definir pautas<br \/>\n<\/b>Como punto importante Miguel Camacho Casta\u00f1o le record\u00f3 a los integrantes del proyecto radial que antes de pensar en sacar al aire una emisora es necesario\u00a0<b>definir la estructura<\/b>,\u00a0<b>el plan<\/b>,\u00a0<b>las pautas a seguir<\/b>\u00a0y sobre todo\u00a0<b>plantear una identidad en la comunicaci\u00f3n<\/b>, lo que le permitir\u00e1 al proyecto ser diferente a las emisoras radiales de otras universidades.<\/p>\n<p style=\"text-align: justify;\">\u201c<b>Las emisoras universitarias son uno de los mejores veh\u00edculos\u00a0<\/b>con los que puede contar una instituci\u00f3n<b>\u00a0para proyectarse ante una comunidad<\/b>, porque son quienes la viven y sus protagonistas quienes cuentan y dirigen las historias que salen al aire\u201d, explic\u00f3 Camacho Casta\u00f1o.<\/p>\n<p style=\"text-align: justify;\"><a href=\"https:\/\/www.facebook.com\/media\/set\/?set=a.739129196148948.1073743002.107054166023124&amp;type=1&amp;l=7f3e62e7b8\">Conozca im\u00e1genes del taller a estudiantes de Emisora Popular Universitaria<\/a><\/p>\n<p style=\"text-align: justify;\" align=\"left\"><b>Informes:<\/b>\u00a0Carolina Montoya Ballesteros, en el tel\u00e9fono\u00a0<a href=\"tel:318%20562%201323\" target=\"_blank\">318 562 1323<\/a><\/p>\n<p style=\"text-align: justify;\" align=\"left\"><b>Redacci\u00f3n:<\/b>\u00a0Luisa Giraldo<br \/>\nCoordinadora contenidos Intranet<\/p>\n<p style=\"text-align: justify;\" align=\"left\">\n<p align=\"left\"><b>\u00a0<\/b><\/p>\n","protected":false},"excerpt":{"rendered":"<p>EN TALLERES DE FORMACI\u00d3N PARA CREACI\u00d3N DE EMISORA POPULAR UNIVERSITARIA Estudiantes aprenden sobre pautas para creaci\u00f3n de proyectos radiales \u00a0 27\/8\/2014 Con el objetivo de\u00a0acercar la Universidad de Caldas a la ciudad\u00a0y como una forma de integrar a toda la comunidad acad\u00e9mica en los\u00a0procesos de comunicaci\u00f3n\u00a0de la Instituci\u00f3n, estudiantes de diferentes programas\u00a0contin\u00faan trabajando en el [&hellip;]<\/p>\n","protected":false},"author":2,"featured_media":0,"comment_status":"closed","ping_status":"closed","sticky":false,"template":"","format":"standard","meta":{"footnotes":""},"categories":[48,53],"tags":[95,296,1594,2041,2181,2182],"class_list":["post-18890","post","type-post","status-publish","format-standard","hentry","category-actualidad","category-universidad-al-dia","tag-universidad-de-caldas","tag-participacion","tag-opinion","tag-comunicacion","tag-emisora-universitaria","tag-radio-online"],"yoast_head":"<!-- This site is optimized with the Yoast SEO plugin v27.5 - https:\/\/yoast.com\/product\/yoast-seo-wordpress\/ -->\n<title>Estudiantes aprenden sobre pautas para creaci\u00f3n de proyectos radiales .<\/title>\n<meta name=\"robots\" content=\"index, follow, max-snippet:-1, max-image-preview:large, max-video-preview:-1\" \/>\n<link rel=\"canonical\" href=\"https:\/\/www.ucaldas.edu.co\/portal\/estudiantes-aprenden-sobre-pautas-para-creacion-de-proyectos-radiales\/\" \/>\n<script type=\"application\/ld+json\" class=\"yoast-schema-graph\">{\"@context\":\"https:\\\/\\\/schema.org\",\"@graph\":[{\"@type\":\"Article\",\"@id\":\"https:\\\/\\\/www.ucaldas.edu.co\\\/portal\\\/estudiantes-aprenden-sobre-pautas-para-creacion-de-proyectos-radiales\\\/#article\",\"isPartOf\":{\"@id\":\"https:\\\/\\\/www.ucaldas.edu.co\\\/portal\\\/estudiantes-aprenden-sobre-pautas-para-creacion-de-proyectos-radiales\\\/\"},\"author\":{\"name\":\"ofiprensa\",\"@id\":\"https:\\\/\\\/www.ucaldas.edu.co\\\/portal\\\/#\\\/schema\\\/person\\\/a1b482e23449158b4bc319926c074fdf\"},\"headline\":\"Estudiantes aprenden sobre pautas para creaci\u00f3n de proyectos radiales\",\"datePublished\":\"2014-08-27T22:02:39+00:00\",\"mainEntityOfPage\":{\"@id\":\"https:\\\/\\\/www.ucaldas.edu.co\\\/portal\\\/estudiantes-aprenden-sobre-pautas-para-creacion-de-proyectos-radiales\\\/\"},\"wordCount\":358,\"publisher\":{\"@id\":\"https:\\\/\\\/www.ucaldas.edu.co\\\/portal\\\/#organization\"},\"image\":{\"@id\":\"https:\\\/\\\/www.ucaldas.edu.co\\\/portal\\\/estudiantes-aprenden-sobre-pautas-para-creacion-de-proyectos-radiales\\\/#primaryimage\"},\"thumbnailUrl\":\"https:\\\/\\\/www.ucaldas.edu.co\\\/portal\\\/wp-content\\\/uploads\\\/2014\\\/08\\\/10422563_739129299482271_2869115514460214556_n-300x200.jpg\",\"keywords\":[\"Universidad De Caldas\",\"participaci\u00f3n\",\"opini\u00f3n\",\"comunicaci\u00f3n\",\"emisora universitaria\",\"radio online\"],\"articleSection\":[\"Actualidad\",\"Universidad al D\u00eda\"],\"inLanguage\":\"es\"},{\"@type\":\"WebPage\",\"@id\":\"https:\\\/\\\/www.ucaldas.edu.co\\\/portal\\\/estudiantes-aprenden-sobre-pautas-para-creacion-de-proyectos-radiales\\\/\",\"url\":\"https:\\\/\\\/www.ucaldas.edu.co\\\/portal\\\/estudiantes-aprenden-sobre-pautas-para-creacion-de-proyectos-radiales\\\/\",\"name\":\"Estudiantes aprenden sobre pautas para creaci\u00f3n de proyectos radiales .\",\"isPartOf\":{\"@id\":\"https:\\\/\\\/www.ucaldas.edu.co\\\/portal\\\/#website\"},\"primaryImageOfPage\":{\"@id\":\"https:\\\/\\\/www.ucaldas.edu.co\\\/portal\\\/estudiantes-aprenden-sobre-pautas-para-creacion-de-proyectos-radiales\\\/#primaryimage\"},\"image\":{\"@id\":\"https:\\\/\\\/www.ucaldas.edu.co\\\/portal\\\/estudiantes-aprenden-sobre-pautas-para-creacion-de-proyectos-radiales\\\/#primaryimage\"},\"thumbnailUrl\":\"https:\\\/\\\/www.ucaldas.edu.co\\\/portal\\\/wp-content\\\/uploads\\\/2014\\\/08\\\/10422563_739129299482271_2869115514460214556_n-300x200.jpg\",\"datePublished\":\"2014-08-27T22:02:39+00:00\",\"breadcrumb\":{\"@id\":\"https:\\\/\\\/www.ucaldas.edu.co\\\/portal\\\/estudiantes-aprenden-sobre-pautas-para-creacion-de-proyectos-radiales\\\/#breadcrumb\"},\"inLanguage\":\"es\",\"potentialAction\":[{\"@type\":\"ReadAction\",\"target\":[\"https:\\\/\\\/www.ucaldas.edu.co\\\/portal\\\/estudiantes-aprenden-sobre-pautas-para-creacion-de-proyectos-radiales\\\/\"]}]},{\"@type\":\"ImageObject\",\"inLanguage\":\"es\",\"@id\":\"https:\\\/\\\/www.ucaldas.edu.co\\\/portal\\\/estudiantes-aprenden-sobre-pautas-para-creacion-de-proyectos-radiales\\\/#primaryimage\",\"url\":\"https:\\\/\\\/www.ucaldas.edu.co\\\/portal\\\/wp-content\\\/uploads\\\/2014\\\/08\\\/10422563_739129299482271_2869115514460214556_n-300x200.jpg\",\"contentUrl\":\"https:\\\/\\\/www.ucaldas.edu.co\\\/portal\\\/wp-content\\\/uploads\\\/2014\\\/08\\\/10422563_739129299482271_2869115514460214556_n-300x200.jpg\"},{\"@type\":\"BreadcrumbList\",\"@id\":\"https:\\\/\\\/www.ucaldas.edu.co\\\/portal\\\/estudiantes-aprenden-sobre-pautas-para-creacion-de-proyectos-radiales\\\/#breadcrumb\",\"itemListElement\":[{\"@type\":\"ListItem\",\"position\":1,\"name\":\"Portada\",\"item\":\"https:\\\/\\\/www.ucaldas.edu.co\\\/portal\\\/\"},{\"@type\":\"ListItem\",\"position\":2,\"name\":\"Estudiantes aprenden sobre pautas para creaci\u00f3n de proyectos radiales\"}]},{\"@type\":\"WebSite\",\"@id\":\"https:\\\/\\\/www.ucaldas.edu.co\\\/portal\\\/#website\",\"url\":\"https:\\\/\\\/www.ucaldas.edu.co\\\/portal\\\/\",\"name\":\"Universidad de Caldas\",\"description\":\"\",\"publisher\":{\"@id\":\"https:\\\/\\\/www.ucaldas.edu.co\\\/portal\\\/#organization\"},\"alternateName\":\"U. de Caldas\",\"potentialAction\":[{\"@type\":\"SearchAction\",\"target\":{\"@type\":\"EntryPoint\",\"urlTemplate\":\"https:\\\/\\\/www.ucaldas.edu.co\\\/portal\\\/?s={search_term_string}\"},\"query-input\":{\"@type\":\"PropertyValueSpecification\",\"valueRequired\":true,\"valueName\":\"search_term_string\"}}],\"inLanguage\":\"es\"},{\"@type\":\"Organization\",\"@id\":\"https:\\\/\\\/www.ucaldas.edu.co\\\/portal\\\/#organization\",\"name\":\"Universidad de Caldas\",\"alternateName\":\"U. de Caldas\",\"url\":\"https:\\\/\\\/www.ucaldas.edu.co\\\/portal\\\/\",\"logo\":{\"@type\":\"ImageObject\",\"inLanguage\":\"es\",\"@id\":\"https:\\\/\\\/www.ucaldas.edu.co\\\/portal\\\/#\\\/schema\\\/logo\\\/image\\\/\",\"url\":\"https:\\\/\\\/www.ucaldas.edu.co\\\/portal\\\/wp-content\\\/uploads\\\/2023\\\/11\\\/Logo_horizontal_oscuroU-2023.png\",\"contentUrl\":\"https:\\\/\\\/www.ucaldas.edu.co\\\/portal\\\/wp-content\\\/uploads\\\/2023\\\/11\\\/Logo_horizontal_oscuroU-2023.png\",\"width\":263,\"height\":101,\"caption\":\"Universidad de Caldas\"},\"image\":{\"@id\":\"https:\\\/\\\/www.ucaldas.edu.co\\\/portal\\\/#\\\/schema\\\/logo\\\/image\\\/\"},\"sameAs\":[\"https:\\\/\\\/www.facebook.com\\\/udecaldas\",\"https:\\\/\\\/x.com\\\/udecaldas\",\"https:\\\/\\\/www.youtube.com\\\/universidadcaldas\",\"https:\\\/\\\/www.instagram.com\\\/udecaldas\\\/\"]},{\"@type\":\"Person\",\"@id\":\"https:\\\/\\\/www.ucaldas.edu.co\\\/portal\\\/#\\\/schema\\\/person\\\/a1b482e23449158b4bc319926c074fdf\",\"name\":\"ofiprensa\",\"image\":{\"@type\":\"ImageObject\",\"inLanguage\":\"es\",\"@id\":\"https:\\\/\\\/www.ucaldas.edu.co\\\/portal\\\/wp-content\\\/litespeed\\\/avatar\\\/09ea5085e600095a7a811142c6944527.jpg?ver=1777497608\",\"url\":\"https:\\\/\\\/www.ucaldas.edu.co\\\/portal\\\/wp-content\\\/litespeed\\\/avatar\\\/09ea5085e600095a7a811142c6944527.jpg?ver=1777497608\",\"contentUrl\":\"https:\\\/\\\/www.ucaldas.edu.co\\\/portal\\\/wp-content\\\/litespeed\\\/avatar\\\/09ea5085e600095a7a811142c6944527.jpg?ver=1777497608\",\"caption\":\"ofiprensa\"},\"url\":\"https:\\\/\\\/www.ucaldas.edu.co\\\/portal\\\/author\\\/ofiprensa\\\/\"}]}<\/script>\n<!-- \/ Yoast SEO plugin. -->","yoast_head_json":{"title":"Estudiantes aprenden sobre pautas para creaci\u00f3n de proyectos radiales .","robots":{"index":"index","follow":"follow","max-snippet":"max-snippet:-1","max-image-preview":"max-image-preview:large","max-video-preview":"max-video-preview:-1"},"canonical":"https:\/\/www.ucaldas.edu.co\/portal\/estudiantes-aprenden-sobre-pautas-para-creacion-de-proyectos-radiales\/","schema":{"@context":"https:\/\/schema.org","@graph":[{"@type":"Article","@id":"https:\/\/www.ucaldas.edu.co\/portal\/estudiantes-aprenden-sobre-pautas-para-creacion-de-proyectos-radiales\/#article","isPartOf":{"@id":"https:\/\/www.ucaldas.edu.co\/portal\/estudiantes-aprenden-sobre-pautas-para-creacion-de-proyectos-radiales\/"},"author":{"name":"ofiprensa","@id":"https:\/\/www.ucaldas.edu.co\/portal\/#\/schema\/person\/a1b482e23449158b4bc319926c074fdf"},"headline":"Estudiantes aprenden sobre pautas para creaci\u00f3n de proyectos radiales","datePublished":"2014-08-27T22:02:39+00:00","mainEntityOfPage":{"@id":"https:\/\/www.ucaldas.edu.co\/portal\/estudiantes-aprenden-sobre-pautas-para-creacion-de-proyectos-radiales\/"},"wordCount":358,"publisher":{"@id":"https:\/\/www.ucaldas.edu.co\/portal\/#organization"},"image":{"@id":"https:\/\/www.ucaldas.edu.co\/portal\/estudiantes-aprenden-sobre-pautas-para-creacion-de-proyectos-radiales\/#primaryimage"},"thumbnailUrl":"https:\/\/www.ucaldas.edu.co\/portal\/wp-content\/uploads\/2014\/08\/10422563_739129299482271_2869115514460214556_n-300x200.jpg","keywords":["Universidad De Caldas","participaci\u00f3n","opini\u00f3n","comunicaci\u00f3n","emisora universitaria","radio online"],"articleSection":["Actualidad","Universidad al D\u00eda"],"inLanguage":"es"},{"@type":"WebPage","@id":"https:\/\/www.ucaldas.edu.co\/portal\/estudiantes-aprenden-sobre-pautas-para-creacion-de-proyectos-radiales\/","url":"https:\/\/www.ucaldas.edu.co\/portal\/estudiantes-aprenden-sobre-pautas-para-creacion-de-proyectos-radiales\/","name":"Estudiantes aprenden sobre pautas para creaci\u00f3n de proyectos radiales .","isPartOf":{"@id":"https:\/\/www.ucaldas.edu.co\/portal\/#website"},"primaryImageOfPage":{"@id":"https:\/\/www.ucaldas.edu.co\/portal\/estudiantes-aprenden-sobre-pautas-para-creacion-de-proyectos-radiales\/#primaryimage"},"image":{"@id":"https:\/\/www.ucaldas.edu.co\/portal\/estudiantes-aprenden-sobre-pautas-para-creacion-de-proyectos-radiales\/#primaryimage"},"thumbnailUrl":"https:\/\/www.ucaldas.edu.co\/portal\/wp-content\/uploads\/2014\/08\/10422563_739129299482271_2869115514460214556_n-300x200.jpg","datePublished":"2014-08-27T22:02:39+00:00","breadcrumb":{"@id":"https:\/\/www.ucaldas.edu.co\/portal\/estudiantes-aprenden-sobre-pautas-para-creacion-de-proyectos-radiales\/#breadcrumb"},"inLanguage":"es","potentialAction":[{"@type":"ReadAction","target":["https:\/\/www.ucaldas.edu.co\/portal\/estudiantes-aprenden-sobre-pautas-para-creacion-de-proyectos-radiales\/"]}]},{"@type":"ImageObject","inLanguage":"es","@id":"https:\/\/www.ucaldas.edu.co\/portal\/estudiantes-aprenden-sobre-pautas-para-creacion-de-proyectos-radiales\/#primaryimage","url":"https:\/\/www.ucaldas.edu.co\/portal\/wp-content\/uploads\/2014\/08\/10422563_739129299482271_2869115514460214556_n-300x200.jpg","contentUrl":"https:\/\/www.ucaldas.edu.co\/portal\/wp-content\/uploads\/2014\/08\/10422563_739129299482271_2869115514460214556_n-300x200.jpg"},{"@type":"BreadcrumbList","@id":"https:\/\/www.ucaldas.edu.co\/portal\/estudiantes-aprenden-sobre-pautas-para-creacion-de-proyectos-radiales\/#breadcrumb","itemListElement":[{"@type":"ListItem","position":1,"name":"Portada","item":"https:\/\/www.ucaldas.edu.co\/portal\/"},{"@type":"ListItem","position":2,"name":"Estudiantes aprenden sobre pautas para creaci\u00f3n de proyectos radiales"}]},{"@type":"WebSite","@id":"https:\/\/www.ucaldas.edu.co\/portal\/#website","url":"https:\/\/www.ucaldas.edu.co\/portal\/","name":"Universidad de Caldas","description":"","publisher":{"@id":"https:\/\/www.ucaldas.edu.co\/portal\/#organization"},"alternateName":"U. de Caldas","potentialAction":[{"@type":"SearchAction","target":{"@type":"EntryPoint","urlTemplate":"https:\/\/www.ucaldas.edu.co\/portal\/?s={search_term_string}"},"query-input":{"@type":"PropertyValueSpecification","valueRequired":true,"valueName":"search_term_string"}}],"inLanguage":"es"},{"@type":"Organization","@id":"https:\/\/www.ucaldas.edu.co\/portal\/#organization","name":"Universidad de Caldas","alternateName":"U. de Caldas","url":"https:\/\/www.ucaldas.edu.co\/portal\/","logo":{"@type":"ImageObject","inLanguage":"es","@id":"https:\/\/www.ucaldas.edu.co\/portal\/#\/schema\/logo\/image\/","url":"https:\/\/www.ucaldas.edu.co\/portal\/wp-content\/uploads\/2023\/11\/Logo_horizontal_oscuroU-2023.png","contentUrl":"https:\/\/www.ucaldas.edu.co\/portal\/wp-content\/uploads\/2023\/11\/Logo_horizontal_oscuroU-2023.png","width":263,"height":101,"caption":"Universidad de Caldas"},"image":{"@id":"https:\/\/www.ucaldas.edu.co\/portal\/#\/schema\/logo\/image\/"},"sameAs":["https:\/\/www.facebook.com\/udecaldas","https:\/\/x.com\/udecaldas","https:\/\/www.youtube.com\/universidadcaldas","https:\/\/www.instagram.com\/udecaldas\/"]},{"@type":"Person","@id":"https:\/\/www.ucaldas.edu.co\/portal\/#\/schema\/person\/a1b482e23449158b4bc319926c074fdf","name":"ofiprensa","image":{"@type":"ImageObject","inLanguage":"es","@id":"https:\/\/www.ucaldas.edu.co\/portal\/wp-content\/litespeed\/avatar\/09ea5085e600095a7a811142c6944527.jpg?ver=1777497608","url":"https:\/\/www.ucaldas.edu.co\/portal\/wp-content\/litespeed\/avatar\/09ea5085e600095a7a811142c6944527.jpg?ver=1777497608","contentUrl":"https:\/\/www.ucaldas.edu.co\/portal\/wp-content\/litespeed\/avatar\/09ea5085e600095a7a811142c6944527.jpg?ver=1777497608","caption":"ofiprensa"},"url":"https:\/\/www.ucaldas.edu.co\/portal\/author\/ofiprensa\/"}]}},"_links":{"self":[{"href":"https:\/\/www.ucaldas.edu.co\/portal\/wp-json\/wp\/v2\/posts\/18890","targetHints":{"allow":["GET"]}}],"collection":[{"href":"https:\/\/www.ucaldas.edu.co\/portal\/wp-json\/wp\/v2\/posts"}],"about":[{"href":"https:\/\/www.ucaldas.edu.co\/portal\/wp-json\/wp\/v2\/types\/post"}],"author":[{"embeddable":true,"href":"https:\/\/www.ucaldas.edu.co\/portal\/wp-json\/wp\/v2\/users\/2"}],"replies":[{"embeddable":true,"href":"https:\/\/www.ucaldas.edu.co\/portal\/wp-json\/wp\/v2\/comments?post=18890"}],"version-history":[{"count":0,"href":"https:\/\/www.ucaldas.edu.co\/portal\/wp-json\/wp\/v2\/posts\/18890\/revisions"}],"wp:attachment":[{"href":"https:\/\/www.ucaldas.edu.co\/portal\/wp-json\/wp\/v2\/media?parent=18890"}],"wp:term":[{"taxonomy":"category","embeddable":true,"href":"https:\/\/www.ucaldas.edu.co\/portal\/wp-json\/wp\/v2\/categories?post=18890"},{"taxonomy":"post_tag","embeddable":true,"href":"https:\/\/www.ucaldas.edu.co\/portal\/wp-json\/wp\/v2\/tags?post=18890"}],"curies":[{"name":"wp","href":"https:\/\/api.w.org\/{rel}","templated":true}]}}