{"id":18517,"date":"2014-07-30T16:56:41","date_gmt":"2014-07-30T21:56:41","guid":{"rendered":"https:\/\/www.ucaldas.edu.co\/portal\/?p=18517"},"modified":"2014-07-30T16:56:41","modified_gmt":"2014-07-30T21:56:41","slug":"u-de-caldas-gano-1er-puesto-en-simposio-ibero-latinoamericano-de-terminologia-anatomica","status":"publish","type":"post","link":"https:\/\/www.ucaldas.edu.co\/portal\/u-de-caldas-gano-1er-puesto-en-simposio-ibero-latinoamericano-de-terminologia-anatomica\/","title":{"rendered":"U. de Caldas gan\u00f3 1er puesto en Simposio Ibero Latinoamericano de Terminolog\u00eda Anat\u00f3mica"},"content":{"rendered":"<p align=\"center\"><span style=\"text-decoration: underline;\">ENCUENTRO ACAD\u00c9MICO SE DESARROLL\u00d3 EN NICARAGUA<\/span><\/p>\n<p align=\"center\"><b>U. de Caldas gan\u00f3 1er puesto en Simposio Ibero Latinoamericano de Terminolog\u00eda Anat\u00f3mica<\/b><\/p>\n<p align=\"center\"><a href=\"https:\/\/www.ucaldas.edu.co\/portal\/wp-content\/uploads\/2014\/07\/1907390_725927087469159_437215968276210435_n.jpg\"><img loading=\"lazy\" decoding=\"async\" class=\"aligncenter size-medium wp-image-18518\" alt=\"1907390_725927087469159_437215968276210435_n\" src=\"https:\/\/www.ucaldas.edu.co\/portal\/wp-content\/uploads\/2014\/07\/1907390_725927087469159_437215968276210435_n-300x225.jpg\" width=\"300\" height=\"225\" \/><\/a><\/p>\n<p style=\"text-align: right;\" align=\"right\">30\/7\/2014<\/p>\n<p style=\"text-align: justify;\" align=\"left\">La\u00a0<b>Universidad de Caldas estuvo presente<\/b>\u00a0en el\u00a0<b>d\u00e9cimo Simposio Ibero Latinoamericano de Terminolog\u00eda Anat\u00f3mica, Histol\u00f3gica y Embriol\u00f3gica<\/b>, que se desarroll\u00f3 del 16 al 18 de julio del 2014 en Managua (<b>Nicaragua<\/b>). La\u00a0<b>Instituci\u00f3n caldense gan\u00f3 el primer puesto<\/b>\u00a0de un\u00a0<b>concurso<\/b>\u00a0que se realiz\u00f3 en el evento.<!--more--><\/p>\n<p style=\"text-align: justify;\" align=\"left\">\u00a0\u201cNuestra idea es original, fruto del trabajo realizado con estudiantes avanzados y un profesor del Programa de Medicina de la U. de Caldas.\u00a0<b>En el campo neuroanat\u00f3mico es una propuesta muy novedosa<\/b>\u00a0y esperamos un impacto a nivel mundial\u201d, explic\u00f3 Jorge Eduardo Duque Parra, profesor del Programa de Medicina de la Universidad.<\/p>\n<p style=\"text-align: justify;\" align=\"left\">\u201cEl trabajo ganador se refiere a un\u00a0<b>estudio sobre\u00a0\u00a0surcos y giros de la regi\u00f3n occipital del cerebro<\/b>. Lo que hicimos fue observar cerebros, tomar fotograf\u00edas, hacer mediciones y descripciones. Con el tiempo, esta\u00a0<b>propuesta ser\u00e1 incluida en textos de anatom\u00eda de todo el mundo<\/b>\u00a0y que le servir\u00e1 especialmente a neurocirujanos\u201d, explic\u00f3 el docente.<\/p>\n<p style=\"text-align: justify;\" align=\"left\">En esta propuesta participaron Duque Parra y los profesores John Barco R\u00edos y Juan Fernando Garc\u00eda, as\u00ed como el estudiante Jhonny Fernando Garc\u00eda.\u00a0<b>En el evento participaron 48 trabajos<\/b>\u00a0de representantes de Argentina, M\u00e9xico, Brasil, Chile, El Salvador, Honduras, Nicaragua, Ecuador, Panam\u00e1, Venezuela, Panam\u00e1, Per\u00fa, Rep\u00fablica Dominicana, Cuba y Colombia.<\/p>\n<p style=\"text-align: justify;\" align=\"left\">\u00a0<b>Pr\u00f3ximo destino, China<\/b><\/p>\n<p style=\"text-align: justify;\" align=\"left\">El profesor Jorge Eduardo<b>\u00a0Duque Parra viajar\u00e1<\/b>\u00a0este s\u00e1bado 2 de agosto a Beijing (<b>China<\/b>),\u00a0<b>para participar<\/b>\u00a0en el\u00a0<b>18 Congreso de la Federaci\u00f3n Internacional de Anatomistas<\/b>, el evento m\u00e1s importante a nivel mundial sobre anatom\u00eda.<\/p>\n<p style=\"text-align: justify;\" align=\"left\">\u201cPresentaremos cinco trabajos de la U. de Caldas. Esperamos impactar y hacernos reconocer en el mundo, pues es la segunda vez que participamos en el evento\u201d, dijo el profesor.<\/p>\n<p style=\"text-align: justify;\" align=\"left\"><a href=\"https:\/\/www.facebook.com\/media\/set\/?set=a.725927054135829.1073742947.107054166023124&amp;type=1&amp;l=b124c75a35\" target=\"_blank\">Conozca im\u00e1genes de U. de Caldas, en Simposio Ibero Latinoamericano de Terminolog\u00eda Anat\u00f3mica<\/a><b>\u00a0<\/b><\/p>\n<p style=\"text-align: justify;\" align=\"left\"><b>Informes:<\/b>\u00a0Oficina de Prensa, tel\u00e9fono 878 15 00 extensi\u00f3n 12 167.<\/p>\n<p style=\"text-align: justify;\"><span style=\"line-height: 1.5em;\">Redacci\u00f3n: Margarita Laverde<\/span><\/p>\n<p>&nbsp;<\/p>\n","protected":false},"excerpt":{"rendered":"<p>ENCUENTRO ACAD\u00c9MICO SE DESARROLL\u00d3 EN NICARAGUA U. de Caldas gan\u00f3 1er puesto en Simposio Ibero Latinoamericano de Terminolog\u00eda Anat\u00f3mica 30\/7\/2014 La\u00a0Universidad de Caldas estuvo presente\u00a0en el\u00a0d\u00e9cimo Simposio Ibero Latinoamericano de Terminolog\u00eda Anat\u00f3mica, Histol\u00f3gica y Embriol\u00f3gica, que se desarroll\u00f3 del 16 al 18 de julio del 2014 en Managua (Nicaragua). La\u00a0Instituci\u00f3n caldense gan\u00f3 el primer puesto\u00a0de [&hellip;]<\/p>\n","protected":false},"author":2,"featured_media":0,"comment_status":"closed","ping_status":"closed","sticky":false,"template":"","format":"standard","meta":{"footnotes":""},"categories":[48,53],"tags":[73,81,87,88,213,666,1219,2183,2184,2185,2186,2187,2188],"class_list":["post-18517","post","type-post","status-publish","format-standard","hentry","category-actualidad","category-universidad-al-dia","tag-proyeccion","tag-premio","tag-estudiante","tag-medicina","tag-profesor","tag-concurso","tag-china","tag-anatomia","tag-cerebro","tag-congreso-de-la-federacion-internacional-de-anatomistas","tag-histologica-y-embriologica","tag-nicaragua","tag-simposio-ibero-latinoamericano-de-terminologia-anatomica"],"yoast_head":"<!-- This site is optimized with the Yoast SEO plugin v27.5 - https:\/\/yoast.com\/product\/yoast-seo-wordpress\/ -->\n<title>U. de Caldas gan\u00f3 1er puesto en Simposio Ibero Latinoamericano de Terminolog\u00eda Anat\u00f3mica .<\/title>\n<meta name=\"robots\" content=\"index, follow, max-snippet:-1, max-image-preview:large, max-video-preview:-1\" \/>\n<link rel=\"canonical\" href=\"https:\/\/www.ucaldas.edu.co\/portal\/u-de-caldas-gano-1er-puesto-en-simposio-ibero-latinoamericano-de-terminologia-anatomica\/\" \/>\n<script type=\"application\/ld+json\" class=\"yoast-schema-graph\">{\"@context\":\"https:\\\/\\\/schema.org\",\"@graph\":[{\"@type\":\"Article\",\"@id\":\"https:\\\/\\\/www.ucaldas.edu.co\\\/portal\\\/u-de-caldas-gano-1er-puesto-en-simposio-ibero-latinoamericano-de-terminologia-anatomica\\\/#article\",\"isPartOf\":{\"@id\":\"https:\\\/\\\/www.ucaldas.edu.co\\\/portal\\\/u-de-caldas-gano-1er-puesto-en-simposio-ibero-latinoamericano-de-terminologia-anatomica\\\/\"},\"author\":{\"name\":\"ofiprensa\",\"@id\":\"https:\\\/\\\/www.ucaldas.edu.co\\\/portal\\\/#\\\/schema\\\/person\\\/a1b482e23449158b4bc319926c074fdf\"},\"headline\":\"U. de Caldas gan\u00f3 1er puesto en Simposio Ibero Latinoamericano de Terminolog\u00eda Anat\u00f3mica\",\"datePublished\":\"2014-07-30T21:56:41+00:00\",\"mainEntityOfPage\":{\"@id\":\"https:\\\/\\\/www.ucaldas.edu.co\\\/portal\\\/u-de-caldas-gano-1er-puesto-en-simposio-ibero-latinoamericano-de-terminologia-anatomica\\\/\"},\"wordCount\":353,\"publisher\":{\"@id\":\"https:\\\/\\\/www.ucaldas.edu.co\\\/portal\\\/#organization\"},\"image\":{\"@id\":\"https:\\\/\\\/www.ucaldas.edu.co\\\/portal\\\/u-de-caldas-gano-1er-puesto-en-simposio-ibero-latinoamericano-de-terminologia-anatomica\\\/#primaryimage\"},\"thumbnailUrl\":\"https:\\\/\\\/www.ucaldas.edu.co\\\/portal\\\/wp-content\\\/uploads\\\/2014\\\/07\\\/1907390_725927087469159_437215968276210435_n-300x225.jpg\",\"keywords\":[\"Proyecci\u00f3n\",\"premio\",\"Estudiante\",\"medicina\",\"profesor\",\"Concurso\",\"China\",\"anatom\u00eda\",\"cerebro\",\"Congreso de la Federaci\u00f3n Internacional de Anatomistas\",\"Histol\u00f3gica y Embriol\u00f3gica\",\"Nicaragua\",\"Simposio Ibero Latinoamericano de Terminolog\u00eda Anat\u00f3mica\"],\"articleSection\":[\"Actualidad\",\"Universidad al D\u00eda\"],\"inLanguage\":\"es\"},{\"@type\":\"WebPage\",\"@id\":\"https:\\\/\\\/www.ucaldas.edu.co\\\/portal\\\/u-de-caldas-gano-1er-puesto-en-simposio-ibero-latinoamericano-de-terminologia-anatomica\\\/\",\"url\":\"https:\\\/\\\/www.ucaldas.edu.co\\\/portal\\\/u-de-caldas-gano-1er-puesto-en-simposio-ibero-latinoamericano-de-terminologia-anatomica\\\/\",\"name\":\"U. de Caldas gan\u00f3 1er puesto en Simposio Ibero Latinoamericano de Terminolog\u00eda Anat\u00f3mica .\",\"isPartOf\":{\"@id\":\"https:\\\/\\\/www.ucaldas.edu.co\\\/portal\\\/#website\"},\"primaryImageOfPage\":{\"@id\":\"https:\\\/\\\/www.ucaldas.edu.co\\\/portal\\\/u-de-caldas-gano-1er-puesto-en-simposio-ibero-latinoamericano-de-terminologia-anatomica\\\/#primaryimage\"},\"image\":{\"@id\":\"https:\\\/\\\/www.ucaldas.edu.co\\\/portal\\\/u-de-caldas-gano-1er-puesto-en-simposio-ibero-latinoamericano-de-terminologia-anatomica\\\/#primaryimage\"},\"thumbnailUrl\":\"https:\\\/\\\/www.ucaldas.edu.co\\\/portal\\\/wp-content\\\/uploads\\\/2014\\\/07\\\/1907390_725927087469159_437215968276210435_n-300x225.jpg\",\"datePublished\":\"2014-07-30T21:56:41+00:00\",\"breadcrumb\":{\"@id\":\"https:\\\/\\\/www.ucaldas.edu.co\\\/portal\\\/u-de-caldas-gano-1er-puesto-en-simposio-ibero-latinoamericano-de-terminologia-anatomica\\\/#breadcrumb\"},\"inLanguage\":\"es\",\"potentialAction\":[{\"@type\":\"ReadAction\",\"target\":[\"https:\\\/\\\/www.ucaldas.edu.co\\\/portal\\\/u-de-caldas-gano-1er-puesto-en-simposio-ibero-latinoamericano-de-terminologia-anatomica\\\/\"]}]},{\"@type\":\"ImageObject\",\"inLanguage\":\"es\",\"@id\":\"https:\\\/\\\/www.ucaldas.edu.co\\\/portal\\\/u-de-caldas-gano-1er-puesto-en-simposio-ibero-latinoamericano-de-terminologia-anatomica\\\/#primaryimage\",\"url\":\"https:\\\/\\\/www.ucaldas.edu.co\\\/portal\\\/wp-content\\\/uploads\\\/2014\\\/07\\\/1907390_725927087469159_437215968276210435_n-300x225.jpg\",\"contentUrl\":\"https:\\\/\\\/www.ucaldas.edu.co\\\/portal\\\/wp-content\\\/uploads\\\/2014\\\/07\\\/1907390_725927087469159_437215968276210435_n-300x225.jpg\"},{\"@type\":\"BreadcrumbList\",\"@id\":\"https:\\\/\\\/www.ucaldas.edu.co\\\/portal\\\/u-de-caldas-gano-1er-puesto-en-simposio-ibero-latinoamericano-de-terminologia-anatomica\\\/#breadcrumb\",\"itemListElement\":[{\"@type\":\"ListItem\",\"position\":1,\"name\":\"Portada\",\"item\":\"https:\\\/\\\/www.ucaldas.edu.co\\\/portal\\\/\"},{\"@type\":\"ListItem\",\"position\":2,\"name\":\"U. de Caldas gan\u00f3 1er puesto en Simposio Ibero Latinoamericano de Terminolog\u00eda Anat\u00f3mica\"}]},{\"@type\":\"WebSite\",\"@id\":\"https:\\\/\\\/www.ucaldas.edu.co\\\/portal\\\/#website\",\"url\":\"https:\\\/\\\/www.ucaldas.edu.co\\\/portal\\\/\",\"name\":\"Universidad de Caldas\",\"description\":\"\",\"publisher\":{\"@id\":\"https:\\\/\\\/www.ucaldas.edu.co\\\/portal\\\/#organization\"},\"alternateName\":\"U. de Caldas\",\"potentialAction\":[{\"@type\":\"SearchAction\",\"target\":{\"@type\":\"EntryPoint\",\"urlTemplate\":\"https:\\\/\\\/www.ucaldas.edu.co\\\/portal\\\/?s={search_term_string}\"},\"query-input\":{\"@type\":\"PropertyValueSpecification\",\"valueRequired\":true,\"valueName\":\"search_term_string\"}}],\"inLanguage\":\"es\"},{\"@type\":\"Organization\",\"@id\":\"https:\\\/\\\/www.ucaldas.edu.co\\\/portal\\\/#organization\",\"name\":\"Universidad de Caldas\",\"alternateName\":\"U. de Caldas\",\"url\":\"https:\\\/\\\/www.ucaldas.edu.co\\\/portal\\\/\",\"logo\":{\"@type\":\"ImageObject\",\"inLanguage\":\"es\",\"@id\":\"https:\\\/\\\/www.ucaldas.edu.co\\\/portal\\\/#\\\/schema\\\/logo\\\/image\\\/\",\"url\":\"https:\\\/\\\/www.ucaldas.edu.co\\\/portal\\\/wp-content\\\/uploads\\\/2023\\\/11\\\/Logo_horizontal_oscuroU-2023.png\",\"contentUrl\":\"https:\\\/\\\/www.ucaldas.edu.co\\\/portal\\\/wp-content\\\/uploads\\\/2023\\\/11\\\/Logo_horizontal_oscuroU-2023.png\",\"width\":263,\"height\":101,\"caption\":\"Universidad de Caldas\"},\"image\":{\"@id\":\"https:\\\/\\\/www.ucaldas.edu.co\\\/portal\\\/#\\\/schema\\\/logo\\\/image\\\/\"},\"sameAs\":[\"https:\\\/\\\/www.facebook.com\\\/udecaldas\",\"https:\\\/\\\/x.com\\\/udecaldas\",\"https:\\\/\\\/www.youtube.com\\\/universidadcaldas\",\"https:\\\/\\\/www.instagram.com\\\/udecaldas\\\/\"]},{\"@type\":\"Person\",\"@id\":\"https:\\\/\\\/www.ucaldas.edu.co\\\/portal\\\/#\\\/schema\\\/person\\\/a1b482e23449158b4bc319926c074fdf\",\"name\":\"ofiprensa\",\"image\":{\"@type\":\"ImageObject\",\"inLanguage\":\"es\",\"@id\":\"https:\\\/\\\/www.ucaldas.edu.co\\\/portal\\\/wp-content\\\/litespeed\\\/avatar\\\/09ea5085e600095a7a811142c6944527.jpg?ver=1777497608\",\"url\":\"https:\\\/\\\/www.ucaldas.edu.co\\\/portal\\\/wp-content\\\/litespeed\\\/avatar\\\/09ea5085e600095a7a811142c6944527.jpg?ver=1777497608\",\"contentUrl\":\"https:\\\/\\\/www.ucaldas.edu.co\\\/portal\\\/wp-content\\\/litespeed\\\/avatar\\\/09ea5085e600095a7a811142c6944527.jpg?ver=1777497608\",\"caption\":\"ofiprensa\"},\"url\":\"https:\\\/\\\/www.ucaldas.edu.co\\\/portal\\\/author\\\/ofiprensa\\\/\"}]}<\/script>\n<!-- \/ Yoast SEO plugin. -->","yoast_head_json":{"title":"U. de Caldas gan\u00f3 1er puesto en Simposio Ibero Latinoamericano de Terminolog\u00eda Anat\u00f3mica .","robots":{"index":"index","follow":"follow","max-snippet":"max-snippet:-1","max-image-preview":"max-image-preview:large","max-video-preview":"max-video-preview:-1"},"canonical":"https:\/\/www.ucaldas.edu.co\/portal\/u-de-caldas-gano-1er-puesto-en-simposio-ibero-latinoamericano-de-terminologia-anatomica\/","schema":{"@context":"https:\/\/schema.org","@graph":[{"@type":"Article","@id":"https:\/\/www.ucaldas.edu.co\/portal\/u-de-caldas-gano-1er-puesto-en-simposio-ibero-latinoamericano-de-terminologia-anatomica\/#article","isPartOf":{"@id":"https:\/\/www.ucaldas.edu.co\/portal\/u-de-caldas-gano-1er-puesto-en-simposio-ibero-latinoamericano-de-terminologia-anatomica\/"},"author":{"name":"ofiprensa","@id":"https:\/\/www.ucaldas.edu.co\/portal\/#\/schema\/person\/a1b482e23449158b4bc319926c074fdf"},"headline":"U. de Caldas gan\u00f3 1er puesto en Simposio Ibero Latinoamericano de Terminolog\u00eda Anat\u00f3mica","datePublished":"2014-07-30T21:56:41+00:00","mainEntityOfPage":{"@id":"https:\/\/www.ucaldas.edu.co\/portal\/u-de-caldas-gano-1er-puesto-en-simposio-ibero-latinoamericano-de-terminologia-anatomica\/"},"wordCount":353,"publisher":{"@id":"https:\/\/www.ucaldas.edu.co\/portal\/#organization"},"image":{"@id":"https:\/\/www.ucaldas.edu.co\/portal\/u-de-caldas-gano-1er-puesto-en-simposio-ibero-latinoamericano-de-terminologia-anatomica\/#primaryimage"},"thumbnailUrl":"https:\/\/www.ucaldas.edu.co\/portal\/wp-content\/uploads\/2014\/07\/1907390_725927087469159_437215968276210435_n-300x225.jpg","keywords":["Proyecci\u00f3n","premio","Estudiante","medicina","profesor","Concurso","China","anatom\u00eda","cerebro","Congreso de la Federaci\u00f3n Internacional de Anatomistas","Histol\u00f3gica y Embriol\u00f3gica","Nicaragua","Simposio Ibero Latinoamericano de Terminolog\u00eda Anat\u00f3mica"],"articleSection":["Actualidad","Universidad al D\u00eda"],"inLanguage":"es"},{"@type":"WebPage","@id":"https:\/\/www.ucaldas.edu.co\/portal\/u-de-caldas-gano-1er-puesto-en-simposio-ibero-latinoamericano-de-terminologia-anatomica\/","url":"https:\/\/www.ucaldas.edu.co\/portal\/u-de-caldas-gano-1er-puesto-en-simposio-ibero-latinoamericano-de-terminologia-anatomica\/","name":"U. de Caldas gan\u00f3 1er puesto en Simposio Ibero Latinoamericano de Terminolog\u00eda Anat\u00f3mica .","isPartOf":{"@id":"https:\/\/www.ucaldas.edu.co\/portal\/#website"},"primaryImageOfPage":{"@id":"https:\/\/www.ucaldas.edu.co\/portal\/u-de-caldas-gano-1er-puesto-en-simposio-ibero-latinoamericano-de-terminologia-anatomica\/#primaryimage"},"image":{"@id":"https:\/\/www.ucaldas.edu.co\/portal\/u-de-caldas-gano-1er-puesto-en-simposio-ibero-latinoamericano-de-terminologia-anatomica\/#primaryimage"},"thumbnailUrl":"https:\/\/www.ucaldas.edu.co\/portal\/wp-content\/uploads\/2014\/07\/1907390_725927087469159_437215968276210435_n-300x225.jpg","datePublished":"2014-07-30T21:56:41+00:00","breadcrumb":{"@id":"https:\/\/www.ucaldas.edu.co\/portal\/u-de-caldas-gano-1er-puesto-en-simposio-ibero-latinoamericano-de-terminologia-anatomica\/#breadcrumb"},"inLanguage":"es","potentialAction":[{"@type":"ReadAction","target":["https:\/\/www.ucaldas.edu.co\/portal\/u-de-caldas-gano-1er-puesto-en-simposio-ibero-latinoamericano-de-terminologia-anatomica\/"]}]},{"@type":"ImageObject","inLanguage":"es","@id":"https:\/\/www.ucaldas.edu.co\/portal\/u-de-caldas-gano-1er-puesto-en-simposio-ibero-latinoamericano-de-terminologia-anatomica\/#primaryimage","url":"https:\/\/www.ucaldas.edu.co\/portal\/wp-content\/uploads\/2014\/07\/1907390_725927087469159_437215968276210435_n-300x225.jpg","contentUrl":"https:\/\/www.ucaldas.edu.co\/portal\/wp-content\/uploads\/2014\/07\/1907390_725927087469159_437215968276210435_n-300x225.jpg"},{"@type":"BreadcrumbList","@id":"https:\/\/www.ucaldas.edu.co\/portal\/u-de-caldas-gano-1er-puesto-en-simposio-ibero-latinoamericano-de-terminologia-anatomica\/#breadcrumb","itemListElement":[{"@type":"ListItem","position":1,"name":"Portada","item":"https:\/\/www.ucaldas.edu.co\/portal\/"},{"@type":"ListItem","position":2,"name":"U. de Caldas gan\u00f3 1er puesto en Simposio Ibero Latinoamericano de Terminolog\u00eda Anat\u00f3mica"}]},{"@type":"WebSite","@id":"https:\/\/www.ucaldas.edu.co\/portal\/#website","url":"https:\/\/www.ucaldas.edu.co\/portal\/","name":"Universidad de Caldas","description":"","publisher":{"@id":"https:\/\/www.ucaldas.edu.co\/portal\/#organization"},"alternateName":"U. de Caldas","potentialAction":[{"@type":"SearchAction","target":{"@type":"EntryPoint","urlTemplate":"https:\/\/www.ucaldas.edu.co\/portal\/?s={search_term_string}"},"query-input":{"@type":"PropertyValueSpecification","valueRequired":true,"valueName":"search_term_string"}}],"inLanguage":"es"},{"@type":"Organization","@id":"https:\/\/www.ucaldas.edu.co\/portal\/#organization","name":"Universidad de Caldas","alternateName":"U. de Caldas","url":"https:\/\/www.ucaldas.edu.co\/portal\/","logo":{"@type":"ImageObject","inLanguage":"es","@id":"https:\/\/www.ucaldas.edu.co\/portal\/#\/schema\/logo\/image\/","url":"https:\/\/www.ucaldas.edu.co\/portal\/wp-content\/uploads\/2023\/11\/Logo_horizontal_oscuroU-2023.png","contentUrl":"https:\/\/www.ucaldas.edu.co\/portal\/wp-content\/uploads\/2023\/11\/Logo_horizontal_oscuroU-2023.png","width":263,"height":101,"caption":"Universidad de Caldas"},"image":{"@id":"https:\/\/www.ucaldas.edu.co\/portal\/#\/schema\/logo\/image\/"},"sameAs":["https:\/\/www.facebook.com\/udecaldas","https:\/\/x.com\/udecaldas","https:\/\/www.youtube.com\/universidadcaldas","https:\/\/www.instagram.com\/udecaldas\/"]},{"@type":"Person","@id":"https:\/\/www.ucaldas.edu.co\/portal\/#\/schema\/person\/a1b482e23449158b4bc319926c074fdf","name":"ofiprensa","image":{"@type":"ImageObject","inLanguage":"es","@id":"https:\/\/www.ucaldas.edu.co\/portal\/wp-content\/litespeed\/avatar\/09ea5085e600095a7a811142c6944527.jpg?ver=1777497608","url":"https:\/\/www.ucaldas.edu.co\/portal\/wp-content\/litespeed\/avatar\/09ea5085e600095a7a811142c6944527.jpg?ver=1777497608","contentUrl":"https:\/\/www.ucaldas.edu.co\/portal\/wp-content\/litespeed\/avatar\/09ea5085e600095a7a811142c6944527.jpg?ver=1777497608","caption":"ofiprensa"},"url":"https:\/\/www.ucaldas.edu.co\/portal\/author\/ofiprensa\/"}]}},"_links":{"self":[{"href":"https:\/\/www.ucaldas.edu.co\/portal\/wp-json\/wp\/v2\/posts\/18517","targetHints":{"allow":["GET"]}}],"collection":[{"href":"https:\/\/www.ucaldas.edu.co\/portal\/wp-json\/wp\/v2\/posts"}],"about":[{"href":"https:\/\/www.ucaldas.edu.co\/portal\/wp-json\/wp\/v2\/types\/post"}],"author":[{"embeddable":true,"href":"https:\/\/www.ucaldas.edu.co\/portal\/wp-json\/wp\/v2\/users\/2"}],"replies":[{"embeddable":true,"href":"https:\/\/www.ucaldas.edu.co\/portal\/wp-json\/wp\/v2\/comments?post=18517"}],"version-history":[{"count":0,"href":"https:\/\/www.ucaldas.edu.co\/portal\/wp-json\/wp\/v2\/posts\/18517\/revisions"}],"wp:attachment":[{"href":"https:\/\/www.ucaldas.edu.co\/portal\/wp-json\/wp\/v2\/media?parent=18517"}],"wp:term":[{"taxonomy":"category","embeddable":true,"href":"https:\/\/www.ucaldas.edu.co\/portal\/wp-json\/wp\/v2\/categories?post=18517"},{"taxonomy":"post_tag","embeddable":true,"href":"https:\/\/www.ucaldas.edu.co\/portal\/wp-json\/wp\/v2\/tags?post=18517"}],"curies":[{"name":"wp","href":"https:\/\/api.w.org\/{rel}","templated":true}]}}