{"id":18511,"date":"2014-07-29T16:59:36","date_gmt":"2014-07-29T21:59:36","guid":{"rendered":"https:\/\/www.ucaldas.edu.co\/portal\/?p=18511"},"modified":"2014-07-29T16:59:36","modified_gmt":"2014-07-29T21:59:36","slug":"estudiantes-u-de-caldas-lideran-creacion-de-emisora-popular-universitaria","status":"publish","type":"post","link":"https:\/\/www.ucaldas.edu.co\/portal\/estudiantes-u-de-caldas-lideran-creacion-de-emisora-popular-universitaria\/","title":{"rendered":"Estudiantes U. de Caldas lideran creaci\u00f3n de emisora popular universitaria"},"content":{"rendered":"<p align=\"center\"><span style=\"text-decoration: underline;\">PROYECTO SER\u00c1 INSCRITO EN LA VICERRECTOR\u00cdA DE PROYECCI\u00d3N DE LA INSTITUCI\u00d3N<\/span><\/p>\n<p align=\"center\"><b>Estudiantes U. de Caldas lideran creaci\u00f3n de emisora popular universitaria<\/b><\/p>\n<p align=\"center\"><a href=\"https:\/\/www.ucaldas.edu.co\/portal\/wp-content\/uploads\/2014\/07\/10378010_724960954232439_6712063464737692095_n.jpg\"><img loading=\"lazy\" decoding=\"async\" class=\"aligncenter size-medium wp-image-18512\" alt=\"10378010_724960954232439_6712063464737692095_n\" src=\"https:\/\/www.ucaldas.edu.co\/portal\/wp-content\/uploads\/2014\/07\/10378010_724960954232439_6712063464737692095_n-300x200.jpg\" width=\"300\" height=\"200\" \/><\/a><\/p>\n<p align=\"right\">29\/7\/2014<\/p>\n<p style=\"text-align: justify;\">\u00a0<b>Estudiantes<\/b>\u00a0de diferentes programas de la Universidad de Caldas se reunieron el pasado 25 de julio del 2014 con el fin de dar tr\u00e1mite al proyecto con el que\u00a0<b>pretenden impulsar la creaci\u00f3n de una Emisora Popular Universitaria en la Instituci\u00f3n<\/b>.<!--more--><\/p>\n<p style=\"text-align: justify;\">\u00a0Seg\u00fan coment\u00f3 Carolina Montoya Ballesteros,\u00a0<b>estudiante de la Maestr\u00eda en Dise\u00f1o y Creaci\u00f3n Interactiva<\/b>\u00a0U. de Caldas, este proyecto es liderado por los estudiantes con el\u00a0<b>objetivo de acercar la Universidad a la ciudad<\/b>\u00a0y como una forma de\u00a0<b>integrar a toda la comunidad acad\u00e9mica<\/b>\u00a0en los\u00a0<b>procesos de comunicaci\u00f3n.<\/b><\/p>\n<p style=\"text-align: justify;\">\u201cContar con una emisora universitaria\u00a0<b>permite no solo conocer<\/b>, sino tambi\u00e9n\u00a0<b>trabajar por las necesidades de los docentes<\/b>,<b>funcionarios y estudiantes<\/b>\u00a0que de alguna manera necesitan un espacio donde comunicar sus peticiones, informar, compartir sus conocimientos y todo tipo de uso que ellos quieran dar a este espacio\u201d, puntualiz\u00f3 Montoya Ballesteros.<\/p>\n<p style=\"text-align: justify;\"><b>Los retos<\/b><\/p>\n<p style=\"text-align: justify;\">Para trabajar en la consolidaci\u00f3n del proyecto el grupo l\u00edder se ha encargado de realizar diferentes\u00a0<b>reuniones con colectivos como la Escuela Jaime Garz\u00f3n\u00a0<\/b>y el\u00a0<b>Laboratorio Social de Cultura y Emprendimiento Eje Cafetero<\/b>, desde donde se han planteado varios retos.<\/p>\n<p style=\"text-align: justify;\">Jhondany\u00a0\u00a0Jojoa Andrade,\u00a0<b>estudiante de Trabajo Social U. de Caldas y l\u00edder del proyecto<\/b>, explic\u00f3 que como parte del proceso han realizado actividades como\u00a0<b>socializaci\u00f3n del proyecto con las diferentes dependencias de la Universidad<\/b>, jornadas de\u00a0<b>talleres<\/b>\u00a0sobre<b>trabajo colaborativo<\/b>,\u00a0<b>elementos t\u00e9cnicos\u00a0<\/b>para el funcionamiento de una emisora y posibles\u00a0<b>tem\u00e1ticas<\/b>, entre otros.<\/p>\n<p style=\"text-align: justify;\">\u201cDespu\u00e9s de todo este proceso lo que sigue es realizar una\u00a0<b>prueba piloto de m\u00e1s o menos seis meses a trav\u00e9s de una emisora online<\/b>en la que vamos a\u00a0<b>medir la cobertura<\/b>, el\u00a0<b>inter\u00e9s<\/b>\u00a0que despertamos en la comunidad universitaria, la\u00a0<b>sostenibilidad<\/b>\u00a0del proyecto y<b>programaci\u00f3n<\/b>. Del \u00e9xito de estos factores depende que despu\u00e9s pasemos a una Frecuencia Modulada\u201d, agreg\u00f3 el L\u00edder del proyecto.<b>\u00a0<\/b><\/p>\n<p style=\"text-align: justify;\"><b>Talleres<\/b><\/p>\n<p style=\"text-align: justify;\">Como parte de los talleres de formaci\u00f3n los estudiantes recibieron tambi\u00e9n la\u00a0<b>visita de C\u00e9sar L\u00f3pez \u2018Mascota\u2019<\/b>,\u00a0<b>Director de la Emisora Radio Cruda online de Pereira<\/b>, quien comparti\u00f3 durante una jornada su\u00a0<b>experiencia sobre c\u00f3mo fue el proceso de formaci\u00f3n de una emisora online<\/b>, su construcci\u00f3n, aprendizaje, manejo t\u00e9cnico, software que empela, manejo de la informaci\u00f3n y sostenibilidad de la emisora.<\/p>\n<p style=\"text-align: justify;\">L\u00f3pez<i>\u00a0<\/i>comparti\u00f3 con los j\u00f3venes cuales fueron esos\u00a0<b>tropiezos y los pasos que tuvo que dar\u00a0\u00a0para posicionar su emisora online\u00a0<\/b>y les record\u00f3 que para este y cualquier otro proyecto que se emprenda lo m\u00e1s importante es hacerlo con amor y pasi\u00f3n.<\/p>\n<p style=\"text-align: justify;\">\u201c<b>Es importante que se enamoren de este medio de comunicaci\u00f3n que est\u00e1n a punto de crear<\/b>\u00a0porque ser\u00e1 una ventana para divulgar lo que es la Universidad, lo que significa tanto para docentes, funcionarios y estudiantes, porque todos son un mundo con una visi\u00f3n distinta\u201d, dijo L\u00f3pez.<\/p>\n<p style=\"text-align: justify;\"><span style=\"text-decoration: underline;\"><a href=\"https:\/\/www.facebook.com\/media\/set\/?set=a.724960810899120.1073742940.107054166023124&amp;type=3\" target=\"_blank\">Conozca m\u00e1s im\u00e1genes sobre la socializaci\u00f3n de la Emisora Popular Universitaria<\/a><\/span><\/p>\n<p style=\"text-align: justify;\"><b>Informes:<\/b>\u00a0Carolina Montoya Ballesteros en el tel\u00e9fono\u00a0<a href=\"tel:318%20562%201323\" target=\"_blank\">318 562 1323<\/a><\/p>\n<p style=\"text-align: justify;\">\n<p style=\"text-align: justify;\"><span style=\"line-height: 1.5em;\">Redacci\u00f3n: Luisa Giraldo<br \/>\n<\/span>Coordinadora contenidos Intranet<\/p>\n","protected":false},"excerpt":{"rendered":"<p>PROYECTO SER\u00c1 INSCRITO EN LA VICERRECTOR\u00cdA DE PROYECCI\u00d3N DE LA INSTITUCI\u00d3N Estudiantes U. de Caldas lideran creaci\u00f3n de emisora popular universitaria 29\/7\/2014 \u00a0Estudiantes\u00a0de diferentes programas de la Universidad de Caldas se reunieron el pasado 25 de julio del 2014 con el fin de dar tr\u00e1mite al proyecto con el que\u00a0pretenden impulsar la creaci\u00f3n de una [&hellip;]<\/p>\n","protected":false},"author":2,"featured_media":0,"comment_status":"closed","ping_status":"closed","sticky":false,"template":"","format":"standard","meta":{"footnotes":""},"categories":[48,53],"tags":[95,296,1210,1594,2041,2181,2182],"class_list":["post-18511","post","type-post","status-publish","format-standard","hentry","category-actualidad","category-universidad-al-dia","tag-universidad-de-caldas","tag-participacion","tag-u-de-caldas","tag-opinion","tag-comunicacion","tag-emisora-universitaria","tag-radio-online"],"yoast_head":"<!-- This site is optimized with the Yoast SEO plugin v27.5 - https:\/\/yoast.com\/product\/yoast-seo-wordpress\/ -->\n<title>Estudiantes U. de Caldas lideran creaci\u00f3n de emisora popular universitaria .<\/title>\n<meta name=\"robots\" content=\"index, follow, max-snippet:-1, max-image-preview:large, max-video-preview:-1\" \/>\n<link rel=\"canonical\" href=\"https:\/\/www.ucaldas.edu.co\/portal\/estudiantes-u-de-caldas-lideran-creacion-de-emisora-popular-universitaria\/\" \/>\n<script type=\"application\/ld+json\" class=\"yoast-schema-graph\">{\"@context\":\"https:\\\/\\\/schema.org\",\"@graph\":[{\"@type\":\"Article\",\"@id\":\"https:\\\/\\\/www.ucaldas.edu.co\\\/portal\\\/estudiantes-u-de-caldas-lideran-creacion-de-emisora-popular-universitaria\\\/#article\",\"isPartOf\":{\"@id\":\"https:\\\/\\\/www.ucaldas.edu.co\\\/portal\\\/estudiantes-u-de-caldas-lideran-creacion-de-emisora-popular-universitaria\\\/\"},\"author\":{\"name\":\"ofiprensa\",\"@id\":\"https:\\\/\\\/www.ucaldas.edu.co\\\/portal\\\/#\\\/schema\\\/person\\\/a1b482e23449158b4bc319926c074fdf\"},\"headline\":\"Estudiantes U. de Caldas lideran creaci\u00f3n de emisora popular universitaria\",\"datePublished\":\"2014-07-29T21:59:36+00:00\",\"mainEntityOfPage\":{\"@id\":\"https:\\\/\\\/www.ucaldas.edu.co\\\/portal\\\/estudiantes-u-de-caldas-lideran-creacion-de-emisora-popular-universitaria\\\/\"},\"wordCount\":556,\"publisher\":{\"@id\":\"https:\\\/\\\/www.ucaldas.edu.co\\\/portal\\\/#organization\"},\"image\":{\"@id\":\"https:\\\/\\\/www.ucaldas.edu.co\\\/portal\\\/estudiantes-u-de-caldas-lideran-creacion-de-emisora-popular-universitaria\\\/#primaryimage\"},\"thumbnailUrl\":\"https:\\\/\\\/www.ucaldas.edu.co\\\/portal\\\/wp-content\\\/uploads\\\/2014\\\/07\\\/10378010_724960954232439_6712063464737692095_n-300x200.jpg\",\"keywords\":[\"Universidad De Caldas\",\"participaci\u00f3n\",\"U. De Caldas\",\"opini\u00f3n\",\"comunicaci\u00f3n\",\"emisora universitaria\",\"radio online\"],\"articleSection\":[\"Actualidad\",\"Universidad al D\u00eda\"],\"inLanguage\":\"es\"},{\"@type\":\"WebPage\",\"@id\":\"https:\\\/\\\/www.ucaldas.edu.co\\\/portal\\\/estudiantes-u-de-caldas-lideran-creacion-de-emisora-popular-universitaria\\\/\",\"url\":\"https:\\\/\\\/www.ucaldas.edu.co\\\/portal\\\/estudiantes-u-de-caldas-lideran-creacion-de-emisora-popular-universitaria\\\/\",\"name\":\"Estudiantes U. de Caldas lideran creaci\u00f3n de emisora popular universitaria .\",\"isPartOf\":{\"@id\":\"https:\\\/\\\/www.ucaldas.edu.co\\\/portal\\\/#website\"},\"primaryImageOfPage\":{\"@id\":\"https:\\\/\\\/www.ucaldas.edu.co\\\/portal\\\/estudiantes-u-de-caldas-lideran-creacion-de-emisora-popular-universitaria\\\/#primaryimage\"},\"image\":{\"@id\":\"https:\\\/\\\/www.ucaldas.edu.co\\\/portal\\\/estudiantes-u-de-caldas-lideran-creacion-de-emisora-popular-universitaria\\\/#primaryimage\"},\"thumbnailUrl\":\"https:\\\/\\\/www.ucaldas.edu.co\\\/portal\\\/wp-content\\\/uploads\\\/2014\\\/07\\\/10378010_724960954232439_6712063464737692095_n-300x200.jpg\",\"datePublished\":\"2014-07-29T21:59:36+00:00\",\"breadcrumb\":{\"@id\":\"https:\\\/\\\/www.ucaldas.edu.co\\\/portal\\\/estudiantes-u-de-caldas-lideran-creacion-de-emisora-popular-universitaria\\\/#breadcrumb\"},\"inLanguage\":\"es\",\"potentialAction\":[{\"@type\":\"ReadAction\",\"target\":[\"https:\\\/\\\/www.ucaldas.edu.co\\\/portal\\\/estudiantes-u-de-caldas-lideran-creacion-de-emisora-popular-universitaria\\\/\"]}]},{\"@type\":\"ImageObject\",\"inLanguage\":\"es\",\"@id\":\"https:\\\/\\\/www.ucaldas.edu.co\\\/portal\\\/estudiantes-u-de-caldas-lideran-creacion-de-emisora-popular-universitaria\\\/#primaryimage\",\"url\":\"https:\\\/\\\/www.ucaldas.edu.co\\\/portal\\\/wp-content\\\/uploads\\\/2014\\\/07\\\/10378010_724960954232439_6712063464737692095_n-300x200.jpg\",\"contentUrl\":\"https:\\\/\\\/www.ucaldas.edu.co\\\/portal\\\/wp-content\\\/uploads\\\/2014\\\/07\\\/10378010_724960954232439_6712063464737692095_n-300x200.jpg\"},{\"@type\":\"BreadcrumbList\",\"@id\":\"https:\\\/\\\/www.ucaldas.edu.co\\\/portal\\\/estudiantes-u-de-caldas-lideran-creacion-de-emisora-popular-universitaria\\\/#breadcrumb\",\"itemListElement\":[{\"@type\":\"ListItem\",\"position\":1,\"name\":\"Portada\",\"item\":\"https:\\\/\\\/www.ucaldas.edu.co\\\/portal\\\/\"},{\"@type\":\"ListItem\",\"position\":2,\"name\":\"Estudiantes U. de Caldas lideran creaci\u00f3n de emisora popular universitaria\"}]},{\"@type\":\"WebSite\",\"@id\":\"https:\\\/\\\/www.ucaldas.edu.co\\\/portal\\\/#website\",\"url\":\"https:\\\/\\\/www.ucaldas.edu.co\\\/portal\\\/\",\"name\":\"Universidad de Caldas\",\"description\":\"\",\"publisher\":{\"@id\":\"https:\\\/\\\/www.ucaldas.edu.co\\\/portal\\\/#organization\"},\"alternateName\":\"U. de Caldas\",\"potentialAction\":[{\"@type\":\"SearchAction\",\"target\":{\"@type\":\"EntryPoint\",\"urlTemplate\":\"https:\\\/\\\/www.ucaldas.edu.co\\\/portal\\\/?s={search_term_string}\"},\"query-input\":{\"@type\":\"PropertyValueSpecification\",\"valueRequired\":true,\"valueName\":\"search_term_string\"}}],\"inLanguage\":\"es\"},{\"@type\":\"Organization\",\"@id\":\"https:\\\/\\\/www.ucaldas.edu.co\\\/portal\\\/#organization\",\"name\":\"Universidad de Caldas\",\"alternateName\":\"U. de Caldas\",\"url\":\"https:\\\/\\\/www.ucaldas.edu.co\\\/portal\\\/\",\"logo\":{\"@type\":\"ImageObject\",\"inLanguage\":\"es\",\"@id\":\"https:\\\/\\\/www.ucaldas.edu.co\\\/portal\\\/#\\\/schema\\\/logo\\\/image\\\/\",\"url\":\"https:\\\/\\\/www.ucaldas.edu.co\\\/portal\\\/wp-content\\\/uploads\\\/2023\\\/11\\\/Logo_horizontal_oscuroU-2023.png\",\"contentUrl\":\"https:\\\/\\\/www.ucaldas.edu.co\\\/portal\\\/wp-content\\\/uploads\\\/2023\\\/11\\\/Logo_horizontal_oscuroU-2023.png\",\"width\":263,\"height\":101,\"caption\":\"Universidad de Caldas\"},\"image\":{\"@id\":\"https:\\\/\\\/www.ucaldas.edu.co\\\/portal\\\/#\\\/schema\\\/logo\\\/image\\\/\"},\"sameAs\":[\"https:\\\/\\\/www.facebook.com\\\/udecaldas\",\"https:\\\/\\\/x.com\\\/udecaldas\",\"https:\\\/\\\/www.youtube.com\\\/universidadcaldas\",\"https:\\\/\\\/www.instagram.com\\\/udecaldas\\\/\"]},{\"@type\":\"Person\",\"@id\":\"https:\\\/\\\/www.ucaldas.edu.co\\\/portal\\\/#\\\/schema\\\/person\\\/a1b482e23449158b4bc319926c074fdf\",\"name\":\"ofiprensa\",\"image\":{\"@type\":\"ImageObject\",\"inLanguage\":\"es\",\"@id\":\"https:\\\/\\\/www.ucaldas.edu.co\\\/portal\\\/wp-content\\\/litespeed\\\/avatar\\\/09ea5085e600095a7a811142c6944527.jpg?ver=1777497608\",\"url\":\"https:\\\/\\\/www.ucaldas.edu.co\\\/portal\\\/wp-content\\\/litespeed\\\/avatar\\\/09ea5085e600095a7a811142c6944527.jpg?ver=1777497608\",\"contentUrl\":\"https:\\\/\\\/www.ucaldas.edu.co\\\/portal\\\/wp-content\\\/litespeed\\\/avatar\\\/09ea5085e600095a7a811142c6944527.jpg?ver=1777497608\",\"caption\":\"ofiprensa\"},\"url\":\"https:\\\/\\\/www.ucaldas.edu.co\\\/portal\\\/author\\\/ofiprensa\\\/\"}]}<\/script>\n<!-- \/ Yoast SEO plugin. -->","yoast_head_json":{"title":"Estudiantes U. de Caldas lideran creaci\u00f3n de emisora popular universitaria .","robots":{"index":"index","follow":"follow","max-snippet":"max-snippet:-1","max-image-preview":"max-image-preview:large","max-video-preview":"max-video-preview:-1"},"canonical":"https:\/\/www.ucaldas.edu.co\/portal\/estudiantes-u-de-caldas-lideran-creacion-de-emisora-popular-universitaria\/","schema":{"@context":"https:\/\/schema.org","@graph":[{"@type":"Article","@id":"https:\/\/www.ucaldas.edu.co\/portal\/estudiantes-u-de-caldas-lideran-creacion-de-emisora-popular-universitaria\/#article","isPartOf":{"@id":"https:\/\/www.ucaldas.edu.co\/portal\/estudiantes-u-de-caldas-lideran-creacion-de-emisora-popular-universitaria\/"},"author":{"name":"ofiprensa","@id":"https:\/\/www.ucaldas.edu.co\/portal\/#\/schema\/person\/a1b482e23449158b4bc319926c074fdf"},"headline":"Estudiantes U. de Caldas lideran creaci\u00f3n de emisora popular universitaria","datePublished":"2014-07-29T21:59:36+00:00","mainEntityOfPage":{"@id":"https:\/\/www.ucaldas.edu.co\/portal\/estudiantes-u-de-caldas-lideran-creacion-de-emisora-popular-universitaria\/"},"wordCount":556,"publisher":{"@id":"https:\/\/www.ucaldas.edu.co\/portal\/#organization"},"image":{"@id":"https:\/\/www.ucaldas.edu.co\/portal\/estudiantes-u-de-caldas-lideran-creacion-de-emisora-popular-universitaria\/#primaryimage"},"thumbnailUrl":"https:\/\/www.ucaldas.edu.co\/portal\/wp-content\/uploads\/2014\/07\/10378010_724960954232439_6712063464737692095_n-300x200.jpg","keywords":["Universidad De Caldas","participaci\u00f3n","U. De Caldas","opini\u00f3n","comunicaci\u00f3n","emisora universitaria","radio online"],"articleSection":["Actualidad","Universidad al D\u00eda"],"inLanguage":"es"},{"@type":"WebPage","@id":"https:\/\/www.ucaldas.edu.co\/portal\/estudiantes-u-de-caldas-lideran-creacion-de-emisora-popular-universitaria\/","url":"https:\/\/www.ucaldas.edu.co\/portal\/estudiantes-u-de-caldas-lideran-creacion-de-emisora-popular-universitaria\/","name":"Estudiantes U. de Caldas lideran creaci\u00f3n de emisora popular universitaria .","isPartOf":{"@id":"https:\/\/www.ucaldas.edu.co\/portal\/#website"},"primaryImageOfPage":{"@id":"https:\/\/www.ucaldas.edu.co\/portal\/estudiantes-u-de-caldas-lideran-creacion-de-emisora-popular-universitaria\/#primaryimage"},"image":{"@id":"https:\/\/www.ucaldas.edu.co\/portal\/estudiantes-u-de-caldas-lideran-creacion-de-emisora-popular-universitaria\/#primaryimage"},"thumbnailUrl":"https:\/\/www.ucaldas.edu.co\/portal\/wp-content\/uploads\/2014\/07\/10378010_724960954232439_6712063464737692095_n-300x200.jpg","datePublished":"2014-07-29T21:59:36+00:00","breadcrumb":{"@id":"https:\/\/www.ucaldas.edu.co\/portal\/estudiantes-u-de-caldas-lideran-creacion-de-emisora-popular-universitaria\/#breadcrumb"},"inLanguage":"es","potentialAction":[{"@type":"ReadAction","target":["https:\/\/www.ucaldas.edu.co\/portal\/estudiantes-u-de-caldas-lideran-creacion-de-emisora-popular-universitaria\/"]}]},{"@type":"ImageObject","inLanguage":"es","@id":"https:\/\/www.ucaldas.edu.co\/portal\/estudiantes-u-de-caldas-lideran-creacion-de-emisora-popular-universitaria\/#primaryimage","url":"https:\/\/www.ucaldas.edu.co\/portal\/wp-content\/uploads\/2014\/07\/10378010_724960954232439_6712063464737692095_n-300x200.jpg","contentUrl":"https:\/\/www.ucaldas.edu.co\/portal\/wp-content\/uploads\/2014\/07\/10378010_724960954232439_6712063464737692095_n-300x200.jpg"},{"@type":"BreadcrumbList","@id":"https:\/\/www.ucaldas.edu.co\/portal\/estudiantes-u-de-caldas-lideran-creacion-de-emisora-popular-universitaria\/#breadcrumb","itemListElement":[{"@type":"ListItem","position":1,"name":"Portada","item":"https:\/\/www.ucaldas.edu.co\/portal\/"},{"@type":"ListItem","position":2,"name":"Estudiantes U. de Caldas lideran creaci\u00f3n de emisora popular universitaria"}]},{"@type":"WebSite","@id":"https:\/\/www.ucaldas.edu.co\/portal\/#website","url":"https:\/\/www.ucaldas.edu.co\/portal\/","name":"Universidad de Caldas","description":"","publisher":{"@id":"https:\/\/www.ucaldas.edu.co\/portal\/#organization"},"alternateName":"U. de Caldas","potentialAction":[{"@type":"SearchAction","target":{"@type":"EntryPoint","urlTemplate":"https:\/\/www.ucaldas.edu.co\/portal\/?s={search_term_string}"},"query-input":{"@type":"PropertyValueSpecification","valueRequired":true,"valueName":"search_term_string"}}],"inLanguage":"es"},{"@type":"Organization","@id":"https:\/\/www.ucaldas.edu.co\/portal\/#organization","name":"Universidad de Caldas","alternateName":"U. de Caldas","url":"https:\/\/www.ucaldas.edu.co\/portal\/","logo":{"@type":"ImageObject","inLanguage":"es","@id":"https:\/\/www.ucaldas.edu.co\/portal\/#\/schema\/logo\/image\/","url":"https:\/\/www.ucaldas.edu.co\/portal\/wp-content\/uploads\/2023\/11\/Logo_horizontal_oscuroU-2023.png","contentUrl":"https:\/\/www.ucaldas.edu.co\/portal\/wp-content\/uploads\/2023\/11\/Logo_horizontal_oscuroU-2023.png","width":263,"height":101,"caption":"Universidad de Caldas"},"image":{"@id":"https:\/\/www.ucaldas.edu.co\/portal\/#\/schema\/logo\/image\/"},"sameAs":["https:\/\/www.facebook.com\/udecaldas","https:\/\/x.com\/udecaldas","https:\/\/www.youtube.com\/universidadcaldas","https:\/\/www.instagram.com\/udecaldas\/"]},{"@type":"Person","@id":"https:\/\/www.ucaldas.edu.co\/portal\/#\/schema\/person\/a1b482e23449158b4bc319926c074fdf","name":"ofiprensa","image":{"@type":"ImageObject","inLanguage":"es","@id":"https:\/\/www.ucaldas.edu.co\/portal\/wp-content\/litespeed\/avatar\/09ea5085e600095a7a811142c6944527.jpg?ver=1777497608","url":"https:\/\/www.ucaldas.edu.co\/portal\/wp-content\/litespeed\/avatar\/09ea5085e600095a7a811142c6944527.jpg?ver=1777497608","contentUrl":"https:\/\/www.ucaldas.edu.co\/portal\/wp-content\/litespeed\/avatar\/09ea5085e600095a7a811142c6944527.jpg?ver=1777497608","caption":"ofiprensa"},"url":"https:\/\/www.ucaldas.edu.co\/portal\/author\/ofiprensa\/"}]}},"_links":{"self":[{"href":"https:\/\/www.ucaldas.edu.co\/portal\/wp-json\/wp\/v2\/posts\/18511","targetHints":{"allow":["GET"]}}],"collection":[{"href":"https:\/\/www.ucaldas.edu.co\/portal\/wp-json\/wp\/v2\/posts"}],"about":[{"href":"https:\/\/www.ucaldas.edu.co\/portal\/wp-json\/wp\/v2\/types\/post"}],"author":[{"embeddable":true,"href":"https:\/\/www.ucaldas.edu.co\/portal\/wp-json\/wp\/v2\/users\/2"}],"replies":[{"embeddable":true,"href":"https:\/\/www.ucaldas.edu.co\/portal\/wp-json\/wp\/v2\/comments?post=18511"}],"version-history":[{"count":0,"href":"https:\/\/www.ucaldas.edu.co\/portal\/wp-json\/wp\/v2\/posts\/18511\/revisions"}],"wp:attachment":[{"href":"https:\/\/www.ucaldas.edu.co\/portal\/wp-json\/wp\/v2\/media?parent=18511"}],"wp:term":[{"taxonomy":"category","embeddable":true,"href":"https:\/\/www.ucaldas.edu.co\/portal\/wp-json\/wp\/v2\/categories?post=18511"},{"taxonomy":"post_tag","embeddable":true,"href":"https:\/\/www.ucaldas.edu.co\/portal\/wp-json\/wp\/v2\/tags?post=18511"}],"curies":[{"name":"wp","href":"https:\/\/api.w.org\/{rel}","templated":true}]}}