{"id":18443,"date":"2014-07-24T17:55:36","date_gmt":"2014-07-24T22:55:36","guid":{"rendered":"https:\/\/www.ucaldas.edu.co\/portal\/?p=18443"},"modified":"2014-07-24T17:55:36","modified_gmt":"2014-07-24T22:55:36","slug":"u-de-caldas-estudia-viabilidad-de-creacion-de-departamento-o-unidad-de-ciencias-politicas","status":"publish","type":"post","link":"https:\/\/www.ucaldas.edu.co\/portal\/u-de-caldas-estudia-viabilidad-de-creacion-de-departamento-o-unidad-de-ciencias-politicas\/","title":{"rendered":"U. de Caldas estudia viabilidad de creaci\u00f3n de departamento o unidad de ciencias pol\u00edticas"},"content":{"rendered":"<p align=\"center\"><span style=\"text-decoration: underline;\">SE EXTENDER\u00c1 A FACULTAD DE CIENCIAS PARA LA SALUD DE LA INSTITUCI\u00d3N CALDENSE<\/span><\/p>\n<p align=\"center\"><b>U. de Caldas estudia viabilidad de creaci\u00f3n de departamento o unidad de ciencias pol\u00edticas<\/b><\/p>\n<p align=\"center\"><a href=\"https:\/\/www.ucaldas.edu.co\/portal\/wp-content\/uploads\/2014\/07\/10520091_723069617754906_3237543186438139097_n.jpg\"><img loading=\"lazy\" decoding=\"async\" class=\"aligncenter size-medium wp-image-18444\" alt=\"10520091_723069617754906_3237543186438139097_n\" src=\"https:\/\/www.ucaldas.edu.co\/portal\/wp-content\/uploads\/2014\/07\/10520091_723069617754906_3237543186438139097_n-300x115.jpg\" width=\"300\" height=\"115\" \/><\/a><\/p>\n<p align=\"center\">\n<p align=\"right\">24\/7\/2014<\/p>\n<p style=\"text-align: justify;\">La\u00a0<b>Universidad de Caldas recibi\u00f3<\/b>\u00a0este jueves 24 de julio del 2014 a\u00a0<b>Francisco Leal Buitrago<\/b>,\u00a0<b>fundador<\/b>\u00a0del\u00a0<b>Departamento de Ciencia Pol\u00edtica<\/b>\u00a0de la Universidad de los Andes y\u00a0<b>fundador<\/b>\u00a0del\u00a0<b>Instituto de Estudios Pol\u00edticos y Relaciones Internacionales<\/b>\u00a0de la Universidad Nacional de Colombia.<!--more--><\/p>\n<p style=\"text-align: justify;\">\u00a0Leal Buitrago,\u00a0<b>quien fue invitado por la Rector\u00eda de la Universidad<\/b>, se reuni\u00f3 con el Vicerrector Acad\u00e9mico, el Decano de la Facultad de Ciencias Jur\u00eddicas y Sociales, as\u00ed como con un equipo de profesores, para\u00a0<b>revisar<\/b>\u00a0la\u00a0<b>viabilidad de la creaci\u00f3n de un departamento o unidad de ciencias pol\u00edticas<\/b>, iniciativa recomendada por el Consejo Superior de la U. de Caldas.<\/p>\n<p style=\"text-align: justify;\">Oscar Eugenio Tamayo \u00c1lzate,\u00a0<b>Vicerrector Acad\u00e9mico de la U. de Caldas,\u00a0<\/b>explic\u00f3 que el encuentro busc\u00f3 discutir en torno a la<b>posibilidad de adelantar reflexiones en la Facultad de Ciencias Jur\u00eddicas y Sociales<\/b>\u00a0acerca de la\u00a0<b>presentaci\u00f3n de nuevos programas en funci\u00f3n del estudio de la pol\u00edtica<\/b>, creaci\u00f3n de postgrados y de institutos, temas en que se seguir\u00e1n analizando.<\/p>\n<p style=\"text-align: justify;\"><b>Discusi\u00f3n pol\u00edtica en U. de Caldas<\/b><\/p>\n<p style=\"text-align: justify;\">Por su parte, Gabriel Gallego Montes,\u00a0<b>Decano de la Facultad de Ciencias Jur\u00eddicas y Sociales de la U. de Caldas,\u00a0<\/b>dijo: \u201c<b>debemos comenzar a indagar y hacer una hoja de ruta que nos permita mirar c\u00f3mo insertamos la discusi\u00f3n de la pol\u00edtica<\/b>\u00a0y de lo pol\u00edtico en la Instituci\u00f3n. La U. de Caldas tiene un gran reto y llamado de atenci\u00f3n sobre lo que pasa en temas de formaci\u00f3n pol\u00edtica\u201d.<\/p>\n<p style=\"text-align: justify;\">El Decano mencion\u00f3 que\u00a0<b>desde la Facultad se tiene toda la disposici\u00f3n de articularse<\/b>\u00a0con un departamento o crear una unidad acad\u00e9mica nueva.<\/p>\n<p style=\"text-align: justify;\">Uno de los gestores en el encuentro fue Juan Carlos Yepes Ocampo,\u00a0<b>profesor del Departamento de Jur\u00eddicas y Miembro del Consejo Superior de la U. de Caldas,\u00a0<\/b>quien entreg\u00f3 un positivo balance de la reuni\u00f3n.<\/p>\n<p style=\"text-align: justify;\">\u201cContar con la presencia y conocimiento de Leal Buitrago es tener nada menos que una autoridad en el campo de los estudios sociales -espec\u00edficamente, pol\u00edticos- en Am\u00e9rica Latina y Colombia.\u00a0<b>Escuchar sus orientaciones para crear una nueva unidad<\/b>\u00a0que se relacione con la pol\u00edtica en la U. de Caldas\u00a0<b>es fundamental<\/b>\u201d, dijo el profesor.<\/p>\n<p style=\"text-align: justify;\"><a href=\"https:\/\/www.facebook.com\/media\/set\/?set=a.723069267754941.1073742932.107054166023124&amp;type=1&amp;l=0011c3e390\" target=\"_blank\">Conozca im\u00e1genes de la visita de Francisco Leal Buitrago a la U. de Caldas<\/a><\/p>\n<p style=\"text-align: justify;\">\u00a0<b>Informes:<\/b>\u00a0Oficina de Prensa U. de Caldas, en el tel\u00e9fono 878 15 00 extensi\u00f3n 12 167.<\/p>\n<p style=\"text-align: justify;\"><b>\u00a0<\/b><\/p>\n<p style=\"text-align: justify;\">\n","protected":false},"excerpt":{"rendered":"<p>SE EXTENDER\u00c1 A FACULTAD DE CIENCIAS PARA LA SALUD DE LA INSTITUCI\u00d3N CALDENSE U. de Caldas estudia viabilidad de creaci\u00f3n de departamento o unidad de ciencias pol\u00edticas 24\/7\/2014 La\u00a0Universidad de Caldas recibi\u00f3\u00a0este jueves 24 de julio del 2014 a\u00a0Francisco Leal Buitrago,\u00a0fundador\u00a0del\u00a0Departamento de Ciencia Pol\u00edtica\u00a0de la Universidad de los Andes y\u00a0fundador\u00a0del\u00a0Instituto de Estudios Pol\u00edticos y Relaciones [&hellip;]<\/p>\n","protected":false},"author":2,"featured_media":0,"comment_status":"closed","ping_status":"closed","sticky":false,"template":"","format":"standard","meta":{"footnotes":""},"categories":[48,53],"tags":[73,150,197,233,2157,2158,2159,2160,2161],"class_list":["post-18443","post","type-post","status-publish","format-standard","hentry","category-actualidad","category-universidad-al-dia","tag-proyeccion","tag-politica","tag-facultad-de-ciencias-juridicas-y-sociales","tag-visita","tag-ciencias-politicas","tag-departamento","tag-estudios-politicos","tag-francisco-leal-buitrago","tag-unidad"],"yoast_head":"<!-- This site is optimized with the Yoast SEO plugin v27.5 - https:\/\/yoast.com\/product\/yoast-seo-wordpress\/ -->\n<title>U. de Caldas estudia viabilidad de creaci\u00f3n de departamento o unidad de ciencias pol\u00edticas .<\/title>\n<meta name=\"robots\" content=\"index, follow, max-snippet:-1, max-image-preview:large, max-video-preview:-1\" \/>\n<link rel=\"canonical\" href=\"https:\/\/www.ucaldas.edu.co\/portal\/u-de-caldas-estudia-viabilidad-de-creacion-de-departamento-o-unidad-de-ciencias-politicas\/\" \/>\n<script type=\"application\/ld+json\" class=\"yoast-schema-graph\">{\"@context\":\"https:\\\/\\\/schema.org\",\"@graph\":[{\"@type\":\"Article\",\"@id\":\"https:\\\/\\\/www.ucaldas.edu.co\\\/portal\\\/u-de-caldas-estudia-viabilidad-de-creacion-de-departamento-o-unidad-de-ciencias-politicas\\\/#article\",\"isPartOf\":{\"@id\":\"https:\\\/\\\/www.ucaldas.edu.co\\\/portal\\\/u-de-caldas-estudia-viabilidad-de-creacion-de-departamento-o-unidad-de-ciencias-politicas\\\/\"},\"author\":{\"name\":\"ofiprensa\",\"@id\":\"https:\\\/\\\/www.ucaldas.edu.co\\\/portal\\\/#\\\/schema\\\/person\\\/a1b482e23449158b4bc319926c074fdf\"},\"headline\":\"U. de Caldas estudia viabilidad de creaci\u00f3n de departamento o unidad de ciencias pol\u00edticas\",\"datePublished\":\"2014-07-24T22:55:36+00:00\",\"mainEntityOfPage\":{\"@id\":\"https:\\\/\\\/www.ucaldas.edu.co\\\/portal\\\/u-de-caldas-estudia-viabilidad-de-creacion-de-departamento-o-unidad-de-ciencias-politicas\\\/\"},\"wordCount\":455,\"publisher\":{\"@id\":\"https:\\\/\\\/www.ucaldas.edu.co\\\/portal\\\/#organization\"},\"image\":{\"@id\":\"https:\\\/\\\/www.ucaldas.edu.co\\\/portal\\\/u-de-caldas-estudia-viabilidad-de-creacion-de-departamento-o-unidad-de-ciencias-politicas\\\/#primaryimage\"},\"thumbnailUrl\":\"https:\\\/\\\/www.ucaldas.edu.co\\\/portal\\\/wp-content\\\/uploads\\\/2014\\\/07\\\/10520091_723069617754906_3237543186438139097_n-300x115.jpg\",\"keywords\":[\"Proyecci\u00f3n\",\"pol\u00edtica\",\"Facultad De Ciencias Jur\u00eddicas Y Sociales\",\"visita\",\"ciencias pol\u00edticas\",\"departamento\",\"estudios pol\u00edticos\",\"Francisco Leal Buitrago\",\"unidad\"],\"articleSection\":[\"Actualidad\",\"Universidad al D\u00eda\"],\"inLanguage\":\"es\"},{\"@type\":\"WebPage\",\"@id\":\"https:\\\/\\\/www.ucaldas.edu.co\\\/portal\\\/u-de-caldas-estudia-viabilidad-de-creacion-de-departamento-o-unidad-de-ciencias-politicas\\\/\",\"url\":\"https:\\\/\\\/www.ucaldas.edu.co\\\/portal\\\/u-de-caldas-estudia-viabilidad-de-creacion-de-departamento-o-unidad-de-ciencias-politicas\\\/\",\"name\":\"U. de Caldas estudia viabilidad de creaci\u00f3n de departamento o unidad de ciencias pol\u00edticas .\",\"isPartOf\":{\"@id\":\"https:\\\/\\\/www.ucaldas.edu.co\\\/portal\\\/#website\"},\"primaryImageOfPage\":{\"@id\":\"https:\\\/\\\/www.ucaldas.edu.co\\\/portal\\\/u-de-caldas-estudia-viabilidad-de-creacion-de-departamento-o-unidad-de-ciencias-politicas\\\/#primaryimage\"},\"image\":{\"@id\":\"https:\\\/\\\/www.ucaldas.edu.co\\\/portal\\\/u-de-caldas-estudia-viabilidad-de-creacion-de-departamento-o-unidad-de-ciencias-politicas\\\/#primaryimage\"},\"thumbnailUrl\":\"https:\\\/\\\/www.ucaldas.edu.co\\\/portal\\\/wp-content\\\/uploads\\\/2014\\\/07\\\/10520091_723069617754906_3237543186438139097_n-300x115.jpg\",\"datePublished\":\"2014-07-24T22:55:36+00:00\",\"breadcrumb\":{\"@id\":\"https:\\\/\\\/www.ucaldas.edu.co\\\/portal\\\/u-de-caldas-estudia-viabilidad-de-creacion-de-departamento-o-unidad-de-ciencias-politicas\\\/#breadcrumb\"},\"inLanguage\":\"es\",\"potentialAction\":[{\"@type\":\"ReadAction\",\"target\":[\"https:\\\/\\\/www.ucaldas.edu.co\\\/portal\\\/u-de-caldas-estudia-viabilidad-de-creacion-de-departamento-o-unidad-de-ciencias-politicas\\\/\"]}]},{\"@type\":\"ImageObject\",\"inLanguage\":\"es\",\"@id\":\"https:\\\/\\\/www.ucaldas.edu.co\\\/portal\\\/u-de-caldas-estudia-viabilidad-de-creacion-de-departamento-o-unidad-de-ciencias-politicas\\\/#primaryimage\",\"url\":\"https:\\\/\\\/www.ucaldas.edu.co\\\/portal\\\/wp-content\\\/uploads\\\/2014\\\/07\\\/10520091_723069617754906_3237543186438139097_n-300x115.jpg\",\"contentUrl\":\"https:\\\/\\\/www.ucaldas.edu.co\\\/portal\\\/wp-content\\\/uploads\\\/2014\\\/07\\\/10520091_723069617754906_3237543186438139097_n-300x115.jpg\"},{\"@type\":\"BreadcrumbList\",\"@id\":\"https:\\\/\\\/www.ucaldas.edu.co\\\/portal\\\/u-de-caldas-estudia-viabilidad-de-creacion-de-departamento-o-unidad-de-ciencias-politicas\\\/#breadcrumb\",\"itemListElement\":[{\"@type\":\"ListItem\",\"position\":1,\"name\":\"Portada\",\"item\":\"https:\\\/\\\/www.ucaldas.edu.co\\\/portal\\\/\"},{\"@type\":\"ListItem\",\"position\":2,\"name\":\"U. de Caldas estudia viabilidad de creaci\u00f3n de departamento o unidad de ciencias pol\u00edticas\"}]},{\"@type\":\"WebSite\",\"@id\":\"https:\\\/\\\/www.ucaldas.edu.co\\\/portal\\\/#website\",\"url\":\"https:\\\/\\\/www.ucaldas.edu.co\\\/portal\\\/\",\"name\":\"Universidad de Caldas\",\"description\":\"\",\"publisher\":{\"@id\":\"https:\\\/\\\/www.ucaldas.edu.co\\\/portal\\\/#organization\"},\"alternateName\":\"U. de Caldas\",\"potentialAction\":[{\"@type\":\"SearchAction\",\"target\":{\"@type\":\"EntryPoint\",\"urlTemplate\":\"https:\\\/\\\/www.ucaldas.edu.co\\\/portal\\\/?s={search_term_string}\"},\"query-input\":{\"@type\":\"PropertyValueSpecification\",\"valueRequired\":true,\"valueName\":\"search_term_string\"}}],\"inLanguage\":\"es\"},{\"@type\":\"Organization\",\"@id\":\"https:\\\/\\\/www.ucaldas.edu.co\\\/portal\\\/#organization\",\"name\":\"Universidad de Caldas\",\"alternateName\":\"U. de Caldas\",\"url\":\"https:\\\/\\\/www.ucaldas.edu.co\\\/portal\\\/\",\"logo\":{\"@type\":\"ImageObject\",\"inLanguage\":\"es\",\"@id\":\"https:\\\/\\\/www.ucaldas.edu.co\\\/portal\\\/#\\\/schema\\\/logo\\\/image\\\/\",\"url\":\"https:\\\/\\\/www.ucaldas.edu.co\\\/portal\\\/wp-content\\\/uploads\\\/2023\\\/11\\\/Logo_horizontal_oscuroU-2023.png\",\"contentUrl\":\"https:\\\/\\\/www.ucaldas.edu.co\\\/portal\\\/wp-content\\\/uploads\\\/2023\\\/11\\\/Logo_horizontal_oscuroU-2023.png\",\"width\":263,\"height\":101,\"caption\":\"Universidad de Caldas\"},\"image\":{\"@id\":\"https:\\\/\\\/www.ucaldas.edu.co\\\/portal\\\/#\\\/schema\\\/logo\\\/image\\\/\"},\"sameAs\":[\"https:\\\/\\\/www.facebook.com\\\/udecaldas\",\"https:\\\/\\\/x.com\\\/udecaldas\",\"https:\\\/\\\/www.youtube.com\\\/universidadcaldas\",\"https:\\\/\\\/www.instagram.com\\\/udecaldas\\\/\"]},{\"@type\":\"Person\",\"@id\":\"https:\\\/\\\/www.ucaldas.edu.co\\\/portal\\\/#\\\/schema\\\/person\\\/a1b482e23449158b4bc319926c074fdf\",\"name\":\"ofiprensa\",\"image\":{\"@type\":\"ImageObject\",\"inLanguage\":\"es\",\"@id\":\"https:\\\/\\\/www.ucaldas.edu.co\\\/portal\\\/wp-content\\\/litespeed\\\/avatar\\\/09ea5085e600095a7a811142c6944527.jpg?ver=1777497608\",\"url\":\"https:\\\/\\\/www.ucaldas.edu.co\\\/portal\\\/wp-content\\\/litespeed\\\/avatar\\\/09ea5085e600095a7a811142c6944527.jpg?ver=1777497608\",\"contentUrl\":\"https:\\\/\\\/www.ucaldas.edu.co\\\/portal\\\/wp-content\\\/litespeed\\\/avatar\\\/09ea5085e600095a7a811142c6944527.jpg?ver=1777497608\",\"caption\":\"ofiprensa\"},\"url\":\"https:\\\/\\\/www.ucaldas.edu.co\\\/portal\\\/author\\\/ofiprensa\\\/\"}]}<\/script>\n<!-- \/ Yoast SEO plugin. -->","yoast_head_json":{"title":"U. de Caldas estudia viabilidad de creaci\u00f3n de departamento o unidad de ciencias pol\u00edticas .","robots":{"index":"index","follow":"follow","max-snippet":"max-snippet:-1","max-image-preview":"max-image-preview:large","max-video-preview":"max-video-preview:-1"},"canonical":"https:\/\/www.ucaldas.edu.co\/portal\/u-de-caldas-estudia-viabilidad-de-creacion-de-departamento-o-unidad-de-ciencias-politicas\/","schema":{"@context":"https:\/\/schema.org","@graph":[{"@type":"Article","@id":"https:\/\/www.ucaldas.edu.co\/portal\/u-de-caldas-estudia-viabilidad-de-creacion-de-departamento-o-unidad-de-ciencias-politicas\/#article","isPartOf":{"@id":"https:\/\/www.ucaldas.edu.co\/portal\/u-de-caldas-estudia-viabilidad-de-creacion-de-departamento-o-unidad-de-ciencias-politicas\/"},"author":{"name":"ofiprensa","@id":"https:\/\/www.ucaldas.edu.co\/portal\/#\/schema\/person\/a1b482e23449158b4bc319926c074fdf"},"headline":"U. de Caldas estudia viabilidad de creaci\u00f3n de departamento o unidad de ciencias pol\u00edticas","datePublished":"2014-07-24T22:55:36+00:00","mainEntityOfPage":{"@id":"https:\/\/www.ucaldas.edu.co\/portal\/u-de-caldas-estudia-viabilidad-de-creacion-de-departamento-o-unidad-de-ciencias-politicas\/"},"wordCount":455,"publisher":{"@id":"https:\/\/www.ucaldas.edu.co\/portal\/#organization"},"image":{"@id":"https:\/\/www.ucaldas.edu.co\/portal\/u-de-caldas-estudia-viabilidad-de-creacion-de-departamento-o-unidad-de-ciencias-politicas\/#primaryimage"},"thumbnailUrl":"https:\/\/www.ucaldas.edu.co\/portal\/wp-content\/uploads\/2014\/07\/10520091_723069617754906_3237543186438139097_n-300x115.jpg","keywords":["Proyecci\u00f3n","pol\u00edtica","Facultad De Ciencias Jur\u00eddicas Y Sociales","visita","ciencias pol\u00edticas","departamento","estudios pol\u00edticos","Francisco Leal Buitrago","unidad"],"articleSection":["Actualidad","Universidad al D\u00eda"],"inLanguage":"es"},{"@type":"WebPage","@id":"https:\/\/www.ucaldas.edu.co\/portal\/u-de-caldas-estudia-viabilidad-de-creacion-de-departamento-o-unidad-de-ciencias-politicas\/","url":"https:\/\/www.ucaldas.edu.co\/portal\/u-de-caldas-estudia-viabilidad-de-creacion-de-departamento-o-unidad-de-ciencias-politicas\/","name":"U. de Caldas estudia viabilidad de creaci\u00f3n de departamento o unidad de ciencias pol\u00edticas .","isPartOf":{"@id":"https:\/\/www.ucaldas.edu.co\/portal\/#website"},"primaryImageOfPage":{"@id":"https:\/\/www.ucaldas.edu.co\/portal\/u-de-caldas-estudia-viabilidad-de-creacion-de-departamento-o-unidad-de-ciencias-politicas\/#primaryimage"},"image":{"@id":"https:\/\/www.ucaldas.edu.co\/portal\/u-de-caldas-estudia-viabilidad-de-creacion-de-departamento-o-unidad-de-ciencias-politicas\/#primaryimage"},"thumbnailUrl":"https:\/\/www.ucaldas.edu.co\/portal\/wp-content\/uploads\/2014\/07\/10520091_723069617754906_3237543186438139097_n-300x115.jpg","datePublished":"2014-07-24T22:55:36+00:00","breadcrumb":{"@id":"https:\/\/www.ucaldas.edu.co\/portal\/u-de-caldas-estudia-viabilidad-de-creacion-de-departamento-o-unidad-de-ciencias-politicas\/#breadcrumb"},"inLanguage":"es","potentialAction":[{"@type":"ReadAction","target":["https:\/\/www.ucaldas.edu.co\/portal\/u-de-caldas-estudia-viabilidad-de-creacion-de-departamento-o-unidad-de-ciencias-politicas\/"]}]},{"@type":"ImageObject","inLanguage":"es","@id":"https:\/\/www.ucaldas.edu.co\/portal\/u-de-caldas-estudia-viabilidad-de-creacion-de-departamento-o-unidad-de-ciencias-politicas\/#primaryimage","url":"https:\/\/www.ucaldas.edu.co\/portal\/wp-content\/uploads\/2014\/07\/10520091_723069617754906_3237543186438139097_n-300x115.jpg","contentUrl":"https:\/\/www.ucaldas.edu.co\/portal\/wp-content\/uploads\/2014\/07\/10520091_723069617754906_3237543186438139097_n-300x115.jpg"},{"@type":"BreadcrumbList","@id":"https:\/\/www.ucaldas.edu.co\/portal\/u-de-caldas-estudia-viabilidad-de-creacion-de-departamento-o-unidad-de-ciencias-politicas\/#breadcrumb","itemListElement":[{"@type":"ListItem","position":1,"name":"Portada","item":"https:\/\/www.ucaldas.edu.co\/portal\/"},{"@type":"ListItem","position":2,"name":"U. de Caldas estudia viabilidad de creaci\u00f3n de departamento o unidad de ciencias pol\u00edticas"}]},{"@type":"WebSite","@id":"https:\/\/www.ucaldas.edu.co\/portal\/#website","url":"https:\/\/www.ucaldas.edu.co\/portal\/","name":"Universidad de Caldas","description":"","publisher":{"@id":"https:\/\/www.ucaldas.edu.co\/portal\/#organization"},"alternateName":"U. de Caldas","potentialAction":[{"@type":"SearchAction","target":{"@type":"EntryPoint","urlTemplate":"https:\/\/www.ucaldas.edu.co\/portal\/?s={search_term_string}"},"query-input":{"@type":"PropertyValueSpecification","valueRequired":true,"valueName":"search_term_string"}}],"inLanguage":"es"},{"@type":"Organization","@id":"https:\/\/www.ucaldas.edu.co\/portal\/#organization","name":"Universidad de Caldas","alternateName":"U. de Caldas","url":"https:\/\/www.ucaldas.edu.co\/portal\/","logo":{"@type":"ImageObject","inLanguage":"es","@id":"https:\/\/www.ucaldas.edu.co\/portal\/#\/schema\/logo\/image\/","url":"https:\/\/www.ucaldas.edu.co\/portal\/wp-content\/uploads\/2023\/11\/Logo_horizontal_oscuroU-2023.png","contentUrl":"https:\/\/www.ucaldas.edu.co\/portal\/wp-content\/uploads\/2023\/11\/Logo_horizontal_oscuroU-2023.png","width":263,"height":101,"caption":"Universidad de Caldas"},"image":{"@id":"https:\/\/www.ucaldas.edu.co\/portal\/#\/schema\/logo\/image\/"},"sameAs":["https:\/\/www.facebook.com\/udecaldas","https:\/\/x.com\/udecaldas","https:\/\/www.youtube.com\/universidadcaldas","https:\/\/www.instagram.com\/udecaldas\/"]},{"@type":"Person","@id":"https:\/\/www.ucaldas.edu.co\/portal\/#\/schema\/person\/a1b482e23449158b4bc319926c074fdf","name":"ofiprensa","image":{"@type":"ImageObject","inLanguage":"es","@id":"https:\/\/www.ucaldas.edu.co\/portal\/wp-content\/litespeed\/avatar\/09ea5085e600095a7a811142c6944527.jpg?ver=1777497608","url":"https:\/\/www.ucaldas.edu.co\/portal\/wp-content\/litespeed\/avatar\/09ea5085e600095a7a811142c6944527.jpg?ver=1777497608","contentUrl":"https:\/\/www.ucaldas.edu.co\/portal\/wp-content\/litespeed\/avatar\/09ea5085e600095a7a811142c6944527.jpg?ver=1777497608","caption":"ofiprensa"},"url":"https:\/\/www.ucaldas.edu.co\/portal\/author\/ofiprensa\/"}]}},"_links":{"self":[{"href":"https:\/\/www.ucaldas.edu.co\/portal\/wp-json\/wp\/v2\/posts\/18443","targetHints":{"allow":["GET"]}}],"collection":[{"href":"https:\/\/www.ucaldas.edu.co\/portal\/wp-json\/wp\/v2\/posts"}],"about":[{"href":"https:\/\/www.ucaldas.edu.co\/portal\/wp-json\/wp\/v2\/types\/post"}],"author":[{"embeddable":true,"href":"https:\/\/www.ucaldas.edu.co\/portal\/wp-json\/wp\/v2\/users\/2"}],"replies":[{"embeddable":true,"href":"https:\/\/www.ucaldas.edu.co\/portal\/wp-json\/wp\/v2\/comments?post=18443"}],"version-history":[{"count":0,"href":"https:\/\/www.ucaldas.edu.co\/portal\/wp-json\/wp\/v2\/posts\/18443\/revisions"}],"wp:attachment":[{"href":"https:\/\/www.ucaldas.edu.co\/portal\/wp-json\/wp\/v2\/media?parent=18443"}],"wp:term":[{"taxonomy":"category","embeddable":true,"href":"https:\/\/www.ucaldas.edu.co\/portal\/wp-json\/wp\/v2\/categories?post=18443"},{"taxonomy":"post_tag","embeddable":true,"href":"https:\/\/www.ucaldas.edu.co\/portal\/wp-json\/wp\/v2\/tags?post=18443"}],"curies":[{"name":"wp","href":"https:\/\/api.w.org\/{rel}","templated":true}]}}