{"id":18118,"date":"2013-11-29T09:09:19","date_gmt":"2013-11-29T14:09:19","guid":{"rendered":"https:\/\/www.ucaldas.edu.co\/portal\/?p=18118"},"modified":"2013-11-29T09:09:19","modified_gmt":"2013-11-29T14:09:19","slug":"asociacion-de-estudiantes-emprendedores-u-de-caldas-presentaran-su-organizacion","status":"publish","type":"post","link":"https:\/\/www.ucaldas.edu.co\/portal\/asociacion-de-estudiantes-emprendedores-u-de-caldas-presentaran-su-organizacion\/","title":{"rendered":"Asociaci\u00f3n de Estudiantes Emprendedores U. de Caldas presentar\u00e1n su organizaci\u00f3n"},"content":{"rendered":"<p class=\"MsoNormal\" style=\"text-align: center;line-height: normal\" align=\"center\"><span style=\"text-decoration: underline\"><span style=\"font-size: 12pt\">Este lunes 2 de diciembre a las 2:00 p.m. en Bloque U Edificio Bicentenario<\/span><\/span><\/p>\n<p class=\"MsoNormal\" style=\"text-align: center;line-height: normal\" align=\"center\">\n<p class=\"MsoNormal\" style=\"text-align: right;line-height: normal\" align=\"right\"><span style=\"font-size: 8pt\">29\/11\/2013<\/span><\/p>\n<hr id=\"system-readmore\" \/>\n<table border=\"0\">\n<tbody>\n<tr>\n<td><img loading=\"lazy\" decoding=\"async\" title=\"ASES\" alt=\"ASES\" src=\"http:\/\/ucaldas.edu.co\/images\/tmp\/AsociacionEstudiantesEmprendedores25Noviembre2013.jpg\" width=\"240\" height=\"150\" border=\"0\" \/><\/td>\n<td>\n<div align=\"right\"><span style=\"font-size: 8pt\">Redacci\u00f3n: Margarita Laverde Galvis<\/span><\/div>\n<p class=\"MsoNormal\" style=\"margin-bottom: 0.0001pt;text-align: justify;line-height: normal\"><span style=\"font-size: 12pt\">La <strong>Universidad de Caldas tendr\u00e1<\/strong> la <strong>inauguraci\u00f3n<\/strong> de su <strong>Asociaci\u00f3n de Estudiantes Emprendedores<\/strong> (Ases U. Caldas) este <strong>lunes 2 de diciembre<\/strong> del 2013, a las <strong>2:00 p.m<\/strong>. en el <strong>Bloque U Edificio Bicentenario<\/strong>, en el Campus Central de la Instituci\u00f3n.<\/span><\/p>\n<\/td>\n<\/tr>\n<\/tbody>\n<\/table>\n<p class=\"MsoNormal\" style=\"text-align: right;line-height: normal\" align=\"right\"><span style=\"font-size: 8pt\">\u00a0<\/span><\/p>\n<p class=\"MsoNormal\" style=\"margin-bottom: 0.0001pt;line-height: normal\">\n<p class=\"MsoNormal\" style=\"margin-bottom: 0.0001pt;line-height: normal\"><span style=\"font-size: 12pt\">La Asociaci\u00f3n es una <strong>entidad sin \u00e1nimo de lucro<\/strong> que tiene por <strong>objeto<\/strong> <strong>brindar<\/strong> <strong>oportunidades<\/strong> de <strong>crecimiento personal y desarrollo<\/strong> para sus asociados a trav\u00e9s del fomento y fortalecimiento del pensamiento y acci\u00f3n emprendedora, as\u00ed:<\/span><\/p>\n<p class=\"MsoNormal\" style=\"margin-bottom: 0.0001pt;line-height: normal\"><span style=\"font-size: 12pt\"><br \/>\n&#8211; Permitir que sus asociados oferten bienes y servicios a la comunidad de la U. de Caldas y\/o a interesados externos a ella.<br \/>\n&#8211; Fortalecer los v\u00ednculos con la U. de Caldas en funci\u00f3n de facilitar el cumplimiento del objeto social de Ases U. Caldas.<br \/>\n&#8211; Interiorizar en sus asociados la cultura del emprendimiento.<br \/>\n&#8211; Fomentar entre sus asociados la generaci\u00f3n de nuevas fuentes de ingresoen funci\u00f3n de disminuir la deserci\u00f3n acad\u00e9mica de los mismos por factores econ\u00f3micos.<\/p>\n<p><\/span><\/p>\n<p class=\"MsoNormal\" style=\"margin-bottom: 0.0001pt;line-height: normal\"><span style=\"font-size: 12pt\"><a href=\"http:\/\/ucaldas.edu.co\/index.php?option=com_content&amp;view=article&amp;id=9843:inauguracion-asociacion-de-estudiantes-emprendedores-u-de-caldas&amp;catid=419:universidad-al-dia&amp;Itemid=1039\" target=\"_blank\">Conozca aqu\u00ed m\u00e1s detalles del evento<\/a><\/span><\/p>\n<p class=\"MsoNormal\" style=\"margin-bottom: 0.0001pt;line-height: normal\"><span style=\"font-size: 12pt\"><br \/>\n<strong>Informes:<\/strong> en el tel\u00e9fono 878 15 00 extensi\u00f3n 11 648 o en el correo electr\u00f3nico <a href=\"mailto:asesucaldas@ucaldas.edu.co\" target=\"_blank\">asesucaldas@ucaldas.edu.co<\/a><br \/>\n<\/span><\/p>\n","protected":false},"excerpt":{"rendered":"<p>Este lunes 2 de diciembre a las 2:00 p.m. en Bloque U Edificio Bicentenario 29\/11\/2013 Redacci\u00f3n: Margarita Laverde Galvis La Universidad de Caldas tendr\u00e1 la inauguraci\u00f3n de su Asociaci\u00f3n de Estudiantes Emprendedores (Ases U. Caldas) este lunes 2 de diciembre del 2013, a las 2:00 p.m. en el Bloque U Edificio Bicentenario, en el Campus [&hellip;]<\/p>\n","protected":false},"author":2,"featured_media":0,"comment_status":"closed","ping_status":"closed","sticky":false,"template":"","format":"standard","meta":{"footnotes":""},"categories":[48,53],"tags":[],"class_list":["post-18118","post","type-post","status-publish","format-standard","hentry","category-actualidad","category-universidad-al-dia"],"yoast_head":"<!-- This site is optimized with the Yoast SEO plugin v27.5 - https:\/\/yoast.com\/product\/yoast-seo-wordpress\/ -->\n<title>Asociaci\u00f3n de Estudiantes Emprendedores U. de Caldas presentar\u00e1n su organizaci\u00f3n .<\/title>\n<meta name=\"robots\" content=\"index, follow, max-snippet:-1, max-image-preview:large, max-video-preview:-1\" \/>\n<link rel=\"canonical\" href=\"https:\/\/www.ucaldas.edu.co\/portal\/asociacion-de-estudiantes-emprendedores-u-de-caldas-presentaran-su-organizacion\/\" \/>\n<script type=\"application\/ld+json\" class=\"yoast-schema-graph\">{\"@context\":\"https:\\\/\\\/schema.org\",\"@graph\":[{\"@type\":\"Article\",\"@id\":\"https:\\\/\\\/www.ucaldas.edu.co\\\/portal\\\/asociacion-de-estudiantes-emprendedores-u-de-caldas-presentaran-su-organizacion\\\/#article\",\"isPartOf\":{\"@id\":\"https:\\\/\\\/www.ucaldas.edu.co\\\/portal\\\/asociacion-de-estudiantes-emprendedores-u-de-caldas-presentaran-su-organizacion\\\/\"},\"author\":{\"name\":\"ofiprensa\",\"@id\":\"https:\\\/\\\/www.ucaldas.edu.co\\\/portal\\\/#\\\/schema\\\/person\\\/a1b482e23449158b4bc319926c074fdf\"},\"headline\":\"Asociaci\u00f3n de Estudiantes Emprendedores U. de Caldas presentar\u00e1n su organizaci\u00f3n\",\"datePublished\":\"2013-11-29T14:09:19+00:00\",\"mainEntityOfPage\":{\"@id\":\"https:\\\/\\\/www.ucaldas.edu.co\\\/portal\\\/asociacion-de-estudiantes-emprendedores-u-de-caldas-presentaran-su-organizacion\\\/\"},\"wordCount\":220,\"publisher\":{\"@id\":\"https:\\\/\\\/www.ucaldas.edu.co\\\/portal\\\/#organization\"},\"image\":{\"@id\":\"https:\\\/\\\/www.ucaldas.edu.co\\\/portal\\\/asociacion-de-estudiantes-emprendedores-u-de-caldas-presentaran-su-organizacion\\\/#primaryimage\"},\"thumbnailUrl\":\"http:\\\/\\\/ucaldas.edu.co\\\/images\\\/tmp\\\/AsociacionEstudiantesEmprendedores25Noviembre2013.jpg\",\"articleSection\":[\"Actualidad\",\"Universidad al D\u00eda\"],\"inLanguage\":\"es\"},{\"@type\":\"WebPage\",\"@id\":\"https:\\\/\\\/www.ucaldas.edu.co\\\/portal\\\/asociacion-de-estudiantes-emprendedores-u-de-caldas-presentaran-su-organizacion\\\/\",\"url\":\"https:\\\/\\\/www.ucaldas.edu.co\\\/portal\\\/asociacion-de-estudiantes-emprendedores-u-de-caldas-presentaran-su-organizacion\\\/\",\"name\":\"Asociaci\u00f3n de Estudiantes Emprendedores U. de Caldas presentar\u00e1n su organizaci\u00f3n .\",\"isPartOf\":{\"@id\":\"https:\\\/\\\/www.ucaldas.edu.co\\\/portal\\\/#website\"},\"primaryImageOfPage\":{\"@id\":\"https:\\\/\\\/www.ucaldas.edu.co\\\/portal\\\/asociacion-de-estudiantes-emprendedores-u-de-caldas-presentaran-su-organizacion\\\/#primaryimage\"},\"image\":{\"@id\":\"https:\\\/\\\/www.ucaldas.edu.co\\\/portal\\\/asociacion-de-estudiantes-emprendedores-u-de-caldas-presentaran-su-organizacion\\\/#primaryimage\"},\"thumbnailUrl\":\"http:\\\/\\\/ucaldas.edu.co\\\/images\\\/tmp\\\/AsociacionEstudiantesEmprendedores25Noviembre2013.jpg\",\"datePublished\":\"2013-11-29T14:09:19+00:00\",\"breadcrumb\":{\"@id\":\"https:\\\/\\\/www.ucaldas.edu.co\\\/portal\\\/asociacion-de-estudiantes-emprendedores-u-de-caldas-presentaran-su-organizacion\\\/#breadcrumb\"},\"inLanguage\":\"es\",\"potentialAction\":[{\"@type\":\"ReadAction\",\"target\":[\"https:\\\/\\\/www.ucaldas.edu.co\\\/portal\\\/asociacion-de-estudiantes-emprendedores-u-de-caldas-presentaran-su-organizacion\\\/\"]}]},{\"@type\":\"ImageObject\",\"inLanguage\":\"es\",\"@id\":\"https:\\\/\\\/www.ucaldas.edu.co\\\/portal\\\/asociacion-de-estudiantes-emprendedores-u-de-caldas-presentaran-su-organizacion\\\/#primaryimage\",\"url\":\"http:\\\/\\\/ucaldas.edu.co\\\/images\\\/tmp\\\/AsociacionEstudiantesEmprendedores25Noviembre2013.jpg\",\"contentUrl\":\"http:\\\/\\\/ucaldas.edu.co\\\/images\\\/tmp\\\/AsociacionEstudiantesEmprendedores25Noviembre2013.jpg\"},{\"@type\":\"BreadcrumbList\",\"@id\":\"https:\\\/\\\/www.ucaldas.edu.co\\\/portal\\\/asociacion-de-estudiantes-emprendedores-u-de-caldas-presentaran-su-organizacion\\\/#breadcrumb\",\"itemListElement\":[{\"@type\":\"ListItem\",\"position\":1,\"name\":\"Portada\",\"item\":\"https:\\\/\\\/www.ucaldas.edu.co\\\/portal\\\/\"},{\"@type\":\"ListItem\",\"position\":2,\"name\":\"Asociaci\u00f3n de Estudiantes Emprendedores U. de Caldas presentar\u00e1n su organizaci\u00f3n\"}]},{\"@type\":\"WebSite\",\"@id\":\"https:\\\/\\\/www.ucaldas.edu.co\\\/portal\\\/#website\",\"url\":\"https:\\\/\\\/www.ucaldas.edu.co\\\/portal\\\/\",\"name\":\"Universidad de Caldas\",\"description\":\"\",\"publisher\":{\"@id\":\"https:\\\/\\\/www.ucaldas.edu.co\\\/portal\\\/#organization\"},\"alternateName\":\"U. de Caldas\",\"potentialAction\":[{\"@type\":\"SearchAction\",\"target\":{\"@type\":\"EntryPoint\",\"urlTemplate\":\"https:\\\/\\\/www.ucaldas.edu.co\\\/portal\\\/?s={search_term_string}\"},\"query-input\":{\"@type\":\"PropertyValueSpecification\",\"valueRequired\":true,\"valueName\":\"search_term_string\"}}],\"inLanguage\":\"es\"},{\"@type\":\"Organization\",\"@id\":\"https:\\\/\\\/www.ucaldas.edu.co\\\/portal\\\/#organization\",\"name\":\"Universidad de Caldas\",\"alternateName\":\"U. de Caldas\",\"url\":\"https:\\\/\\\/www.ucaldas.edu.co\\\/portal\\\/\",\"logo\":{\"@type\":\"ImageObject\",\"inLanguage\":\"es\",\"@id\":\"https:\\\/\\\/www.ucaldas.edu.co\\\/portal\\\/#\\\/schema\\\/logo\\\/image\\\/\",\"url\":\"https:\\\/\\\/www.ucaldas.edu.co\\\/portal\\\/wp-content\\\/uploads\\\/2023\\\/11\\\/Logo_horizontal_oscuroU-2023.png\",\"contentUrl\":\"https:\\\/\\\/www.ucaldas.edu.co\\\/portal\\\/wp-content\\\/uploads\\\/2023\\\/11\\\/Logo_horizontal_oscuroU-2023.png\",\"width\":263,\"height\":101,\"caption\":\"Universidad de Caldas\"},\"image\":{\"@id\":\"https:\\\/\\\/www.ucaldas.edu.co\\\/portal\\\/#\\\/schema\\\/logo\\\/image\\\/\"},\"sameAs\":[\"https:\\\/\\\/www.facebook.com\\\/udecaldas\",\"https:\\\/\\\/x.com\\\/udecaldas\",\"https:\\\/\\\/www.youtube.com\\\/universidadcaldas\",\"https:\\\/\\\/www.instagram.com\\\/udecaldas\\\/\"]},{\"@type\":\"Person\",\"@id\":\"https:\\\/\\\/www.ucaldas.edu.co\\\/portal\\\/#\\\/schema\\\/person\\\/a1b482e23449158b4bc319926c074fdf\",\"name\":\"ofiprensa\",\"image\":{\"@type\":\"ImageObject\",\"inLanguage\":\"es\",\"@id\":\"https:\\\/\\\/www.ucaldas.edu.co\\\/portal\\\/wp-content\\\/litespeed\\\/avatar\\\/09ea5085e600095a7a811142c6944527.jpg?ver=1777497608\",\"url\":\"https:\\\/\\\/www.ucaldas.edu.co\\\/portal\\\/wp-content\\\/litespeed\\\/avatar\\\/09ea5085e600095a7a811142c6944527.jpg?ver=1777497608\",\"contentUrl\":\"https:\\\/\\\/www.ucaldas.edu.co\\\/portal\\\/wp-content\\\/litespeed\\\/avatar\\\/09ea5085e600095a7a811142c6944527.jpg?ver=1777497608\",\"caption\":\"ofiprensa\"},\"url\":\"https:\\\/\\\/www.ucaldas.edu.co\\\/portal\\\/author\\\/ofiprensa\\\/\"}]}<\/script>\n<!-- \/ Yoast SEO plugin. -->","yoast_head_json":{"title":"Asociaci\u00f3n de Estudiantes Emprendedores U. de Caldas presentar\u00e1n su organizaci\u00f3n .","robots":{"index":"index","follow":"follow","max-snippet":"max-snippet:-1","max-image-preview":"max-image-preview:large","max-video-preview":"max-video-preview:-1"},"canonical":"https:\/\/www.ucaldas.edu.co\/portal\/asociacion-de-estudiantes-emprendedores-u-de-caldas-presentaran-su-organizacion\/","schema":{"@context":"https:\/\/schema.org","@graph":[{"@type":"Article","@id":"https:\/\/www.ucaldas.edu.co\/portal\/asociacion-de-estudiantes-emprendedores-u-de-caldas-presentaran-su-organizacion\/#article","isPartOf":{"@id":"https:\/\/www.ucaldas.edu.co\/portal\/asociacion-de-estudiantes-emprendedores-u-de-caldas-presentaran-su-organizacion\/"},"author":{"name":"ofiprensa","@id":"https:\/\/www.ucaldas.edu.co\/portal\/#\/schema\/person\/a1b482e23449158b4bc319926c074fdf"},"headline":"Asociaci\u00f3n de Estudiantes Emprendedores U. de Caldas presentar\u00e1n su organizaci\u00f3n","datePublished":"2013-11-29T14:09:19+00:00","mainEntityOfPage":{"@id":"https:\/\/www.ucaldas.edu.co\/portal\/asociacion-de-estudiantes-emprendedores-u-de-caldas-presentaran-su-organizacion\/"},"wordCount":220,"publisher":{"@id":"https:\/\/www.ucaldas.edu.co\/portal\/#organization"},"image":{"@id":"https:\/\/www.ucaldas.edu.co\/portal\/asociacion-de-estudiantes-emprendedores-u-de-caldas-presentaran-su-organizacion\/#primaryimage"},"thumbnailUrl":"http:\/\/ucaldas.edu.co\/images\/tmp\/AsociacionEstudiantesEmprendedores25Noviembre2013.jpg","articleSection":["Actualidad","Universidad al D\u00eda"],"inLanguage":"es"},{"@type":"WebPage","@id":"https:\/\/www.ucaldas.edu.co\/portal\/asociacion-de-estudiantes-emprendedores-u-de-caldas-presentaran-su-organizacion\/","url":"https:\/\/www.ucaldas.edu.co\/portal\/asociacion-de-estudiantes-emprendedores-u-de-caldas-presentaran-su-organizacion\/","name":"Asociaci\u00f3n de Estudiantes Emprendedores U. de Caldas presentar\u00e1n su organizaci\u00f3n .","isPartOf":{"@id":"https:\/\/www.ucaldas.edu.co\/portal\/#website"},"primaryImageOfPage":{"@id":"https:\/\/www.ucaldas.edu.co\/portal\/asociacion-de-estudiantes-emprendedores-u-de-caldas-presentaran-su-organizacion\/#primaryimage"},"image":{"@id":"https:\/\/www.ucaldas.edu.co\/portal\/asociacion-de-estudiantes-emprendedores-u-de-caldas-presentaran-su-organizacion\/#primaryimage"},"thumbnailUrl":"http:\/\/ucaldas.edu.co\/images\/tmp\/AsociacionEstudiantesEmprendedores25Noviembre2013.jpg","datePublished":"2013-11-29T14:09:19+00:00","breadcrumb":{"@id":"https:\/\/www.ucaldas.edu.co\/portal\/asociacion-de-estudiantes-emprendedores-u-de-caldas-presentaran-su-organizacion\/#breadcrumb"},"inLanguage":"es","potentialAction":[{"@type":"ReadAction","target":["https:\/\/www.ucaldas.edu.co\/portal\/asociacion-de-estudiantes-emprendedores-u-de-caldas-presentaran-su-organizacion\/"]}]},{"@type":"ImageObject","inLanguage":"es","@id":"https:\/\/www.ucaldas.edu.co\/portal\/asociacion-de-estudiantes-emprendedores-u-de-caldas-presentaran-su-organizacion\/#primaryimage","url":"http:\/\/ucaldas.edu.co\/images\/tmp\/AsociacionEstudiantesEmprendedores25Noviembre2013.jpg","contentUrl":"http:\/\/ucaldas.edu.co\/images\/tmp\/AsociacionEstudiantesEmprendedores25Noviembre2013.jpg"},{"@type":"BreadcrumbList","@id":"https:\/\/www.ucaldas.edu.co\/portal\/asociacion-de-estudiantes-emprendedores-u-de-caldas-presentaran-su-organizacion\/#breadcrumb","itemListElement":[{"@type":"ListItem","position":1,"name":"Portada","item":"https:\/\/www.ucaldas.edu.co\/portal\/"},{"@type":"ListItem","position":2,"name":"Asociaci\u00f3n de Estudiantes Emprendedores U. de Caldas presentar\u00e1n su organizaci\u00f3n"}]},{"@type":"WebSite","@id":"https:\/\/www.ucaldas.edu.co\/portal\/#website","url":"https:\/\/www.ucaldas.edu.co\/portal\/","name":"Universidad de Caldas","description":"","publisher":{"@id":"https:\/\/www.ucaldas.edu.co\/portal\/#organization"},"alternateName":"U. de Caldas","potentialAction":[{"@type":"SearchAction","target":{"@type":"EntryPoint","urlTemplate":"https:\/\/www.ucaldas.edu.co\/portal\/?s={search_term_string}"},"query-input":{"@type":"PropertyValueSpecification","valueRequired":true,"valueName":"search_term_string"}}],"inLanguage":"es"},{"@type":"Organization","@id":"https:\/\/www.ucaldas.edu.co\/portal\/#organization","name":"Universidad de Caldas","alternateName":"U. de Caldas","url":"https:\/\/www.ucaldas.edu.co\/portal\/","logo":{"@type":"ImageObject","inLanguage":"es","@id":"https:\/\/www.ucaldas.edu.co\/portal\/#\/schema\/logo\/image\/","url":"https:\/\/www.ucaldas.edu.co\/portal\/wp-content\/uploads\/2023\/11\/Logo_horizontal_oscuroU-2023.png","contentUrl":"https:\/\/www.ucaldas.edu.co\/portal\/wp-content\/uploads\/2023\/11\/Logo_horizontal_oscuroU-2023.png","width":263,"height":101,"caption":"Universidad de Caldas"},"image":{"@id":"https:\/\/www.ucaldas.edu.co\/portal\/#\/schema\/logo\/image\/"},"sameAs":["https:\/\/www.facebook.com\/udecaldas","https:\/\/x.com\/udecaldas","https:\/\/www.youtube.com\/universidadcaldas","https:\/\/www.instagram.com\/udecaldas\/"]},{"@type":"Person","@id":"https:\/\/www.ucaldas.edu.co\/portal\/#\/schema\/person\/a1b482e23449158b4bc319926c074fdf","name":"ofiprensa","image":{"@type":"ImageObject","inLanguage":"es","@id":"https:\/\/www.ucaldas.edu.co\/portal\/wp-content\/litespeed\/avatar\/09ea5085e600095a7a811142c6944527.jpg?ver=1777497608","url":"https:\/\/www.ucaldas.edu.co\/portal\/wp-content\/litespeed\/avatar\/09ea5085e600095a7a811142c6944527.jpg?ver=1777497608","contentUrl":"https:\/\/www.ucaldas.edu.co\/portal\/wp-content\/litespeed\/avatar\/09ea5085e600095a7a811142c6944527.jpg?ver=1777497608","caption":"ofiprensa"},"url":"https:\/\/www.ucaldas.edu.co\/portal\/author\/ofiprensa\/"}]}},"_links":{"self":[{"href":"https:\/\/www.ucaldas.edu.co\/portal\/wp-json\/wp\/v2\/posts\/18118","targetHints":{"allow":["GET"]}}],"collection":[{"href":"https:\/\/www.ucaldas.edu.co\/portal\/wp-json\/wp\/v2\/posts"}],"about":[{"href":"https:\/\/www.ucaldas.edu.co\/portal\/wp-json\/wp\/v2\/types\/post"}],"author":[{"embeddable":true,"href":"https:\/\/www.ucaldas.edu.co\/portal\/wp-json\/wp\/v2\/users\/2"}],"replies":[{"embeddable":true,"href":"https:\/\/www.ucaldas.edu.co\/portal\/wp-json\/wp\/v2\/comments?post=18118"}],"version-history":[{"count":0,"href":"https:\/\/www.ucaldas.edu.co\/portal\/wp-json\/wp\/v2\/posts\/18118\/revisions"}],"wp:attachment":[{"href":"https:\/\/www.ucaldas.edu.co\/portal\/wp-json\/wp\/v2\/media?parent=18118"}],"wp:term":[{"taxonomy":"category","embeddable":true,"href":"https:\/\/www.ucaldas.edu.co\/portal\/wp-json\/wp\/v2\/categories?post=18118"},{"taxonomy":"post_tag","embeddable":true,"href":"https:\/\/www.ucaldas.edu.co\/portal\/wp-json\/wp\/v2\/tags?post=18118"}],"curies":[{"name":"wp","href":"https:\/\/api.w.org\/{rel}","templated":true}]}}