{"id":17380,"date":"2013-11-05T16:58:28","date_gmt":"2013-11-05T21:58:28","guid":{"rendered":"https:\/\/www.ucaldas.edu.co\/portal\/?p=17380"},"modified":"2013-11-05T16:58:28","modified_gmt":"2013-11-05T21:58:28","slug":"inauguracion-exposicion-retratos-y-juegos-de-poder","status":"publish","type":"post","link":"https:\/\/www.ucaldas.edu.co\/portal\/inauguracion-exposicion-retratos-y-juegos-de-poder\/","title":{"rendered":"Inauguraci\u00f3n exposici\u00f3n Retratos y juegos de poder"},"content":{"rendered":"<p class=\"MsoNormal\" style=\"margin-bottom: 0.0001pt;line-height: normal\"><strong><span style=\"font-size: 12pt\">nov 5<\/span><\/strong><\/p>\n<hr id=\"system-readmore\" \/>\n<table border=\"0\">\n<tbody>\n<tr>\n<td><img loading=\"lazy\" decoding=\"async\" title=\"Exposici\u00f3n Retratos\" alt=\"Exposici\u00f3n Retratos\" src=\"http:\/\/ucaldas.edu.co\/images\/tmp\/RetratosYJuegosDePoder5Noviembre2013.jpg\" width=\"240\" height=\"150\" border=\"0\" \/><\/td>\n<td>\n<p class=\"MsoNormal\" style=\"margin-bottom: 0.0001pt;line-height: normal\"><strong><span style=\"font-size: 12pt\">Descripci\u00f3n: <\/span><\/strong><span style=\"font-size: 12pt\">La U. de Caldas recibir\u00e1 a Naida Osline, artista de Estados Unidos residente en el Sur de California, quien basa su trabajo en la fotograf\u00eda. <\/span><\/p>\n<\/td>\n<\/tr>\n<\/tbody>\n<\/table>\n<p class=\"MsoNormal\" style=\"margin-bottom: 0.0001pt;line-height: normal\">\n<p class=\"MsoNormal\" style=\"margin-bottom: 0.0001pt;line-height: normal\"><strong><span style=\"font-size: 12pt\">\u00a0<\/span><\/strong><\/p>\n<p class=\"MsoNormal\" style=\"margin-bottom: 0.0001pt;line-height: normal\"><strong><span style=\"font-size: 12pt\">Sobre la invitada:<\/span><\/strong><\/p>\n<p class=\"MsoNormal\" style=\"margin-bottom: 0.0001pt;line-height: normal\"><span style=\"font-size: 12pt\">Usando la fotograf\u00eda digital como su medio primario, explora varios temas relacionados con el mundo natural en tensi\u00f3n con una cultura sint\u00e9tica, de ingenier\u00eda humana. <\/span><\/p>\n<p class=\"MsoNormal\" style=\"margin-bottom: 0.0001pt;line-height: normal\"><span style=\"font-size: 12pt\">Focaliz\u00e1ndose en el cuerpo humano as\u00ed como en las plantas en tanto sitios de transformaci\u00f3n que reflejan la vida en un estado constante de flujo, explora los organismos vivos que son afectados por la selecci\u00f3n natural, la intervenci\u00f3n cient\u00edfica, la mutaci\u00f3n gen\u00e9tica y el deseo del consumidor.<\/span><\/p>\n<p class=\"MsoNormal\" style=\"margin-bottom: 0.0001pt;line-height: normal\"><strong><span style=\"font-size: 12pt\">Presenta dos series:<\/span><\/strong><span style=\"font-size: 12pt\"> Royalty y Hombres con machete.<\/span><\/p>\n<p class=\"MsoNormal\" style=\"margin-bottom: 0.0001pt;line-height: normal\"><strong><span style=\"font-size: 12pt\">Horario: <\/span><\/strong><span style=\"font-size: 12pt\">este lunes 5 de noviembre del 2013.<\/span><\/p>\n<p class=\"MsoNormal\" style=\"margin-bottom: 0.0001pt;line-height: normal\"><strong><span style=\"font-size: 12pt\">Programaci\u00f3n:<\/span><\/strong><\/p>\n<p class=\"MsoNormal\" style=\"margin-bottom: 0.0001pt;line-height: normal\"><span style=\"font-size: 12pt\">6:00 p.m. Conferencia con la artista.<\/span><\/p>\n<p class=\"MsoNormal\" style=\"margin-bottom: 0.0001pt;line-height: normal\"><span style=\"font-size: 12pt\">7:00 p.m. Apertura de exposici\u00f3n.<\/span><\/p>\n<p class=\"MsoNormal\" style=\"margin-bottom: 0.0001pt;line-height: normal\"><strong><span style=\"font-size: 12pt\">Entrada:<\/span><\/strong><span style=\"font-size: 12pt\"> libre. <\/span><\/p>\n<p class=\"MsoNormal\" style=\"margin-bottom: 0.0001pt;line-height: normal\"><strong><span style=\"font-size: 12pt\">Lugar:<\/span><\/strong><span style=\"font-size: 12pt\"> Sala de Exposiciones Pinacoteca, Palacio de Bellas Artes U. de Caldas.<\/span><\/p>\n<p class=\"MsoNormal\" style=\"margin-bottom: 0.0001pt;line-height: normal\"><strong><span style=\"font-size: 12pt\">Invitan:<\/span><\/strong><\/p>\n<p class=\"MsoNormal\" style=\"margin-bottom: 0.0001pt;line-height: normal\"><span style=\"font-size: 12pt\">Fundaci\u00f3n Calle Bohemia Armenia.<\/span><\/p>\n<p class=\"MsoNormal\" style=\"margin-bottom: 0.0001pt;line-height: normal\"><span style=\"font-size: 12pt\">Ciudad Latente.<\/span><\/p>\n<p class=\"MsoNormal\" style=\"margin-bottom: 0.0001pt;line-height: normal\"><span style=\"font-size: 12pt\">Fotourbe.<\/span><\/p>\n<p class=\"MsoNormal\" style=\"margin-bottom: 0.0001pt;line-height: normal\"><span style=\"font-size: 12pt\">Grupo curatorial Por el amor de Dios.<\/span><\/p>\n<p class=\"MsoNormal\" style=\"margin-bottom: 0.0001pt;line-height: normal\"><strong><span style=\"font-size: 12pt\">Informes:<\/span><\/strong><span style=\"font-size: 12pt\"> Oficina de Prensa, tel\u00e9fono 878 15 00 extensi\u00f3n 12 167.<\/span><\/p>\n<p class=\"MsoNormal\" style=\"margin-bottom: 0.0001pt;line-height: normal\">\n<p class=\"MsoNormal\" style=\"margin-bottom: 0.0001pt;line-height: normal\">Publicado el 05 de noviembre del 2013.<\/p>\n<p class=\"MsoNormal\" style=\"margin-bottom: 0.0001pt;line-height: normal\"><strong><span style=\"font-size: 12pt\">\u00a0<\/span><\/strong><\/p>\n","protected":false},"excerpt":{"rendered":"<p>nov 5 Descripci\u00f3n: La U. de Caldas recibir\u00e1 a Naida Osline, artista de Estados Unidos residente en el Sur de California, quien basa su trabajo en la fotograf\u00eda. \u00a0 Sobre la invitada: Usando la fotograf\u00eda digital como su medio primario, explora varios temas relacionados con el mundo natural en tensi\u00f3n con una cultura sint\u00e9tica, de [&hellip;]<\/p>\n","protected":false},"author":2,"featured_media":0,"comment_status":"closed","ping_status":"closed","sticky":false,"template":"","format":"standard","meta":{"footnotes":""},"categories":[48,53],"tags":[],"class_list":["post-17380","post","type-post","status-publish","format-standard","hentry","category-actualidad","category-universidad-al-dia"],"yoast_head":"<!-- This site is optimized with the Yoast SEO plugin v27.5 - https:\/\/yoast.com\/product\/yoast-seo-wordpress\/ -->\n<title>Inauguraci\u00f3n exposici\u00f3n Retratos y juegos de poder .<\/title>\n<meta name=\"robots\" content=\"index, follow, max-snippet:-1, max-image-preview:large, max-video-preview:-1\" \/>\n<link rel=\"canonical\" href=\"https:\/\/www.ucaldas.edu.co\/portal\/inauguracion-exposicion-retratos-y-juegos-de-poder\/\" \/>\n<script type=\"application\/ld+json\" class=\"yoast-schema-graph\">{\"@context\":\"https:\\\/\\\/schema.org\",\"@graph\":[{\"@type\":\"Article\",\"@id\":\"https:\\\/\\\/www.ucaldas.edu.co\\\/portal\\\/inauguracion-exposicion-retratos-y-juegos-de-poder\\\/#article\",\"isPartOf\":{\"@id\":\"https:\\\/\\\/www.ucaldas.edu.co\\\/portal\\\/inauguracion-exposicion-retratos-y-juegos-de-poder\\\/\"},\"author\":{\"name\":\"ofiprensa\",\"@id\":\"https:\\\/\\\/www.ucaldas.edu.co\\\/portal\\\/#\\\/schema\\\/person\\\/a1b482e23449158b4bc319926c074fdf\"},\"headline\":\"Inauguraci\u00f3n exposici\u00f3n Retratos y juegos de poder\",\"datePublished\":\"2013-11-05T21:58:28+00:00\",\"mainEntityOfPage\":{\"@id\":\"https:\\\/\\\/www.ucaldas.edu.co\\\/portal\\\/inauguracion-exposicion-retratos-y-juegos-de-poder\\\/\"},\"wordCount\":195,\"publisher\":{\"@id\":\"https:\\\/\\\/www.ucaldas.edu.co\\\/portal\\\/#organization\"},\"image\":{\"@id\":\"https:\\\/\\\/www.ucaldas.edu.co\\\/portal\\\/inauguracion-exposicion-retratos-y-juegos-de-poder\\\/#primaryimage\"},\"thumbnailUrl\":\"http:\\\/\\\/ucaldas.edu.co\\\/images\\\/tmp\\\/RetratosYJuegosDePoder5Noviembre2013.jpg\",\"articleSection\":[\"Actualidad\",\"Universidad al D\u00eda\"],\"inLanguage\":\"es\"},{\"@type\":\"WebPage\",\"@id\":\"https:\\\/\\\/www.ucaldas.edu.co\\\/portal\\\/inauguracion-exposicion-retratos-y-juegos-de-poder\\\/\",\"url\":\"https:\\\/\\\/www.ucaldas.edu.co\\\/portal\\\/inauguracion-exposicion-retratos-y-juegos-de-poder\\\/\",\"name\":\"Inauguraci\u00f3n exposici\u00f3n Retratos y juegos de poder .\",\"isPartOf\":{\"@id\":\"https:\\\/\\\/www.ucaldas.edu.co\\\/portal\\\/#website\"},\"primaryImageOfPage\":{\"@id\":\"https:\\\/\\\/www.ucaldas.edu.co\\\/portal\\\/inauguracion-exposicion-retratos-y-juegos-de-poder\\\/#primaryimage\"},\"image\":{\"@id\":\"https:\\\/\\\/www.ucaldas.edu.co\\\/portal\\\/inauguracion-exposicion-retratos-y-juegos-de-poder\\\/#primaryimage\"},\"thumbnailUrl\":\"http:\\\/\\\/ucaldas.edu.co\\\/images\\\/tmp\\\/RetratosYJuegosDePoder5Noviembre2013.jpg\",\"datePublished\":\"2013-11-05T21:58:28+00:00\",\"breadcrumb\":{\"@id\":\"https:\\\/\\\/www.ucaldas.edu.co\\\/portal\\\/inauguracion-exposicion-retratos-y-juegos-de-poder\\\/#breadcrumb\"},\"inLanguage\":\"es\",\"potentialAction\":[{\"@type\":\"ReadAction\",\"target\":[\"https:\\\/\\\/www.ucaldas.edu.co\\\/portal\\\/inauguracion-exposicion-retratos-y-juegos-de-poder\\\/\"]}]},{\"@type\":\"ImageObject\",\"inLanguage\":\"es\",\"@id\":\"https:\\\/\\\/www.ucaldas.edu.co\\\/portal\\\/inauguracion-exposicion-retratos-y-juegos-de-poder\\\/#primaryimage\",\"url\":\"http:\\\/\\\/ucaldas.edu.co\\\/images\\\/tmp\\\/RetratosYJuegosDePoder5Noviembre2013.jpg\",\"contentUrl\":\"http:\\\/\\\/ucaldas.edu.co\\\/images\\\/tmp\\\/RetratosYJuegosDePoder5Noviembre2013.jpg\"},{\"@type\":\"BreadcrumbList\",\"@id\":\"https:\\\/\\\/www.ucaldas.edu.co\\\/portal\\\/inauguracion-exposicion-retratos-y-juegos-de-poder\\\/#breadcrumb\",\"itemListElement\":[{\"@type\":\"ListItem\",\"position\":1,\"name\":\"Portada\",\"item\":\"https:\\\/\\\/www.ucaldas.edu.co\\\/portal\\\/\"},{\"@type\":\"ListItem\",\"position\":2,\"name\":\"Inauguraci\u00f3n exposici\u00f3n Retratos y juegos de poder\"}]},{\"@type\":\"WebSite\",\"@id\":\"https:\\\/\\\/www.ucaldas.edu.co\\\/portal\\\/#website\",\"url\":\"https:\\\/\\\/www.ucaldas.edu.co\\\/portal\\\/\",\"name\":\"Universidad de Caldas\",\"description\":\"\",\"publisher\":{\"@id\":\"https:\\\/\\\/www.ucaldas.edu.co\\\/portal\\\/#organization\"},\"alternateName\":\"U. de Caldas\",\"potentialAction\":[{\"@type\":\"SearchAction\",\"target\":{\"@type\":\"EntryPoint\",\"urlTemplate\":\"https:\\\/\\\/www.ucaldas.edu.co\\\/portal\\\/?s={search_term_string}\"},\"query-input\":{\"@type\":\"PropertyValueSpecification\",\"valueRequired\":true,\"valueName\":\"search_term_string\"}}],\"inLanguage\":\"es\"},{\"@type\":\"Organization\",\"@id\":\"https:\\\/\\\/www.ucaldas.edu.co\\\/portal\\\/#organization\",\"name\":\"Universidad de Caldas\",\"alternateName\":\"U. de Caldas\",\"url\":\"https:\\\/\\\/www.ucaldas.edu.co\\\/portal\\\/\",\"logo\":{\"@type\":\"ImageObject\",\"inLanguage\":\"es\",\"@id\":\"https:\\\/\\\/www.ucaldas.edu.co\\\/portal\\\/#\\\/schema\\\/logo\\\/image\\\/\",\"url\":\"https:\\\/\\\/www.ucaldas.edu.co\\\/portal\\\/wp-content\\\/uploads\\\/2023\\\/11\\\/Logo_horizontal_oscuroU-2023.png\",\"contentUrl\":\"https:\\\/\\\/www.ucaldas.edu.co\\\/portal\\\/wp-content\\\/uploads\\\/2023\\\/11\\\/Logo_horizontal_oscuroU-2023.png\",\"width\":263,\"height\":101,\"caption\":\"Universidad de Caldas\"},\"image\":{\"@id\":\"https:\\\/\\\/www.ucaldas.edu.co\\\/portal\\\/#\\\/schema\\\/logo\\\/image\\\/\"},\"sameAs\":[\"https:\\\/\\\/www.facebook.com\\\/udecaldas\",\"https:\\\/\\\/x.com\\\/udecaldas\",\"https:\\\/\\\/www.youtube.com\\\/universidadcaldas\",\"https:\\\/\\\/www.instagram.com\\\/udecaldas\\\/\"]},{\"@type\":\"Person\",\"@id\":\"https:\\\/\\\/www.ucaldas.edu.co\\\/portal\\\/#\\\/schema\\\/person\\\/a1b482e23449158b4bc319926c074fdf\",\"name\":\"ofiprensa\",\"image\":{\"@type\":\"ImageObject\",\"inLanguage\":\"es\",\"@id\":\"https:\\\/\\\/www.ucaldas.edu.co\\\/portal\\\/wp-content\\\/litespeed\\\/avatar\\\/09ea5085e600095a7a811142c6944527.jpg?ver=1777497608\",\"url\":\"https:\\\/\\\/www.ucaldas.edu.co\\\/portal\\\/wp-content\\\/litespeed\\\/avatar\\\/09ea5085e600095a7a811142c6944527.jpg?ver=1777497608\",\"contentUrl\":\"https:\\\/\\\/www.ucaldas.edu.co\\\/portal\\\/wp-content\\\/litespeed\\\/avatar\\\/09ea5085e600095a7a811142c6944527.jpg?ver=1777497608\",\"caption\":\"ofiprensa\"},\"url\":\"https:\\\/\\\/www.ucaldas.edu.co\\\/portal\\\/author\\\/ofiprensa\\\/\"}]}<\/script>\n<!-- \/ Yoast SEO plugin. -->","yoast_head_json":{"title":"Inauguraci\u00f3n exposici\u00f3n Retratos y juegos de poder .","robots":{"index":"index","follow":"follow","max-snippet":"max-snippet:-1","max-image-preview":"max-image-preview:large","max-video-preview":"max-video-preview:-1"},"canonical":"https:\/\/www.ucaldas.edu.co\/portal\/inauguracion-exposicion-retratos-y-juegos-de-poder\/","schema":{"@context":"https:\/\/schema.org","@graph":[{"@type":"Article","@id":"https:\/\/www.ucaldas.edu.co\/portal\/inauguracion-exposicion-retratos-y-juegos-de-poder\/#article","isPartOf":{"@id":"https:\/\/www.ucaldas.edu.co\/portal\/inauguracion-exposicion-retratos-y-juegos-de-poder\/"},"author":{"name":"ofiprensa","@id":"https:\/\/www.ucaldas.edu.co\/portal\/#\/schema\/person\/a1b482e23449158b4bc319926c074fdf"},"headline":"Inauguraci\u00f3n exposici\u00f3n Retratos y juegos de poder","datePublished":"2013-11-05T21:58:28+00:00","mainEntityOfPage":{"@id":"https:\/\/www.ucaldas.edu.co\/portal\/inauguracion-exposicion-retratos-y-juegos-de-poder\/"},"wordCount":195,"publisher":{"@id":"https:\/\/www.ucaldas.edu.co\/portal\/#organization"},"image":{"@id":"https:\/\/www.ucaldas.edu.co\/portal\/inauguracion-exposicion-retratos-y-juegos-de-poder\/#primaryimage"},"thumbnailUrl":"http:\/\/ucaldas.edu.co\/images\/tmp\/RetratosYJuegosDePoder5Noviembre2013.jpg","articleSection":["Actualidad","Universidad al D\u00eda"],"inLanguage":"es"},{"@type":"WebPage","@id":"https:\/\/www.ucaldas.edu.co\/portal\/inauguracion-exposicion-retratos-y-juegos-de-poder\/","url":"https:\/\/www.ucaldas.edu.co\/portal\/inauguracion-exposicion-retratos-y-juegos-de-poder\/","name":"Inauguraci\u00f3n exposici\u00f3n Retratos y juegos de poder .","isPartOf":{"@id":"https:\/\/www.ucaldas.edu.co\/portal\/#website"},"primaryImageOfPage":{"@id":"https:\/\/www.ucaldas.edu.co\/portal\/inauguracion-exposicion-retratos-y-juegos-de-poder\/#primaryimage"},"image":{"@id":"https:\/\/www.ucaldas.edu.co\/portal\/inauguracion-exposicion-retratos-y-juegos-de-poder\/#primaryimage"},"thumbnailUrl":"http:\/\/ucaldas.edu.co\/images\/tmp\/RetratosYJuegosDePoder5Noviembre2013.jpg","datePublished":"2013-11-05T21:58:28+00:00","breadcrumb":{"@id":"https:\/\/www.ucaldas.edu.co\/portal\/inauguracion-exposicion-retratos-y-juegos-de-poder\/#breadcrumb"},"inLanguage":"es","potentialAction":[{"@type":"ReadAction","target":["https:\/\/www.ucaldas.edu.co\/portal\/inauguracion-exposicion-retratos-y-juegos-de-poder\/"]}]},{"@type":"ImageObject","inLanguage":"es","@id":"https:\/\/www.ucaldas.edu.co\/portal\/inauguracion-exposicion-retratos-y-juegos-de-poder\/#primaryimage","url":"http:\/\/ucaldas.edu.co\/images\/tmp\/RetratosYJuegosDePoder5Noviembre2013.jpg","contentUrl":"http:\/\/ucaldas.edu.co\/images\/tmp\/RetratosYJuegosDePoder5Noviembre2013.jpg"},{"@type":"BreadcrumbList","@id":"https:\/\/www.ucaldas.edu.co\/portal\/inauguracion-exposicion-retratos-y-juegos-de-poder\/#breadcrumb","itemListElement":[{"@type":"ListItem","position":1,"name":"Portada","item":"https:\/\/www.ucaldas.edu.co\/portal\/"},{"@type":"ListItem","position":2,"name":"Inauguraci\u00f3n exposici\u00f3n Retratos y juegos de poder"}]},{"@type":"WebSite","@id":"https:\/\/www.ucaldas.edu.co\/portal\/#website","url":"https:\/\/www.ucaldas.edu.co\/portal\/","name":"Universidad de Caldas","description":"","publisher":{"@id":"https:\/\/www.ucaldas.edu.co\/portal\/#organization"},"alternateName":"U. de Caldas","potentialAction":[{"@type":"SearchAction","target":{"@type":"EntryPoint","urlTemplate":"https:\/\/www.ucaldas.edu.co\/portal\/?s={search_term_string}"},"query-input":{"@type":"PropertyValueSpecification","valueRequired":true,"valueName":"search_term_string"}}],"inLanguage":"es"},{"@type":"Organization","@id":"https:\/\/www.ucaldas.edu.co\/portal\/#organization","name":"Universidad de Caldas","alternateName":"U. de Caldas","url":"https:\/\/www.ucaldas.edu.co\/portal\/","logo":{"@type":"ImageObject","inLanguage":"es","@id":"https:\/\/www.ucaldas.edu.co\/portal\/#\/schema\/logo\/image\/","url":"https:\/\/www.ucaldas.edu.co\/portal\/wp-content\/uploads\/2023\/11\/Logo_horizontal_oscuroU-2023.png","contentUrl":"https:\/\/www.ucaldas.edu.co\/portal\/wp-content\/uploads\/2023\/11\/Logo_horizontal_oscuroU-2023.png","width":263,"height":101,"caption":"Universidad de Caldas"},"image":{"@id":"https:\/\/www.ucaldas.edu.co\/portal\/#\/schema\/logo\/image\/"},"sameAs":["https:\/\/www.facebook.com\/udecaldas","https:\/\/x.com\/udecaldas","https:\/\/www.youtube.com\/universidadcaldas","https:\/\/www.instagram.com\/udecaldas\/"]},{"@type":"Person","@id":"https:\/\/www.ucaldas.edu.co\/portal\/#\/schema\/person\/a1b482e23449158b4bc319926c074fdf","name":"ofiprensa","image":{"@type":"ImageObject","inLanguage":"es","@id":"https:\/\/www.ucaldas.edu.co\/portal\/wp-content\/litespeed\/avatar\/09ea5085e600095a7a811142c6944527.jpg?ver=1777497608","url":"https:\/\/www.ucaldas.edu.co\/portal\/wp-content\/litespeed\/avatar\/09ea5085e600095a7a811142c6944527.jpg?ver=1777497608","contentUrl":"https:\/\/www.ucaldas.edu.co\/portal\/wp-content\/litespeed\/avatar\/09ea5085e600095a7a811142c6944527.jpg?ver=1777497608","caption":"ofiprensa"},"url":"https:\/\/www.ucaldas.edu.co\/portal\/author\/ofiprensa\/"}]}},"_links":{"self":[{"href":"https:\/\/www.ucaldas.edu.co\/portal\/wp-json\/wp\/v2\/posts\/17380","targetHints":{"allow":["GET"]}}],"collection":[{"href":"https:\/\/www.ucaldas.edu.co\/portal\/wp-json\/wp\/v2\/posts"}],"about":[{"href":"https:\/\/www.ucaldas.edu.co\/portal\/wp-json\/wp\/v2\/types\/post"}],"author":[{"embeddable":true,"href":"https:\/\/www.ucaldas.edu.co\/portal\/wp-json\/wp\/v2\/users\/2"}],"replies":[{"embeddable":true,"href":"https:\/\/www.ucaldas.edu.co\/portal\/wp-json\/wp\/v2\/comments?post=17380"}],"version-history":[{"count":0,"href":"https:\/\/www.ucaldas.edu.co\/portal\/wp-json\/wp\/v2\/posts\/17380\/revisions"}],"wp:attachment":[{"href":"https:\/\/www.ucaldas.edu.co\/portal\/wp-json\/wp\/v2\/media?parent=17380"}],"wp:term":[{"taxonomy":"category","embeddable":true,"href":"https:\/\/www.ucaldas.edu.co\/portal\/wp-json\/wp\/v2\/categories?post=17380"},{"taxonomy":"post_tag","embeddable":true,"href":"https:\/\/www.ucaldas.edu.co\/portal\/wp-json\/wp\/v2\/tags?post=17380"}],"curies":[{"name":"wp","href":"https:\/\/api.w.org\/{rel}","templated":true}]}}