{"id":17131,"date":"2014-01-29T11:30:32","date_gmt":"2014-01-29T16:30:32","guid":{"rendered":"https:\/\/www.ucaldas.edu.co\/portal\/?p=17131"},"modified":"2014-01-29T11:30:32","modified_gmt":"2014-01-29T16:30:32","slug":"catedra-abierta-permanente-en-actualidad-sociojuridica-feb-3","status":"publish","type":"post","link":"https:\/\/www.ucaldas.edu.co\/portal\/catedra-abierta-permanente-en-actualidad-sociojuridica-feb-3\/","title":{"rendered":"C\u00e1tedra Abierta Permanente en Actualidad Sociojur\u00eddica &#8211; feb 3"},"content":{"rendered":"<p align=\"right\">Publicado el 29 de enero del 2014<\/p>\n<p align=\"right\">\n<hr \/>\n<p><b>Descripci\u00f3n:\u00a0<\/b>evento convocado por el Centro de Investigaciones Sociojur\u00eddicas (CIS) y el Grupo de Investigaci\u00f3n en Estudios Jur\u00eddicos y Sociojur\u00eddicos de la U. de Caldas, junto al Pacto Mundial Consciente Ikwashenduna.<\/p>\n<p>&nbsp;<\/p>\n<p><b>Invitada:\u00a0<\/b>Ati Quigua, representante ind\u00edgena de la Sierra Nevada de Santa Marta y Amazon\u00eda. Administradora p\u00fablica, mag\u00edster en Gobierno y Pol\u00edticas P\u00fablicas. Doctoranda en Derecho.<\/p>\n<p>&nbsp;<\/p>\n<p><b>Conferencia:\u00a0<\/b><i>Referendo por los derechos de la madre naturaleza en Colombia.<\/i><\/p>\n<p>&nbsp;<\/p>\n<p><b>Fecha:\u00a0<\/b>lunes 3 de febrero del 2014.<\/p>\n<p>&nbsp;<\/p>\n<p><b>Hora:\u00a0<\/b>4:00 p.m.<\/p>\n<p>&nbsp;<\/p>\n<p><b>Lugar:\u00a0<\/b>Auditorio Tulio G\u00f3mez Estrada, Campus Palogrande U. de Caldas.<\/p>\n<p>&nbsp;<\/p>\n<p><b>Informes:\u00a0<\/b>con Erika Mu\u00f1oz Villarreal, trabajadora social e investigadora del Centro de Investigaciones Sociojur\u00eddicas (CIS). Estudiante de la Maestr\u00eda en Ecolog\u00eda Humana y Saberes Ambientales de la U. de Caldas, en el celular\u00a0<a href=\"http:\/\/desarrollo.ucaldas.edu.co\/archivo\/tel:321%20754%2096%2047\" target=\"_blank\">321 754 96 47<\/a>.<\/p>\n<p><b>\u00a0<\/b><\/p>\n","protected":false},"excerpt":{"rendered":"<p>Publicado el 29 de enero del 2014 Descripci\u00f3n:\u00a0evento convocado por el Centro de Investigaciones Sociojur\u00eddicas (CIS) y el Grupo de Investigaci\u00f3n en Estudios Jur\u00eddicos y Sociojur\u00eddicos de la U. de Caldas, junto al Pacto Mundial Consciente Ikwashenduna. &nbsp; Invitada:\u00a0Ati Quigua, representante ind\u00edgena de la Sierra Nevada de Santa Marta y Amazon\u00eda. Administradora p\u00fablica, mag\u00edster en [&hellip;]<\/p>\n","protected":false},"author":2,"featured_media":0,"comment_status":"closed","ping_status":"closed","sticky":false,"template":"","format":"standard","meta":{"footnotes":""},"categories":[48,53],"tags":[],"class_list":["post-17131","post","type-post","status-publish","format-standard","hentry","category-actualidad","category-universidad-al-dia"],"yoast_head":"<!-- This site is optimized with the Yoast SEO plugin v27.5 - https:\/\/yoast.com\/product\/yoast-seo-wordpress\/ -->\n<title>C\u00e1tedra Abierta Permanente en Actualidad Sociojur\u00eddica - feb 3 .<\/title>\n<meta name=\"robots\" content=\"index, follow, max-snippet:-1, max-image-preview:large, max-video-preview:-1\" \/>\n<link rel=\"canonical\" href=\"https:\/\/www.ucaldas.edu.co\/portal\/catedra-abierta-permanente-en-actualidad-sociojuridica-feb-3\/\" \/>\n<script type=\"application\/ld+json\" class=\"yoast-schema-graph\">{\"@context\":\"https:\\\/\\\/schema.org\",\"@graph\":[{\"@type\":\"Article\",\"@id\":\"https:\\\/\\\/www.ucaldas.edu.co\\\/portal\\\/catedra-abierta-permanente-en-actualidad-sociojuridica-feb-3\\\/#article\",\"isPartOf\":{\"@id\":\"https:\\\/\\\/www.ucaldas.edu.co\\\/portal\\\/catedra-abierta-permanente-en-actualidad-sociojuridica-feb-3\\\/\"},\"author\":{\"name\":\"ofiprensa\",\"@id\":\"https:\\\/\\\/www.ucaldas.edu.co\\\/portal\\\/#\\\/schema\\\/person\\\/a1b482e23449158b4bc319926c074fdf\"},\"headline\":\"C\u00e1tedra Abierta Permanente en Actualidad Sociojur\u00eddica &#8211; feb 3\",\"datePublished\":\"2014-01-29T16:30:32+00:00\",\"mainEntityOfPage\":{\"@id\":\"https:\\\/\\\/www.ucaldas.edu.co\\\/portal\\\/catedra-abierta-permanente-en-actualidad-sociojuridica-feb-3\\\/\"},\"wordCount\":155,\"publisher\":{\"@id\":\"https:\\\/\\\/www.ucaldas.edu.co\\\/portal\\\/#organization\"},\"articleSection\":[\"Actualidad\",\"Universidad al D\u00eda\"],\"inLanguage\":\"es\"},{\"@type\":\"WebPage\",\"@id\":\"https:\\\/\\\/www.ucaldas.edu.co\\\/portal\\\/catedra-abierta-permanente-en-actualidad-sociojuridica-feb-3\\\/\",\"url\":\"https:\\\/\\\/www.ucaldas.edu.co\\\/portal\\\/catedra-abierta-permanente-en-actualidad-sociojuridica-feb-3\\\/\",\"name\":\"C\u00e1tedra Abierta Permanente en Actualidad Sociojur\u00eddica - feb 3 .\",\"isPartOf\":{\"@id\":\"https:\\\/\\\/www.ucaldas.edu.co\\\/portal\\\/#website\"},\"datePublished\":\"2014-01-29T16:30:32+00:00\",\"breadcrumb\":{\"@id\":\"https:\\\/\\\/www.ucaldas.edu.co\\\/portal\\\/catedra-abierta-permanente-en-actualidad-sociojuridica-feb-3\\\/#breadcrumb\"},\"inLanguage\":\"es\",\"potentialAction\":[{\"@type\":\"ReadAction\",\"target\":[\"https:\\\/\\\/www.ucaldas.edu.co\\\/portal\\\/catedra-abierta-permanente-en-actualidad-sociojuridica-feb-3\\\/\"]}]},{\"@type\":\"BreadcrumbList\",\"@id\":\"https:\\\/\\\/www.ucaldas.edu.co\\\/portal\\\/catedra-abierta-permanente-en-actualidad-sociojuridica-feb-3\\\/#breadcrumb\",\"itemListElement\":[{\"@type\":\"ListItem\",\"position\":1,\"name\":\"Portada\",\"item\":\"https:\\\/\\\/www.ucaldas.edu.co\\\/portal\\\/\"},{\"@type\":\"ListItem\",\"position\":2,\"name\":\"C\u00e1tedra Abierta Permanente en Actualidad Sociojur\u00eddica &#8211; feb 3\"}]},{\"@type\":\"WebSite\",\"@id\":\"https:\\\/\\\/www.ucaldas.edu.co\\\/portal\\\/#website\",\"url\":\"https:\\\/\\\/www.ucaldas.edu.co\\\/portal\\\/\",\"name\":\"Universidad de Caldas\",\"description\":\"\",\"publisher\":{\"@id\":\"https:\\\/\\\/www.ucaldas.edu.co\\\/portal\\\/#organization\"},\"alternateName\":\"U. de Caldas\",\"potentialAction\":[{\"@type\":\"SearchAction\",\"target\":{\"@type\":\"EntryPoint\",\"urlTemplate\":\"https:\\\/\\\/www.ucaldas.edu.co\\\/portal\\\/?s={search_term_string}\"},\"query-input\":{\"@type\":\"PropertyValueSpecification\",\"valueRequired\":true,\"valueName\":\"search_term_string\"}}],\"inLanguage\":\"es\"},{\"@type\":\"Organization\",\"@id\":\"https:\\\/\\\/www.ucaldas.edu.co\\\/portal\\\/#organization\",\"name\":\"Universidad de Caldas\",\"alternateName\":\"U. de Caldas\",\"url\":\"https:\\\/\\\/www.ucaldas.edu.co\\\/portal\\\/\",\"logo\":{\"@type\":\"ImageObject\",\"inLanguage\":\"es\",\"@id\":\"https:\\\/\\\/www.ucaldas.edu.co\\\/portal\\\/#\\\/schema\\\/logo\\\/image\\\/\",\"url\":\"https:\\\/\\\/www.ucaldas.edu.co\\\/portal\\\/wp-content\\\/uploads\\\/2023\\\/11\\\/Logo_horizontal_oscuroU-2023.png\",\"contentUrl\":\"https:\\\/\\\/www.ucaldas.edu.co\\\/portal\\\/wp-content\\\/uploads\\\/2023\\\/11\\\/Logo_horizontal_oscuroU-2023.png\",\"width\":263,\"height\":101,\"caption\":\"Universidad de Caldas\"},\"image\":{\"@id\":\"https:\\\/\\\/www.ucaldas.edu.co\\\/portal\\\/#\\\/schema\\\/logo\\\/image\\\/\"},\"sameAs\":[\"https:\\\/\\\/www.facebook.com\\\/udecaldas\",\"https:\\\/\\\/x.com\\\/udecaldas\",\"https:\\\/\\\/www.youtube.com\\\/universidadcaldas\",\"https:\\\/\\\/www.instagram.com\\\/udecaldas\\\/\"]},{\"@type\":\"Person\",\"@id\":\"https:\\\/\\\/www.ucaldas.edu.co\\\/portal\\\/#\\\/schema\\\/person\\\/a1b482e23449158b4bc319926c074fdf\",\"name\":\"ofiprensa\",\"image\":{\"@type\":\"ImageObject\",\"inLanguage\":\"es\",\"@id\":\"https:\\\/\\\/www.ucaldas.edu.co\\\/portal\\\/wp-content\\\/litespeed\\\/avatar\\\/09ea5085e600095a7a811142c6944527.jpg?ver=1777497608\",\"url\":\"https:\\\/\\\/www.ucaldas.edu.co\\\/portal\\\/wp-content\\\/litespeed\\\/avatar\\\/09ea5085e600095a7a811142c6944527.jpg?ver=1777497608\",\"contentUrl\":\"https:\\\/\\\/www.ucaldas.edu.co\\\/portal\\\/wp-content\\\/litespeed\\\/avatar\\\/09ea5085e600095a7a811142c6944527.jpg?ver=1777497608\",\"caption\":\"ofiprensa\"},\"url\":\"https:\\\/\\\/www.ucaldas.edu.co\\\/portal\\\/author\\\/ofiprensa\\\/\"}]}<\/script>\n<!-- \/ Yoast SEO plugin. -->","yoast_head_json":{"title":"C\u00e1tedra Abierta Permanente en Actualidad Sociojur\u00eddica - feb 3 .","robots":{"index":"index","follow":"follow","max-snippet":"max-snippet:-1","max-image-preview":"max-image-preview:large","max-video-preview":"max-video-preview:-1"},"canonical":"https:\/\/www.ucaldas.edu.co\/portal\/catedra-abierta-permanente-en-actualidad-sociojuridica-feb-3\/","schema":{"@context":"https:\/\/schema.org","@graph":[{"@type":"Article","@id":"https:\/\/www.ucaldas.edu.co\/portal\/catedra-abierta-permanente-en-actualidad-sociojuridica-feb-3\/#article","isPartOf":{"@id":"https:\/\/www.ucaldas.edu.co\/portal\/catedra-abierta-permanente-en-actualidad-sociojuridica-feb-3\/"},"author":{"name":"ofiprensa","@id":"https:\/\/www.ucaldas.edu.co\/portal\/#\/schema\/person\/a1b482e23449158b4bc319926c074fdf"},"headline":"C\u00e1tedra Abierta Permanente en Actualidad Sociojur\u00eddica &#8211; feb 3","datePublished":"2014-01-29T16:30:32+00:00","mainEntityOfPage":{"@id":"https:\/\/www.ucaldas.edu.co\/portal\/catedra-abierta-permanente-en-actualidad-sociojuridica-feb-3\/"},"wordCount":155,"publisher":{"@id":"https:\/\/www.ucaldas.edu.co\/portal\/#organization"},"articleSection":["Actualidad","Universidad al D\u00eda"],"inLanguage":"es"},{"@type":"WebPage","@id":"https:\/\/www.ucaldas.edu.co\/portal\/catedra-abierta-permanente-en-actualidad-sociojuridica-feb-3\/","url":"https:\/\/www.ucaldas.edu.co\/portal\/catedra-abierta-permanente-en-actualidad-sociojuridica-feb-3\/","name":"C\u00e1tedra Abierta Permanente en Actualidad Sociojur\u00eddica - feb 3 .","isPartOf":{"@id":"https:\/\/www.ucaldas.edu.co\/portal\/#website"},"datePublished":"2014-01-29T16:30:32+00:00","breadcrumb":{"@id":"https:\/\/www.ucaldas.edu.co\/portal\/catedra-abierta-permanente-en-actualidad-sociojuridica-feb-3\/#breadcrumb"},"inLanguage":"es","potentialAction":[{"@type":"ReadAction","target":["https:\/\/www.ucaldas.edu.co\/portal\/catedra-abierta-permanente-en-actualidad-sociojuridica-feb-3\/"]}]},{"@type":"BreadcrumbList","@id":"https:\/\/www.ucaldas.edu.co\/portal\/catedra-abierta-permanente-en-actualidad-sociojuridica-feb-3\/#breadcrumb","itemListElement":[{"@type":"ListItem","position":1,"name":"Portada","item":"https:\/\/www.ucaldas.edu.co\/portal\/"},{"@type":"ListItem","position":2,"name":"C\u00e1tedra Abierta Permanente en Actualidad Sociojur\u00eddica &#8211; feb 3"}]},{"@type":"WebSite","@id":"https:\/\/www.ucaldas.edu.co\/portal\/#website","url":"https:\/\/www.ucaldas.edu.co\/portal\/","name":"Universidad de Caldas","description":"","publisher":{"@id":"https:\/\/www.ucaldas.edu.co\/portal\/#organization"},"alternateName":"U. de Caldas","potentialAction":[{"@type":"SearchAction","target":{"@type":"EntryPoint","urlTemplate":"https:\/\/www.ucaldas.edu.co\/portal\/?s={search_term_string}"},"query-input":{"@type":"PropertyValueSpecification","valueRequired":true,"valueName":"search_term_string"}}],"inLanguage":"es"},{"@type":"Organization","@id":"https:\/\/www.ucaldas.edu.co\/portal\/#organization","name":"Universidad de Caldas","alternateName":"U. de Caldas","url":"https:\/\/www.ucaldas.edu.co\/portal\/","logo":{"@type":"ImageObject","inLanguage":"es","@id":"https:\/\/www.ucaldas.edu.co\/portal\/#\/schema\/logo\/image\/","url":"https:\/\/www.ucaldas.edu.co\/portal\/wp-content\/uploads\/2023\/11\/Logo_horizontal_oscuroU-2023.png","contentUrl":"https:\/\/www.ucaldas.edu.co\/portal\/wp-content\/uploads\/2023\/11\/Logo_horizontal_oscuroU-2023.png","width":263,"height":101,"caption":"Universidad de Caldas"},"image":{"@id":"https:\/\/www.ucaldas.edu.co\/portal\/#\/schema\/logo\/image\/"},"sameAs":["https:\/\/www.facebook.com\/udecaldas","https:\/\/x.com\/udecaldas","https:\/\/www.youtube.com\/universidadcaldas","https:\/\/www.instagram.com\/udecaldas\/"]},{"@type":"Person","@id":"https:\/\/www.ucaldas.edu.co\/portal\/#\/schema\/person\/a1b482e23449158b4bc319926c074fdf","name":"ofiprensa","image":{"@type":"ImageObject","inLanguage":"es","@id":"https:\/\/www.ucaldas.edu.co\/portal\/wp-content\/litespeed\/avatar\/09ea5085e600095a7a811142c6944527.jpg?ver=1777497608","url":"https:\/\/www.ucaldas.edu.co\/portal\/wp-content\/litespeed\/avatar\/09ea5085e600095a7a811142c6944527.jpg?ver=1777497608","contentUrl":"https:\/\/www.ucaldas.edu.co\/portal\/wp-content\/litespeed\/avatar\/09ea5085e600095a7a811142c6944527.jpg?ver=1777497608","caption":"ofiprensa"},"url":"https:\/\/www.ucaldas.edu.co\/portal\/author\/ofiprensa\/"}]}},"_links":{"self":[{"href":"https:\/\/www.ucaldas.edu.co\/portal\/wp-json\/wp\/v2\/posts\/17131","targetHints":{"allow":["GET"]}}],"collection":[{"href":"https:\/\/www.ucaldas.edu.co\/portal\/wp-json\/wp\/v2\/posts"}],"about":[{"href":"https:\/\/www.ucaldas.edu.co\/portal\/wp-json\/wp\/v2\/types\/post"}],"author":[{"embeddable":true,"href":"https:\/\/www.ucaldas.edu.co\/portal\/wp-json\/wp\/v2\/users\/2"}],"replies":[{"embeddable":true,"href":"https:\/\/www.ucaldas.edu.co\/portal\/wp-json\/wp\/v2\/comments?post=17131"}],"version-history":[{"count":0,"href":"https:\/\/www.ucaldas.edu.co\/portal\/wp-json\/wp\/v2\/posts\/17131\/revisions"}],"wp:attachment":[{"href":"https:\/\/www.ucaldas.edu.co\/portal\/wp-json\/wp\/v2\/media?parent=17131"}],"wp:term":[{"taxonomy":"category","embeddable":true,"href":"https:\/\/www.ucaldas.edu.co\/portal\/wp-json\/wp\/v2\/categories?post=17131"},{"taxonomy":"post_tag","embeddable":true,"href":"https:\/\/www.ucaldas.edu.co\/portal\/wp-json\/wp\/v2\/tags?post=17131"}],"curies":[{"name":"wp","href":"https:\/\/api.w.org\/{rel}","templated":true}]}}