{"id":16998,"date":"2014-07-14T18:58:15","date_gmt":"2014-07-14T23:58:15","guid":{"rendered":"https:\/\/www.ucaldas.edu.co\/portal\/?p=16998"},"modified":"2014-07-14T18:58:15","modified_gmt":"2014-07-14T23:58:15","slug":"alcaldes-caldenses-se-actualizaron-en-patrimonio-arqueologico-en-u-de-caldas","status":"publish","type":"post","link":"https:\/\/www.ucaldas.edu.co\/portal\/alcaldes-caldenses-se-actualizaron-en-patrimonio-arqueologico-en-u-de-caldas\/","title":{"rendered":"Alcaldes caldenses se actualizaron en patrimonio arqueol\u00f3gico, en U. de Caldas"},"content":{"rendered":"<p align=\"center\"><span style=\"text-decoration: underline;\">PARTICIPARON TAMBI\u00c9N JEFES DE PLANEACI\u00d3N Y OTROS DELEGADOS<\/span><\/p>\n<p align=\"center\"><b>Alcaldes caldenses se actualizaron\u00a0en patrimonio arqueol\u00f3gico, en U. de Caldas<\/b><\/p>\n<p align=\"center\"><a href=\"https:\/\/www.ucaldas.edu.co\/portal\/wp-content\/uploads\/2014\/07\/10492564_718535594874975_2253315249301772953_n.jpg\"><img loading=\"lazy\" decoding=\"async\" class=\"aligncenter size-medium wp-image-16999\" alt=\"10492564_718535594874975_2253315249301772953_n\" src=\"https:\/\/www.ucaldas.edu.co\/portal\/wp-content\/uploads\/2014\/07\/10492564_718535594874975_2253315249301772953_n-300x200.jpg\" width=\"300\" height=\"200\" \/><\/a><\/p>\n<p align=\"center\">\n<p style=\"text-align: center;\"><span style=\"font-size: xx-small;\">Foto: Guillermo Sarmiento \/ Prensa U. de Caldas<\/span><\/p>\n<p style=\"text-align: right;\">\u00a014\/7\/2014<\/p>\n<p style=\"text-align: justify;\">En la\u00a0<b>Universidad de Caldas\u00a0<\/b>se dieron cita este\u00a0<b>lunes 14 de julio\u00a0<\/b>del 2014\u00a0<b>Alcaldes y Secretarios\u00a0 de Planeaci\u00f3n\u00a0<\/b>de diferentes\u00a0<b>municipios de Caldas<\/b>, quienes participaron en el\u00a0<b><i>Seminario de Capacitaci\u00f3n sobre Patrimonio Arqueol\u00f3gico<\/i><\/b>.\u00a0<!--more--><\/p>\n<p style=\"text-align: justify;\">Seg\u00fan explic\u00f3\u00a0<b>Mario Alonso Berm\u00fadez Restrepo<\/b>, Coordinador de los Laboratorios de arqueolog\u00eda y\u00a0 Antropolog\u00eda biol\u00f3gica de la U. de Caldas, este encuentro tiene como\u00a0<b>objetivo hacer una actualizaci\u00f3n<\/b>\u00a0con los entes administrativos de cada municipio\u00a0<b>sobre la Legislaci\u00f3n Patrimonial Nacional<\/b>\u00a0acerca del\u00a0<b>correcto uso del patrimonio arquitect\u00f3nico<\/b>,<b>urban\u00edstico y arqueol\u00f3gico<\/b>.<\/p>\n<p style=\"text-align: justify;\">\u201cEn muchas ocasiones\u00a0<b>los alcaldes que llegan a las administraciones no tienen claro lo que manda la legislaci\u00f3n sobre el patrimonio arqueol\u00f3gico y cultural\u00a0<\/b>de la naci\u00f3n, motivo por el cual cometen errores en el manejo de estos recursos y en la aplicaci\u00f3n de la ley. Teniendo en cuenta esto, hemos querido realizar un seminario donde\u00a0<b>retomamos todos los temas alrededor del correcto manejo arqueol\u00f3gico<\/b>\u00a0y se los compartimos, para que as\u00ed se\u00a0<b>eviten inconvenientes jur\u00eddicos<\/b>\u00a0en el futuro\u201d, expres\u00f3 Berm\u00fadez Restrepo.<b>\u00a0<\/b><\/p>\n<p style=\"text-align: justify;\"><b>La programaci\u00f3n<\/b><\/p>\n<p style=\"text-align: justify;\">Los asistentes al Seminario tuvieron un acercamiento al\u00a0<b>significado y aplicaci\u00f3n de la legislaci\u00f3n patrimonial<\/b>, definici\u00f3n y<b>pr\u00e1cticas de la arqueolog\u00eda de rescate\u00a0<\/b>en Caldas y c\u00f3mo se ha aplicado la\u00a0<b>geoarqueolog\u00eda<\/b>\u00a0en algunos proyectos de la regi\u00f3n, exposici\u00f3n que estuvo a cargo de Juan Manuel \u00c1lzate, Director del Programa de Antropolog\u00eda de la U. de Caldas.<\/p>\n<p style=\"text-align: justify;\">\u201cLos asistentes conocieron los proyectos que la\u00a0<b>U. de Caldas lidera en la aplicaci\u00f3n de la legislaci\u00f3n sobre Patrimonio Cultural de la Naci\u00f3n<\/b>. Como proyecto central se expuso el trabajo que finalizamos\u00a0 en el terreno donde se construir\u00e1 el<b>Centro Cultural Universitario<\/b>\u00a0donde\u00a0<b>se encontraron yacimientos arqueol\u00f3gicos que fueron rescatados con todos los cuidados necesarios aplicando la ley de conservaci\u00f3n<\/b>\u00a0del patrimonio\u201d, explic\u00f3 el Coordinador de los Laboratorios de Arqueolog\u00eda y\u00a0 Antropolog\u00eda Biol\u00f3gica de la U. de Caldas.<\/p>\n<p style=\"text-align: justify;\"><b>Los asistentes<\/b><\/p>\n<p style=\"text-align: justify;\"><b>Erwin Arias Betancur, Alcalde del Municipio de La Dorada (Caldas)<\/b><\/p>\n<p style=\"text-align: justify;\">Estamos muy interesados en hacer parte de este seminario de actualizaci\u00f3n sobre la legislaci\u00f3n arqueol\u00f3gica. Aunque en La Dorada actualmente no se tienen hallazgos representativos,\u00a0<b>queremos comenzar a trabajar fuertemente el tema de Patrimonio Arqueol\u00f3gico en el municipio y darle la importancia que se merece por ejemplo al Museo Hist\u00f3rico de La Dorada<\/b>\u00a0y sabemos que con la ayuda de la U. de Caldas lo podemos lograr a mediano plazo.<\/p>\n<p style=\"text-align: justify;\">\u00a0<b>Rub\u00e9n Dar\u00edo Casta\u00f1o Londo\u00f1o, Alcalde del Municipio de La Merced (Caldas)<\/b><\/p>\n<p style=\"text-align: justify;\">La Merced es un municipio con una gran riqueza arqueol\u00f3gica, sobre todo e<b>n los sectores del R\u00edo Pozo y la Felisa donde se dieron varios asentamientos de nuestros antepasado<\/b>s, all\u00ed tenemos\u00a0<b>un incalculable valor patrimonial<\/b>\u00a0que infortunadamente por el desconocimiento de las autoridades y de la comunidad en general no se han manejado correctamente. Teniendo en cuenta esto, hemos iniciado un\u00a0<b>proyecto con la U. de Caldas para la recuperaci\u00f3n de la memoria hist\u00f3rica del municipio<\/b>\u00a0y este seminario nos aporta mucho del conocimiento necesario para comenzar a tomar medidas que nos permitan preservar esa riqueza arqueol\u00f3gica.<\/p>\n<p style=\"text-align: justify;\"><b>Juli\u00e1n Vargas, Jefe de Planeaci\u00f3n e Infraestructura de Chinchin\u00e1 (Caldas)<\/b><\/p>\n<p style=\"text-align: justify;\">Con este seminario pretendemos actualizarnos y aprender sobre el correcto uso y aplicaci\u00f3n de la ley de Patrimonio Cultural de la Naci\u00f3n,\u00a0 teniendo en cuenta que\u00a0<b>en nuestro municipio se est\u00e1n adelantando grandes exploraciones de terreno para construccione<\/b>s en las que\u00a0<b>se han encontrado algunas huellas arqueol\u00f3gicas<\/b>\u00a0y que quiz\u00e1 por desconocimiento no se les ha dado el manejo necesario.<\/p>\n<p style=\"text-align: justify;\"><b>El Seminario<\/b>\u00a0de Capacitaci\u00f3n sobre Patrimonio Arqueol\u00f3gico\u00a0<b>fue organizado por el Programa de Antropolog\u00eda<\/b>\u00a0y<b>Sociolog\u00eda<\/b>,\u00a0<b>Laboratorio de Arqueolog\u00eda<\/b>,\u00a0<b>Centro de Museos<\/b>\u00a0U. de Caldas, el\u00a0<b>Grupo de Investigaci\u00f3n en Geoarqueolog\u00eda<\/b>\u00a0(Giga) y el\u00a0<b>Instituto Colombiano de Antropolog\u00eda e Historia<\/b>.<\/p>\n<p style=\"text-align: justify;\"><a href=\"https:\/\/www.facebook.com\/media\/set\/?set=a.718535204875014.1073742906.107054166023124&amp;type=1&amp;l=e69b804d83\" target=\"_blank\">Conozca m\u00e1s im\u00e1genes del Seminario de Capacitaci\u00f3n sobre Patrimonio Arqueol\u00f3gico.<\/a><\/p>\n<p style=\"text-align: justify;\" align=\"left\"><b>Informes:<\/b>\u00a0Programa de Antropolog\u00eda y Sociolog\u00eda U. de Caldas, tel\u00e9fono 875 1500\u00a0 extensi\u00f3n 18 036<\/p>\n<p style=\"text-align: justify;\" align=\"left\"><span style=\"line-height: 1.5em;\">\u00a0Redacci\u00f3n: Luisa Giraldo<br \/>\n<\/span>Coordinadora contenidos Intranet<\/p>\n","protected":false},"excerpt":{"rendered":"<p>PARTICIPARON TAMBI\u00c9N JEFES DE PLANEACI\u00d3N Y OTROS DELEGADOS Alcaldes caldenses se actualizaron\u00a0en patrimonio arqueol\u00f3gico, en U. de Caldas Foto: Guillermo Sarmiento \/ Prensa U. de Caldas \u00a014\/7\/2014 En la\u00a0Universidad de Caldas\u00a0se dieron cita este\u00a0lunes 14 de julio\u00a0del 2014\u00a0Alcaldes y Secretarios\u00a0 de Planeaci\u00f3n\u00a0de diferentes\u00a0municipios de Caldas, quienes participaron en el\u00a0Seminario de Capacitaci\u00f3n sobre Patrimonio Arqueol\u00f3gico.\u00a0<\/p>\n","protected":false},"author":2,"featured_media":0,"comment_status":"closed","ping_status":"closed","sticky":false,"template":"","format":"standard","meta":{"footnotes":""},"categories":[48,53],"tags":[95,266,299,1210,1678,2109,2110,2111],"class_list":["post-16998","post","type-post","status-publish","format-standard","hentry","category-actualidad","category-universidad-al-dia","tag-universidad-de-caldas","tag-geoarqueologia","tag-patrimonio-cultural","tag-u-de-caldas","tag-patrimonio","tag-arqueologia","tag-legislacion","tag-patrimonio-arqueologico"],"yoast_head":"<!-- This site is optimized with the Yoast SEO plugin v27.5 - https:\/\/yoast.com\/product\/yoast-seo-wordpress\/ -->\n<title>Alcaldes caldenses se actualizaron en patrimonio arqueol\u00f3gico, en U. de Caldas .<\/title>\n<meta name=\"robots\" content=\"index, follow, max-snippet:-1, max-image-preview:large, max-video-preview:-1\" \/>\n<link rel=\"canonical\" href=\"https:\/\/www.ucaldas.edu.co\/portal\/alcaldes-caldenses-se-actualizaron-en-patrimonio-arqueologico-en-u-de-caldas\/\" \/>\n<script type=\"application\/ld+json\" class=\"yoast-schema-graph\">{\"@context\":\"https:\\\/\\\/schema.org\",\"@graph\":[{\"@type\":\"Article\",\"@id\":\"https:\\\/\\\/www.ucaldas.edu.co\\\/portal\\\/alcaldes-caldenses-se-actualizaron-en-patrimonio-arqueologico-en-u-de-caldas\\\/#article\",\"isPartOf\":{\"@id\":\"https:\\\/\\\/www.ucaldas.edu.co\\\/portal\\\/alcaldes-caldenses-se-actualizaron-en-patrimonio-arqueologico-en-u-de-caldas\\\/\"},\"author\":{\"name\":\"ofiprensa\",\"@id\":\"https:\\\/\\\/www.ucaldas.edu.co\\\/portal\\\/#\\\/schema\\\/person\\\/a1b482e23449158b4bc319926c074fdf\"},\"headline\":\"Alcaldes caldenses se actualizaron en patrimonio arqueol\u00f3gico, en U. de Caldas\",\"datePublished\":\"2014-07-14T23:58:15+00:00\",\"mainEntityOfPage\":{\"@id\":\"https:\\\/\\\/www.ucaldas.edu.co\\\/portal\\\/alcaldes-caldenses-se-actualizaron-en-patrimonio-arqueologico-en-u-de-caldas\\\/\"},\"wordCount\":743,\"publisher\":{\"@id\":\"https:\\\/\\\/www.ucaldas.edu.co\\\/portal\\\/#organization\"},\"image\":{\"@id\":\"https:\\\/\\\/www.ucaldas.edu.co\\\/portal\\\/alcaldes-caldenses-se-actualizaron-en-patrimonio-arqueologico-en-u-de-caldas\\\/#primaryimage\"},\"thumbnailUrl\":\"https:\\\/\\\/www.ucaldas.edu.co\\\/portal\\\/wp-content\\\/uploads\\\/2014\\\/07\\\/10492564_718535594874975_2253315249301772953_n-300x200.jpg\",\"keywords\":[\"Universidad De Caldas\",\"Geoarqueolog\u00eda\",\"patrimonio cultural\",\"U. De Caldas\",\"patrimonio\",\"Arqueolog\u00eda\",\"legislaci\u00f3n\",\"patrimonio arqueol\u00f3gico\"],\"articleSection\":[\"Actualidad\",\"Universidad al D\u00eda\"],\"inLanguage\":\"es\"},{\"@type\":\"WebPage\",\"@id\":\"https:\\\/\\\/www.ucaldas.edu.co\\\/portal\\\/alcaldes-caldenses-se-actualizaron-en-patrimonio-arqueologico-en-u-de-caldas\\\/\",\"url\":\"https:\\\/\\\/www.ucaldas.edu.co\\\/portal\\\/alcaldes-caldenses-se-actualizaron-en-patrimonio-arqueologico-en-u-de-caldas\\\/\",\"name\":\"Alcaldes caldenses se actualizaron en patrimonio arqueol\u00f3gico, en U. de Caldas .\",\"isPartOf\":{\"@id\":\"https:\\\/\\\/www.ucaldas.edu.co\\\/portal\\\/#website\"},\"primaryImageOfPage\":{\"@id\":\"https:\\\/\\\/www.ucaldas.edu.co\\\/portal\\\/alcaldes-caldenses-se-actualizaron-en-patrimonio-arqueologico-en-u-de-caldas\\\/#primaryimage\"},\"image\":{\"@id\":\"https:\\\/\\\/www.ucaldas.edu.co\\\/portal\\\/alcaldes-caldenses-se-actualizaron-en-patrimonio-arqueologico-en-u-de-caldas\\\/#primaryimage\"},\"thumbnailUrl\":\"https:\\\/\\\/www.ucaldas.edu.co\\\/portal\\\/wp-content\\\/uploads\\\/2014\\\/07\\\/10492564_718535594874975_2253315249301772953_n-300x200.jpg\",\"datePublished\":\"2014-07-14T23:58:15+00:00\",\"breadcrumb\":{\"@id\":\"https:\\\/\\\/www.ucaldas.edu.co\\\/portal\\\/alcaldes-caldenses-se-actualizaron-en-patrimonio-arqueologico-en-u-de-caldas\\\/#breadcrumb\"},\"inLanguage\":\"es\",\"potentialAction\":[{\"@type\":\"ReadAction\",\"target\":[\"https:\\\/\\\/www.ucaldas.edu.co\\\/portal\\\/alcaldes-caldenses-se-actualizaron-en-patrimonio-arqueologico-en-u-de-caldas\\\/\"]}]},{\"@type\":\"ImageObject\",\"inLanguage\":\"es\",\"@id\":\"https:\\\/\\\/www.ucaldas.edu.co\\\/portal\\\/alcaldes-caldenses-se-actualizaron-en-patrimonio-arqueologico-en-u-de-caldas\\\/#primaryimage\",\"url\":\"https:\\\/\\\/www.ucaldas.edu.co\\\/portal\\\/wp-content\\\/uploads\\\/2014\\\/07\\\/10492564_718535594874975_2253315249301772953_n-300x200.jpg\",\"contentUrl\":\"https:\\\/\\\/www.ucaldas.edu.co\\\/portal\\\/wp-content\\\/uploads\\\/2014\\\/07\\\/10492564_718535594874975_2253315249301772953_n-300x200.jpg\"},{\"@type\":\"BreadcrumbList\",\"@id\":\"https:\\\/\\\/www.ucaldas.edu.co\\\/portal\\\/alcaldes-caldenses-se-actualizaron-en-patrimonio-arqueologico-en-u-de-caldas\\\/#breadcrumb\",\"itemListElement\":[{\"@type\":\"ListItem\",\"position\":1,\"name\":\"Portada\",\"item\":\"https:\\\/\\\/www.ucaldas.edu.co\\\/portal\\\/\"},{\"@type\":\"ListItem\",\"position\":2,\"name\":\"Alcaldes caldenses se actualizaron en patrimonio arqueol\u00f3gico, en U. de Caldas\"}]},{\"@type\":\"WebSite\",\"@id\":\"https:\\\/\\\/www.ucaldas.edu.co\\\/portal\\\/#website\",\"url\":\"https:\\\/\\\/www.ucaldas.edu.co\\\/portal\\\/\",\"name\":\"Universidad de Caldas\",\"description\":\"\",\"publisher\":{\"@id\":\"https:\\\/\\\/www.ucaldas.edu.co\\\/portal\\\/#organization\"},\"alternateName\":\"U. de Caldas\",\"potentialAction\":[{\"@type\":\"SearchAction\",\"target\":{\"@type\":\"EntryPoint\",\"urlTemplate\":\"https:\\\/\\\/www.ucaldas.edu.co\\\/portal\\\/?s={search_term_string}\"},\"query-input\":{\"@type\":\"PropertyValueSpecification\",\"valueRequired\":true,\"valueName\":\"search_term_string\"}}],\"inLanguage\":\"es\"},{\"@type\":\"Organization\",\"@id\":\"https:\\\/\\\/www.ucaldas.edu.co\\\/portal\\\/#organization\",\"name\":\"Universidad de Caldas\",\"alternateName\":\"U. de Caldas\",\"url\":\"https:\\\/\\\/www.ucaldas.edu.co\\\/portal\\\/\",\"logo\":{\"@type\":\"ImageObject\",\"inLanguage\":\"es\",\"@id\":\"https:\\\/\\\/www.ucaldas.edu.co\\\/portal\\\/#\\\/schema\\\/logo\\\/image\\\/\",\"url\":\"https:\\\/\\\/www.ucaldas.edu.co\\\/portal\\\/wp-content\\\/uploads\\\/2023\\\/11\\\/Logo_horizontal_oscuroU-2023.png\",\"contentUrl\":\"https:\\\/\\\/www.ucaldas.edu.co\\\/portal\\\/wp-content\\\/uploads\\\/2023\\\/11\\\/Logo_horizontal_oscuroU-2023.png\",\"width\":263,\"height\":101,\"caption\":\"Universidad de Caldas\"},\"image\":{\"@id\":\"https:\\\/\\\/www.ucaldas.edu.co\\\/portal\\\/#\\\/schema\\\/logo\\\/image\\\/\"},\"sameAs\":[\"https:\\\/\\\/www.facebook.com\\\/udecaldas\",\"https:\\\/\\\/x.com\\\/udecaldas\",\"https:\\\/\\\/www.youtube.com\\\/universidadcaldas\",\"https:\\\/\\\/www.instagram.com\\\/udecaldas\\\/\"]},{\"@type\":\"Person\",\"@id\":\"https:\\\/\\\/www.ucaldas.edu.co\\\/portal\\\/#\\\/schema\\\/person\\\/a1b482e23449158b4bc319926c074fdf\",\"name\":\"ofiprensa\",\"image\":{\"@type\":\"ImageObject\",\"inLanguage\":\"es\",\"@id\":\"https:\\\/\\\/www.ucaldas.edu.co\\\/portal\\\/wp-content\\\/litespeed\\\/avatar\\\/09ea5085e600095a7a811142c6944527.jpg?ver=1777497608\",\"url\":\"https:\\\/\\\/www.ucaldas.edu.co\\\/portal\\\/wp-content\\\/litespeed\\\/avatar\\\/09ea5085e600095a7a811142c6944527.jpg?ver=1777497608\",\"contentUrl\":\"https:\\\/\\\/www.ucaldas.edu.co\\\/portal\\\/wp-content\\\/litespeed\\\/avatar\\\/09ea5085e600095a7a811142c6944527.jpg?ver=1777497608\",\"caption\":\"ofiprensa\"},\"url\":\"https:\\\/\\\/www.ucaldas.edu.co\\\/portal\\\/author\\\/ofiprensa\\\/\"}]}<\/script>\n<!-- \/ Yoast SEO plugin. -->","yoast_head_json":{"title":"Alcaldes caldenses se actualizaron en patrimonio arqueol\u00f3gico, en U. de Caldas .","robots":{"index":"index","follow":"follow","max-snippet":"max-snippet:-1","max-image-preview":"max-image-preview:large","max-video-preview":"max-video-preview:-1"},"canonical":"https:\/\/www.ucaldas.edu.co\/portal\/alcaldes-caldenses-se-actualizaron-en-patrimonio-arqueologico-en-u-de-caldas\/","schema":{"@context":"https:\/\/schema.org","@graph":[{"@type":"Article","@id":"https:\/\/www.ucaldas.edu.co\/portal\/alcaldes-caldenses-se-actualizaron-en-patrimonio-arqueologico-en-u-de-caldas\/#article","isPartOf":{"@id":"https:\/\/www.ucaldas.edu.co\/portal\/alcaldes-caldenses-se-actualizaron-en-patrimonio-arqueologico-en-u-de-caldas\/"},"author":{"name":"ofiprensa","@id":"https:\/\/www.ucaldas.edu.co\/portal\/#\/schema\/person\/a1b482e23449158b4bc319926c074fdf"},"headline":"Alcaldes caldenses se actualizaron en patrimonio arqueol\u00f3gico, en U. de Caldas","datePublished":"2014-07-14T23:58:15+00:00","mainEntityOfPage":{"@id":"https:\/\/www.ucaldas.edu.co\/portal\/alcaldes-caldenses-se-actualizaron-en-patrimonio-arqueologico-en-u-de-caldas\/"},"wordCount":743,"publisher":{"@id":"https:\/\/www.ucaldas.edu.co\/portal\/#organization"},"image":{"@id":"https:\/\/www.ucaldas.edu.co\/portal\/alcaldes-caldenses-se-actualizaron-en-patrimonio-arqueologico-en-u-de-caldas\/#primaryimage"},"thumbnailUrl":"https:\/\/www.ucaldas.edu.co\/portal\/wp-content\/uploads\/2014\/07\/10492564_718535594874975_2253315249301772953_n-300x200.jpg","keywords":["Universidad De Caldas","Geoarqueolog\u00eda","patrimonio cultural","U. De Caldas","patrimonio","Arqueolog\u00eda","legislaci\u00f3n","patrimonio arqueol\u00f3gico"],"articleSection":["Actualidad","Universidad al D\u00eda"],"inLanguage":"es"},{"@type":"WebPage","@id":"https:\/\/www.ucaldas.edu.co\/portal\/alcaldes-caldenses-se-actualizaron-en-patrimonio-arqueologico-en-u-de-caldas\/","url":"https:\/\/www.ucaldas.edu.co\/portal\/alcaldes-caldenses-se-actualizaron-en-patrimonio-arqueologico-en-u-de-caldas\/","name":"Alcaldes caldenses se actualizaron en patrimonio arqueol\u00f3gico, en U. de Caldas .","isPartOf":{"@id":"https:\/\/www.ucaldas.edu.co\/portal\/#website"},"primaryImageOfPage":{"@id":"https:\/\/www.ucaldas.edu.co\/portal\/alcaldes-caldenses-se-actualizaron-en-patrimonio-arqueologico-en-u-de-caldas\/#primaryimage"},"image":{"@id":"https:\/\/www.ucaldas.edu.co\/portal\/alcaldes-caldenses-se-actualizaron-en-patrimonio-arqueologico-en-u-de-caldas\/#primaryimage"},"thumbnailUrl":"https:\/\/www.ucaldas.edu.co\/portal\/wp-content\/uploads\/2014\/07\/10492564_718535594874975_2253315249301772953_n-300x200.jpg","datePublished":"2014-07-14T23:58:15+00:00","breadcrumb":{"@id":"https:\/\/www.ucaldas.edu.co\/portal\/alcaldes-caldenses-se-actualizaron-en-patrimonio-arqueologico-en-u-de-caldas\/#breadcrumb"},"inLanguage":"es","potentialAction":[{"@type":"ReadAction","target":["https:\/\/www.ucaldas.edu.co\/portal\/alcaldes-caldenses-se-actualizaron-en-patrimonio-arqueologico-en-u-de-caldas\/"]}]},{"@type":"ImageObject","inLanguage":"es","@id":"https:\/\/www.ucaldas.edu.co\/portal\/alcaldes-caldenses-se-actualizaron-en-patrimonio-arqueologico-en-u-de-caldas\/#primaryimage","url":"https:\/\/www.ucaldas.edu.co\/portal\/wp-content\/uploads\/2014\/07\/10492564_718535594874975_2253315249301772953_n-300x200.jpg","contentUrl":"https:\/\/www.ucaldas.edu.co\/portal\/wp-content\/uploads\/2014\/07\/10492564_718535594874975_2253315249301772953_n-300x200.jpg"},{"@type":"BreadcrumbList","@id":"https:\/\/www.ucaldas.edu.co\/portal\/alcaldes-caldenses-se-actualizaron-en-patrimonio-arqueologico-en-u-de-caldas\/#breadcrumb","itemListElement":[{"@type":"ListItem","position":1,"name":"Portada","item":"https:\/\/www.ucaldas.edu.co\/portal\/"},{"@type":"ListItem","position":2,"name":"Alcaldes caldenses se actualizaron en patrimonio arqueol\u00f3gico, en U. de Caldas"}]},{"@type":"WebSite","@id":"https:\/\/www.ucaldas.edu.co\/portal\/#website","url":"https:\/\/www.ucaldas.edu.co\/portal\/","name":"Universidad de Caldas","description":"","publisher":{"@id":"https:\/\/www.ucaldas.edu.co\/portal\/#organization"},"alternateName":"U. de Caldas","potentialAction":[{"@type":"SearchAction","target":{"@type":"EntryPoint","urlTemplate":"https:\/\/www.ucaldas.edu.co\/portal\/?s={search_term_string}"},"query-input":{"@type":"PropertyValueSpecification","valueRequired":true,"valueName":"search_term_string"}}],"inLanguage":"es"},{"@type":"Organization","@id":"https:\/\/www.ucaldas.edu.co\/portal\/#organization","name":"Universidad de Caldas","alternateName":"U. de Caldas","url":"https:\/\/www.ucaldas.edu.co\/portal\/","logo":{"@type":"ImageObject","inLanguage":"es","@id":"https:\/\/www.ucaldas.edu.co\/portal\/#\/schema\/logo\/image\/","url":"https:\/\/www.ucaldas.edu.co\/portal\/wp-content\/uploads\/2023\/11\/Logo_horizontal_oscuroU-2023.png","contentUrl":"https:\/\/www.ucaldas.edu.co\/portal\/wp-content\/uploads\/2023\/11\/Logo_horizontal_oscuroU-2023.png","width":263,"height":101,"caption":"Universidad de Caldas"},"image":{"@id":"https:\/\/www.ucaldas.edu.co\/portal\/#\/schema\/logo\/image\/"},"sameAs":["https:\/\/www.facebook.com\/udecaldas","https:\/\/x.com\/udecaldas","https:\/\/www.youtube.com\/universidadcaldas","https:\/\/www.instagram.com\/udecaldas\/"]},{"@type":"Person","@id":"https:\/\/www.ucaldas.edu.co\/portal\/#\/schema\/person\/a1b482e23449158b4bc319926c074fdf","name":"ofiprensa","image":{"@type":"ImageObject","inLanguage":"es","@id":"https:\/\/www.ucaldas.edu.co\/portal\/wp-content\/litespeed\/avatar\/09ea5085e600095a7a811142c6944527.jpg?ver=1777497608","url":"https:\/\/www.ucaldas.edu.co\/portal\/wp-content\/litespeed\/avatar\/09ea5085e600095a7a811142c6944527.jpg?ver=1777497608","contentUrl":"https:\/\/www.ucaldas.edu.co\/portal\/wp-content\/litespeed\/avatar\/09ea5085e600095a7a811142c6944527.jpg?ver=1777497608","caption":"ofiprensa"},"url":"https:\/\/www.ucaldas.edu.co\/portal\/author\/ofiprensa\/"}]}},"_links":{"self":[{"href":"https:\/\/www.ucaldas.edu.co\/portal\/wp-json\/wp\/v2\/posts\/16998","targetHints":{"allow":["GET"]}}],"collection":[{"href":"https:\/\/www.ucaldas.edu.co\/portal\/wp-json\/wp\/v2\/posts"}],"about":[{"href":"https:\/\/www.ucaldas.edu.co\/portal\/wp-json\/wp\/v2\/types\/post"}],"author":[{"embeddable":true,"href":"https:\/\/www.ucaldas.edu.co\/portal\/wp-json\/wp\/v2\/users\/2"}],"replies":[{"embeddable":true,"href":"https:\/\/www.ucaldas.edu.co\/portal\/wp-json\/wp\/v2\/comments?post=16998"}],"version-history":[{"count":0,"href":"https:\/\/www.ucaldas.edu.co\/portal\/wp-json\/wp\/v2\/posts\/16998\/revisions"}],"wp:attachment":[{"href":"https:\/\/www.ucaldas.edu.co\/portal\/wp-json\/wp\/v2\/media?parent=16998"}],"wp:term":[{"taxonomy":"category","embeddable":true,"href":"https:\/\/www.ucaldas.edu.co\/portal\/wp-json\/wp\/v2\/categories?post=16998"},{"taxonomy":"post_tag","embeddable":true,"href":"https:\/\/www.ucaldas.edu.co\/portal\/wp-json\/wp\/v2\/tags?post=16998"}],"curies":[{"name":"wp","href":"https:\/\/api.w.org\/{rel}","templated":true}]}}