{"id":16163,"date":"2013-05-30T10:43:09","date_gmt":"2013-05-30T15:43:09","guid":{"rendered":"https:\/\/www.ucaldas.edu.co\/portal\/?p=16163"},"modified":"2013-05-30T10:43:09","modified_gmt":"2013-05-30T15:43:09","slug":"por-que-el-ruiz-no-entra-a-nivel-naranja-a-pesar-de-los-multiples-temblores-recientes-ii","status":"publish","type":"post","link":"https:\/\/www.ucaldas.edu.co\/portal\/por-que-el-ruiz-no-entra-a-nivel-naranja-a-pesar-de-los-multiples-temblores-recientes-ii\/","title":{"rendered":"\u00bfPor qu\u00e9 el Ruiz no entra a nivel naranja a pesar de los m\u00faltiples temblores recientes? (II)"},"content":{"rendered":"<p align=\"center\"><span style=\"text-decoration: underline\">Segunda entrega de las explicaciones del Servicio Geol\u00f3gico Nacional<\/span><\/p>\n<p align=\"center\"><b>\u00a0<\/b><\/p>\n<p align=\"right\">\n<p align=\"right\">29\/5\/2013<\/p>\n<p align=\"right\">\n<hr id=\"system-readmore\" \/>\n<p>&nbsp;<\/p>\n<table border=\"0\">\n<tbody>\n<tr>\n<td><img loading=\"lazy\" decoding=\"async\" style=\"border: 0px\" title=\"atento\" alt=\"atento\" src=\"http:\/\/www.ucaldas.edu.co\/images\/tmp\/nevado_ruiz_atento.jpg\" width=\"240\" height=\"150\" border=\"0\" \/><\/td>\n<td>Redacci\u00f3n: Carlos Eduardo Garc\u00eda<br \/>\nJefe de Prensa U. de Caldas<\/p>\n<p>&nbsp;<\/p>\n<p>Desde el pasado abril del 2013,\u00a0<b>se ha intensificado la actividad s\u00edsmica en el Volc\u00e1n Nevado del Ruiz<\/b>. Varios son los sismos reportados como sentidos, ya sea en Manizales o en los alrededores del volc\u00e1n, pero aun as\u00ed,\u00a0<b>no se ha elevado el nivel de actividad volc\u00e1nica y contin\u00faa en amarillo<\/b>.<\/td>\n<\/tr>\n<\/tbody>\n<\/table>\n<p>&nbsp;<\/p>\n<p>&nbsp;<\/p>\n<p>Al respecto, Martha Luc\u00eda Calvache Velasco, Directora T\u00e9cnica del\u00a0<b>Servicio Geol\u00f3gico Colombiano<\/b>\u00a0(SGC), y Gloria Patricia Cort\u00e9s Jim\u00e9nez, Directora del\u00a0<b>Observatorio Vulcanol\u00f3gico y Sismol\u00f3gico de Manizales,<\/b>\u00a0explicaron detalles de los recientes sismos en el Volc\u00e1n Nevado del Ruiz.<\/p>\n<p>&nbsp;<\/p>\n<p>La Oficina de Prensa y Comunicaciones de la Universidad de Caldas publica hoy la\u00a0<b>segunda de tres entregas<\/b>\u00a0la explicaci\u00f3n de\u00a0<b>por qu\u00e9 el Ruiz no entra a nivel naranja<\/b>\u00a0a pesar de los m\u00faltiples temblores recientes, seg\u00fan estas fuentes oficiales.<\/p>\n<p>&nbsp;<\/p>\n<h2><b>2- La profundidad en la que se dan los sismos hacen que se sientan m\u00e1s<\/b><\/h2>\n<p><b>\u00a0<\/b><\/p>\n<p align=\"center\">\n<p align=\"center\"><img loading=\"lazy\" decoding=\"async\" style=\"border: 0px\" title=\"volc\u00e1n\" alt=\"volc\u00e1n\" src=\"http:\/\/www.ucaldas.edu.co\/images\/tmp\/atentomayo302013.jpg\" width=\"364\" height=\"270\" border=\"0\" \/><\/p>\n<p>&nbsp;<\/p>\n<p>El Bolet\u00edn Semanal de Actividad del Volc\u00e1n Nevado del Ruiz, emitido el 14 de Mayo de 2013, se\u00f1ala que los sismos de la semana del 6 de mayo del 2013 se localizan \u201ca profundidades que var\u00edan entre 4 y 8 km. As\u00ed mismo se han localizado eventos s\u00edsmicos en el flanco nororiental y suroriental a profundidades entre 2 y 4 km\u201d.<\/p>\n<p>&nbsp;<\/p>\n<p>Calvache Velasco explica que entre m\u00e1s profundo es un sismo, m\u00e1s se siente y se propaga, puesto que impacta capas m\u00e1s profundas del suelo que cubren mayor cantidad de territorio. Adem\u00e1s, dado que se presentan en un \u00e1rea distinta al cr\u00e1ter y muy profunda, es dif\u00edcil que el material eruptivo rompa kil\u00f3metros de capas de roca que hay encima y forme un nuevo cr\u00e1ter que erupcione.<\/p>\n<p>&nbsp;<\/p>\n<p align=\"center\"><b>Importante<\/b><\/p>\n<p align=\"center\">Consulte\u00a0<a href=\"http:\/\/desarrollo.ucaldas.edu.co\/archivo\/atento\" target=\"_blank\">http:\/\/www.ucaldas.edu.co\/atento<\/a><br \/>\npara obtener informaci\u00f3n sobre\u00a0<b>qu\u00e9 hacer en caso de amenaza volc\u00e1nica<\/b>,<br \/>\nrutas de\u00a0<b>evacuaci\u00f3n<\/b>\u00a0U. de Caldas y enlaces para estar enterado de lo que pasa<br \/>\ncon el\u00a0<b>Volc\u00e1n Nevado del Ruiz<\/b>.<\/p>\n<p>&nbsp;<\/p>\n<p>*\u00a0<b>Nota:<\/b>\u00a0Recientemente, integrantes de la Oficina de Prensa y Comunicaciones de la Universidad de Caldas que tambi\u00e9n hacen parte de la Brigada de Emergencias y Seguridad (BESUC) de la Instituci\u00f3n, asistieron al taller Formar para Informar, orientado por el Servicio Geol\u00f3gico Colombiano (SGC), Observatorio Vulcanol\u00f3gico y Sismol\u00f3gico de Manizales y Sistema Nacional de Gesti\u00f3n del Riesgo (SNGR). Esta informaci\u00f3n se deriva de dicha actividad.<\/p>\n<p>&nbsp;<\/p>\n<p><b>Informes:\u00a0<\/b>Oficina de Prensa, tel\u00e9fono 878 15 00, extensi\u00f3n 12 167.<\/p>\n","protected":false},"excerpt":{"rendered":"<p>Segunda entrega de las explicaciones del Servicio Geol\u00f3gico Nacional \u00a0 29\/5\/2013 &nbsp; Redacci\u00f3n: Carlos Eduardo Garc\u00eda Jefe de Prensa U. de Caldas &nbsp; Desde el pasado abril del 2013,\u00a0se ha intensificado la actividad s\u00edsmica en el Volc\u00e1n Nevado del Ruiz. Varios son los sismos reportados como sentidos, ya sea en Manizales o en los alrededores [&hellip;]<\/p>\n","protected":false},"author":2,"featured_media":0,"comment_status":"closed","ping_status":"closed","sticky":false,"template":"","format":"standard","meta":{"footnotes":""},"categories":[48,53],"tags":[],"class_list":["post-16163","post","type-post","status-publish","format-standard","hentry","category-actualidad","category-universidad-al-dia"],"yoast_head":"<!-- This site is optimized with the Yoast SEO plugin v27.5 - https:\/\/yoast.com\/product\/yoast-seo-wordpress\/ -->\n<title>\u00bfPor qu\u00e9 el Ruiz no entra a nivel naranja a pesar de los m\u00faltiples temblores recientes? (II) .<\/title>\n<meta name=\"robots\" content=\"index, follow, max-snippet:-1, max-image-preview:large, max-video-preview:-1\" \/>\n<link rel=\"canonical\" href=\"https:\/\/www.ucaldas.edu.co\/portal\/por-que-el-ruiz-no-entra-a-nivel-naranja-a-pesar-de-los-multiples-temblores-recientes-ii\/\" \/>\n<script type=\"application\/ld+json\" class=\"yoast-schema-graph\">{\"@context\":\"https:\\\/\\\/schema.org\",\"@graph\":[{\"@type\":\"Article\",\"@id\":\"https:\\\/\\\/www.ucaldas.edu.co\\\/portal\\\/por-que-el-ruiz-no-entra-a-nivel-naranja-a-pesar-de-los-multiples-temblores-recientes-ii\\\/#article\",\"isPartOf\":{\"@id\":\"https:\\\/\\\/www.ucaldas.edu.co\\\/portal\\\/por-que-el-ruiz-no-entra-a-nivel-naranja-a-pesar-de-los-multiples-temblores-recientes-ii\\\/\"},\"author\":{\"name\":\"ofiprensa\",\"@id\":\"https:\\\/\\\/www.ucaldas.edu.co\\\/portal\\\/#\\\/schema\\\/person\\\/a1b482e23449158b4bc319926c074fdf\"},\"headline\":\"\u00bfPor qu\u00e9 el Ruiz no entra a nivel naranja a pesar de los m\u00faltiples temblores recientes? (II)\",\"datePublished\":\"2013-05-30T15:43:09+00:00\",\"mainEntityOfPage\":{\"@id\":\"https:\\\/\\\/www.ucaldas.edu.co\\\/portal\\\/por-que-el-ruiz-no-entra-a-nivel-naranja-a-pesar-de-los-multiples-temblores-recientes-ii\\\/\"},\"wordCount\":467,\"publisher\":{\"@id\":\"https:\\\/\\\/www.ucaldas.edu.co\\\/portal\\\/#organization\"},\"image\":{\"@id\":\"https:\\\/\\\/www.ucaldas.edu.co\\\/portal\\\/por-que-el-ruiz-no-entra-a-nivel-naranja-a-pesar-de-los-multiples-temblores-recientes-ii\\\/#primaryimage\"},\"thumbnailUrl\":\"http:\\\/\\\/www.ucaldas.edu.co\\\/images\\\/tmp\\\/nevado_ruiz_atento.jpg\",\"articleSection\":[\"Actualidad\",\"Universidad al D\u00eda\"],\"inLanguage\":\"es\"},{\"@type\":\"WebPage\",\"@id\":\"https:\\\/\\\/www.ucaldas.edu.co\\\/portal\\\/por-que-el-ruiz-no-entra-a-nivel-naranja-a-pesar-de-los-multiples-temblores-recientes-ii\\\/\",\"url\":\"https:\\\/\\\/www.ucaldas.edu.co\\\/portal\\\/por-que-el-ruiz-no-entra-a-nivel-naranja-a-pesar-de-los-multiples-temblores-recientes-ii\\\/\",\"name\":\"\u00bfPor qu\u00e9 el Ruiz no entra a nivel naranja a pesar de los m\u00faltiples temblores recientes? (II) .\",\"isPartOf\":{\"@id\":\"https:\\\/\\\/www.ucaldas.edu.co\\\/portal\\\/#website\"},\"primaryImageOfPage\":{\"@id\":\"https:\\\/\\\/www.ucaldas.edu.co\\\/portal\\\/por-que-el-ruiz-no-entra-a-nivel-naranja-a-pesar-de-los-multiples-temblores-recientes-ii\\\/#primaryimage\"},\"image\":{\"@id\":\"https:\\\/\\\/www.ucaldas.edu.co\\\/portal\\\/por-que-el-ruiz-no-entra-a-nivel-naranja-a-pesar-de-los-multiples-temblores-recientes-ii\\\/#primaryimage\"},\"thumbnailUrl\":\"http:\\\/\\\/www.ucaldas.edu.co\\\/images\\\/tmp\\\/nevado_ruiz_atento.jpg\",\"datePublished\":\"2013-05-30T15:43:09+00:00\",\"breadcrumb\":{\"@id\":\"https:\\\/\\\/www.ucaldas.edu.co\\\/portal\\\/por-que-el-ruiz-no-entra-a-nivel-naranja-a-pesar-de-los-multiples-temblores-recientes-ii\\\/#breadcrumb\"},\"inLanguage\":\"es\",\"potentialAction\":[{\"@type\":\"ReadAction\",\"target\":[\"https:\\\/\\\/www.ucaldas.edu.co\\\/portal\\\/por-que-el-ruiz-no-entra-a-nivel-naranja-a-pesar-de-los-multiples-temblores-recientes-ii\\\/\"]}]},{\"@type\":\"ImageObject\",\"inLanguage\":\"es\",\"@id\":\"https:\\\/\\\/www.ucaldas.edu.co\\\/portal\\\/por-que-el-ruiz-no-entra-a-nivel-naranja-a-pesar-de-los-multiples-temblores-recientes-ii\\\/#primaryimage\",\"url\":\"http:\\\/\\\/www.ucaldas.edu.co\\\/images\\\/tmp\\\/nevado_ruiz_atento.jpg\",\"contentUrl\":\"http:\\\/\\\/www.ucaldas.edu.co\\\/images\\\/tmp\\\/nevado_ruiz_atento.jpg\"},{\"@type\":\"BreadcrumbList\",\"@id\":\"https:\\\/\\\/www.ucaldas.edu.co\\\/portal\\\/por-que-el-ruiz-no-entra-a-nivel-naranja-a-pesar-de-los-multiples-temblores-recientes-ii\\\/#breadcrumb\",\"itemListElement\":[{\"@type\":\"ListItem\",\"position\":1,\"name\":\"Portada\",\"item\":\"https:\\\/\\\/www.ucaldas.edu.co\\\/portal\\\/\"},{\"@type\":\"ListItem\",\"position\":2,\"name\":\"\u00bfPor qu\u00e9 el Ruiz no entra a nivel naranja a pesar de los m\u00faltiples temblores recientes? (II)\"}]},{\"@type\":\"WebSite\",\"@id\":\"https:\\\/\\\/www.ucaldas.edu.co\\\/portal\\\/#website\",\"url\":\"https:\\\/\\\/www.ucaldas.edu.co\\\/portal\\\/\",\"name\":\"Universidad de Caldas\",\"description\":\"\",\"publisher\":{\"@id\":\"https:\\\/\\\/www.ucaldas.edu.co\\\/portal\\\/#organization\"},\"alternateName\":\"U. de Caldas\",\"potentialAction\":[{\"@type\":\"SearchAction\",\"target\":{\"@type\":\"EntryPoint\",\"urlTemplate\":\"https:\\\/\\\/www.ucaldas.edu.co\\\/portal\\\/?s={search_term_string}\"},\"query-input\":{\"@type\":\"PropertyValueSpecification\",\"valueRequired\":true,\"valueName\":\"search_term_string\"}}],\"inLanguage\":\"es\"},{\"@type\":\"Organization\",\"@id\":\"https:\\\/\\\/www.ucaldas.edu.co\\\/portal\\\/#organization\",\"name\":\"Universidad de Caldas\",\"alternateName\":\"U. de Caldas\",\"url\":\"https:\\\/\\\/www.ucaldas.edu.co\\\/portal\\\/\",\"logo\":{\"@type\":\"ImageObject\",\"inLanguage\":\"es\",\"@id\":\"https:\\\/\\\/www.ucaldas.edu.co\\\/portal\\\/#\\\/schema\\\/logo\\\/image\\\/\",\"url\":\"https:\\\/\\\/www.ucaldas.edu.co\\\/portal\\\/wp-content\\\/uploads\\\/2023\\\/11\\\/Logo_horizontal_oscuroU-2023.png\",\"contentUrl\":\"https:\\\/\\\/www.ucaldas.edu.co\\\/portal\\\/wp-content\\\/uploads\\\/2023\\\/11\\\/Logo_horizontal_oscuroU-2023.png\",\"width\":263,\"height\":101,\"caption\":\"Universidad de Caldas\"},\"image\":{\"@id\":\"https:\\\/\\\/www.ucaldas.edu.co\\\/portal\\\/#\\\/schema\\\/logo\\\/image\\\/\"},\"sameAs\":[\"https:\\\/\\\/www.facebook.com\\\/udecaldas\",\"https:\\\/\\\/x.com\\\/udecaldas\",\"https:\\\/\\\/www.youtube.com\\\/universidadcaldas\",\"https:\\\/\\\/www.instagram.com\\\/udecaldas\\\/\"]},{\"@type\":\"Person\",\"@id\":\"https:\\\/\\\/www.ucaldas.edu.co\\\/portal\\\/#\\\/schema\\\/person\\\/a1b482e23449158b4bc319926c074fdf\",\"name\":\"ofiprensa\",\"image\":{\"@type\":\"ImageObject\",\"inLanguage\":\"es\",\"@id\":\"https:\\\/\\\/www.ucaldas.edu.co\\\/portal\\\/wp-content\\\/litespeed\\\/avatar\\\/09ea5085e600095a7a811142c6944527.jpg?ver=1777497608\",\"url\":\"https:\\\/\\\/www.ucaldas.edu.co\\\/portal\\\/wp-content\\\/litespeed\\\/avatar\\\/09ea5085e600095a7a811142c6944527.jpg?ver=1777497608\",\"contentUrl\":\"https:\\\/\\\/www.ucaldas.edu.co\\\/portal\\\/wp-content\\\/litespeed\\\/avatar\\\/09ea5085e600095a7a811142c6944527.jpg?ver=1777497608\",\"caption\":\"ofiprensa\"},\"url\":\"https:\\\/\\\/www.ucaldas.edu.co\\\/portal\\\/author\\\/ofiprensa\\\/\"}]}<\/script>\n<!-- \/ Yoast SEO plugin. -->","yoast_head_json":{"title":"\u00bfPor qu\u00e9 el Ruiz no entra a nivel naranja a pesar de los m\u00faltiples temblores recientes? (II) .","robots":{"index":"index","follow":"follow","max-snippet":"max-snippet:-1","max-image-preview":"max-image-preview:large","max-video-preview":"max-video-preview:-1"},"canonical":"https:\/\/www.ucaldas.edu.co\/portal\/por-que-el-ruiz-no-entra-a-nivel-naranja-a-pesar-de-los-multiples-temblores-recientes-ii\/","schema":{"@context":"https:\/\/schema.org","@graph":[{"@type":"Article","@id":"https:\/\/www.ucaldas.edu.co\/portal\/por-que-el-ruiz-no-entra-a-nivel-naranja-a-pesar-de-los-multiples-temblores-recientes-ii\/#article","isPartOf":{"@id":"https:\/\/www.ucaldas.edu.co\/portal\/por-que-el-ruiz-no-entra-a-nivel-naranja-a-pesar-de-los-multiples-temblores-recientes-ii\/"},"author":{"name":"ofiprensa","@id":"https:\/\/www.ucaldas.edu.co\/portal\/#\/schema\/person\/a1b482e23449158b4bc319926c074fdf"},"headline":"\u00bfPor qu\u00e9 el Ruiz no entra a nivel naranja a pesar de los m\u00faltiples temblores recientes? (II)","datePublished":"2013-05-30T15:43:09+00:00","mainEntityOfPage":{"@id":"https:\/\/www.ucaldas.edu.co\/portal\/por-que-el-ruiz-no-entra-a-nivel-naranja-a-pesar-de-los-multiples-temblores-recientes-ii\/"},"wordCount":467,"publisher":{"@id":"https:\/\/www.ucaldas.edu.co\/portal\/#organization"},"image":{"@id":"https:\/\/www.ucaldas.edu.co\/portal\/por-que-el-ruiz-no-entra-a-nivel-naranja-a-pesar-de-los-multiples-temblores-recientes-ii\/#primaryimage"},"thumbnailUrl":"http:\/\/www.ucaldas.edu.co\/images\/tmp\/nevado_ruiz_atento.jpg","articleSection":["Actualidad","Universidad al D\u00eda"],"inLanguage":"es"},{"@type":"WebPage","@id":"https:\/\/www.ucaldas.edu.co\/portal\/por-que-el-ruiz-no-entra-a-nivel-naranja-a-pesar-de-los-multiples-temblores-recientes-ii\/","url":"https:\/\/www.ucaldas.edu.co\/portal\/por-que-el-ruiz-no-entra-a-nivel-naranja-a-pesar-de-los-multiples-temblores-recientes-ii\/","name":"\u00bfPor qu\u00e9 el Ruiz no entra a nivel naranja a pesar de los m\u00faltiples temblores recientes? (II) .","isPartOf":{"@id":"https:\/\/www.ucaldas.edu.co\/portal\/#website"},"primaryImageOfPage":{"@id":"https:\/\/www.ucaldas.edu.co\/portal\/por-que-el-ruiz-no-entra-a-nivel-naranja-a-pesar-de-los-multiples-temblores-recientes-ii\/#primaryimage"},"image":{"@id":"https:\/\/www.ucaldas.edu.co\/portal\/por-que-el-ruiz-no-entra-a-nivel-naranja-a-pesar-de-los-multiples-temblores-recientes-ii\/#primaryimage"},"thumbnailUrl":"http:\/\/www.ucaldas.edu.co\/images\/tmp\/nevado_ruiz_atento.jpg","datePublished":"2013-05-30T15:43:09+00:00","breadcrumb":{"@id":"https:\/\/www.ucaldas.edu.co\/portal\/por-que-el-ruiz-no-entra-a-nivel-naranja-a-pesar-de-los-multiples-temblores-recientes-ii\/#breadcrumb"},"inLanguage":"es","potentialAction":[{"@type":"ReadAction","target":["https:\/\/www.ucaldas.edu.co\/portal\/por-que-el-ruiz-no-entra-a-nivel-naranja-a-pesar-de-los-multiples-temblores-recientes-ii\/"]}]},{"@type":"ImageObject","inLanguage":"es","@id":"https:\/\/www.ucaldas.edu.co\/portal\/por-que-el-ruiz-no-entra-a-nivel-naranja-a-pesar-de-los-multiples-temblores-recientes-ii\/#primaryimage","url":"http:\/\/www.ucaldas.edu.co\/images\/tmp\/nevado_ruiz_atento.jpg","contentUrl":"http:\/\/www.ucaldas.edu.co\/images\/tmp\/nevado_ruiz_atento.jpg"},{"@type":"BreadcrumbList","@id":"https:\/\/www.ucaldas.edu.co\/portal\/por-que-el-ruiz-no-entra-a-nivel-naranja-a-pesar-de-los-multiples-temblores-recientes-ii\/#breadcrumb","itemListElement":[{"@type":"ListItem","position":1,"name":"Portada","item":"https:\/\/www.ucaldas.edu.co\/portal\/"},{"@type":"ListItem","position":2,"name":"\u00bfPor qu\u00e9 el Ruiz no entra a nivel naranja a pesar de los m\u00faltiples temblores recientes? (II)"}]},{"@type":"WebSite","@id":"https:\/\/www.ucaldas.edu.co\/portal\/#website","url":"https:\/\/www.ucaldas.edu.co\/portal\/","name":"Universidad de Caldas","description":"","publisher":{"@id":"https:\/\/www.ucaldas.edu.co\/portal\/#organization"},"alternateName":"U. de Caldas","potentialAction":[{"@type":"SearchAction","target":{"@type":"EntryPoint","urlTemplate":"https:\/\/www.ucaldas.edu.co\/portal\/?s={search_term_string}"},"query-input":{"@type":"PropertyValueSpecification","valueRequired":true,"valueName":"search_term_string"}}],"inLanguage":"es"},{"@type":"Organization","@id":"https:\/\/www.ucaldas.edu.co\/portal\/#organization","name":"Universidad de Caldas","alternateName":"U. de Caldas","url":"https:\/\/www.ucaldas.edu.co\/portal\/","logo":{"@type":"ImageObject","inLanguage":"es","@id":"https:\/\/www.ucaldas.edu.co\/portal\/#\/schema\/logo\/image\/","url":"https:\/\/www.ucaldas.edu.co\/portal\/wp-content\/uploads\/2023\/11\/Logo_horizontal_oscuroU-2023.png","contentUrl":"https:\/\/www.ucaldas.edu.co\/portal\/wp-content\/uploads\/2023\/11\/Logo_horizontal_oscuroU-2023.png","width":263,"height":101,"caption":"Universidad de Caldas"},"image":{"@id":"https:\/\/www.ucaldas.edu.co\/portal\/#\/schema\/logo\/image\/"},"sameAs":["https:\/\/www.facebook.com\/udecaldas","https:\/\/x.com\/udecaldas","https:\/\/www.youtube.com\/universidadcaldas","https:\/\/www.instagram.com\/udecaldas\/"]},{"@type":"Person","@id":"https:\/\/www.ucaldas.edu.co\/portal\/#\/schema\/person\/a1b482e23449158b4bc319926c074fdf","name":"ofiprensa","image":{"@type":"ImageObject","inLanguage":"es","@id":"https:\/\/www.ucaldas.edu.co\/portal\/wp-content\/litespeed\/avatar\/09ea5085e600095a7a811142c6944527.jpg?ver=1777497608","url":"https:\/\/www.ucaldas.edu.co\/portal\/wp-content\/litespeed\/avatar\/09ea5085e600095a7a811142c6944527.jpg?ver=1777497608","contentUrl":"https:\/\/www.ucaldas.edu.co\/portal\/wp-content\/litespeed\/avatar\/09ea5085e600095a7a811142c6944527.jpg?ver=1777497608","caption":"ofiprensa"},"url":"https:\/\/www.ucaldas.edu.co\/portal\/author\/ofiprensa\/"}]}},"_links":{"self":[{"href":"https:\/\/www.ucaldas.edu.co\/portal\/wp-json\/wp\/v2\/posts\/16163","targetHints":{"allow":["GET"]}}],"collection":[{"href":"https:\/\/www.ucaldas.edu.co\/portal\/wp-json\/wp\/v2\/posts"}],"about":[{"href":"https:\/\/www.ucaldas.edu.co\/portal\/wp-json\/wp\/v2\/types\/post"}],"author":[{"embeddable":true,"href":"https:\/\/www.ucaldas.edu.co\/portal\/wp-json\/wp\/v2\/users\/2"}],"replies":[{"embeddable":true,"href":"https:\/\/www.ucaldas.edu.co\/portal\/wp-json\/wp\/v2\/comments?post=16163"}],"version-history":[{"count":0,"href":"https:\/\/www.ucaldas.edu.co\/portal\/wp-json\/wp\/v2\/posts\/16163\/revisions"}],"wp:attachment":[{"href":"https:\/\/www.ucaldas.edu.co\/portal\/wp-json\/wp\/v2\/media?parent=16163"}],"wp:term":[{"taxonomy":"category","embeddable":true,"href":"https:\/\/www.ucaldas.edu.co\/portal\/wp-json\/wp\/v2\/categories?post=16163"},{"taxonomy":"post_tag","embeddable":true,"href":"https:\/\/www.ucaldas.edu.co\/portal\/wp-json\/wp\/v2\/tags?post=16163"}],"curies":[{"name":"wp","href":"https:\/\/api.w.org\/{rel}","templated":true}]}}