{"id":16151,"date":"2013-05-29T10:37:00","date_gmt":"2013-05-29T15:37:00","guid":{"rendered":"https:\/\/www.ucaldas.edu.co\/portal\/?p=16151"},"modified":"2013-05-29T10:37:00","modified_gmt":"2013-05-29T15:37:00","slug":"foro-interno-de-filosofia-llega-a-su-version-15-en-u-de-caldas","status":"publish","type":"post","link":"https:\/\/www.ucaldas.edu.co\/portal\/foro-interno-de-filosofia-llega-a-su-version-15-en-u-de-caldas\/","title":{"rendered":"Foro Interno de Filosof\u00eda llega a su versi\u00f3n 15, en U. de Caldas"},"content":{"rendered":"<p align=\"center\"><span style=\"text-decoration: underline\">Este a\u00f1o se realiza en homenaje al Fil\u00f3sofo Guillermo Hoyos <\/span><\/p>\n<p align=\"right\">\n<p align=\"right\">29\/05\/2013<\/p>\n<p align=\"right\">\n<hr id=\"system-readmore\" \/>\n<table border=\"0\">\n<tbody>\n<tr>\n<td><img loading=\"lazy\" decoding=\"async\" style=\"border: 0px\" title=\"foro\" alt=\"foro\" src=\"http:\/\/www.ucaldas.edu.co\/images\/tmp\/forofilosofiamayo292013.jpg\" width=\"240\" height=\"150\" border=\"0\" \/><\/p>\n<p>Foto: Guillermo Sarmiento Estrada\/ Prensa U. de Caldas.<\/td>\n<td>\n<p align=\"right\">Redacci\u00f3n: Margarita Laverde Galvis<\/p>\n<p>&nbsp;<\/p>\n<p><b>Comenz\u00f3<\/b> en la <b>Universidad de Caldas<\/b> el 15 <b>Foro Interno de Filosof\u00eda<\/b>, con <b>27 ponencias<\/b> de <b>estudiantes de pregrado y postgrado<\/b>, en <b>homenaje<\/b> al <b>fil\u00f3sofo colombiano<\/b> <b>Guillermo Hoyos<\/b>, fallecido en enero de este a\u00f1o.<\/td>\n<\/tr>\n<\/tbody>\n<\/table>\n<p>&nbsp;<\/p>\n<p>&nbsp;<\/p>\n<p>El encuentro acad\u00e9mico, que <b>organiza<\/b> el <b>Departamento de Filosof\u00eda de la U. de Caldas<\/b>, <b>se efectuar\u00e1<\/b> hasta desde <b>este mi\u00e9rcoles<\/b> <b>29<\/b> y <b>hasta<\/b> el <b>31 de mayo<\/b> del 2013.<\/p>\n<p>&nbsp;<\/p>\n<p>Jorge Alejandro Fl\u00f3rez Restrepo, <b>Director del Programa de Filosof\u00eda y Letras de la Instituci\u00f3n, <\/b>explic\u00f3: \u201cesta es una versi\u00f3n m\u00e1s del encuentro de estudiantes, donde los alumnos de pregrado y maestr\u00eda tienen la oportunidad de presentar sus trabajos investigativos. <b>Este tipo de eventos son la forma c\u00f3mo el Departamento se proyecta en la Universidad<\/b>\u201d.<\/p>\n<p>&nbsp;<\/p>\n<p>El <b>Decano de la Facultad de Artes y Humanidades de la U. de Caldas<\/b>, Orlando Londo\u00f1o Betancourt, manifest\u00f3 que el espacio se ha convertido en una tradici\u00f3n de much\u00edsimos a\u00f1os y que es una labor brillante de profesores y estudiantes.<\/p>\n<p>&nbsp;<\/p>\n<p>\u201c<b>Sin duda el foro interno es este a\u00f1o el evento m\u00e1s importante que desarrolla del Departamento.<\/b> Este es un momento para que estudiantes y profesores le saquen provecho al evento, pero tambi\u00e9n para ver c\u00f3mo se van apropiando del conocimiento de la filosof\u00eda y literatura\u201d, dijo el Decano.<\/p>\n<p>&nbsp;<\/p>\n<p>Marta Cecilia Betancur Garc\u00eda, <b>profesora del Departamento de Filosof\u00eda de la U. de Caldas, <\/b>realiz\u00f3 el acto inaugural y expres\u00f3: \u201c<b>el legado m\u00e1s grande de Guillermo Hoyos se centr\u00f3 en dos aspectos<\/b>: <b>actualiz\u00f3 los estudios de filosof\u00eda en el pa\u00eds<\/b> y <b>con su forma de hacer filosof\u00eda nos ense\u00f1\u00f3 a hacer un ejercicio reflexivo<\/b>,<b> <\/b>pensante y que no se limitara a repetir a los grandes fil\u00f3sofos\u201d.<\/p>\n<p>&nbsp;<\/p>\n<p><a href=\"https:\/\/www.facebook.com\/media\/set\/?set=a.521302891264914.1073742044.107054166023124&amp;type=3\" target=\"_blank\">Conozca im\u00e1genes del 15 Foro Interno de Filosof\u00eda<\/a><br \/>\n<b>Informes:<\/b> Departamento de Filosof\u00eda, tel\u00e9fono 886 27 20 extensi\u00f3n\u00a0 21 151.<\/p>\n","protected":false},"excerpt":{"rendered":"<p>Este a\u00f1o se realiza en homenaje al Fil\u00f3sofo Guillermo Hoyos 29\/05\/2013 Foto: Guillermo Sarmiento Estrada\/ Prensa U. de Caldas. Redacci\u00f3n: Margarita Laverde Galvis &nbsp; Comenz\u00f3 en la Universidad de Caldas el 15 Foro Interno de Filosof\u00eda, con 27 ponencias de estudiantes de pregrado y postgrado, en homenaje al fil\u00f3sofo colombiano Guillermo Hoyos, fallecido en enero [&hellip;]<\/p>\n","protected":false},"author":2,"featured_media":0,"comment_status":"closed","ping_status":"closed","sticky":false,"template":"","format":"standard","meta":{"footnotes":""},"categories":[48,53],"tags":[],"class_list":["post-16151","post","type-post","status-publish","format-standard","hentry","category-actualidad","category-universidad-al-dia"],"yoast_head":"<!-- This site is optimized with the Yoast SEO plugin v27.5 - https:\/\/yoast.com\/product\/yoast-seo-wordpress\/ -->\n<title>Foro Interno de Filosof\u00eda llega a su versi\u00f3n 15, en U. de Caldas .<\/title>\n<meta name=\"robots\" content=\"index, follow, max-snippet:-1, max-image-preview:large, max-video-preview:-1\" \/>\n<link rel=\"canonical\" href=\"https:\/\/www.ucaldas.edu.co\/portal\/foro-interno-de-filosofia-llega-a-su-version-15-en-u-de-caldas\/\" \/>\n<script type=\"application\/ld+json\" class=\"yoast-schema-graph\">{\"@context\":\"https:\\\/\\\/schema.org\",\"@graph\":[{\"@type\":\"Article\",\"@id\":\"https:\\\/\\\/www.ucaldas.edu.co\\\/portal\\\/foro-interno-de-filosofia-llega-a-su-version-15-en-u-de-caldas\\\/#article\",\"isPartOf\":{\"@id\":\"https:\\\/\\\/www.ucaldas.edu.co\\\/portal\\\/foro-interno-de-filosofia-llega-a-su-version-15-en-u-de-caldas\\\/\"},\"author\":{\"name\":\"ofiprensa\",\"@id\":\"https:\\\/\\\/www.ucaldas.edu.co\\\/portal\\\/#\\\/schema\\\/person\\\/a1b482e23449158b4bc319926c074fdf\"},\"headline\":\"Foro Interno de Filosof\u00eda llega a su versi\u00f3n 15, en U. de Caldas\",\"datePublished\":\"2013-05-29T15:37:00+00:00\",\"mainEntityOfPage\":{\"@id\":\"https:\\\/\\\/www.ucaldas.edu.co\\\/portal\\\/foro-interno-de-filosofia-llega-a-su-version-15-en-u-de-caldas\\\/\"},\"wordCount\":360,\"publisher\":{\"@id\":\"https:\\\/\\\/www.ucaldas.edu.co\\\/portal\\\/#organization\"},\"image\":{\"@id\":\"https:\\\/\\\/www.ucaldas.edu.co\\\/portal\\\/foro-interno-de-filosofia-llega-a-su-version-15-en-u-de-caldas\\\/#primaryimage\"},\"thumbnailUrl\":\"http:\\\/\\\/www.ucaldas.edu.co\\\/images\\\/tmp\\\/forofilosofiamayo292013.jpg\",\"articleSection\":[\"Actualidad\",\"Universidad al D\u00eda\"],\"inLanguage\":\"es\"},{\"@type\":\"WebPage\",\"@id\":\"https:\\\/\\\/www.ucaldas.edu.co\\\/portal\\\/foro-interno-de-filosofia-llega-a-su-version-15-en-u-de-caldas\\\/\",\"url\":\"https:\\\/\\\/www.ucaldas.edu.co\\\/portal\\\/foro-interno-de-filosofia-llega-a-su-version-15-en-u-de-caldas\\\/\",\"name\":\"Foro Interno de Filosof\u00eda llega a su versi\u00f3n 15, en U. de Caldas .\",\"isPartOf\":{\"@id\":\"https:\\\/\\\/www.ucaldas.edu.co\\\/portal\\\/#website\"},\"primaryImageOfPage\":{\"@id\":\"https:\\\/\\\/www.ucaldas.edu.co\\\/portal\\\/foro-interno-de-filosofia-llega-a-su-version-15-en-u-de-caldas\\\/#primaryimage\"},\"image\":{\"@id\":\"https:\\\/\\\/www.ucaldas.edu.co\\\/portal\\\/foro-interno-de-filosofia-llega-a-su-version-15-en-u-de-caldas\\\/#primaryimage\"},\"thumbnailUrl\":\"http:\\\/\\\/www.ucaldas.edu.co\\\/images\\\/tmp\\\/forofilosofiamayo292013.jpg\",\"datePublished\":\"2013-05-29T15:37:00+00:00\",\"breadcrumb\":{\"@id\":\"https:\\\/\\\/www.ucaldas.edu.co\\\/portal\\\/foro-interno-de-filosofia-llega-a-su-version-15-en-u-de-caldas\\\/#breadcrumb\"},\"inLanguage\":\"es\",\"potentialAction\":[{\"@type\":\"ReadAction\",\"target\":[\"https:\\\/\\\/www.ucaldas.edu.co\\\/portal\\\/foro-interno-de-filosofia-llega-a-su-version-15-en-u-de-caldas\\\/\"]}]},{\"@type\":\"ImageObject\",\"inLanguage\":\"es\",\"@id\":\"https:\\\/\\\/www.ucaldas.edu.co\\\/portal\\\/foro-interno-de-filosofia-llega-a-su-version-15-en-u-de-caldas\\\/#primaryimage\",\"url\":\"http:\\\/\\\/www.ucaldas.edu.co\\\/images\\\/tmp\\\/forofilosofiamayo292013.jpg\",\"contentUrl\":\"http:\\\/\\\/www.ucaldas.edu.co\\\/images\\\/tmp\\\/forofilosofiamayo292013.jpg\"},{\"@type\":\"BreadcrumbList\",\"@id\":\"https:\\\/\\\/www.ucaldas.edu.co\\\/portal\\\/foro-interno-de-filosofia-llega-a-su-version-15-en-u-de-caldas\\\/#breadcrumb\",\"itemListElement\":[{\"@type\":\"ListItem\",\"position\":1,\"name\":\"Portada\",\"item\":\"https:\\\/\\\/www.ucaldas.edu.co\\\/portal\\\/\"},{\"@type\":\"ListItem\",\"position\":2,\"name\":\"Foro Interno de Filosof\u00eda llega a su versi\u00f3n 15, en U. de Caldas\"}]},{\"@type\":\"WebSite\",\"@id\":\"https:\\\/\\\/www.ucaldas.edu.co\\\/portal\\\/#website\",\"url\":\"https:\\\/\\\/www.ucaldas.edu.co\\\/portal\\\/\",\"name\":\"Universidad de Caldas\",\"description\":\"\",\"publisher\":{\"@id\":\"https:\\\/\\\/www.ucaldas.edu.co\\\/portal\\\/#organization\"},\"alternateName\":\"U. de Caldas\",\"potentialAction\":[{\"@type\":\"SearchAction\",\"target\":{\"@type\":\"EntryPoint\",\"urlTemplate\":\"https:\\\/\\\/www.ucaldas.edu.co\\\/portal\\\/?s={search_term_string}\"},\"query-input\":{\"@type\":\"PropertyValueSpecification\",\"valueRequired\":true,\"valueName\":\"search_term_string\"}}],\"inLanguage\":\"es\"},{\"@type\":\"Organization\",\"@id\":\"https:\\\/\\\/www.ucaldas.edu.co\\\/portal\\\/#organization\",\"name\":\"Universidad de Caldas\",\"alternateName\":\"U. de Caldas\",\"url\":\"https:\\\/\\\/www.ucaldas.edu.co\\\/portal\\\/\",\"logo\":{\"@type\":\"ImageObject\",\"inLanguage\":\"es\",\"@id\":\"https:\\\/\\\/www.ucaldas.edu.co\\\/portal\\\/#\\\/schema\\\/logo\\\/image\\\/\",\"url\":\"https:\\\/\\\/www.ucaldas.edu.co\\\/portal\\\/wp-content\\\/uploads\\\/2023\\\/11\\\/Logo_horizontal_oscuroU-2023.png\",\"contentUrl\":\"https:\\\/\\\/www.ucaldas.edu.co\\\/portal\\\/wp-content\\\/uploads\\\/2023\\\/11\\\/Logo_horizontal_oscuroU-2023.png\",\"width\":263,\"height\":101,\"caption\":\"Universidad de Caldas\"},\"image\":{\"@id\":\"https:\\\/\\\/www.ucaldas.edu.co\\\/portal\\\/#\\\/schema\\\/logo\\\/image\\\/\"},\"sameAs\":[\"https:\\\/\\\/www.facebook.com\\\/udecaldas\",\"https:\\\/\\\/x.com\\\/udecaldas\",\"https:\\\/\\\/www.youtube.com\\\/universidadcaldas\",\"https:\\\/\\\/www.instagram.com\\\/udecaldas\\\/\"]},{\"@type\":\"Person\",\"@id\":\"https:\\\/\\\/www.ucaldas.edu.co\\\/portal\\\/#\\\/schema\\\/person\\\/a1b482e23449158b4bc319926c074fdf\",\"name\":\"ofiprensa\",\"image\":{\"@type\":\"ImageObject\",\"inLanguage\":\"es\",\"@id\":\"https:\\\/\\\/www.ucaldas.edu.co\\\/portal\\\/wp-content\\\/litespeed\\\/avatar\\\/09ea5085e600095a7a811142c6944527.jpg?ver=1777497608\",\"url\":\"https:\\\/\\\/www.ucaldas.edu.co\\\/portal\\\/wp-content\\\/litespeed\\\/avatar\\\/09ea5085e600095a7a811142c6944527.jpg?ver=1777497608\",\"contentUrl\":\"https:\\\/\\\/www.ucaldas.edu.co\\\/portal\\\/wp-content\\\/litespeed\\\/avatar\\\/09ea5085e600095a7a811142c6944527.jpg?ver=1777497608\",\"caption\":\"ofiprensa\"},\"url\":\"https:\\\/\\\/www.ucaldas.edu.co\\\/portal\\\/author\\\/ofiprensa\\\/\"}]}<\/script>\n<!-- \/ Yoast SEO plugin. -->","yoast_head_json":{"title":"Foro Interno de Filosof\u00eda llega a su versi\u00f3n 15, en U. de Caldas .","robots":{"index":"index","follow":"follow","max-snippet":"max-snippet:-1","max-image-preview":"max-image-preview:large","max-video-preview":"max-video-preview:-1"},"canonical":"https:\/\/www.ucaldas.edu.co\/portal\/foro-interno-de-filosofia-llega-a-su-version-15-en-u-de-caldas\/","schema":{"@context":"https:\/\/schema.org","@graph":[{"@type":"Article","@id":"https:\/\/www.ucaldas.edu.co\/portal\/foro-interno-de-filosofia-llega-a-su-version-15-en-u-de-caldas\/#article","isPartOf":{"@id":"https:\/\/www.ucaldas.edu.co\/portal\/foro-interno-de-filosofia-llega-a-su-version-15-en-u-de-caldas\/"},"author":{"name":"ofiprensa","@id":"https:\/\/www.ucaldas.edu.co\/portal\/#\/schema\/person\/a1b482e23449158b4bc319926c074fdf"},"headline":"Foro Interno de Filosof\u00eda llega a su versi\u00f3n 15, en U. de Caldas","datePublished":"2013-05-29T15:37:00+00:00","mainEntityOfPage":{"@id":"https:\/\/www.ucaldas.edu.co\/portal\/foro-interno-de-filosofia-llega-a-su-version-15-en-u-de-caldas\/"},"wordCount":360,"publisher":{"@id":"https:\/\/www.ucaldas.edu.co\/portal\/#organization"},"image":{"@id":"https:\/\/www.ucaldas.edu.co\/portal\/foro-interno-de-filosofia-llega-a-su-version-15-en-u-de-caldas\/#primaryimage"},"thumbnailUrl":"http:\/\/www.ucaldas.edu.co\/images\/tmp\/forofilosofiamayo292013.jpg","articleSection":["Actualidad","Universidad al D\u00eda"],"inLanguage":"es"},{"@type":"WebPage","@id":"https:\/\/www.ucaldas.edu.co\/portal\/foro-interno-de-filosofia-llega-a-su-version-15-en-u-de-caldas\/","url":"https:\/\/www.ucaldas.edu.co\/portal\/foro-interno-de-filosofia-llega-a-su-version-15-en-u-de-caldas\/","name":"Foro Interno de Filosof\u00eda llega a su versi\u00f3n 15, en U. de Caldas .","isPartOf":{"@id":"https:\/\/www.ucaldas.edu.co\/portal\/#website"},"primaryImageOfPage":{"@id":"https:\/\/www.ucaldas.edu.co\/portal\/foro-interno-de-filosofia-llega-a-su-version-15-en-u-de-caldas\/#primaryimage"},"image":{"@id":"https:\/\/www.ucaldas.edu.co\/portal\/foro-interno-de-filosofia-llega-a-su-version-15-en-u-de-caldas\/#primaryimage"},"thumbnailUrl":"http:\/\/www.ucaldas.edu.co\/images\/tmp\/forofilosofiamayo292013.jpg","datePublished":"2013-05-29T15:37:00+00:00","breadcrumb":{"@id":"https:\/\/www.ucaldas.edu.co\/portal\/foro-interno-de-filosofia-llega-a-su-version-15-en-u-de-caldas\/#breadcrumb"},"inLanguage":"es","potentialAction":[{"@type":"ReadAction","target":["https:\/\/www.ucaldas.edu.co\/portal\/foro-interno-de-filosofia-llega-a-su-version-15-en-u-de-caldas\/"]}]},{"@type":"ImageObject","inLanguage":"es","@id":"https:\/\/www.ucaldas.edu.co\/portal\/foro-interno-de-filosofia-llega-a-su-version-15-en-u-de-caldas\/#primaryimage","url":"http:\/\/www.ucaldas.edu.co\/images\/tmp\/forofilosofiamayo292013.jpg","contentUrl":"http:\/\/www.ucaldas.edu.co\/images\/tmp\/forofilosofiamayo292013.jpg"},{"@type":"BreadcrumbList","@id":"https:\/\/www.ucaldas.edu.co\/portal\/foro-interno-de-filosofia-llega-a-su-version-15-en-u-de-caldas\/#breadcrumb","itemListElement":[{"@type":"ListItem","position":1,"name":"Portada","item":"https:\/\/www.ucaldas.edu.co\/portal\/"},{"@type":"ListItem","position":2,"name":"Foro Interno de Filosof\u00eda llega a su versi\u00f3n 15, en U. de Caldas"}]},{"@type":"WebSite","@id":"https:\/\/www.ucaldas.edu.co\/portal\/#website","url":"https:\/\/www.ucaldas.edu.co\/portal\/","name":"Universidad de Caldas","description":"","publisher":{"@id":"https:\/\/www.ucaldas.edu.co\/portal\/#organization"},"alternateName":"U. de Caldas","potentialAction":[{"@type":"SearchAction","target":{"@type":"EntryPoint","urlTemplate":"https:\/\/www.ucaldas.edu.co\/portal\/?s={search_term_string}"},"query-input":{"@type":"PropertyValueSpecification","valueRequired":true,"valueName":"search_term_string"}}],"inLanguage":"es"},{"@type":"Organization","@id":"https:\/\/www.ucaldas.edu.co\/portal\/#organization","name":"Universidad de Caldas","alternateName":"U. de Caldas","url":"https:\/\/www.ucaldas.edu.co\/portal\/","logo":{"@type":"ImageObject","inLanguage":"es","@id":"https:\/\/www.ucaldas.edu.co\/portal\/#\/schema\/logo\/image\/","url":"https:\/\/www.ucaldas.edu.co\/portal\/wp-content\/uploads\/2023\/11\/Logo_horizontal_oscuroU-2023.png","contentUrl":"https:\/\/www.ucaldas.edu.co\/portal\/wp-content\/uploads\/2023\/11\/Logo_horizontal_oscuroU-2023.png","width":263,"height":101,"caption":"Universidad de Caldas"},"image":{"@id":"https:\/\/www.ucaldas.edu.co\/portal\/#\/schema\/logo\/image\/"},"sameAs":["https:\/\/www.facebook.com\/udecaldas","https:\/\/x.com\/udecaldas","https:\/\/www.youtube.com\/universidadcaldas","https:\/\/www.instagram.com\/udecaldas\/"]},{"@type":"Person","@id":"https:\/\/www.ucaldas.edu.co\/portal\/#\/schema\/person\/a1b482e23449158b4bc319926c074fdf","name":"ofiprensa","image":{"@type":"ImageObject","inLanguage":"es","@id":"https:\/\/www.ucaldas.edu.co\/portal\/wp-content\/litespeed\/avatar\/09ea5085e600095a7a811142c6944527.jpg?ver=1777497608","url":"https:\/\/www.ucaldas.edu.co\/portal\/wp-content\/litespeed\/avatar\/09ea5085e600095a7a811142c6944527.jpg?ver=1777497608","contentUrl":"https:\/\/www.ucaldas.edu.co\/portal\/wp-content\/litespeed\/avatar\/09ea5085e600095a7a811142c6944527.jpg?ver=1777497608","caption":"ofiprensa"},"url":"https:\/\/www.ucaldas.edu.co\/portal\/author\/ofiprensa\/"}]}},"_links":{"self":[{"href":"https:\/\/www.ucaldas.edu.co\/portal\/wp-json\/wp\/v2\/posts\/16151","targetHints":{"allow":["GET"]}}],"collection":[{"href":"https:\/\/www.ucaldas.edu.co\/portal\/wp-json\/wp\/v2\/posts"}],"about":[{"href":"https:\/\/www.ucaldas.edu.co\/portal\/wp-json\/wp\/v2\/types\/post"}],"author":[{"embeddable":true,"href":"https:\/\/www.ucaldas.edu.co\/portal\/wp-json\/wp\/v2\/users\/2"}],"replies":[{"embeddable":true,"href":"https:\/\/www.ucaldas.edu.co\/portal\/wp-json\/wp\/v2\/comments?post=16151"}],"version-history":[{"count":0,"href":"https:\/\/www.ucaldas.edu.co\/portal\/wp-json\/wp\/v2\/posts\/16151\/revisions"}],"wp:attachment":[{"href":"https:\/\/www.ucaldas.edu.co\/portal\/wp-json\/wp\/v2\/media?parent=16151"}],"wp:term":[{"taxonomy":"category","embeddable":true,"href":"https:\/\/www.ucaldas.edu.co\/portal\/wp-json\/wp\/v2\/categories?post=16151"},{"taxonomy":"post_tag","embeddable":true,"href":"https:\/\/www.ucaldas.edu.co\/portal\/wp-json\/wp\/v2\/tags?post=16151"}],"curies":[{"name":"wp","href":"https:\/\/api.w.org\/{rel}","templated":true}]}}