{"id":16149,"date":"2013-05-29T10:36:20","date_gmt":"2013-05-29T15:36:20","guid":{"rendered":"https:\/\/www.ucaldas.edu.co\/portal\/?p=16149"},"modified":"2013-05-29T10:36:20","modified_gmt":"2013-05-29T15:36:20","slug":"u-de-caldas-presento-foro-sobre-calidad-de-educacion-superior","status":"publish","type":"post","link":"https:\/\/www.ucaldas.edu.co\/portal\/u-de-caldas-presento-foro-sobre-calidad-de-educacion-superior\/","title":{"rendered":"U. de Caldas present\u00f3 foro sobre calidad de educaci\u00f3n superior"},"content":{"rendered":"<p align=\"center\"><span style=\"text-decoration: underline\">Con invitados de talla nacional <\/span><b> <\/b><\/p>\n<p align=\"right\">\n<p align=\"right\">29\/05\/2013<\/p>\n<p align=\"right\">\n<hr id=\"system-readmore\" \/>\n<table border=\"0\">\n<tbody>\n<tr>\n<td><img loading=\"lazy\" decoding=\"async\" style=\"border: 0px\" title=\"foro\" alt=\"foro\" src=\"http:\/\/www.ucaldas.edu.co\/images\/tmp\/forocalidadeducacionmayo292013.jpg\" width=\"240\" height=\"150\" border=\"0\" \/><\/p>\n<p>Foto: Guillermo Sarmiento Estrada\/ Prensa U. de Caldas.<\/td>\n<td>\n<p align=\"right\">Redacci\u00f3n: Margarita Laverde Galvis<\/p>\n<p>&nbsp;<\/p>\n<p><b>Invitados expertos se dieron cita<\/b> en la <b>Universidad de Caldas<\/b> este <b>mi\u00e9rcoles 29 de mayo<\/b> del 2013, para <b>disertar<\/b> en el <b>Foro<\/b> sobre <b>calidad<\/b> en la <b>Educaci\u00f3n Superior<\/b> y sus <b>perspectivas<\/b> en la <b>reforma<\/b> de la <b>Ley 30 de 1992<\/b>, que <b>organiz\u00f3<\/b> la <b>Vicerrector\u00eda Acad\u00e9mica<\/b> de la Instituci\u00f3n y Dar\u00edo Mej\u00eda Pardo, <b>exrector de la Universidad<\/b>.<\/td>\n<\/tr>\n<\/tbody>\n<\/table>\n<p>&nbsp;<\/p>\n<p>&nbsp;<\/p>\n<p>Seg\u00fan \u00c1lvaro Zapata, <b>Coordinador del Consejo Nacional de Acreditaci\u00f3n (CNA): <\/b>\u201ccon seguridad el resultado del encuentro ser\u00e1 un documento de referencia en estos temas. Desde el Ministerio de Educaci\u00f3n Nacional (MEN) y el Consejo Nacional de Educaci\u00f3n Superior (Cesu) se busca tener\u00a0 a finales de este a\u00f1o un documento le sirva al pa\u00eds\u201d.<\/p>\n<p>&nbsp;<\/p>\n<p>Zapata manifest\u00f3 que <b>es necesario contar con una pol\u00edtica p\u00fablica, que integre todos los elementos que la educaci\u00f3n superior requiere<\/b>, en temas de financiaci\u00f3n, calidad, cobertura, internacionalizaci\u00f3n, formaci\u00f3n para las comunidades \u00e9tnicas, entre otros.<\/p>\n<p>&nbsp;<\/p>\n<p>Respecto al encuentro acad\u00e9mico, el invitado dijo: \u201ces una muy buena oportunidad para que el pa\u00eds cuente con una propuesta de esta naturaleza. <b>Destaco de este espacio acad\u00e9mico el que pone el punto de la discusi\u00f3n y el debate<\/b>, as\u00ed como va a enriquecer los debates para la educaci\u00f3n superior\u201d.<\/p>\n<p>&nbsp;<\/p>\n<p><b>Investigaci\u00f3n de U. de Caldas sobre sistema de acreditaci\u00f3n<\/b><\/p>\n<p>Durante el encuentro <b>se present\u00f3 un estudio<\/b> del <b>Grupo de Investigaci\u00f3n<\/b> Curr\u00edculo, Universidad y Empresa (<b>CUE<\/b>) de la <b>U. de Caldas,<\/b> con un <b>an\u00e1lisis<\/b> del <b>sistema de acreditaci\u00f3n de alta calidad en el pa\u00eds.<\/b><\/p>\n<p>&nbsp;<\/p>\n<p>Lina Duque S\u00e1nchez, <b>mag\u00edster en derecho p\u00fablico, investigadora en el tema de la calidad en la educaci\u00f3n superior, <\/b>mencion\u00f3 que existen algunos cuestionamientos frente a las actuaciones del Cesu y frente a las delegaciones que ha hecho al CNA para cumplir algunas normas y tareas, que no han sido consagrados en la ley y por lo tanto se ha cuestionado si son acciones legales o ilegales.<\/p>\n<p>&nbsp;<\/p>\n<p><b>Propuesta<br \/>\n<\/b>Uno de los gestores del encuentro, Dar\u00edo Mej\u00eda Pardo, <b>exrector de la Universidad de Caldas y asesor y consultor de Latin Campus, <\/b>dijo que hay resultados importantes, pero todav\u00eda no son suficientes.<\/p>\n<p>&nbsp;<\/p>\n<p>\u201cLa <b>nueva reforma debe permitir aprovechar estos caminos recorridos, para revisar un verdadero sistema y normatividad<\/b>, que consolide tanta reglamentaci\u00f3n dispersa y que defina la pol\u00edtica p\u00fablica para la educaci\u00f3n superior y para el aseguramiento de su calidad\u201d, expres\u00f3 el exrector.<\/p>\n<p>&nbsp;<\/p>\n<p>Por su parte, Lina Uribe Correa, <b>comisionada de la Sala de Tr\u00e1mites Institucionales, actual rectora de Comfacauca, <\/b>entreg\u00f3 un balance del foro: \u201c<b>hemos logrado discutir<\/b> desde los puntos de vista normativo y de la forma c\u00f3mo funciona el Sistema de Aseguramiento de la Calidad, <b>para aportar en un sistema m\u00e1s organizado y centrado,<\/b> como se est\u00e1 logrando desde la Direcci\u00f3n del Calidad del MEN\u201d.<\/p>\n<p>&nbsp;<\/p>\n<p><a href=\"https:\/\/www.facebook.com\/media\/set\/?set=a.521296787932191.1073742042.107054166023124&amp;type=3\" target=\"_blank\">Conozca im\u00e1genes del Foro sobre calidad en la Educaci\u00f3n Superior<\/a><\/p>\n<p>&nbsp;<\/p>\n<p><b>Informes:<\/b> Vicerrector\u00eda Acad\u00e9mica, tel\u00e9fono 878 15 00 extensi\u00f3n 11 105.<\/p>\n","protected":false},"excerpt":{"rendered":"<p>Con invitados de talla nacional 29\/05\/2013 Foto: Guillermo Sarmiento Estrada\/ Prensa U. de Caldas. Redacci\u00f3n: Margarita Laverde Galvis &nbsp; Invitados expertos se dieron cita en la Universidad de Caldas este mi\u00e9rcoles 29 de mayo del 2013, para disertar en el Foro sobre calidad en la Educaci\u00f3n Superior y sus perspectivas en la reforma de la [&hellip;]<\/p>\n","protected":false},"author":2,"featured_media":0,"comment_status":"closed","ping_status":"closed","sticky":false,"template":"","format":"standard","meta":{"footnotes":""},"categories":[48,53],"tags":[],"class_list":["post-16149","post","type-post","status-publish","format-standard","hentry","category-actualidad","category-universidad-al-dia"],"yoast_head":"<!-- This site is optimized with the Yoast SEO plugin v27.5 - https:\/\/yoast.com\/product\/yoast-seo-wordpress\/ -->\n<title>U. de Caldas present\u00f3 foro sobre calidad de educaci\u00f3n superior .<\/title>\n<meta name=\"robots\" content=\"index, follow, max-snippet:-1, max-image-preview:large, max-video-preview:-1\" \/>\n<link rel=\"canonical\" href=\"https:\/\/www.ucaldas.edu.co\/portal\/u-de-caldas-presento-foro-sobre-calidad-de-educacion-superior\/\" \/>\n<script type=\"application\/ld+json\" class=\"yoast-schema-graph\">{\"@context\":\"https:\\\/\\\/schema.org\",\"@graph\":[{\"@type\":\"Article\",\"@id\":\"https:\\\/\\\/www.ucaldas.edu.co\\\/portal\\\/u-de-caldas-presento-foro-sobre-calidad-de-educacion-superior\\\/#article\",\"isPartOf\":{\"@id\":\"https:\\\/\\\/www.ucaldas.edu.co\\\/portal\\\/u-de-caldas-presento-foro-sobre-calidad-de-educacion-superior\\\/\"},\"author\":{\"name\":\"ofiprensa\",\"@id\":\"https:\\\/\\\/www.ucaldas.edu.co\\\/portal\\\/#\\\/schema\\\/person\\\/a1b482e23449158b4bc319926c074fdf\"},\"headline\":\"U. de Caldas present\u00f3 foro sobre calidad de educaci\u00f3n superior\",\"datePublished\":\"2013-05-29T15:36:20+00:00\",\"mainEntityOfPage\":{\"@id\":\"https:\\\/\\\/www.ucaldas.edu.co\\\/portal\\\/u-de-caldas-presento-foro-sobre-calidad-de-educacion-superior\\\/\"},\"wordCount\":544,\"publisher\":{\"@id\":\"https:\\\/\\\/www.ucaldas.edu.co\\\/portal\\\/#organization\"},\"image\":{\"@id\":\"https:\\\/\\\/www.ucaldas.edu.co\\\/portal\\\/u-de-caldas-presento-foro-sobre-calidad-de-educacion-superior\\\/#primaryimage\"},\"thumbnailUrl\":\"http:\\\/\\\/www.ucaldas.edu.co\\\/images\\\/tmp\\\/forocalidadeducacionmayo292013.jpg\",\"articleSection\":[\"Actualidad\",\"Universidad al D\u00eda\"],\"inLanguage\":\"es\"},{\"@type\":\"WebPage\",\"@id\":\"https:\\\/\\\/www.ucaldas.edu.co\\\/portal\\\/u-de-caldas-presento-foro-sobre-calidad-de-educacion-superior\\\/\",\"url\":\"https:\\\/\\\/www.ucaldas.edu.co\\\/portal\\\/u-de-caldas-presento-foro-sobre-calidad-de-educacion-superior\\\/\",\"name\":\"U. de Caldas present\u00f3 foro sobre calidad de educaci\u00f3n superior .\",\"isPartOf\":{\"@id\":\"https:\\\/\\\/www.ucaldas.edu.co\\\/portal\\\/#website\"},\"primaryImageOfPage\":{\"@id\":\"https:\\\/\\\/www.ucaldas.edu.co\\\/portal\\\/u-de-caldas-presento-foro-sobre-calidad-de-educacion-superior\\\/#primaryimage\"},\"image\":{\"@id\":\"https:\\\/\\\/www.ucaldas.edu.co\\\/portal\\\/u-de-caldas-presento-foro-sobre-calidad-de-educacion-superior\\\/#primaryimage\"},\"thumbnailUrl\":\"http:\\\/\\\/www.ucaldas.edu.co\\\/images\\\/tmp\\\/forocalidadeducacionmayo292013.jpg\",\"datePublished\":\"2013-05-29T15:36:20+00:00\",\"breadcrumb\":{\"@id\":\"https:\\\/\\\/www.ucaldas.edu.co\\\/portal\\\/u-de-caldas-presento-foro-sobre-calidad-de-educacion-superior\\\/#breadcrumb\"},\"inLanguage\":\"es\",\"potentialAction\":[{\"@type\":\"ReadAction\",\"target\":[\"https:\\\/\\\/www.ucaldas.edu.co\\\/portal\\\/u-de-caldas-presento-foro-sobre-calidad-de-educacion-superior\\\/\"]}]},{\"@type\":\"ImageObject\",\"inLanguage\":\"es\",\"@id\":\"https:\\\/\\\/www.ucaldas.edu.co\\\/portal\\\/u-de-caldas-presento-foro-sobre-calidad-de-educacion-superior\\\/#primaryimage\",\"url\":\"http:\\\/\\\/www.ucaldas.edu.co\\\/images\\\/tmp\\\/forocalidadeducacionmayo292013.jpg\",\"contentUrl\":\"http:\\\/\\\/www.ucaldas.edu.co\\\/images\\\/tmp\\\/forocalidadeducacionmayo292013.jpg\"},{\"@type\":\"BreadcrumbList\",\"@id\":\"https:\\\/\\\/www.ucaldas.edu.co\\\/portal\\\/u-de-caldas-presento-foro-sobre-calidad-de-educacion-superior\\\/#breadcrumb\",\"itemListElement\":[{\"@type\":\"ListItem\",\"position\":1,\"name\":\"Portada\",\"item\":\"https:\\\/\\\/www.ucaldas.edu.co\\\/portal\\\/\"},{\"@type\":\"ListItem\",\"position\":2,\"name\":\"U. de Caldas present\u00f3 foro sobre calidad de educaci\u00f3n superior\"}]},{\"@type\":\"WebSite\",\"@id\":\"https:\\\/\\\/www.ucaldas.edu.co\\\/portal\\\/#website\",\"url\":\"https:\\\/\\\/www.ucaldas.edu.co\\\/portal\\\/\",\"name\":\"Universidad de Caldas\",\"description\":\"\",\"publisher\":{\"@id\":\"https:\\\/\\\/www.ucaldas.edu.co\\\/portal\\\/#organization\"},\"alternateName\":\"U. de Caldas\",\"potentialAction\":[{\"@type\":\"SearchAction\",\"target\":{\"@type\":\"EntryPoint\",\"urlTemplate\":\"https:\\\/\\\/www.ucaldas.edu.co\\\/portal\\\/?s={search_term_string}\"},\"query-input\":{\"@type\":\"PropertyValueSpecification\",\"valueRequired\":true,\"valueName\":\"search_term_string\"}}],\"inLanguage\":\"es\"},{\"@type\":\"Organization\",\"@id\":\"https:\\\/\\\/www.ucaldas.edu.co\\\/portal\\\/#organization\",\"name\":\"Universidad de Caldas\",\"alternateName\":\"U. de Caldas\",\"url\":\"https:\\\/\\\/www.ucaldas.edu.co\\\/portal\\\/\",\"logo\":{\"@type\":\"ImageObject\",\"inLanguage\":\"es\",\"@id\":\"https:\\\/\\\/www.ucaldas.edu.co\\\/portal\\\/#\\\/schema\\\/logo\\\/image\\\/\",\"url\":\"https:\\\/\\\/www.ucaldas.edu.co\\\/portal\\\/wp-content\\\/uploads\\\/2023\\\/11\\\/Logo_horizontal_oscuroU-2023.png\",\"contentUrl\":\"https:\\\/\\\/www.ucaldas.edu.co\\\/portal\\\/wp-content\\\/uploads\\\/2023\\\/11\\\/Logo_horizontal_oscuroU-2023.png\",\"width\":263,\"height\":101,\"caption\":\"Universidad de Caldas\"},\"image\":{\"@id\":\"https:\\\/\\\/www.ucaldas.edu.co\\\/portal\\\/#\\\/schema\\\/logo\\\/image\\\/\"},\"sameAs\":[\"https:\\\/\\\/www.facebook.com\\\/udecaldas\",\"https:\\\/\\\/x.com\\\/udecaldas\",\"https:\\\/\\\/www.youtube.com\\\/universidadcaldas\",\"https:\\\/\\\/www.instagram.com\\\/udecaldas\\\/\"]},{\"@type\":\"Person\",\"@id\":\"https:\\\/\\\/www.ucaldas.edu.co\\\/portal\\\/#\\\/schema\\\/person\\\/a1b482e23449158b4bc319926c074fdf\",\"name\":\"ofiprensa\",\"image\":{\"@type\":\"ImageObject\",\"inLanguage\":\"es\",\"@id\":\"https:\\\/\\\/www.ucaldas.edu.co\\\/portal\\\/wp-content\\\/litespeed\\\/avatar\\\/09ea5085e600095a7a811142c6944527.jpg?ver=1777497608\",\"url\":\"https:\\\/\\\/www.ucaldas.edu.co\\\/portal\\\/wp-content\\\/litespeed\\\/avatar\\\/09ea5085e600095a7a811142c6944527.jpg?ver=1777497608\",\"contentUrl\":\"https:\\\/\\\/www.ucaldas.edu.co\\\/portal\\\/wp-content\\\/litespeed\\\/avatar\\\/09ea5085e600095a7a811142c6944527.jpg?ver=1777497608\",\"caption\":\"ofiprensa\"},\"url\":\"https:\\\/\\\/www.ucaldas.edu.co\\\/portal\\\/author\\\/ofiprensa\\\/\"}]}<\/script>\n<!-- \/ Yoast SEO plugin. -->","yoast_head_json":{"title":"U. de Caldas present\u00f3 foro sobre calidad de educaci\u00f3n superior .","robots":{"index":"index","follow":"follow","max-snippet":"max-snippet:-1","max-image-preview":"max-image-preview:large","max-video-preview":"max-video-preview:-1"},"canonical":"https:\/\/www.ucaldas.edu.co\/portal\/u-de-caldas-presento-foro-sobre-calidad-de-educacion-superior\/","schema":{"@context":"https:\/\/schema.org","@graph":[{"@type":"Article","@id":"https:\/\/www.ucaldas.edu.co\/portal\/u-de-caldas-presento-foro-sobre-calidad-de-educacion-superior\/#article","isPartOf":{"@id":"https:\/\/www.ucaldas.edu.co\/portal\/u-de-caldas-presento-foro-sobre-calidad-de-educacion-superior\/"},"author":{"name":"ofiprensa","@id":"https:\/\/www.ucaldas.edu.co\/portal\/#\/schema\/person\/a1b482e23449158b4bc319926c074fdf"},"headline":"U. de Caldas present\u00f3 foro sobre calidad de educaci\u00f3n superior","datePublished":"2013-05-29T15:36:20+00:00","mainEntityOfPage":{"@id":"https:\/\/www.ucaldas.edu.co\/portal\/u-de-caldas-presento-foro-sobre-calidad-de-educacion-superior\/"},"wordCount":544,"publisher":{"@id":"https:\/\/www.ucaldas.edu.co\/portal\/#organization"},"image":{"@id":"https:\/\/www.ucaldas.edu.co\/portal\/u-de-caldas-presento-foro-sobre-calidad-de-educacion-superior\/#primaryimage"},"thumbnailUrl":"http:\/\/www.ucaldas.edu.co\/images\/tmp\/forocalidadeducacionmayo292013.jpg","articleSection":["Actualidad","Universidad al D\u00eda"],"inLanguage":"es"},{"@type":"WebPage","@id":"https:\/\/www.ucaldas.edu.co\/portal\/u-de-caldas-presento-foro-sobre-calidad-de-educacion-superior\/","url":"https:\/\/www.ucaldas.edu.co\/portal\/u-de-caldas-presento-foro-sobre-calidad-de-educacion-superior\/","name":"U. de Caldas present\u00f3 foro sobre calidad de educaci\u00f3n superior .","isPartOf":{"@id":"https:\/\/www.ucaldas.edu.co\/portal\/#website"},"primaryImageOfPage":{"@id":"https:\/\/www.ucaldas.edu.co\/portal\/u-de-caldas-presento-foro-sobre-calidad-de-educacion-superior\/#primaryimage"},"image":{"@id":"https:\/\/www.ucaldas.edu.co\/portal\/u-de-caldas-presento-foro-sobre-calidad-de-educacion-superior\/#primaryimage"},"thumbnailUrl":"http:\/\/www.ucaldas.edu.co\/images\/tmp\/forocalidadeducacionmayo292013.jpg","datePublished":"2013-05-29T15:36:20+00:00","breadcrumb":{"@id":"https:\/\/www.ucaldas.edu.co\/portal\/u-de-caldas-presento-foro-sobre-calidad-de-educacion-superior\/#breadcrumb"},"inLanguage":"es","potentialAction":[{"@type":"ReadAction","target":["https:\/\/www.ucaldas.edu.co\/portal\/u-de-caldas-presento-foro-sobre-calidad-de-educacion-superior\/"]}]},{"@type":"ImageObject","inLanguage":"es","@id":"https:\/\/www.ucaldas.edu.co\/portal\/u-de-caldas-presento-foro-sobre-calidad-de-educacion-superior\/#primaryimage","url":"http:\/\/www.ucaldas.edu.co\/images\/tmp\/forocalidadeducacionmayo292013.jpg","contentUrl":"http:\/\/www.ucaldas.edu.co\/images\/tmp\/forocalidadeducacionmayo292013.jpg"},{"@type":"BreadcrumbList","@id":"https:\/\/www.ucaldas.edu.co\/portal\/u-de-caldas-presento-foro-sobre-calidad-de-educacion-superior\/#breadcrumb","itemListElement":[{"@type":"ListItem","position":1,"name":"Portada","item":"https:\/\/www.ucaldas.edu.co\/portal\/"},{"@type":"ListItem","position":2,"name":"U. de Caldas present\u00f3 foro sobre calidad de educaci\u00f3n superior"}]},{"@type":"WebSite","@id":"https:\/\/www.ucaldas.edu.co\/portal\/#website","url":"https:\/\/www.ucaldas.edu.co\/portal\/","name":"Universidad de Caldas","description":"","publisher":{"@id":"https:\/\/www.ucaldas.edu.co\/portal\/#organization"},"alternateName":"U. de Caldas","potentialAction":[{"@type":"SearchAction","target":{"@type":"EntryPoint","urlTemplate":"https:\/\/www.ucaldas.edu.co\/portal\/?s={search_term_string}"},"query-input":{"@type":"PropertyValueSpecification","valueRequired":true,"valueName":"search_term_string"}}],"inLanguage":"es"},{"@type":"Organization","@id":"https:\/\/www.ucaldas.edu.co\/portal\/#organization","name":"Universidad de Caldas","alternateName":"U. de Caldas","url":"https:\/\/www.ucaldas.edu.co\/portal\/","logo":{"@type":"ImageObject","inLanguage":"es","@id":"https:\/\/www.ucaldas.edu.co\/portal\/#\/schema\/logo\/image\/","url":"https:\/\/www.ucaldas.edu.co\/portal\/wp-content\/uploads\/2023\/11\/Logo_horizontal_oscuroU-2023.png","contentUrl":"https:\/\/www.ucaldas.edu.co\/portal\/wp-content\/uploads\/2023\/11\/Logo_horizontal_oscuroU-2023.png","width":263,"height":101,"caption":"Universidad de Caldas"},"image":{"@id":"https:\/\/www.ucaldas.edu.co\/portal\/#\/schema\/logo\/image\/"},"sameAs":["https:\/\/www.facebook.com\/udecaldas","https:\/\/x.com\/udecaldas","https:\/\/www.youtube.com\/universidadcaldas","https:\/\/www.instagram.com\/udecaldas\/"]},{"@type":"Person","@id":"https:\/\/www.ucaldas.edu.co\/portal\/#\/schema\/person\/a1b482e23449158b4bc319926c074fdf","name":"ofiprensa","image":{"@type":"ImageObject","inLanguage":"es","@id":"https:\/\/www.ucaldas.edu.co\/portal\/wp-content\/litespeed\/avatar\/09ea5085e600095a7a811142c6944527.jpg?ver=1777497608","url":"https:\/\/www.ucaldas.edu.co\/portal\/wp-content\/litespeed\/avatar\/09ea5085e600095a7a811142c6944527.jpg?ver=1777497608","contentUrl":"https:\/\/www.ucaldas.edu.co\/portal\/wp-content\/litespeed\/avatar\/09ea5085e600095a7a811142c6944527.jpg?ver=1777497608","caption":"ofiprensa"},"url":"https:\/\/www.ucaldas.edu.co\/portal\/author\/ofiprensa\/"}]}},"_links":{"self":[{"href":"https:\/\/www.ucaldas.edu.co\/portal\/wp-json\/wp\/v2\/posts\/16149","targetHints":{"allow":["GET"]}}],"collection":[{"href":"https:\/\/www.ucaldas.edu.co\/portal\/wp-json\/wp\/v2\/posts"}],"about":[{"href":"https:\/\/www.ucaldas.edu.co\/portal\/wp-json\/wp\/v2\/types\/post"}],"author":[{"embeddable":true,"href":"https:\/\/www.ucaldas.edu.co\/portal\/wp-json\/wp\/v2\/users\/2"}],"replies":[{"embeddable":true,"href":"https:\/\/www.ucaldas.edu.co\/portal\/wp-json\/wp\/v2\/comments?post=16149"}],"version-history":[{"count":0,"href":"https:\/\/www.ucaldas.edu.co\/portal\/wp-json\/wp\/v2\/posts\/16149\/revisions"}],"wp:attachment":[{"href":"https:\/\/www.ucaldas.edu.co\/portal\/wp-json\/wp\/v2\/media?parent=16149"}],"wp:term":[{"taxonomy":"category","embeddable":true,"href":"https:\/\/www.ucaldas.edu.co\/portal\/wp-json\/wp\/v2\/categories?post=16149"},{"taxonomy":"post_tag","embeddable":true,"href":"https:\/\/www.ucaldas.edu.co\/portal\/wp-json\/wp\/v2\/tags?post=16149"}],"curies":[{"name":"wp","href":"https:\/\/api.w.org\/{rel}","templated":true}]}}