{"id":16147,"date":"2013-05-29T10:35:43","date_gmt":"2013-05-29T15:35:43","guid":{"rendered":"https:\/\/www.ucaldas.edu.co\/portal\/?p=16147"},"modified":"2013-05-29T10:35:43","modified_gmt":"2013-05-29T15:35:43","slug":"130-delegados-de-universidades-colombianas-llegan-a-encuentro-de-gestion-universitaria","status":"publish","type":"post","link":"https:\/\/www.ucaldas.edu.co\/portal\/130-delegados-de-universidades-colombianas-llegan-a-encuentro-de-gestion-universitaria\/","title":{"rendered":"130 delegados de universidades colombianas llegan a Encuentro de Gesti\u00f3n Universitaria"},"content":{"rendered":"<p align=\"center\"><span style=\"text-decoration: underline\">Este jueves 30 y viernes 31 de mayo, en la U. de Caldas<br \/>\n<\/span><\/p>\n<p align=\"right\">\n<p align=\"right\">29\/05\/2013<\/p>\n<p align=\"right\">\n<hr id=\"system-readmore\" \/>\n<table border=\"0\">\n<tbody>\n<tr>\n<td><img loading=\"lazy\" decoding=\"async\" style=\"border: 0px\" title=\"encuentro\" alt=\"encuentro\" src=\"http:\/\/www.ucaldas.edu.co\/images\/tmp\/encuentrogestionuniversitaria2013.jpg\" width=\"240\" height=\"150\" border=\"0\" \/><\/td>\n<td>\n<p align=\"right\">Redacci\u00f3n: Margarita Laverde Galvis<\/p>\n<p>&nbsp;<\/p>\n<p><b>Este a\u00f1o<\/b> la <b>Universidad de Caldas<\/b> <b>ser\u00e1<\/b> la <b>sede<\/b> del <b>II Encuentro Colombiano de Gesti\u00f3n Universitaria<\/b>, que <b>se desarrollar\u00e1 este jueves 30 y viernes 31 de mayo<\/b> del 2013. Se trata de un evento que <b>organiza<\/b> el Sistema Universitario Estatal (<b>SUE<\/b>), con el apoyo de la Asociaci\u00f3n Colombiana de Universidades (<b>Asc\u00fan<\/b>) y el Ministerio de Educaci\u00f3n Nacional (<b>MEN<\/b>).<\/td>\n<\/tr>\n<\/tbody>\n<\/table>\n<p>&nbsp;<\/p>\n<p>&nbsp;<\/p>\n<p>La <b>apertura<\/b> del <b>evento<\/b> ser\u00e1 este <b>jueves 30 de mayo,<\/b> a las <b>10:30 a.m.<\/b> en la <b>Sala Carlos N\u00e1der N\u00e1der<\/b>, Campus Central U. de Caldas.<\/p>\n<p>&nbsp;<\/p>\n<p>El acto <b>contar\u00e1<\/b> con la <b>participaci\u00f3n<\/b> de la <b>Subdirectora de Apoyo a la Gesti\u00f3n de las Instituciones de Educaci\u00f3n Superior<\/b>, Diana Margarita P\u00e9rez Camacho; <b>Director Ejecutivo (e)<\/b> de la Asociaci\u00f3n Colombiana de Universidades (<b>Asc\u00fan<\/b>), Carlos Hernando Forero Robayo, y el <b>Presidente<\/b> del Sistema Universitario Estatal (<b>SUE<\/b>), Luis Enrique Arango Jim\u00e9nez.<\/p>\n<p>&nbsp;<\/p>\n<p>Justo Nieto Nieto, <b>exrector de la U. Polit\u00e9cnica de Valencia (Espa\u00f1a),<\/b> ser\u00e1 el <b>conferencista central<\/b> del encuentro. La <b>apertura<\/b> la <b>presidir\u00e1<\/b> el <b>Rector de la U. de Caldas<\/b>, Ricardo G\u00f3mez Giraldo y del <b>Presidente del II Encuentro de Gesti\u00f3n Universitaria<\/b>, Fabio Arias Orozco.<\/p>\n<p>&nbsp;<\/p>\n<p>El <b>encuentro tendr\u00e1<\/b> las siguientes <b>l\u00edneas tem\u00e1ticas<\/b>:<\/p>\n<p>&nbsp;<\/p>\n<p>1. Gobierno.<\/p>\n<p>2. Innovaci\u00f3n en la gesti\u00f3n universitaria.<\/p>\n<p>3. Sistemas de informaci\u00f3n para la gesti\u00f3n administrativa.<\/p>\n<p>4. Sistemas Integrados de Gesti\u00f3n de la Calidad (SIG) como estrategia para la competitividad universitaria.<\/p>\n<p>&nbsp;<\/p>\n<p>Ent\u00e9rese de la programaci\u00f3n completa y m\u00e1s detalles del encuentro en <a href=\"http:\/\/desarrollo.ucaldas.edu.co\/archivo\/gestionu\" target=\"_blank\">www.ucaldas.edu.co\/gestionu<\/a><\/p>\n<p>&nbsp;<\/p>\n<p><a href=\"http:\/\/desarrollo.ucaldas.edu.co\/archivo\/index.php?option=com_content&amp;view=article&amp;catid=419%3Auniversidad-al-dia&amp;id=8448%3Aii-encuentro-colombiano-de-gestion-universitaria-&amp;Itemid=1039\" target=\"_blank\">Conozca aqu\u00ed m\u00e1s detalles del evento<\/a><\/p>\n<p>&nbsp;<\/p>\n<p><b>Informes:<\/b> Unidad de Servicios y Mercadeo de la U. de Caldas, tel\u00e9fono 878 15 00, extensi\u00f3n 12 653 o en el correo electr\u00f3nico <a href=\"mailto:servicioalcliente@ucaldas.edu.co\" target=\"_blank\">servicioalcliente@ucaldas.edu.co<\/a><\/p>\n","protected":false},"excerpt":{"rendered":"<p>Este jueves 30 y viernes 31 de mayo, en la U. de Caldas 29\/05\/2013 Redacci\u00f3n: Margarita Laverde Galvis &nbsp; Este a\u00f1o la Universidad de Caldas ser\u00e1 la sede del II Encuentro Colombiano de Gesti\u00f3n Universitaria, que se desarrollar\u00e1 este jueves 30 y viernes 31 de mayo del 2013. Se trata de un evento que organiza [&hellip;]<\/p>\n","protected":false},"author":2,"featured_media":0,"comment_status":"closed","ping_status":"closed","sticky":false,"template":"","format":"standard","meta":{"footnotes":""},"categories":[53,48],"tags":[],"class_list":["post-16147","post","type-post","status-publish","format-standard","hentry","category-universidad-al-dia","category-actualidad"],"yoast_head":"<!-- This site is optimized with the Yoast SEO plugin v27.5 - https:\/\/yoast.com\/product\/yoast-seo-wordpress\/ -->\n<title>130 delegados de universidades colombianas llegan a Encuentro de Gesti\u00f3n Universitaria .<\/title>\n<meta name=\"robots\" content=\"index, follow, max-snippet:-1, max-image-preview:large, max-video-preview:-1\" \/>\n<link rel=\"canonical\" href=\"https:\/\/www.ucaldas.edu.co\/portal\/130-delegados-de-universidades-colombianas-llegan-a-encuentro-de-gestion-universitaria\/\" \/>\n<script type=\"application\/ld+json\" class=\"yoast-schema-graph\">{\"@context\":\"https:\\\/\\\/schema.org\",\"@graph\":[{\"@type\":\"Article\",\"@id\":\"https:\\\/\\\/www.ucaldas.edu.co\\\/portal\\\/130-delegados-de-universidades-colombianas-llegan-a-encuentro-de-gestion-universitaria\\\/#article\",\"isPartOf\":{\"@id\":\"https:\\\/\\\/www.ucaldas.edu.co\\\/portal\\\/130-delegados-de-universidades-colombianas-llegan-a-encuentro-de-gestion-universitaria\\\/\"},\"author\":{\"name\":\"ofiprensa\",\"@id\":\"https:\\\/\\\/www.ucaldas.edu.co\\\/portal\\\/#\\\/schema\\\/person\\\/a1b482e23449158b4bc319926c074fdf\"},\"headline\":\"130 delegados de universidades colombianas llegan a Encuentro de Gesti\u00f3n Universitaria\",\"datePublished\":\"2013-05-29T15:35:43+00:00\",\"mainEntityOfPage\":{\"@id\":\"https:\\\/\\\/www.ucaldas.edu.co\\\/portal\\\/130-delegados-de-universidades-colombianas-llegan-a-encuentro-de-gestion-universitaria\\\/\"},\"wordCount\":319,\"publisher\":{\"@id\":\"https:\\\/\\\/www.ucaldas.edu.co\\\/portal\\\/#organization\"},\"image\":{\"@id\":\"https:\\\/\\\/www.ucaldas.edu.co\\\/portal\\\/130-delegados-de-universidades-colombianas-llegan-a-encuentro-de-gestion-universitaria\\\/#primaryimage\"},\"thumbnailUrl\":\"http:\\\/\\\/www.ucaldas.edu.co\\\/images\\\/tmp\\\/encuentrogestionuniversitaria2013.jpg\",\"articleSection\":[\"Universidad al D\u00eda\",\"Actualidad\"],\"inLanguage\":\"es\"},{\"@type\":\"WebPage\",\"@id\":\"https:\\\/\\\/www.ucaldas.edu.co\\\/portal\\\/130-delegados-de-universidades-colombianas-llegan-a-encuentro-de-gestion-universitaria\\\/\",\"url\":\"https:\\\/\\\/www.ucaldas.edu.co\\\/portal\\\/130-delegados-de-universidades-colombianas-llegan-a-encuentro-de-gestion-universitaria\\\/\",\"name\":\"130 delegados de universidades colombianas llegan a Encuentro de Gesti\u00f3n Universitaria .\",\"isPartOf\":{\"@id\":\"https:\\\/\\\/www.ucaldas.edu.co\\\/portal\\\/#website\"},\"primaryImageOfPage\":{\"@id\":\"https:\\\/\\\/www.ucaldas.edu.co\\\/portal\\\/130-delegados-de-universidades-colombianas-llegan-a-encuentro-de-gestion-universitaria\\\/#primaryimage\"},\"image\":{\"@id\":\"https:\\\/\\\/www.ucaldas.edu.co\\\/portal\\\/130-delegados-de-universidades-colombianas-llegan-a-encuentro-de-gestion-universitaria\\\/#primaryimage\"},\"thumbnailUrl\":\"http:\\\/\\\/www.ucaldas.edu.co\\\/images\\\/tmp\\\/encuentrogestionuniversitaria2013.jpg\",\"datePublished\":\"2013-05-29T15:35:43+00:00\",\"breadcrumb\":{\"@id\":\"https:\\\/\\\/www.ucaldas.edu.co\\\/portal\\\/130-delegados-de-universidades-colombianas-llegan-a-encuentro-de-gestion-universitaria\\\/#breadcrumb\"},\"inLanguage\":\"es\",\"potentialAction\":[{\"@type\":\"ReadAction\",\"target\":[\"https:\\\/\\\/www.ucaldas.edu.co\\\/portal\\\/130-delegados-de-universidades-colombianas-llegan-a-encuentro-de-gestion-universitaria\\\/\"]}]},{\"@type\":\"ImageObject\",\"inLanguage\":\"es\",\"@id\":\"https:\\\/\\\/www.ucaldas.edu.co\\\/portal\\\/130-delegados-de-universidades-colombianas-llegan-a-encuentro-de-gestion-universitaria\\\/#primaryimage\",\"url\":\"http:\\\/\\\/www.ucaldas.edu.co\\\/images\\\/tmp\\\/encuentrogestionuniversitaria2013.jpg\",\"contentUrl\":\"http:\\\/\\\/www.ucaldas.edu.co\\\/images\\\/tmp\\\/encuentrogestionuniversitaria2013.jpg\"},{\"@type\":\"BreadcrumbList\",\"@id\":\"https:\\\/\\\/www.ucaldas.edu.co\\\/portal\\\/130-delegados-de-universidades-colombianas-llegan-a-encuentro-de-gestion-universitaria\\\/#breadcrumb\",\"itemListElement\":[{\"@type\":\"ListItem\",\"position\":1,\"name\":\"Portada\",\"item\":\"https:\\\/\\\/www.ucaldas.edu.co\\\/portal\\\/\"},{\"@type\":\"ListItem\",\"position\":2,\"name\":\"130 delegados de universidades colombianas llegan a Encuentro de Gesti\u00f3n Universitaria\"}]},{\"@type\":\"WebSite\",\"@id\":\"https:\\\/\\\/www.ucaldas.edu.co\\\/portal\\\/#website\",\"url\":\"https:\\\/\\\/www.ucaldas.edu.co\\\/portal\\\/\",\"name\":\"Universidad de Caldas\",\"description\":\"\",\"publisher\":{\"@id\":\"https:\\\/\\\/www.ucaldas.edu.co\\\/portal\\\/#organization\"},\"alternateName\":\"U. de Caldas\",\"potentialAction\":[{\"@type\":\"SearchAction\",\"target\":{\"@type\":\"EntryPoint\",\"urlTemplate\":\"https:\\\/\\\/www.ucaldas.edu.co\\\/portal\\\/?s={search_term_string}\"},\"query-input\":{\"@type\":\"PropertyValueSpecification\",\"valueRequired\":true,\"valueName\":\"search_term_string\"}}],\"inLanguage\":\"es\"},{\"@type\":\"Organization\",\"@id\":\"https:\\\/\\\/www.ucaldas.edu.co\\\/portal\\\/#organization\",\"name\":\"Universidad de Caldas\",\"alternateName\":\"U. de Caldas\",\"url\":\"https:\\\/\\\/www.ucaldas.edu.co\\\/portal\\\/\",\"logo\":{\"@type\":\"ImageObject\",\"inLanguage\":\"es\",\"@id\":\"https:\\\/\\\/www.ucaldas.edu.co\\\/portal\\\/#\\\/schema\\\/logo\\\/image\\\/\",\"url\":\"https:\\\/\\\/www.ucaldas.edu.co\\\/portal\\\/wp-content\\\/uploads\\\/2023\\\/11\\\/Logo_horizontal_oscuroU-2023.png\",\"contentUrl\":\"https:\\\/\\\/www.ucaldas.edu.co\\\/portal\\\/wp-content\\\/uploads\\\/2023\\\/11\\\/Logo_horizontal_oscuroU-2023.png\",\"width\":263,\"height\":101,\"caption\":\"Universidad de Caldas\"},\"image\":{\"@id\":\"https:\\\/\\\/www.ucaldas.edu.co\\\/portal\\\/#\\\/schema\\\/logo\\\/image\\\/\"},\"sameAs\":[\"https:\\\/\\\/www.facebook.com\\\/udecaldas\",\"https:\\\/\\\/x.com\\\/udecaldas\",\"https:\\\/\\\/www.youtube.com\\\/universidadcaldas\",\"https:\\\/\\\/www.instagram.com\\\/udecaldas\\\/\"]},{\"@type\":\"Person\",\"@id\":\"https:\\\/\\\/www.ucaldas.edu.co\\\/portal\\\/#\\\/schema\\\/person\\\/a1b482e23449158b4bc319926c074fdf\",\"name\":\"ofiprensa\",\"image\":{\"@type\":\"ImageObject\",\"inLanguage\":\"es\",\"@id\":\"https:\\\/\\\/www.ucaldas.edu.co\\\/portal\\\/wp-content\\\/litespeed\\\/avatar\\\/09ea5085e600095a7a811142c6944527.jpg?ver=1777497608\",\"url\":\"https:\\\/\\\/www.ucaldas.edu.co\\\/portal\\\/wp-content\\\/litespeed\\\/avatar\\\/09ea5085e600095a7a811142c6944527.jpg?ver=1777497608\",\"contentUrl\":\"https:\\\/\\\/www.ucaldas.edu.co\\\/portal\\\/wp-content\\\/litespeed\\\/avatar\\\/09ea5085e600095a7a811142c6944527.jpg?ver=1777497608\",\"caption\":\"ofiprensa\"},\"url\":\"https:\\\/\\\/www.ucaldas.edu.co\\\/portal\\\/author\\\/ofiprensa\\\/\"}]}<\/script>\n<!-- \/ Yoast SEO plugin. -->","yoast_head_json":{"title":"130 delegados de universidades colombianas llegan a Encuentro de Gesti\u00f3n Universitaria .","robots":{"index":"index","follow":"follow","max-snippet":"max-snippet:-1","max-image-preview":"max-image-preview:large","max-video-preview":"max-video-preview:-1"},"canonical":"https:\/\/www.ucaldas.edu.co\/portal\/130-delegados-de-universidades-colombianas-llegan-a-encuentro-de-gestion-universitaria\/","schema":{"@context":"https:\/\/schema.org","@graph":[{"@type":"Article","@id":"https:\/\/www.ucaldas.edu.co\/portal\/130-delegados-de-universidades-colombianas-llegan-a-encuentro-de-gestion-universitaria\/#article","isPartOf":{"@id":"https:\/\/www.ucaldas.edu.co\/portal\/130-delegados-de-universidades-colombianas-llegan-a-encuentro-de-gestion-universitaria\/"},"author":{"name":"ofiprensa","@id":"https:\/\/www.ucaldas.edu.co\/portal\/#\/schema\/person\/a1b482e23449158b4bc319926c074fdf"},"headline":"130 delegados de universidades colombianas llegan a Encuentro de Gesti\u00f3n Universitaria","datePublished":"2013-05-29T15:35:43+00:00","mainEntityOfPage":{"@id":"https:\/\/www.ucaldas.edu.co\/portal\/130-delegados-de-universidades-colombianas-llegan-a-encuentro-de-gestion-universitaria\/"},"wordCount":319,"publisher":{"@id":"https:\/\/www.ucaldas.edu.co\/portal\/#organization"},"image":{"@id":"https:\/\/www.ucaldas.edu.co\/portal\/130-delegados-de-universidades-colombianas-llegan-a-encuentro-de-gestion-universitaria\/#primaryimage"},"thumbnailUrl":"http:\/\/www.ucaldas.edu.co\/images\/tmp\/encuentrogestionuniversitaria2013.jpg","articleSection":["Universidad al D\u00eda","Actualidad"],"inLanguage":"es"},{"@type":"WebPage","@id":"https:\/\/www.ucaldas.edu.co\/portal\/130-delegados-de-universidades-colombianas-llegan-a-encuentro-de-gestion-universitaria\/","url":"https:\/\/www.ucaldas.edu.co\/portal\/130-delegados-de-universidades-colombianas-llegan-a-encuentro-de-gestion-universitaria\/","name":"130 delegados de universidades colombianas llegan a Encuentro de Gesti\u00f3n Universitaria .","isPartOf":{"@id":"https:\/\/www.ucaldas.edu.co\/portal\/#website"},"primaryImageOfPage":{"@id":"https:\/\/www.ucaldas.edu.co\/portal\/130-delegados-de-universidades-colombianas-llegan-a-encuentro-de-gestion-universitaria\/#primaryimage"},"image":{"@id":"https:\/\/www.ucaldas.edu.co\/portal\/130-delegados-de-universidades-colombianas-llegan-a-encuentro-de-gestion-universitaria\/#primaryimage"},"thumbnailUrl":"http:\/\/www.ucaldas.edu.co\/images\/tmp\/encuentrogestionuniversitaria2013.jpg","datePublished":"2013-05-29T15:35:43+00:00","breadcrumb":{"@id":"https:\/\/www.ucaldas.edu.co\/portal\/130-delegados-de-universidades-colombianas-llegan-a-encuentro-de-gestion-universitaria\/#breadcrumb"},"inLanguage":"es","potentialAction":[{"@type":"ReadAction","target":["https:\/\/www.ucaldas.edu.co\/portal\/130-delegados-de-universidades-colombianas-llegan-a-encuentro-de-gestion-universitaria\/"]}]},{"@type":"ImageObject","inLanguage":"es","@id":"https:\/\/www.ucaldas.edu.co\/portal\/130-delegados-de-universidades-colombianas-llegan-a-encuentro-de-gestion-universitaria\/#primaryimage","url":"http:\/\/www.ucaldas.edu.co\/images\/tmp\/encuentrogestionuniversitaria2013.jpg","contentUrl":"http:\/\/www.ucaldas.edu.co\/images\/tmp\/encuentrogestionuniversitaria2013.jpg"},{"@type":"BreadcrumbList","@id":"https:\/\/www.ucaldas.edu.co\/portal\/130-delegados-de-universidades-colombianas-llegan-a-encuentro-de-gestion-universitaria\/#breadcrumb","itemListElement":[{"@type":"ListItem","position":1,"name":"Portada","item":"https:\/\/www.ucaldas.edu.co\/portal\/"},{"@type":"ListItem","position":2,"name":"130 delegados de universidades colombianas llegan a Encuentro de Gesti\u00f3n Universitaria"}]},{"@type":"WebSite","@id":"https:\/\/www.ucaldas.edu.co\/portal\/#website","url":"https:\/\/www.ucaldas.edu.co\/portal\/","name":"Universidad de Caldas","description":"","publisher":{"@id":"https:\/\/www.ucaldas.edu.co\/portal\/#organization"},"alternateName":"U. de Caldas","potentialAction":[{"@type":"SearchAction","target":{"@type":"EntryPoint","urlTemplate":"https:\/\/www.ucaldas.edu.co\/portal\/?s={search_term_string}"},"query-input":{"@type":"PropertyValueSpecification","valueRequired":true,"valueName":"search_term_string"}}],"inLanguage":"es"},{"@type":"Organization","@id":"https:\/\/www.ucaldas.edu.co\/portal\/#organization","name":"Universidad de Caldas","alternateName":"U. de Caldas","url":"https:\/\/www.ucaldas.edu.co\/portal\/","logo":{"@type":"ImageObject","inLanguage":"es","@id":"https:\/\/www.ucaldas.edu.co\/portal\/#\/schema\/logo\/image\/","url":"https:\/\/www.ucaldas.edu.co\/portal\/wp-content\/uploads\/2023\/11\/Logo_horizontal_oscuroU-2023.png","contentUrl":"https:\/\/www.ucaldas.edu.co\/portal\/wp-content\/uploads\/2023\/11\/Logo_horizontal_oscuroU-2023.png","width":263,"height":101,"caption":"Universidad de Caldas"},"image":{"@id":"https:\/\/www.ucaldas.edu.co\/portal\/#\/schema\/logo\/image\/"},"sameAs":["https:\/\/www.facebook.com\/udecaldas","https:\/\/x.com\/udecaldas","https:\/\/www.youtube.com\/universidadcaldas","https:\/\/www.instagram.com\/udecaldas\/"]},{"@type":"Person","@id":"https:\/\/www.ucaldas.edu.co\/portal\/#\/schema\/person\/a1b482e23449158b4bc319926c074fdf","name":"ofiprensa","image":{"@type":"ImageObject","inLanguage":"es","@id":"https:\/\/www.ucaldas.edu.co\/portal\/wp-content\/litespeed\/avatar\/09ea5085e600095a7a811142c6944527.jpg?ver=1777497608","url":"https:\/\/www.ucaldas.edu.co\/portal\/wp-content\/litespeed\/avatar\/09ea5085e600095a7a811142c6944527.jpg?ver=1777497608","contentUrl":"https:\/\/www.ucaldas.edu.co\/portal\/wp-content\/litespeed\/avatar\/09ea5085e600095a7a811142c6944527.jpg?ver=1777497608","caption":"ofiprensa"},"url":"https:\/\/www.ucaldas.edu.co\/portal\/author\/ofiprensa\/"}]}},"_links":{"self":[{"href":"https:\/\/www.ucaldas.edu.co\/portal\/wp-json\/wp\/v2\/posts\/16147","targetHints":{"allow":["GET"]}}],"collection":[{"href":"https:\/\/www.ucaldas.edu.co\/portal\/wp-json\/wp\/v2\/posts"}],"about":[{"href":"https:\/\/www.ucaldas.edu.co\/portal\/wp-json\/wp\/v2\/types\/post"}],"author":[{"embeddable":true,"href":"https:\/\/www.ucaldas.edu.co\/portal\/wp-json\/wp\/v2\/users\/2"}],"replies":[{"embeddable":true,"href":"https:\/\/www.ucaldas.edu.co\/portal\/wp-json\/wp\/v2\/comments?post=16147"}],"version-history":[{"count":0,"href":"https:\/\/www.ucaldas.edu.co\/portal\/wp-json\/wp\/v2\/posts\/16147\/revisions"}],"wp:attachment":[{"href":"https:\/\/www.ucaldas.edu.co\/portal\/wp-json\/wp\/v2\/media?parent=16147"}],"wp:term":[{"taxonomy":"category","embeddable":true,"href":"https:\/\/www.ucaldas.edu.co\/portal\/wp-json\/wp\/v2\/categories?post=16147"},{"taxonomy":"post_tag","embeddable":true,"href":"https:\/\/www.ucaldas.edu.co\/portal\/wp-json\/wp\/v2\/tags?post=16147"}],"curies":[{"name":"wp","href":"https:\/\/api.w.org\/{rel}","templated":true}]}}