{"id":16136,"date":"2013-05-28T10:31:23","date_gmt":"2013-05-28T15:31:23","guid":{"rendered":"https:\/\/www.ucaldas.edu.co\/portal\/?p=16136"},"modified":"2013-05-28T10:31:23","modified_gmt":"2013-05-28T15:31:23","slug":"empresarios-se-capacitaron-en-innovacion-y-contenidos-digitales-en-u-de-caldas","status":"publish","type":"post","link":"https:\/\/www.ucaldas.edu.co\/portal\/empresarios-se-capacitaron-en-innovacion-y-contenidos-digitales-en-u-de-caldas\/","title":{"rendered":"Empresarios se capacitaron en innovaci\u00f3n y contenidos digitales, en U. de Caldas"},"content":{"rendered":"<p align=\"center\"><span style=\"text-decoration: underline\">Primer taller congreg\u00f3 a 55 emprendedores <\/span><\/p>\n<p align=\"right\">\n<p align=\"right\">28\/05\/2013<\/p>\n<p align=\"right\">\n<hr id=\"system-readmore\" \/>\n<table border=\"0\">\n<tbody>\n<tr>\n<td><img loading=\"lazy\" decoding=\"async\" style=\"border: 0px\" title=\"taller\" alt=\"taller\" src=\"http:\/\/www.ucaldas.edu.co\/images\/tmp\/talleraplicacionesmovilesmayo282013.jpg\" width=\"240\" height=\"150\" border=\"0\" \/><\/p>\n<p>Foto: Guillermo Sarmiento Estrada\/ Prensa U. de Caldas.<\/td>\n<td>\n<p align=\"right\">Redacci\u00f3n: Margarita Laverde Galvis<\/p>\n<p>&nbsp;<\/p>\n<p>En el <b>Vive Lab<\/b> de <b>la Universidad de Caldas<\/b> <b>se llev\u00f3 a<\/b> <b>cabo<\/b> el <b>taller<\/b> en <b>dise\u00f1o<\/b> e <b>innovaci\u00f3n<\/b> en <b>aplicaciones m\u00f3viles<\/b> y <b>contenidos digitales<\/b>, este <b>martes 28 de mayo<\/b> del 2013, en un encuentro <b>organizado<\/b> Confec\u00e1maras, el Ministerio de Industria, Comercio y Turismo; el Ministerio de Tecnolog\u00edas de la Informaci\u00f3n y las Comunicaciones, y la C\u00e1mara de Comercio de Manizales.<\/td>\n<\/tr>\n<\/tbody>\n<\/table>\n<p>&nbsp;<\/p>\n<p>Felipe C\u00e9sar Londo\u00f1o L\u00f3pez, <b>Gerente del Vive Lab<\/b>, explic\u00f3: \u201cpresentamos a los empresarios de qu\u00e9 manera el dise\u00f1o puede contribuir a estructurar empresas y se pensaron metodolog\u00edas para posibilitar la llegada de prototipos a un mercado determinado\u201d.<\/p>\n<p><b>55 empresarios participaron en el <\/b><b>encuentro<\/b>, entre quienes <b>se encontraron<\/b> <b>j\u00f3venes emprendedores<\/b> vinculados a la U. de Caldas,\u00a0 a <b>Incubar Empresas Culturales<\/b> y al Laboratorio Social de Emprendimiento (<b>Laso<\/b>) Eje Cafetero.<\/p>\n<p>El taller lo orientaron Javier Ricardo Mej\u00eda, <b>Director del Programa de Dise\u00f1o del Ministerio de Industria, Comercio y Turismo<\/b>, y Jorge Restrepo, <b>Director de Contenidos Digitales del Mintic.<\/b><\/p>\n<p>El encuentro fue subdividido en grupos de trabajo, donde cada uno imaginaba nuevos prototipos, para diversificar nuevos productos hacia nuevos mercados. El <b>taller tendr\u00e1 una segunda fase<\/b> -en un mes-, a trav\u00e9s de la cual <b>se trabajar\u00e1 el desarrollo de estos prototipos concebidos.<\/b><\/p>\n<p><a href=\"https:\/\/www.facebook.com\/media\/set\/?set=a.520853907976479.1073742040.107054166023124&amp;type=3\" target=\"_blank\">Conozca im\u00e1genes del Taller en dise\u00f1o e innovaci\u00f3n en aplicaciones m\u00f3viles y contenidos digitales<\/a><\/p>\n<p><b>Informes:<\/b> Doctorado en Dise\u00f1o y Creaci\u00f3n, tel\u00e9fono 878 15 72.<\/p>\n","protected":false},"excerpt":{"rendered":"<p>Primer taller congreg\u00f3 a 55 emprendedores 28\/05\/2013 Foto: Guillermo Sarmiento Estrada\/ Prensa U. de Caldas. Redacci\u00f3n: Margarita Laverde Galvis &nbsp; En el Vive Lab de la Universidad de Caldas se llev\u00f3 a cabo el taller en dise\u00f1o e innovaci\u00f3n en aplicaciones m\u00f3viles y contenidos digitales, este martes 28 de mayo del 2013, en un encuentro [&hellip;]<\/p>\n","protected":false},"author":2,"featured_media":0,"comment_status":"closed","ping_status":"closed","sticky":false,"template":"","format":"standard","meta":{"footnotes":""},"categories":[53,48],"tags":[],"class_list":["post-16136","post","type-post","status-publish","format-standard","hentry","category-universidad-al-dia","category-actualidad"],"yoast_head":"<!-- This site is optimized with the Yoast SEO plugin v27.5 - https:\/\/yoast.com\/product\/yoast-seo-wordpress\/ -->\n<title>Empresarios se capacitaron en innovaci\u00f3n y contenidos digitales, en U. de Caldas .<\/title>\n<meta name=\"robots\" content=\"index, follow, max-snippet:-1, max-image-preview:large, max-video-preview:-1\" \/>\n<link rel=\"canonical\" href=\"https:\/\/www.ucaldas.edu.co\/portal\/empresarios-se-capacitaron-en-innovacion-y-contenidos-digitales-en-u-de-caldas\/\" \/>\n<script type=\"application\/ld+json\" class=\"yoast-schema-graph\">{\"@context\":\"https:\\\/\\\/schema.org\",\"@graph\":[{\"@type\":\"Article\",\"@id\":\"https:\\\/\\\/www.ucaldas.edu.co\\\/portal\\\/empresarios-se-capacitaron-en-innovacion-y-contenidos-digitales-en-u-de-caldas\\\/#article\",\"isPartOf\":{\"@id\":\"https:\\\/\\\/www.ucaldas.edu.co\\\/portal\\\/empresarios-se-capacitaron-en-innovacion-y-contenidos-digitales-en-u-de-caldas\\\/\"},\"author\":{\"name\":\"ofiprensa\",\"@id\":\"https:\\\/\\\/www.ucaldas.edu.co\\\/portal\\\/#\\\/schema\\\/person\\\/a1b482e23449158b4bc319926c074fdf\"},\"headline\":\"Empresarios se capacitaron en innovaci\u00f3n y contenidos digitales, en U. de Caldas\",\"datePublished\":\"2013-05-28T15:31:23+00:00\",\"mainEntityOfPage\":{\"@id\":\"https:\\\/\\\/www.ucaldas.edu.co\\\/portal\\\/empresarios-se-capacitaron-en-innovacion-y-contenidos-digitales-en-u-de-caldas\\\/\"},\"wordCount\":274,\"publisher\":{\"@id\":\"https:\\\/\\\/www.ucaldas.edu.co\\\/portal\\\/#organization\"},\"image\":{\"@id\":\"https:\\\/\\\/www.ucaldas.edu.co\\\/portal\\\/empresarios-se-capacitaron-en-innovacion-y-contenidos-digitales-en-u-de-caldas\\\/#primaryimage\"},\"thumbnailUrl\":\"http:\\\/\\\/www.ucaldas.edu.co\\\/images\\\/tmp\\\/talleraplicacionesmovilesmayo282013.jpg\",\"articleSection\":[\"Universidad al D\u00eda\",\"Actualidad\"],\"inLanguage\":\"es\"},{\"@type\":\"WebPage\",\"@id\":\"https:\\\/\\\/www.ucaldas.edu.co\\\/portal\\\/empresarios-se-capacitaron-en-innovacion-y-contenidos-digitales-en-u-de-caldas\\\/\",\"url\":\"https:\\\/\\\/www.ucaldas.edu.co\\\/portal\\\/empresarios-se-capacitaron-en-innovacion-y-contenidos-digitales-en-u-de-caldas\\\/\",\"name\":\"Empresarios se capacitaron en innovaci\u00f3n y contenidos digitales, en U. de Caldas .\",\"isPartOf\":{\"@id\":\"https:\\\/\\\/www.ucaldas.edu.co\\\/portal\\\/#website\"},\"primaryImageOfPage\":{\"@id\":\"https:\\\/\\\/www.ucaldas.edu.co\\\/portal\\\/empresarios-se-capacitaron-en-innovacion-y-contenidos-digitales-en-u-de-caldas\\\/#primaryimage\"},\"image\":{\"@id\":\"https:\\\/\\\/www.ucaldas.edu.co\\\/portal\\\/empresarios-se-capacitaron-en-innovacion-y-contenidos-digitales-en-u-de-caldas\\\/#primaryimage\"},\"thumbnailUrl\":\"http:\\\/\\\/www.ucaldas.edu.co\\\/images\\\/tmp\\\/talleraplicacionesmovilesmayo282013.jpg\",\"datePublished\":\"2013-05-28T15:31:23+00:00\",\"breadcrumb\":{\"@id\":\"https:\\\/\\\/www.ucaldas.edu.co\\\/portal\\\/empresarios-se-capacitaron-en-innovacion-y-contenidos-digitales-en-u-de-caldas\\\/#breadcrumb\"},\"inLanguage\":\"es\",\"potentialAction\":[{\"@type\":\"ReadAction\",\"target\":[\"https:\\\/\\\/www.ucaldas.edu.co\\\/portal\\\/empresarios-se-capacitaron-en-innovacion-y-contenidos-digitales-en-u-de-caldas\\\/\"]}]},{\"@type\":\"ImageObject\",\"inLanguage\":\"es\",\"@id\":\"https:\\\/\\\/www.ucaldas.edu.co\\\/portal\\\/empresarios-se-capacitaron-en-innovacion-y-contenidos-digitales-en-u-de-caldas\\\/#primaryimage\",\"url\":\"http:\\\/\\\/www.ucaldas.edu.co\\\/images\\\/tmp\\\/talleraplicacionesmovilesmayo282013.jpg\",\"contentUrl\":\"http:\\\/\\\/www.ucaldas.edu.co\\\/images\\\/tmp\\\/talleraplicacionesmovilesmayo282013.jpg\"},{\"@type\":\"BreadcrumbList\",\"@id\":\"https:\\\/\\\/www.ucaldas.edu.co\\\/portal\\\/empresarios-se-capacitaron-en-innovacion-y-contenidos-digitales-en-u-de-caldas\\\/#breadcrumb\",\"itemListElement\":[{\"@type\":\"ListItem\",\"position\":1,\"name\":\"Portada\",\"item\":\"https:\\\/\\\/www.ucaldas.edu.co\\\/portal\\\/\"},{\"@type\":\"ListItem\",\"position\":2,\"name\":\"Empresarios se capacitaron en innovaci\u00f3n y contenidos digitales, en U. de Caldas\"}]},{\"@type\":\"WebSite\",\"@id\":\"https:\\\/\\\/www.ucaldas.edu.co\\\/portal\\\/#website\",\"url\":\"https:\\\/\\\/www.ucaldas.edu.co\\\/portal\\\/\",\"name\":\"Universidad de Caldas\",\"description\":\"\",\"publisher\":{\"@id\":\"https:\\\/\\\/www.ucaldas.edu.co\\\/portal\\\/#organization\"},\"alternateName\":\"U. de Caldas\",\"potentialAction\":[{\"@type\":\"SearchAction\",\"target\":{\"@type\":\"EntryPoint\",\"urlTemplate\":\"https:\\\/\\\/www.ucaldas.edu.co\\\/portal\\\/?s={search_term_string}\"},\"query-input\":{\"@type\":\"PropertyValueSpecification\",\"valueRequired\":true,\"valueName\":\"search_term_string\"}}],\"inLanguage\":\"es\"},{\"@type\":\"Organization\",\"@id\":\"https:\\\/\\\/www.ucaldas.edu.co\\\/portal\\\/#organization\",\"name\":\"Universidad de Caldas\",\"alternateName\":\"U. de Caldas\",\"url\":\"https:\\\/\\\/www.ucaldas.edu.co\\\/portal\\\/\",\"logo\":{\"@type\":\"ImageObject\",\"inLanguage\":\"es\",\"@id\":\"https:\\\/\\\/www.ucaldas.edu.co\\\/portal\\\/#\\\/schema\\\/logo\\\/image\\\/\",\"url\":\"https:\\\/\\\/www.ucaldas.edu.co\\\/portal\\\/wp-content\\\/uploads\\\/2023\\\/11\\\/Logo_horizontal_oscuroU-2023.png\",\"contentUrl\":\"https:\\\/\\\/www.ucaldas.edu.co\\\/portal\\\/wp-content\\\/uploads\\\/2023\\\/11\\\/Logo_horizontal_oscuroU-2023.png\",\"width\":263,\"height\":101,\"caption\":\"Universidad de Caldas\"},\"image\":{\"@id\":\"https:\\\/\\\/www.ucaldas.edu.co\\\/portal\\\/#\\\/schema\\\/logo\\\/image\\\/\"},\"sameAs\":[\"https:\\\/\\\/www.facebook.com\\\/udecaldas\",\"https:\\\/\\\/x.com\\\/udecaldas\",\"https:\\\/\\\/www.youtube.com\\\/universidadcaldas\",\"https:\\\/\\\/www.instagram.com\\\/udecaldas\\\/\"]},{\"@type\":\"Person\",\"@id\":\"https:\\\/\\\/www.ucaldas.edu.co\\\/portal\\\/#\\\/schema\\\/person\\\/a1b482e23449158b4bc319926c074fdf\",\"name\":\"ofiprensa\",\"image\":{\"@type\":\"ImageObject\",\"inLanguage\":\"es\",\"@id\":\"https:\\\/\\\/www.ucaldas.edu.co\\\/portal\\\/wp-content\\\/litespeed\\\/avatar\\\/09ea5085e600095a7a811142c6944527.jpg?ver=1777497608\",\"url\":\"https:\\\/\\\/www.ucaldas.edu.co\\\/portal\\\/wp-content\\\/litespeed\\\/avatar\\\/09ea5085e600095a7a811142c6944527.jpg?ver=1777497608\",\"contentUrl\":\"https:\\\/\\\/www.ucaldas.edu.co\\\/portal\\\/wp-content\\\/litespeed\\\/avatar\\\/09ea5085e600095a7a811142c6944527.jpg?ver=1777497608\",\"caption\":\"ofiprensa\"},\"url\":\"https:\\\/\\\/www.ucaldas.edu.co\\\/portal\\\/author\\\/ofiprensa\\\/\"}]}<\/script>\n<!-- \/ Yoast SEO plugin. -->","yoast_head_json":{"title":"Empresarios se capacitaron en innovaci\u00f3n y contenidos digitales, en U. de Caldas .","robots":{"index":"index","follow":"follow","max-snippet":"max-snippet:-1","max-image-preview":"max-image-preview:large","max-video-preview":"max-video-preview:-1"},"canonical":"https:\/\/www.ucaldas.edu.co\/portal\/empresarios-se-capacitaron-en-innovacion-y-contenidos-digitales-en-u-de-caldas\/","schema":{"@context":"https:\/\/schema.org","@graph":[{"@type":"Article","@id":"https:\/\/www.ucaldas.edu.co\/portal\/empresarios-se-capacitaron-en-innovacion-y-contenidos-digitales-en-u-de-caldas\/#article","isPartOf":{"@id":"https:\/\/www.ucaldas.edu.co\/portal\/empresarios-se-capacitaron-en-innovacion-y-contenidos-digitales-en-u-de-caldas\/"},"author":{"name":"ofiprensa","@id":"https:\/\/www.ucaldas.edu.co\/portal\/#\/schema\/person\/a1b482e23449158b4bc319926c074fdf"},"headline":"Empresarios se capacitaron en innovaci\u00f3n y contenidos digitales, en U. de Caldas","datePublished":"2013-05-28T15:31:23+00:00","mainEntityOfPage":{"@id":"https:\/\/www.ucaldas.edu.co\/portal\/empresarios-se-capacitaron-en-innovacion-y-contenidos-digitales-en-u-de-caldas\/"},"wordCount":274,"publisher":{"@id":"https:\/\/www.ucaldas.edu.co\/portal\/#organization"},"image":{"@id":"https:\/\/www.ucaldas.edu.co\/portal\/empresarios-se-capacitaron-en-innovacion-y-contenidos-digitales-en-u-de-caldas\/#primaryimage"},"thumbnailUrl":"http:\/\/www.ucaldas.edu.co\/images\/tmp\/talleraplicacionesmovilesmayo282013.jpg","articleSection":["Universidad al D\u00eda","Actualidad"],"inLanguage":"es"},{"@type":"WebPage","@id":"https:\/\/www.ucaldas.edu.co\/portal\/empresarios-se-capacitaron-en-innovacion-y-contenidos-digitales-en-u-de-caldas\/","url":"https:\/\/www.ucaldas.edu.co\/portal\/empresarios-se-capacitaron-en-innovacion-y-contenidos-digitales-en-u-de-caldas\/","name":"Empresarios se capacitaron en innovaci\u00f3n y contenidos digitales, en U. de Caldas .","isPartOf":{"@id":"https:\/\/www.ucaldas.edu.co\/portal\/#website"},"primaryImageOfPage":{"@id":"https:\/\/www.ucaldas.edu.co\/portal\/empresarios-se-capacitaron-en-innovacion-y-contenidos-digitales-en-u-de-caldas\/#primaryimage"},"image":{"@id":"https:\/\/www.ucaldas.edu.co\/portal\/empresarios-se-capacitaron-en-innovacion-y-contenidos-digitales-en-u-de-caldas\/#primaryimage"},"thumbnailUrl":"http:\/\/www.ucaldas.edu.co\/images\/tmp\/talleraplicacionesmovilesmayo282013.jpg","datePublished":"2013-05-28T15:31:23+00:00","breadcrumb":{"@id":"https:\/\/www.ucaldas.edu.co\/portal\/empresarios-se-capacitaron-en-innovacion-y-contenidos-digitales-en-u-de-caldas\/#breadcrumb"},"inLanguage":"es","potentialAction":[{"@type":"ReadAction","target":["https:\/\/www.ucaldas.edu.co\/portal\/empresarios-se-capacitaron-en-innovacion-y-contenidos-digitales-en-u-de-caldas\/"]}]},{"@type":"ImageObject","inLanguage":"es","@id":"https:\/\/www.ucaldas.edu.co\/portal\/empresarios-se-capacitaron-en-innovacion-y-contenidos-digitales-en-u-de-caldas\/#primaryimage","url":"http:\/\/www.ucaldas.edu.co\/images\/tmp\/talleraplicacionesmovilesmayo282013.jpg","contentUrl":"http:\/\/www.ucaldas.edu.co\/images\/tmp\/talleraplicacionesmovilesmayo282013.jpg"},{"@type":"BreadcrumbList","@id":"https:\/\/www.ucaldas.edu.co\/portal\/empresarios-se-capacitaron-en-innovacion-y-contenidos-digitales-en-u-de-caldas\/#breadcrumb","itemListElement":[{"@type":"ListItem","position":1,"name":"Portada","item":"https:\/\/www.ucaldas.edu.co\/portal\/"},{"@type":"ListItem","position":2,"name":"Empresarios se capacitaron en innovaci\u00f3n y contenidos digitales, en U. de Caldas"}]},{"@type":"WebSite","@id":"https:\/\/www.ucaldas.edu.co\/portal\/#website","url":"https:\/\/www.ucaldas.edu.co\/portal\/","name":"Universidad de Caldas","description":"","publisher":{"@id":"https:\/\/www.ucaldas.edu.co\/portal\/#organization"},"alternateName":"U. de Caldas","potentialAction":[{"@type":"SearchAction","target":{"@type":"EntryPoint","urlTemplate":"https:\/\/www.ucaldas.edu.co\/portal\/?s={search_term_string}"},"query-input":{"@type":"PropertyValueSpecification","valueRequired":true,"valueName":"search_term_string"}}],"inLanguage":"es"},{"@type":"Organization","@id":"https:\/\/www.ucaldas.edu.co\/portal\/#organization","name":"Universidad de Caldas","alternateName":"U. de Caldas","url":"https:\/\/www.ucaldas.edu.co\/portal\/","logo":{"@type":"ImageObject","inLanguage":"es","@id":"https:\/\/www.ucaldas.edu.co\/portal\/#\/schema\/logo\/image\/","url":"https:\/\/www.ucaldas.edu.co\/portal\/wp-content\/uploads\/2023\/11\/Logo_horizontal_oscuroU-2023.png","contentUrl":"https:\/\/www.ucaldas.edu.co\/portal\/wp-content\/uploads\/2023\/11\/Logo_horizontal_oscuroU-2023.png","width":263,"height":101,"caption":"Universidad de Caldas"},"image":{"@id":"https:\/\/www.ucaldas.edu.co\/portal\/#\/schema\/logo\/image\/"},"sameAs":["https:\/\/www.facebook.com\/udecaldas","https:\/\/x.com\/udecaldas","https:\/\/www.youtube.com\/universidadcaldas","https:\/\/www.instagram.com\/udecaldas\/"]},{"@type":"Person","@id":"https:\/\/www.ucaldas.edu.co\/portal\/#\/schema\/person\/a1b482e23449158b4bc319926c074fdf","name":"ofiprensa","image":{"@type":"ImageObject","inLanguage":"es","@id":"https:\/\/www.ucaldas.edu.co\/portal\/wp-content\/litespeed\/avatar\/09ea5085e600095a7a811142c6944527.jpg?ver=1777497608","url":"https:\/\/www.ucaldas.edu.co\/portal\/wp-content\/litespeed\/avatar\/09ea5085e600095a7a811142c6944527.jpg?ver=1777497608","contentUrl":"https:\/\/www.ucaldas.edu.co\/portal\/wp-content\/litespeed\/avatar\/09ea5085e600095a7a811142c6944527.jpg?ver=1777497608","caption":"ofiprensa"},"url":"https:\/\/www.ucaldas.edu.co\/portal\/author\/ofiprensa\/"}]}},"_links":{"self":[{"href":"https:\/\/www.ucaldas.edu.co\/portal\/wp-json\/wp\/v2\/posts\/16136","targetHints":{"allow":["GET"]}}],"collection":[{"href":"https:\/\/www.ucaldas.edu.co\/portal\/wp-json\/wp\/v2\/posts"}],"about":[{"href":"https:\/\/www.ucaldas.edu.co\/portal\/wp-json\/wp\/v2\/types\/post"}],"author":[{"embeddable":true,"href":"https:\/\/www.ucaldas.edu.co\/portal\/wp-json\/wp\/v2\/users\/2"}],"replies":[{"embeddable":true,"href":"https:\/\/www.ucaldas.edu.co\/portal\/wp-json\/wp\/v2\/comments?post=16136"}],"version-history":[{"count":0,"href":"https:\/\/www.ucaldas.edu.co\/portal\/wp-json\/wp\/v2\/posts\/16136\/revisions"}],"wp:attachment":[{"href":"https:\/\/www.ucaldas.edu.co\/portal\/wp-json\/wp\/v2\/media?parent=16136"}],"wp:term":[{"taxonomy":"category","embeddable":true,"href":"https:\/\/www.ucaldas.edu.co\/portal\/wp-json\/wp\/v2\/categories?post=16136"},{"taxonomy":"post_tag","embeddable":true,"href":"https:\/\/www.ucaldas.edu.co\/portal\/wp-json\/wp\/v2\/tags?post=16136"}],"curies":[{"name":"wp","href":"https:\/\/api.w.org\/{rel}","templated":true}]}}