{"id":15544,"date":"2013-05-11T11:02:27","date_gmt":"2013-05-11T16:02:27","guid":{"rendered":"https:\/\/www.ucaldas.edu.co\/portal\/?p=15544"},"modified":"2013-05-11T11:02:27","modified_gmt":"2013-05-11T16:02:27","slug":"las-academias-premiaran-jovenes-cientificos","status":"publish","type":"post","link":"https:\/\/www.ucaldas.edu.co\/portal\/las-academias-premiaran-jovenes-cientificos\/","title":{"rendered":"Las academias premiar\u00e1n j\u00f3venes cient\u00edficos"},"content":{"rendered":"<p align=\"center\">\u00a0Est\u00e1n abiertas las inscripciones<\/p>\n<p align=\"center\">\n<p align=\"right\">10\/05\/2013<\/p>\n<p align=\"right\">\n<hr id=\"system-readmore\" \/>\n<table border=\"0\">\n<tbody>\n<tr>\n<td><img loading=\"lazy\" decoding=\"async\" style=\"border: 0px\" title=\"j\u00f3venes cient\u00edficos\" alt=\"j\u00f3venes cient\u00edficos\" src=\"http:\/\/www.ucaldas.edu.co\/images\/tmp\/convocatoriarepresentantesjuridicas.jpg\" width=\"240\" height=\"150\" border=\"0\" \/><\/p>\n<p>Foto: Guillermo Sarmiento Estrada\/ Prensa U. de Caldas.<\/td>\n<td>\n<p align=\"right\">Redacci\u00f3n: Eliana Bernal Correa<\/p>\n<p>Hasta el <b>17 de mayo<\/b> del 2013 a las 5:00 p.m. estar\u00e1n <b>abiertas las inscripciones<\/b> para el <b>Premio a la Obra Integral de un Cient\u00edfico<\/b>, de la Academia Colombiana de Ciencias Exactas, F\u00edsicas y Naturales<b> (Accefyn)<\/b>, y para el <b>Premio Cient\u00edficos J\u00f3venes Colombianos<\/b>, de la \u00a0Academia de Ciencias para el Mundo en Desarrollo<b> (TWAS)<\/b>.<\/td>\n<\/tr>\n<\/tbody>\n<\/table>\n<p>&nbsp;<\/p>\n<p>&nbsp;<\/p>\n<p>Se realizar\u00e1 una entrega de premios en sesi\u00f3n solemne estaturaria el <b>21 de agosto<\/b> del 2013.\u00a0 El monto del premio a la <b>Obra Integral de un Cient\u00edfico <\/b>ser\u00e1 de <b>$8.000.000<\/b>, y el de la <b>TWAS<\/b> ser\u00e1 de <b>$2 mil d\u00f3lares<\/b>.<\/p>\n<p>&nbsp;<\/p>\n<p>El galardonado debe ser <b>colombiano<\/b> y la obra debe ser sobresaliente con un <b>alto reconocimiento nacional e internacional<\/b>.<\/p>\n<p>&nbsp;<\/p>\n<p><a href=\"http:\/\/ucaldas.edu.co\/images\/tmp\/convocatoriamayo2013cientifico.pdf\" target=\"_blank\">Conozca m\u00e1s informaci\u00f3n sobre la convocatoria.<\/a><\/p>\n<p>&nbsp;<\/p>\n<p><b>Informes:<\/b> Oficina de Prensa, tel\u00e9fono 878 15 00 extensi\u00f3n 12 167.<\/p>\n","protected":false},"excerpt":{"rendered":"<p>\u00a0Est\u00e1n abiertas las inscripciones 10\/05\/2013 Foto: Guillermo Sarmiento Estrada\/ Prensa U. de Caldas. Redacci\u00f3n: Eliana Bernal Correa Hasta el 17 de mayo del 2013 a las 5:00 p.m. estar\u00e1n abiertas las inscripciones para el Premio a la Obra Integral de un Cient\u00edfico, de la Academia Colombiana de Ciencias Exactas, F\u00edsicas y Naturales (Accefyn), y para [&hellip;]<\/p>\n","protected":false},"author":2,"featured_media":0,"comment_status":"closed","ping_status":"closed","sticky":false,"template":"","format":"standard","meta":{"footnotes":"","_members_access_role":[],"_members_access_error":""},"categories":[48,53],"tags":[],"class_list":["post-15544","post","type-post","status-publish","format-standard","hentry","category-actualidad","category-universidad-al-dia"],"yoast_head":"<!-- This site is optimized with the Yoast SEO plugin v28.3 - https:\/\/yoast.com\/product\/yoast-seo-wordpress\/ -->\n<title>Las academias premiar\u00e1n j\u00f3venes cient\u00edficos .<\/title>\n<meta name=\"robots\" content=\"index, follow, max-snippet:-1, max-image-preview:large, max-video-preview:-1\" \/>\n<link rel=\"canonical\" href=\"https:\/\/www.ucaldas.edu.co\/portal\/las-academias-premiaran-jovenes-cientificos\/\" \/>\n<script type=\"application\/ld+json\" class=\"yoast-schema-graph\">{\"@context\":\"https:\\\/\\\/schema.org\",\"@graph\":[{\"@type\":\"Article\",\"@id\":\"https:\\\/\\\/www.ucaldas.edu.co\\\/portal\\\/las-academias-premiaran-jovenes-cientificos\\\/#article\",\"isPartOf\":{\"@id\":\"https:\\\/\\\/www.ucaldas.edu.co\\\/portal\\\/las-academias-premiaran-jovenes-cientificos\\\/\"},\"author\":{\"name\":\"ofiprensa\",\"@id\":\"https:\\\/\\\/www.ucaldas.edu.co\\\/portal\\\/#\\\/schema\\\/person\\\/a1b482e23449158b4bc319926c074fdf\"},\"headline\":\"Las academias premiar\u00e1n j\u00f3venes cient\u00edficos\",\"datePublished\":\"2013-05-11T16:02:27+00:00\",\"mainEntityOfPage\":{\"@id\":\"https:\\\/\\\/www.ucaldas.edu.co\\\/portal\\\/las-academias-premiaran-jovenes-cientificos\\\/\"},\"wordCount\":161,\"publisher\":{\"@id\":\"https:\\\/\\\/www.ucaldas.edu.co\\\/portal\\\/#organization\"},\"image\":{\"@id\":\"https:\\\/\\\/www.ucaldas.edu.co\\\/portal\\\/las-academias-premiaran-jovenes-cientificos\\\/#primaryimage\"},\"thumbnailUrl\":\"http:\\\/\\\/www.ucaldas.edu.co\\\/images\\\/tmp\\\/convocatoriarepresentantesjuridicas.jpg\",\"articleSection\":[\"Actualidad\",\"Universidad al D\u00eda\"],\"inLanguage\":\"es\"},{\"@type\":\"WebPage\",\"@id\":\"https:\\\/\\\/www.ucaldas.edu.co\\\/portal\\\/las-academias-premiaran-jovenes-cientificos\\\/\",\"url\":\"https:\\\/\\\/www.ucaldas.edu.co\\\/portal\\\/las-academias-premiaran-jovenes-cientificos\\\/\",\"name\":\"Las academias premiar\u00e1n j\u00f3venes cient\u00edficos .\",\"isPartOf\":{\"@id\":\"https:\\\/\\\/www.ucaldas.edu.co\\\/portal\\\/#website\"},\"primaryImageOfPage\":{\"@id\":\"https:\\\/\\\/www.ucaldas.edu.co\\\/portal\\\/las-academias-premiaran-jovenes-cientificos\\\/#primaryimage\"},\"image\":{\"@id\":\"https:\\\/\\\/www.ucaldas.edu.co\\\/portal\\\/las-academias-premiaran-jovenes-cientificos\\\/#primaryimage\"},\"thumbnailUrl\":\"http:\\\/\\\/www.ucaldas.edu.co\\\/images\\\/tmp\\\/convocatoriarepresentantesjuridicas.jpg\",\"datePublished\":\"2013-05-11T16:02:27+00:00\",\"breadcrumb\":{\"@id\":\"https:\\\/\\\/www.ucaldas.edu.co\\\/portal\\\/las-academias-premiaran-jovenes-cientificos\\\/#breadcrumb\"},\"inLanguage\":\"es\",\"potentialAction\":[{\"@type\":\"ReadAction\",\"target\":[\"https:\\\/\\\/www.ucaldas.edu.co\\\/portal\\\/las-academias-premiaran-jovenes-cientificos\\\/\"]}]},{\"@type\":\"ImageObject\",\"inLanguage\":\"es\",\"@id\":\"https:\\\/\\\/www.ucaldas.edu.co\\\/portal\\\/las-academias-premiaran-jovenes-cientificos\\\/#primaryimage\",\"url\":\"http:\\\/\\\/www.ucaldas.edu.co\\\/images\\\/tmp\\\/convocatoriarepresentantesjuridicas.jpg\",\"contentUrl\":\"http:\\\/\\\/www.ucaldas.edu.co\\\/images\\\/tmp\\\/convocatoriarepresentantesjuridicas.jpg\"},{\"@type\":\"BreadcrumbList\",\"@id\":\"https:\\\/\\\/www.ucaldas.edu.co\\\/portal\\\/las-academias-premiaran-jovenes-cientificos\\\/#breadcrumb\",\"itemListElement\":[{\"@type\":\"ListItem\",\"position\":1,\"name\":\"Portada\",\"item\":\"https:\\\/\\\/www.ucaldas.edu.co\\\/portal\\\/\"},{\"@type\":\"ListItem\",\"position\":2,\"name\":\"Las academias premiar\u00e1n j\u00f3venes cient\u00edficos\"}]},{\"@type\":\"WebSite\",\"@id\":\"https:\\\/\\\/www.ucaldas.edu.co\\\/portal\\\/#website\",\"url\":\"https:\\\/\\\/www.ucaldas.edu.co\\\/portal\\\/\",\"name\":\"Universidad de Caldas\",\"description\":\"\",\"publisher\":{\"@id\":\"https:\\\/\\\/www.ucaldas.edu.co\\\/portal\\\/#organization\"},\"alternateName\":\"U. de Caldas\",\"potentialAction\":[{\"@type\":\"SearchAction\",\"target\":{\"@type\":\"EntryPoint\",\"urlTemplate\":\"https:\\\/\\\/www.ucaldas.edu.co\\\/portal\\\/?s={search_term_string}\"},\"query-input\":{\"@type\":\"PropertyValueSpecification\",\"valueRequired\":true,\"valueName\":\"search_term_string\"}}],\"inLanguage\":\"es\"},{\"@type\":\"Organization\",\"@id\":\"https:\\\/\\\/www.ucaldas.edu.co\\\/portal\\\/#organization\",\"name\":\"Universidad de Caldas\",\"alternateName\":\"U. de Caldas\",\"url\":\"https:\\\/\\\/www.ucaldas.edu.co\\\/portal\\\/\",\"logo\":{\"@type\":\"ImageObject\",\"inLanguage\":\"es\",\"@id\":\"https:\\\/\\\/www.ucaldas.edu.co\\\/portal\\\/#\\\/schema\\\/logo\\\/image\\\/\",\"url\":\"https:\\\/\\\/www.ucaldas.edu.co\\\/portal\\\/wp-content\\\/uploads\\\/2023\\\/11\\\/Logo_horizontal_oscuroU-2023.png\",\"contentUrl\":\"https:\\\/\\\/www.ucaldas.edu.co\\\/portal\\\/wp-content\\\/uploads\\\/2023\\\/11\\\/Logo_horizontal_oscuroU-2023.png\",\"width\":263,\"height\":101,\"caption\":\"Universidad de Caldas\"},\"image\":{\"@id\":\"https:\\\/\\\/www.ucaldas.edu.co\\\/portal\\\/#\\\/schema\\\/logo\\\/image\\\/\"},\"sameAs\":[\"https:\\\/\\\/www.facebook.com\\\/udecaldas\",\"https:\\\/\\\/x.com\\\/udecaldas\",\"https:\\\/\\\/www.youtube.com\\\/universidadcaldas\",\"https:\\\/\\\/www.instagram.com\\\/udecaldas\\\/\"]},{\"@type\":\"Person\",\"@id\":\"https:\\\/\\\/www.ucaldas.edu.co\\\/portal\\\/#\\\/schema\\\/person\\\/a1b482e23449158b4bc319926c074fdf\",\"name\":\"ofiprensa\",\"image\":{\"@type\":\"ImageObject\",\"inLanguage\":\"es\",\"@id\":\"https:\\\/\\\/www.ucaldas.edu.co\\\/portal\\\/wp-content\\\/litespeed\\\/avatar\\\/09ea5085e600095a7a811142c6944527.jpg?ver=1787779368\",\"url\":\"https:\\\/\\\/www.ucaldas.edu.co\\\/portal\\\/wp-content\\\/litespeed\\\/avatar\\\/09ea5085e600095a7a811142c6944527.jpg?ver=1787779368\",\"contentUrl\":\"https:\\\/\\\/www.ucaldas.edu.co\\\/portal\\\/wp-content\\\/litespeed\\\/avatar\\\/09ea5085e600095a7a811142c6944527.jpg?ver=1787779368\",\"caption\":\"ofiprensa\"},\"url\":\"https:\\\/\\\/www.ucaldas.edu.co\\\/portal\\\/author\\\/ofiprensa\\\/\"}]}<\/script>\n<!-- \/ Yoast SEO plugin. -->","yoast_head_json":{"title":"Las academias premiar\u00e1n j\u00f3venes cient\u00edficos .","robots":{"index":"index","follow":"follow","max-snippet":"max-snippet:-1","max-image-preview":"max-image-preview:large","max-video-preview":"max-video-preview:-1"},"canonical":"https:\/\/www.ucaldas.edu.co\/portal\/las-academias-premiaran-jovenes-cientificos\/","schema":{"@context":"https:\/\/schema.org","@graph":[{"@type":"Article","@id":"https:\/\/www.ucaldas.edu.co\/portal\/las-academias-premiaran-jovenes-cientificos\/#article","isPartOf":{"@id":"https:\/\/www.ucaldas.edu.co\/portal\/las-academias-premiaran-jovenes-cientificos\/"},"author":{"name":"ofiprensa","@id":"https:\/\/www.ucaldas.edu.co\/portal\/#\/schema\/person\/a1b482e23449158b4bc319926c074fdf"},"headline":"Las academias premiar\u00e1n j\u00f3venes cient\u00edficos","datePublished":"2013-05-11T16:02:27+00:00","mainEntityOfPage":{"@id":"https:\/\/www.ucaldas.edu.co\/portal\/las-academias-premiaran-jovenes-cientificos\/"},"wordCount":161,"publisher":{"@id":"https:\/\/www.ucaldas.edu.co\/portal\/#organization"},"image":{"@id":"https:\/\/www.ucaldas.edu.co\/portal\/las-academias-premiaran-jovenes-cientificos\/#primaryimage"},"thumbnailUrl":"http:\/\/www.ucaldas.edu.co\/images\/tmp\/convocatoriarepresentantesjuridicas.jpg","articleSection":["Actualidad","Universidad al D\u00eda"],"inLanguage":"es"},{"@type":"WebPage","@id":"https:\/\/www.ucaldas.edu.co\/portal\/las-academias-premiaran-jovenes-cientificos\/","url":"https:\/\/www.ucaldas.edu.co\/portal\/las-academias-premiaran-jovenes-cientificos\/","name":"Las academias premiar\u00e1n j\u00f3venes cient\u00edficos .","isPartOf":{"@id":"https:\/\/www.ucaldas.edu.co\/portal\/#website"},"primaryImageOfPage":{"@id":"https:\/\/www.ucaldas.edu.co\/portal\/las-academias-premiaran-jovenes-cientificos\/#primaryimage"},"image":{"@id":"https:\/\/www.ucaldas.edu.co\/portal\/las-academias-premiaran-jovenes-cientificos\/#primaryimage"},"thumbnailUrl":"http:\/\/www.ucaldas.edu.co\/images\/tmp\/convocatoriarepresentantesjuridicas.jpg","datePublished":"2013-05-11T16:02:27+00:00","breadcrumb":{"@id":"https:\/\/www.ucaldas.edu.co\/portal\/las-academias-premiaran-jovenes-cientificos\/#breadcrumb"},"inLanguage":"es","potentialAction":[{"@type":"ReadAction","target":["https:\/\/www.ucaldas.edu.co\/portal\/las-academias-premiaran-jovenes-cientificos\/"]}]},{"@type":"ImageObject","inLanguage":"es","@id":"https:\/\/www.ucaldas.edu.co\/portal\/las-academias-premiaran-jovenes-cientificos\/#primaryimage","url":"http:\/\/www.ucaldas.edu.co\/images\/tmp\/convocatoriarepresentantesjuridicas.jpg","contentUrl":"http:\/\/www.ucaldas.edu.co\/images\/tmp\/convocatoriarepresentantesjuridicas.jpg"},{"@type":"BreadcrumbList","@id":"https:\/\/www.ucaldas.edu.co\/portal\/las-academias-premiaran-jovenes-cientificos\/#breadcrumb","itemListElement":[{"@type":"ListItem","position":1,"name":"Portada","item":"https:\/\/www.ucaldas.edu.co\/portal\/"},{"@type":"ListItem","position":2,"name":"Las academias premiar\u00e1n j\u00f3venes cient\u00edficos"}]},{"@type":"WebSite","@id":"https:\/\/www.ucaldas.edu.co\/portal\/#website","url":"https:\/\/www.ucaldas.edu.co\/portal\/","name":"Universidad de Caldas","description":"","publisher":{"@id":"https:\/\/www.ucaldas.edu.co\/portal\/#organization"},"alternateName":"U. de Caldas","potentialAction":[{"@type":"SearchAction","target":{"@type":"EntryPoint","urlTemplate":"https:\/\/www.ucaldas.edu.co\/portal\/?s={search_term_string}"},"query-input":{"@type":"PropertyValueSpecification","valueRequired":true,"valueName":"search_term_string"}}],"inLanguage":"es"},{"@type":"Organization","@id":"https:\/\/www.ucaldas.edu.co\/portal\/#organization","name":"Universidad de Caldas","alternateName":"U. de Caldas","url":"https:\/\/www.ucaldas.edu.co\/portal\/","logo":{"@type":"ImageObject","inLanguage":"es","@id":"https:\/\/www.ucaldas.edu.co\/portal\/#\/schema\/logo\/image\/","url":"https:\/\/www.ucaldas.edu.co\/portal\/wp-content\/uploads\/2023\/11\/Logo_horizontal_oscuroU-2023.png","contentUrl":"https:\/\/www.ucaldas.edu.co\/portal\/wp-content\/uploads\/2023\/11\/Logo_horizontal_oscuroU-2023.png","width":263,"height":101,"caption":"Universidad de Caldas"},"image":{"@id":"https:\/\/www.ucaldas.edu.co\/portal\/#\/schema\/logo\/image\/"},"sameAs":["https:\/\/www.facebook.com\/udecaldas","https:\/\/x.com\/udecaldas","https:\/\/www.youtube.com\/universidadcaldas","https:\/\/www.instagram.com\/udecaldas\/"]},{"@type":"Person","@id":"https:\/\/www.ucaldas.edu.co\/portal\/#\/schema\/person\/a1b482e23449158b4bc319926c074fdf","name":"ofiprensa","image":{"@type":"ImageObject","inLanguage":"es","@id":"https:\/\/www.ucaldas.edu.co\/portal\/wp-content\/litespeed\/avatar\/09ea5085e600095a7a811142c6944527.jpg?ver=1787779368","url":"https:\/\/www.ucaldas.edu.co\/portal\/wp-content\/litespeed\/avatar\/09ea5085e600095a7a811142c6944527.jpg?ver=1787779368","contentUrl":"https:\/\/www.ucaldas.edu.co\/portal\/wp-content\/litespeed\/avatar\/09ea5085e600095a7a811142c6944527.jpg?ver=1787779368","caption":"ofiprensa"},"url":"https:\/\/www.ucaldas.edu.co\/portal\/author\/ofiprensa\/"}]}},"_links":{"self":[{"href":"https:\/\/www.ucaldas.edu.co\/portal\/wp-json\/wp\/v2\/posts\/15544","targetHints":{"allow":["GET"]}}],"collection":[{"href":"https:\/\/www.ucaldas.edu.co\/portal\/wp-json\/wp\/v2\/posts"}],"about":[{"href":"https:\/\/www.ucaldas.edu.co\/portal\/wp-json\/wp\/v2\/types\/post"}],"author":[{"embeddable":true,"href":"https:\/\/www.ucaldas.edu.co\/portal\/wp-json\/wp\/v2\/users\/2"}],"replies":[{"embeddable":true,"href":"https:\/\/www.ucaldas.edu.co\/portal\/wp-json\/wp\/v2\/comments?post=15544"}],"version-history":[{"count":0,"href":"https:\/\/www.ucaldas.edu.co\/portal\/wp-json\/wp\/v2\/posts\/15544\/revisions"}],"wp:attachment":[{"href":"https:\/\/www.ucaldas.edu.co\/portal\/wp-json\/wp\/v2\/media?parent=15544"}],"wp:term":[{"taxonomy":"category","embeddable":true,"href":"https:\/\/www.ucaldas.edu.co\/portal\/wp-json\/wp\/v2\/categories?post=15544"},{"taxonomy":"post_tag","embeddable":true,"href":"https:\/\/www.ucaldas.edu.co\/portal\/wp-json\/wp\/v2\/tags?post=15544"}],"curies":[{"name":"wp","href":"https:\/\/api.w.org\/{rel}","templated":true}]}}