{"id":15502,"date":"2013-05-08T10:42:41","date_gmt":"2013-05-08T15:42:41","guid":{"rendered":"https:\/\/www.ucaldas.edu.co\/portal\/?p=15502"},"modified":"2013-05-08T10:42:41","modified_gmt":"2013-05-08T15:42:41","slug":"brigada-de-emergencias-y-seguridad-u-de-caldas-se-capacito-en-manejo-de-incendios","status":"publish","type":"post","link":"https:\/\/www.ucaldas.edu.co\/portal\/brigada-de-emergencias-y-seguridad-u-de-caldas-se-capacito-en-manejo-de-incendios\/","title":{"rendered":"Brigada de Emergencias y Seguridad U. de Caldas se capacit\u00f3 en manejo de incendios"},"content":{"rendered":"<p align=\"center\">Durante dos d\u00edas, con Cuerpo de Bomberos de Jamund\u00ed y Cali<\/p>\n<p align=\"center\"><span style=\"text-decoration: underline\"><br \/>\n<\/span><\/p>\n<p align=\"right\">08\/05\/2013<\/p>\n<p align=\"right\">\n<hr id=\"system-readmore\" \/>\n<p align=\"right\">Redacci\u00f3n: Margarita Laverde Galvis<\/p>\n<p><b>\u00a0<\/b><\/p>\n<table border=\"0\">\n<tbody>\n<tr>\n<td><img loading=\"lazy\" decoding=\"async\" style=\"border: 0px\" title=\"Capacitaci\u00f3n Brigada\" alt=\"Capacitaci\u00f3n Brigada\" src=\"http:\/\/www.ucaldas.edu.co\/images\/tmp\/capacitacionbrigadamayo2013.jpg\" width=\"240\" height=\"150\" border=\"0\" \/><\/p>\n<p>&nbsp;<\/p>\n<h6>Foto: Brigadistas\/ U. de Caldas.<\/h6>\n<\/td>\n<td>\u00a0La <b>Brigada de Emergencias y Seguridad<\/b> de la <b>Universidad de Caldas<\/b> (BESUC) <b>tuvo<\/b> una <b>jornada<\/b> de <b>dos d\u00edas de capacitaci\u00f3n<\/b> <b>sobre incendios<\/b> y conatos -incidente peque\u00f1o que puede ser controlado f\u00e1cilmente-. El taller se llev\u00f3 a cabo <b>en Cali (Valle),<\/b> del 26 al 28 de abril del 2013.<\/td>\n<\/tr>\n<\/tbody>\n<\/table>\n<p>&nbsp;<\/p>\n<p>&nbsp;<\/p>\n<p><b>10 miembros de BESUC participaron en actividades simuladas<\/b>, en un <b>encuentro organizado<\/b> por el <b>Cuerpo de Bomberos de Jamund\u00ed y Cali<\/b>, en el que se trabaj\u00f3 en\u00a0 espacios confinados, donde conocieron el manejo de fugas de gases y l\u00edquidos inflamables, as\u00ed como atenci\u00f3n prehospitalaria.<\/p>\n<p>&nbsp;<\/p>\n<p>Daniel Mart\u00ednez Mu\u00f1oz, <b>Coordinador de BESUC<\/b>, explic\u00f3: \u201cesta <b>jornada obedeci\u00f3 al plan de trabajo y entrenamiento, planteado por la Rector\u00eda y la Vicerrector\u00eda Administrativa<\/b> de la Instituci\u00f3n, con el fin de estar preparados para atender cualquier evento que se presente en la U. de Caldas\u201d.<\/p>\n<p>&nbsp;<\/p>\n<p>Ahora, los asistentes al taller transmitir\u00e1n los conocimientos aprendidos a los dem\u00e1s compa\u00f1eros de BESUC. En cada campus de la Universidad existen coordinadores, quienes deben estar capacitados y certificados ante estos eventos.<\/p>\n<p>&nbsp;<\/p>\n<p><a href=\"https:\/\/www.facebook.com\/media\/set\/?set=a.511952542199949.1073741974.107054166023124&amp;type=3\" target=\"_blank\">Capacitaci\u00f3n de la Brigada de Emergencias y Seguridad de la U. de Caldas, en Cali<\/a><\/p>\n<p>&nbsp;<\/p>\n<p><b>Informes: <\/b>Programa de Salud Ocupacional, tel\u00e9fono 878 15 00, extensi\u00f3n 18 423.<\/p>\n","protected":false},"excerpt":{"rendered":"<p>Durante dos d\u00edas, con Cuerpo de Bomberos de Jamund\u00ed y Cali 08\/05\/2013 Redacci\u00f3n: Margarita Laverde Galvis \u00a0 &nbsp; Foto: Brigadistas\/ U. de Caldas. \u00a0La Brigada de Emergencias y Seguridad de la Universidad de Caldas (BESUC) tuvo una jornada de dos d\u00edas de capacitaci\u00f3n sobre incendios y conatos -incidente peque\u00f1o que puede ser controlado f\u00e1cilmente-. El [&hellip;]<\/p>\n","protected":false},"author":2,"featured_media":0,"comment_status":"closed","ping_status":"closed","sticky":false,"template":"","format":"standard","meta":{"footnotes":"","_members_access_role":[],"_members_access_error":""},"categories":[48,53],"tags":[],"class_list":["post-15502","post","type-post","status-publish","format-standard","hentry","category-actualidad","category-universidad-al-dia"],"yoast_head":"<!-- This site is optimized with the Yoast SEO plugin v28.3 - https:\/\/yoast.com\/product\/yoast-seo-wordpress\/ -->\n<title>Brigada de Emergencias y Seguridad U. de Caldas se capacit\u00f3 en manejo de incendios .<\/title>\n<meta name=\"robots\" content=\"index, follow, max-snippet:-1, max-image-preview:large, max-video-preview:-1\" \/>\n<link rel=\"canonical\" href=\"https:\/\/www.ucaldas.edu.co\/portal\/brigada-de-emergencias-y-seguridad-u-de-caldas-se-capacito-en-manejo-de-incendios\/\" \/>\n<script type=\"application\/ld+json\" class=\"yoast-schema-graph\">{\"@context\":\"https:\\\/\\\/schema.org\",\"@graph\":[{\"@type\":\"Article\",\"@id\":\"https:\\\/\\\/www.ucaldas.edu.co\\\/portal\\\/brigada-de-emergencias-y-seguridad-u-de-caldas-se-capacito-en-manejo-de-incendios\\\/#article\",\"isPartOf\":{\"@id\":\"https:\\\/\\\/www.ucaldas.edu.co\\\/portal\\\/brigada-de-emergencias-y-seguridad-u-de-caldas-se-capacito-en-manejo-de-incendios\\\/\"},\"author\":{\"name\":\"ofiprensa\",\"@id\":\"https:\\\/\\\/www.ucaldas.edu.co\\\/portal\\\/#\\\/schema\\\/person\\\/a1b482e23449158b4bc319926c074fdf\"},\"headline\":\"Brigada de Emergencias y Seguridad U. de Caldas se capacit\u00f3 en manejo de incendios\",\"datePublished\":\"2013-05-08T15:42:41+00:00\",\"mainEntityOfPage\":{\"@id\":\"https:\\\/\\\/www.ucaldas.edu.co\\\/portal\\\/brigada-de-emergencias-y-seguridad-u-de-caldas-se-capacito-en-manejo-de-incendios\\\/\"},\"wordCount\":247,\"publisher\":{\"@id\":\"https:\\\/\\\/www.ucaldas.edu.co\\\/portal\\\/#organization\"},\"image\":{\"@id\":\"https:\\\/\\\/www.ucaldas.edu.co\\\/portal\\\/brigada-de-emergencias-y-seguridad-u-de-caldas-se-capacito-en-manejo-de-incendios\\\/#primaryimage\"},\"thumbnailUrl\":\"http:\\\/\\\/www.ucaldas.edu.co\\\/images\\\/tmp\\\/capacitacionbrigadamayo2013.jpg\",\"articleSection\":[\"Actualidad\",\"Universidad al D\u00eda\"],\"inLanguage\":\"es\"},{\"@type\":\"WebPage\",\"@id\":\"https:\\\/\\\/www.ucaldas.edu.co\\\/portal\\\/brigada-de-emergencias-y-seguridad-u-de-caldas-se-capacito-en-manejo-de-incendios\\\/\",\"url\":\"https:\\\/\\\/www.ucaldas.edu.co\\\/portal\\\/brigada-de-emergencias-y-seguridad-u-de-caldas-se-capacito-en-manejo-de-incendios\\\/\",\"name\":\"Brigada de Emergencias y Seguridad U. de Caldas se capacit\u00f3 en manejo de incendios .\",\"isPartOf\":{\"@id\":\"https:\\\/\\\/www.ucaldas.edu.co\\\/portal\\\/#website\"},\"primaryImageOfPage\":{\"@id\":\"https:\\\/\\\/www.ucaldas.edu.co\\\/portal\\\/brigada-de-emergencias-y-seguridad-u-de-caldas-se-capacito-en-manejo-de-incendios\\\/#primaryimage\"},\"image\":{\"@id\":\"https:\\\/\\\/www.ucaldas.edu.co\\\/portal\\\/brigada-de-emergencias-y-seguridad-u-de-caldas-se-capacito-en-manejo-de-incendios\\\/#primaryimage\"},\"thumbnailUrl\":\"http:\\\/\\\/www.ucaldas.edu.co\\\/images\\\/tmp\\\/capacitacionbrigadamayo2013.jpg\",\"datePublished\":\"2013-05-08T15:42:41+00:00\",\"breadcrumb\":{\"@id\":\"https:\\\/\\\/www.ucaldas.edu.co\\\/portal\\\/brigada-de-emergencias-y-seguridad-u-de-caldas-se-capacito-en-manejo-de-incendios\\\/#breadcrumb\"},\"inLanguage\":\"es\",\"potentialAction\":[{\"@type\":\"ReadAction\",\"target\":[\"https:\\\/\\\/www.ucaldas.edu.co\\\/portal\\\/brigada-de-emergencias-y-seguridad-u-de-caldas-se-capacito-en-manejo-de-incendios\\\/\"]}]},{\"@type\":\"ImageObject\",\"inLanguage\":\"es\",\"@id\":\"https:\\\/\\\/www.ucaldas.edu.co\\\/portal\\\/brigada-de-emergencias-y-seguridad-u-de-caldas-se-capacito-en-manejo-de-incendios\\\/#primaryimage\",\"url\":\"http:\\\/\\\/www.ucaldas.edu.co\\\/images\\\/tmp\\\/capacitacionbrigadamayo2013.jpg\",\"contentUrl\":\"http:\\\/\\\/www.ucaldas.edu.co\\\/images\\\/tmp\\\/capacitacionbrigadamayo2013.jpg\"},{\"@type\":\"BreadcrumbList\",\"@id\":\"https:\\\/\\\/www.ucaldas.edu.co\\\/portal\\\/brigada-de-emergencias-y-seguridad-u-de-caldas-se-capacito-en-manejo-de-incendios\\\/#breadcrumb\",\"itemListElement\":[{\"@type\":\"ListItem\",\"position\":1,\"name\":\"Portada\",\"item\":\"https:\\\/\\\/www.ucaldas.edu.co\\\/portal\\\/\"},{\"@type\":\"ListItem\",\"position\":2,\"name\":\"Brigada de Emergencias y Seguridad U. de Caldas se capacit\u00f3 en manejo de incendios\"}]},{\"@type\":\"WebSite\",\"@id\":\"https:\\\/\\\/www.ucaldas.edu.co\\\/portal\\\/#website\",\"url\":\"https:\\\/\\\/www.ucaldas.edu.co\\\/portal\\\/\",\"name\":\"Universidad de Caldas\",\"description\":\"\",\"publisher\":{\"@id\":\"https:\\\/\\\/www.ucaldas.edu.co\\\/portal\\\/#organization\"},\"alternateName\":\"U. de Caldas\",\"potentialAction\":[{\"@type\":\"SearchAction\",\"target\":{\"@type\":\"EntryPoint\",\"urlTemplate\":\"https:\\\/\\\/www.ucaldas.edu.co\\\/portal\\\/?s={search_term_string}\"},\"query-input\":{\"@type\":\"PropertyValueSpecification\",\"valueRequired\":true,\"valueName\":\"search_term_string\"}}],\"inLanguage\":\"es\"},{\"@type\":\"Organization\",\"@id\":\"https:\\\/\\\/www.ucaldas.edu.co\\\/portal\\\/#organization\",\"name\":\"Universidad de Caldas\",\"alternateName\":\"U. de Caldas\",\"url\":\"https:\\\/\\\/www.ucaldas.edu.co\\\/portal\\\/\",\"logo\":{\"@type\":\"ImageObject\",\"inLanguage\":\"es\",\"@id\":\"https:\\\/\\\/www.ucaldas.edu.co\\\/portal\\\/#\\\/schema\\\/logo\\\/image\\\/\",\"url\":\"https:\\\/\\\/www.ucaldas.edu.co\\\/portal\\\/wp-content\\\/uploads\\\/2023\\\/11\\\/Logo_horizontal_oscuroU-2023.png\",\"contentUrl\":\"https:\\\/\\\/www.ucaldas.edu.co\\\/portal\\\/wp-content\\\/uploads\\\/2023\\\/11\\\/Logo_horizontal_oscuroU-2023.png\",\"width\":263,\"height\":101,\"caption\":\"Universidad de Caldas\"},\"image\":{\"@id\":\"https:\\\/\\\/www.ucaldas.edu.co\\\/portal\\\/#\\\/schema\\\/logo\\\/image\\\/\"},\"sameAs\":[\"https:\\\/\\\/www.facebook.com\\\/udecaldas\",\"https:\\\/\\\/x.com\\\/udecaldas\",\"https:\\\/\\\/www.youtube.com\\\/universidadcaldas\",\"https:\\\/\\\/www.instagram.com\\\/udecaldas\\\/\"]},{\"@type\":\"Person\",\"@id\":\"https:\\\/\\\/www.ucaldas.edu.co\\\/portal\\\/#\\\/schema\\\/person\\\/a1b482e23449158b4bc319926c074fdf\",\"name\":\"ofiprensa\",\"image\":{\"@type\":\"ImageObject\",\"inLanguage\":\"es\",\"@id\":\"https:\\\/\\\/www.ucaldas.edu.co\\\/portal\\\/wp-content\\\/litespeed\\\/avatar\\\/09ea5085e600095a7a811142c6944527.jpg?ver=1787779368\",\"url\":\"https:\\\/\\\/www.ucaldas.edu.co\\\/portal\\\/wp-content\\\/litespeed\\\/avatar\\\/09ea5085e600095a7a811142c6944527.jpg?ver=1787779368\",\"contentUrl\":\"https:\\\/\\\/www.ucaldas.edu.co\\\/portal\\\/wp-content\\\/litespeed\\\/avatar\\\/09ea5085e600095a7a811142c6944527.jpg?ver=1787779368\",\"caption\":\"ofiprensa\"},\"url\":\"https:\\\/\\\/www.ucaldas.edu.co\\\/portal\\\/author\\\/ofiprensa\\\/\"}]}<\/script>\n<!-- \/ Yoast SEO plugin. -->","yoast_head_json":{"title":"Brigada de Emergencias y Seguridad U. de Caldas se capacit\u00f3 en manejo de incendios .","robots":{"index":"index","follow":"follow","max-snippet":"max-snippet:-1","max-image-preview":"max-image-preview:large","max-video-preview":"max-video-preview:-1"},"canonical":"https:\/\/www.ucaldas.edu.co\/portal\/brigada-de-emergencias-y-seguridad-u-de-caldas-se-capacito-en-manejo-de-incendios\/","schema":{"@context":"https:\/\/schema.org","@graph":[{"@type":"Article","@id":"https:\/\/www.ucaldas.edu.co\/portal\/brigada-de-emergencias-y-seguridad-u-de-caldas-se-capacito-en-manejo-de-incendios\/#article","isPartOf":{"@id":"https:\/\/www.ucaldas.edu.co\/portal\/brigada-de-emergencias-y-seguridad-u-de-caldas-se-capacito-en-manejo-de-incendios\/"},"author":{"name":"ofiprensa","@id":"https:\/\/www.ucaldas.edu.co\/portal\/#\/schema\/person\/a1b482e23449158b4bc319926c074fdf"},"headline":"Brigada de Emergencias y Seguridad U. de Caldas se capacit\u00f3 en manejo de incendios","datePublished":"2013-05-08T15:42:41+00:00","mainEntityOfPage":{"@id":"https:\/\/www.ucaldas.edu.co\/portal\/brigada-de-emergencias-y-seguridad-u-de-caldas-se-capacito-en-manejo-de-incendios\/"},"wordCount":247,"publisher":{"@id":"https:\/\/www.ucaldas.edu.co\/portal\/#organization"},"image":{"@id":"https:\/\/www.ucaldas.edu.co\/portal\/brigada-de-emergencias-y-seguridad-u-de-caldas-se-capacito-en-manejo-de-incendios\/#primaryimage"},"thumbnailUrl":"http:\/\/www.ucaldas.edu.co\/images\/tmp\/capacitacionbrigadamayo2013.jpg","articleSection":["Actualidad","Universidad al D\u00eda"],"inLanguage":"es"},{"@type":"WebPage","@id":"https:\/\/www.ucaldas.edu.co\/portal\/brigada-de-emergencias-y-seguridad-u-de-caldas-se-capacito-en-manejo-de-incendios\/","url":"https:\/\/www.ucaldas.edu.co\/portal\/brigada-de-emergencias-y-seguridad-u-de-caldas-se-capacito-en-manejo-de-incendios\/","name":"Brigada de Emergencias y Seguridad U. de Caldas se capacit\u00f3 en manejo de incendios .","isPartOf":{"@id":"https:\/\/www.ucaldas.edu.co\/portal\/#website"},"primaryImageOfPage":{"@id":"https:\/\/www.ucaldas.edu.co\/portal\/brigada-de-emergencias-y-seguridad-u-de-caldas-se-capacito-en-manejo-de-incendios\/#primaryimage"},"image":{"@id":"https:\/\/www.ucaldas.edu.co\/portal\/brigada-de-emergencias-y-seguridad-u-de-caldas-se-capacito-en-manejo-de-incendios\/#primaryimage"},"thumbnailUrl":"http:\/\/www.ucaldas.edu.co\/images\/tmp\/capacitacionbrigadamayo2013.jpg","datePublished":"2013-05-08T15:42:41+00:00","breadcrumb":{"@id":"https:\/\/www.ucaldas.edu.co\/portal\/brigada-de-emergencias-y-seguridad-u-de-caldas-se-capacito-en-manejo-de-incendios\/#breadcrumb"},"inLanguage":"es","potentialAction":[{"@type":"ReadAction","target":["https:\/\/www.ucaldas.edu.co\/portal\/brigada-de-emergencias-y-seguridad-u-de-caldas-se-capacito-en-manejo-de-incendios\/"]}]},{"@type":"ImageObject","inLanguage":"es","@id":"https:\/\/www.ucaldas.edu.co\/portal\/brigada-de-emergencias-y-seguridad-u-de-caldas-se-capacito-en-manejo-de-incendios\/#primaryimage","url":"http:\/\/www.ucaldas.edu.co\/images\/tmp\/capacitacionbrigadamayo2013.jpg","contentUrl":"http:\/\/www.ucaldas.edu.co\/images\/tmp\/capacitacionbrigadamayo2013.jpg"},{"@type":"BreadcrumbList","@id":"https:\/\/www.ucaldas.edu.co\/portal\/brigada-de-emergencias-y-seguridad-u-de-caldas-se-capacito-en-manejo-de-incendios\/#breadcrumb","itemListElement":[{"@type":"ListItem","position":1,"name":"Portada","item":"https:\/\/www.ucaldas.edu.co\/portal\/"},{"@type":"ListItem","position":2,"name":"Brigada de Emergencias y Seguridad U. de Caldas se capacit\u00f3 en manejo de incendios"}]},{"@type":"WebSite","@id":"https:\/\/www.ucaldas.edu.co\/portal\/#website","url":"https:\/\/www.ucaldas.edu.co\/portal\/","name":"Universidad de Caldas","description":"","publisher":{"@id":"https:\/\/www.ucaldas.edu.co\/portal\/#organization"},"alternateName":"U. de Caldas","potentialAction":[{"@type":"SearchAction","target":{"@type":"EntryPoint","urlTemplate":"https:\/\/www.ucaldas.edu.co\/portal\/?s={search_term_string}"},"query-input":{"@type":"PropertyValueSpecification","valueRequired":true,"valueName":"search_term_string"}}],"inLanguage":"es"},{"@type":"Organization","@id":"https:\/\/www.ucaldas.edu.co\/portal\/#organization","name":"Universidad de Caldas","alternateName":"U. de Caldas","url":"https:\/\/www.ucaldas.edu.co\/portal\/","logo":{"@type":"ImageObject","inLanguage":"es","@id":"https:\/\/www.ucaldas.edu.co\/portal\/#\/schema\/logo\/image\/","url":"https:\/\/www.ucaldas.edu.co\/portal\/wp-content\/uploads\/2023\/11\/Logo_horizontal_oscuroU-2023.png","contentUrl":"https:\/\/www.ucaldas.edu.co\/portal\/wp-content\/uploads\/2023\/11\/Logo_horizontal_oscuroU-2023.png","width":263,"height":101,"caption":"Universidad de Caldas"},"image":{"@id":"https:\/\/www.ucaldas.edu.co\/portal\/#\/schema\/logo\/image\/"},"sameAs":["https:\/\/www.facebook.com\/udecaldas","https:\/\/x.com\/udecaldas","https:\/\/www.youtube.com\/universidadcaldas","https:\/\/www.instagram.com\/udecaldas\/"]},{"@type":"Person","@id":"https:\/\/www.ucaldas.edu.co\/portal\/#\/schema\/person\/a1b482e23449158b4bc319926c074fdf","name":"ofiprensa","image":{"@type":"ImageObject","inLanguage":"es","@id":"https:\/\/www.ucaldas.edu.co\/portal\/wp-content\/litespeed\/avatar\/09ea5085e600095a7a811142c6944527.jpg?ver=1787779368","url":"https:\/\/www.ucaldas.edu.co\/portal\/wp-content\/litespeed\/avatar\/09ea5085e600095a7a811142c6944527.jpg?ver=1787779368","contentUrl":"https:\/\/www.ucaldas.edu.co\/portal\/wp-content\/litespeed\/avatar\/09ea5085e600095a7a811142c6944527.jpg?ver=1787779368","caption":"ofiprensa"},"url":"https:\/\/www.ucaldas.edu.co\/portal\/author\/ofiprensa\/"}]}},"_links":{"self":[{"href":"https:\/\/www.ucaldas.edu.co\/portal\/wp-json\/wp\/v2\/posts\/15502","targetHints":{"allow":["GET"]}}],"collection":[{"href":"https:\/\/www.ucaldas.edu.co\/portal\/wp-json\/wp\/v2\/posts"}],"about":[{"href":"https:\/\/www.ucaldas.edu.co\/portal\/wp-json\/wp\/v2\/types\/post"}],"author":[{"embeddable":true,"href":"https:\/\/www.ucaldas.edu.co\/portal\/wp-json\/wp\/v2\/users\/2"}],"replies":[{"embeddable":true,"href":"https:\/\/www.ucaldas.edu.co\/portal\/wp-json\/wp\/v2\/comments?post=15502"}],"version-history":[{"count":0,"href":"https:\/\/www.ucaldas.edu.co\/portal\/wp-json\/wp\/v2\/posts\/15502\/revisions"}],"wp:attachment":[{"href":"https:\/\/www.ucaldas.edu.co\/portal\/wp-json\/wp\/v2\/media?parent=15502"}],"wp:term":[{"taxonomy":"category","embeddable":true,"href":"https:\/\/www.ucaldas.edu.co\/portal\/wp-json\/wp\/v2\/categories?post=15502"},{"taxonomy":"post_tag","embeddable":true,"href":"https:\/\/www.ucaldas.edu.co\/portal\/wp-json\/wp\/v2\/tags?post=15502"}],"curies":[{"name":"wp","href":"https:\/\/api.w.org\/{rel}","templated":true}]}}