{"id":15019,"date":"2013-05-03T11:13:06","date_gmt":"2013-05-03T16:13:06","guid":{"rendered":"https:\/\/www.ucaldas.edu.co\/portal\/?p=15019"},"modified":"2013-05-03T11:13:06","modified_gmt":"2013-05-03T16:13:06","slug":"agendese-esta-noche-al-ciclo-de-conferencias-filosofia-en-la-ciudad","status":"publish","type":"post","link":"https:\/\/www.ucaldas.edu.co\/portal\/agendese-esta-noche-al-ciclo-de-conferencias-filosofia-en-la-ciudad\/","title":{"rendered":"Ag\u00e9ndese esta noche al ciclo de conferencias filosof\u00eda en la ciudad"},"content":{"rendered":"<p align=\"center\">A las 6:00 p.m. en el Banco de la Rep\u00fablica<\/p>\n<p align=\"center\"><span style=\"text-decoration: underline\"><br \/>\n<\/span><\/p>\n<p align=\"right\">02\/05\/2013<\/p>\n<p align=\"right\">\n<hr id=\"system-readmore\" \/>\n<p align=\"right\">Redacci\u00f3n: Margarita Laverde Galvis<\/p>\n<table border=\"0\">\n<tbody>\n<tr>\n<td><img loading=\"lazy\" decoding=\"async\" style=\"border: 0px\" title=\"Ciclo de Conferencias\" alt=\"Ciclo de Conferencias\" src=\"http:\/\/www.ucaldas.edu.co\/images\/tmp\/cicloconferenciasfilosofiaciudad.jpg\" width=\"240\" height=\"150\" border=\"0\" \/><\/p>\n<p>&nbsp;<\/p>\n<h6>Foto: Guillermo Sarmiento Estrada\/ Prensa U. de Caldas.<\/h6>\n<\/td>\n<td>Este <b>jueves 2 de mayo<\/b> del 2013 <b>se cumplir\u00e1<\/b> el <b>s\u00e9ptimo encuentro<\/b> del <b>Ciclo <\/b>de<b> conferencias filosof\u00eda <\/b>en la<b> ciudad<\/b>, evento que <b>organizan<\/b> el <b>Departamento de Filosof\u00eda <\/b>de la <b>Facultad de Artes y Humanidades<\/b> de la <b>Universidad de Caldas <\/b>y el <b>Banco de la Rep\u00fablica.<\/b><\/td>\n<\/tr>\n<\/tbody>\n<\/table>\n<p>&nbsp;<\/p>\n<p><b>\u00a0<\/b><\/p>\n<p>El encuentro acad\u00e9mico <b>tendr\u00e1 lugar de 6:00 p.m. a 8:00 p.m.<\/b> en el <b>Banco de la Rep\u00fablica<\/b>, Sede Cultural. En este ciclo <b>Jorge Alejandro Fl\u00f3rez disertar\u00e1<\/b> sobre la <i>Inducci\u00f3n e intuici\u00f3n en Arist\u00f3teles.<\/i><\/p>\n<p><i>\u00a0<\/i><\/p>\n<p><b>\u00daltimos encuentros<\/b><\/p>\n<p>Pablo Rolando Arango present\u00f3 una disertaci\u00f3n sobre <i>Dos visiones de la filosof\u00eda, <\/i>el pasado 11 de abril; \u00a0Sandra Milena Lince orient\u00f3 un encuentro sobre el <i>Arte p\u00fablico en Manizales, <\/i>el 18 de abril, y Jos\u00e9 Fernando Ospina present\u00f3 la conferencia denominada \u00bfQu\u00e9 es la mente?, el 25 de abril.<\/p>\n<p>&nbsp;<\/p>\n<p><a href=\"http:\/\/desarrollo.ucaldas.edu.co\/archivo\/index.php?option=com_content&amp;view=article&amp;catid=419%3Auniversidad-al-dia&amp;id=8478%3Aciclo-de-conferencias-filosofia-en-la-ciudad-&amp;Itemid=1039\" target=\"_blank\">Conozca aqu\u00ed la programaci\u00f3n completa del ciclo<\/a><\/p>\n<p><b>Informes: <\/b>Departamento de Filosof\u00eda, tel\u00e9fono 886 27 20, extensi\u00f3n 21 152.<\/p>\n","protected":false},"excerpt":{"rendered":"<p>A las 6:00 p.m. en el Banco de la Rep\u00fablica 02\/05\/2013 Redacci\u00f3n: Margarita Laverde Galvis &nbsp; Foto: Guillermo Sarmiento Estrada\/ Prensa U. de Caldas. Este jueves 2 de mayo del 2013 se cumplir\u00e1 el s\u00e9ptimo encuentro del Ciclo de conferencias filosof\u00eda en la ciudad, evento que organizan el Departamento de Filosof\u00eda de la Facultad de [&hellip;]<\/p>\n","protected":false},"author":2,"featured_media":0,"comment_status":"closed","ping_status":"closed","sticky":false,"template":"","format":"standard","meta":{"footnotes":""},"categories":[48,53],"tags":[],"class_list":["post-15019","post","type-post","status-publish","format-standard","hentry","category-actualidad","category-universidad-al-dia"],"yoast_head":"<!-- This site is optimized with the Yoast SEO plugin v27.5 - https:\/\/yoast.com\/product\/yoast-seo-wordpress\/ -->\n<title>Ag\u00e9ndese esta noche al ciclo de conferencias filosof\u00eda en la ciudad .<\/title>\n<meta name=\"robots\" content=\"index, follow, max-snippet:-1, max-image-preview:large, max-video-preview:-1\" \/>\n<link rel=\"canonical\" href=\"https:\/\/www.ucaldas.edu.co\/portal\/agendese-esta-noche-al-ciclo-de-conferencias-filosofia-en-la-ciudad\/\" \/>\n<script type=\"application\/ld+json\" class=\"yoast-schema-graph\">{\"@context\":\"https:\\\/\\\/schema.org\",\"@graph\":[{\"@type\":\"Article\",\"@id\":\"https:\\\/\\\/www.ucaldas.edu.co\\\/portal\\\/agendese-esta-noche-al-ciclo-de-conferencias-filosofia-en-la-ciudad\\\/#article\",\"isPartOf\":{\"@id\":\"https:\\\/\\\/www.ucaldas.edu.co\\\/portal\\\/agendese-esta-noche-al-ciclo-de-conferencias-filosofia-en-la-ciudad\\\/\"},\"author\":{\"name\":\"ofiprensa\",\"@id\":\"https:\\\/\\\/www.ucaldas.edu.co\\\/portal\\\/#\\\/schema\\\/person\\\/a1b482e23449158b4bc319926c074fdf\"},\"headline\":\"Ag\u00e9ndese esta noche al ciclo de conferencias filosof\u00eda en la ciudad\",\"datePublished\":\"2013-05-03T16:13:06+00:00\",\"mainEntityOfPage\":{\"@id\":\"https:\\\/\\\/www.ucaldas.edu.co\\\/portal\\\/agendese-esta-noche-al-ciclo-de-conferencias-filosofia-en-la-ciudad\\\/\"},\"wordCount\":194,\"publisher\":{\"@id\":\"https:\\\/\\\/www.ucaldas.edu.co\\\/portal\\\/#organization\"},\"image\":{\"@id\":\"https:\\\/\\\/www.ucaldas.edu.co\\\/portal\\\/agendese-esta-noche-al-ciclo-de-conferencias-filosofia-en-la-ciudad\\\/#primaryimage\"},\"thumbnailUrl\":\"http:\\\/\\\/www.ucaldas.edu.co\\\/images\\\/tmp\\\/cicloconferenciasfilosofiaciudad.jpg\",\"articleSection\":[\"Actualidad\",\"Universidad al D\u00eda\"],\"inLanguage\":\"es\"},{\"@type\":\"WebPage\",\"@id\":\"https:\\\/\\\/www.ucaldas.edu.co\\\/portal\\\/agendese-esta-noche-al-ciclo-de-conferencias-filosofia-en-la-ciudad\\\/\",\"url\":\"https:\\\/\\\/www.ucaldas.edu.co\\\/portal\\\/agendese-esta-noche-al-ciclo-de-conferencias-filosofia-en-la-ciudad\\\/\",\"name\":\"Ag\u00e9ndese esta noche al ciclo de conferencias filosof\u00eda en la ciudad .\",\"isPartOf\":{\"@id\":\"https:\\\/\\\/www.ucaldas.edu.co\\\/portal\\\/#website\"},\"primaryImageOfPage\":{\"@id\":\"https:\\\/\\\/www.ucaldas.edu.co\\\/portal\\\/agendese-esta-noche-al-ciclo-de-conferencias-filosofia-en-la-ciudad\\\/#primaryimage\"},\"image\":{\"@id\":\"https:\\\/\\\/www.ucaldas.edu.co\\\/portal\\\/agendese-esta-noche-al-ciclo-de-conferencias-filosofia-en-la-ciudad\\\/#primaryimage\"},\"thumbnailUrl\":\"http:\\\/\\\/www.ucaldas.edu.co\\\/images\\\/tmp\\\/cicloconferenciasfilosofiaciudad.jpg\",\"datePublished\":\"2013-05-03T16:13:06+00:00\",\"breadcrumb\":{\"@id\":\"https:\\\/\\\/www.ucaldas.edu.co\\\/portal\\\/agendese-esta-noche-al-ciclo-de-conferencias-filosofia-en-la-ciudad\\\/#breadcrumb\"},\"inLanguage\":\"es\",\"potentialAction\":[{\"@type\":\"ReadAction\",\"target\":[\"https:\\\/\\\/www.ucaldas.edu.co\\\/portal\\\/agendese-esta-noche-al-ciclo-de-conferencias-filosofia-en-la-ciudad\\\/\"]}]},{\"@type\":\"ImageObject\",\"inLanguage\":\"es\",\"@id\":\"https:\\\/\\\/www.ucaldas.edu.co\\\/portal\\\/agendese-esta-noche-al-ciclo-de-conferencias-filosofia-en-la-ciudad\\\/#primaryimage\",\"url\":\"http:\\\/\\\/www.ucaldas.edu.co\\\/images\\\/tmp\\\/cicloconferenciasfilosofiaciudad.jpg\",\"contentUrl\":\"http:\\\/\\\/www.ucaldas.edu.co\\\/images\\\/tmp\\\/cicloconferenciasfilosofiaciudad.jpg\"},{\"@type\":\"BreadcrumbList\",\"@id\":\"https:\\\/\\\/www.ucaldas.edu.co\\\/portal\\\/agendese-esta-noche-al-ciclo-de-conferencias-filosofia-en-la-ciudad\\\/#breadcrumb\",\"itemListElement\":[{\"@type\":\"ListItem\",\"position\":1,\"name\":\"Portada\",\"item\":\"https:\\\/\\\/www.ucaldas.edu.co\\\/portal\\\/\"},{\"@type\":\"ListItem\",\"position\":2,\"name\":\"Ag\u00e9ndese esta noche al ciclo de conferencias filosof\u00eda en la ciudad\"}]},{\"@type\":\"WebSite\",\"@id\":\"https:\\\/\\\/www.ucaldas.edu.co\\\/portal\\\/#website\",\"url\":\"https:\\\/\\\/www.ucaldas.edu.co\\\/portal\\\/\",\"name\":\"Universidad de Caldas\",\"description\":\"\",\"publisher\":{\"@id\":\"https:\\\/\\\/www.ucaldas.edu.co\\\/portal\\\/#organization\"},\"alternateName\":\"U. de Caldas\",\"potentialAction\":[{\"@type\":\"SearchAction\",\"target\":{\"@type\":\"EntryPoint\",\"urlTemplate\":\"https:\\\/\\\/www.ucaldas.edu.co\\\/portal\\\/?s={search_term_string}\"},\"query-input\":{\"@type\":\"PropertyValueSpecification\",\"valueRequired\":true,\"valueName\":\"search_term_string\"}}],\"inLanguage\":\"es\"},{\"@type\":\"Organization\",\"@id\":\"https:\\\/\\\/www.ucaldas.edu.co\\\/portal\\\/#organization\",\"name\":\"Universidad de Caldas\",\"alternateName\":\"U. de Caldas\",\"url\":\"https:\\\/\\\/www.ucaldas.edu.co\\\/portal\\\/\",\"logo\":{\"@type\":\"ImageObject\",\"inLanguage\":\"es\",\"@id\":\"https:\\\/\\\/www.ucaldas.edu.co\\\/portal\\\/#\\\/schema\\\/logo\\\/image\\\/\",\"url\":\"https:\\\/\\\/www.ucaldas.edu.co\\\/portal\\\/wp-content\\\/uploads\\\/2023\\\/11\\\/Logo_horizontal_oscuroU-2023.png\",\"contentUrl\":\"https:\\\/\\\/www.ucaldas.edu.co\\\/portal\\\/wp-content\\\/uploads\\\/2023\\\/11\\\/Logo_horizontal_oscuroU-2023.png\",\"width\":263,\"height\":101,\"caption\":\"Universidad de Caldas\"},\"image\":{\"@id\":\"https:\\\/\\\/www.ucaldas.edu.co\\\/portal\\\/#\\\/schema\\\/logo\\\/image\\\/\"},\"sameAs\":[\"https:\\\/\\\/www.facebook.com\\\/udecaldas\",\"https:\\\/\\\/x.com\\\/udecaldas\",\"https:\\\/\\\/www.youtube.com\\\/universidadcaldas\",\"https:\\\/\\\/www.instagram.com\\\/udecaldas\\\/\"]},{\"@type\":\"Person\",\"@id\":\"https:\\\/\\\/www.ucaldas.edu.co\\\/portal\\\/#\\\/schema\\\/person\\\/a1b482e23449158b4bc319926c074fdf\",\"name\":\"ofiprensa\",\"image\":{\"@type\":\"ImageObject\",\"inLanguage\":\"es\",\"@id\":\"https:\\\/\\\/www.ucaldas.edu.co\\\/portal\\\/wp-content\\\/litespeed\\\/avatar\\\/09ea5085e600095a7a811142c6944527.jpg?ver=1777497608\",\"url\":\"https:\\\/\\\/www.ucaldas.edu.co\\\/portal\\\/wp-content\\\/litespeed\\\/avatar\\\/09ea5085e600095a7a811142c6944527.jpg?ver=1777497608\",\"contentUrl\":\"https:\\\/\\\/www.ucaldas.edu.co\\\/portal\\\/wp-content\\\/litespeed\\\/avatar\\\/09ea5085e600095a7a811142c6944527.jpg?ver=1777497608\",\"caption\":\"ofiprensa\"},\"url\":\"https:\\\/\\\/www.ucaldas.edu.co\\\/portal\\\/author\\\/ofiprensa\\\/\"}]}<\/script>\n<!-- \/ Yoast SEO plugin. -->","yoast_head_json":{"title":"Ag\u00e9ndese esta noche al ciclo de conferencias filosof\u00eda en la ciudad .","robots":{"index":"index","follow":"follow","max-snippet":"max-snippet:-1","max-image-preview":"max-image-preview:large","max-video-preview":"max-video-preview:-1"},"canonical":"https:\/\/www.ucaldas.edu.co\/portal\/agendese-esta-noche-al-ciclo-de-conferencias-filosofia-en-la-ciudad\/","schema":{"@context":"https:\/\/schema.org","@graph":[{"@type":"Article","@id":"https:\/\/www.ucaldas.edu.co\/portal\/agendese-esta-noche-al-ciclo-de-conferencias-filosofia-en-la-ciudad\/#article","isPartOf":{"@id":"https:\/\/www.ucaldas.edu.co\/portal\/agendese-esta-noche-al-ciclo-de-conferencias-filosofia-en-la-ciudad\/"},"author":{"name":"ofiprensa","@id":"https:\/\/www.ucaldas.edu.co\/portal\/#\/schema\/person\/a1b482e23449158b4bc319926c074fdf"},"headline":"Ag\u00e9ndese esta noche al ciclo de conferencias filosof\u00eda en la ciudad","datePublished":"2013-05-03T16:13:06+00:00","mainEntityOfPage":{"@id":"https:\/\/www.ucaldas.edu.co\/portal\/agendese-esta-noche-al-ciclo-de-conferencias-filosofia-en-la-ciudad\/"},"wordCount":194,"publisher":{"@id":"https:\/\/www.ucaldas.edu.co\/portal\/#organization"},"image":{"@id":"https:\/\/www.ucaldas.edu.co\/portal\/agendese-esta-noche-al-ciclo-de-conferencias-filosofia-en-la-ciudad\/#primaryimage"},"thumbnailUrl":"http:\/\/www.ucaldas.edu.co\/images\/tmp\/cicloconferenciasfilosofiaciudad.jpg","articleSection":["Actualidad","Universidad al D\u00eda"],"inLanguage":"es"},{"@type":"WebPage","@id":"https:\/\/www.ucaldas.edu.co\/portal\/agendese-esta-noche-al-ciclo-de-conferencias-filosofia-en-la-ciudad\/","url":"https:\/\/www.ucaldas.edu.co\/portal\/agendese-esta-noche-al-ciclo-de-conferencias-filosofia-en-la-ciudad\/","name":"Ag\u00e9ndese esta noche al ciclo de conferencias filosof\u00eda en la ciudad .","isPartOf":{"@id":"https:\/\/www.ucaldas.edu.co\/portal\/#website"},"primaryImageOfPage":{"@id":"https:\/\/www.ucaldas.edu.co\/portal\/agendese-esta-noche-al-ciclo-de-conferencias-filosofia-en-la-ciudad\/#primaryimage"},"image":{"@id":"https:\/\/www.ucaldas.edu.co\/portal\/agendese-esta-noche-al-ciclo-de-conferencias-filosofia-en-la-ciudad\/#primaryimage"},"thumbnailUrl":"http:\/\/www.ucaldas.edu.co\/images\/tmp\/cicloconferenciasfilosofiaciudad.jpg","datePublished":"2013-05-03T16:13:06+00:00","breadcrumb":{"@id":"https:\/\/www.ucaldas.edu.co\/portal\/agendese-esta-noche-al-ciclo-de-conferencias-filosofia-en-la-ciudad\/#breadcrumb"},"inLanguage":"es","potentialAction":[{"@type":"ReadAction","target":["https:\/\/www.ucaldas.edu.co\/portal\/agendese-esta-noche-al-ciclo-de-conferencias-filosofia-en-la-ciudad\/"]}]},{"@type":"ImageObject","inLanguage":"es","@id":"https:\/\/www.ucaldas.edu.co\/portal\/agendese-esta-noche-al-ciclo-de-conferencias-filosofia-en-la-ciudad\/#primaryimage","url":"http:\/\/www.ucaldas.edu.co\/images\/tmp\/cicloconferenciasfilosofiaciudad.jpg","contentUrl":"http:\/\/www.ucaldas.edu.co\/images\/tmp\/cicloconferenciasfilosofiaciudad.jpg"},{"@type":"BreadcrumbList","@id":"https:\/\/www.ucaldas.edu.co\/portal\/agendese-esta-noche-al-ciclo-de-conferencias-filosofia-en-la-ciudad\/#breadcrumb","itemListElement":[{"@type":"ListItem","position":1,"name":"Portada","item":"https:\/\/www.ucaldas.edu.co\/portal\/"},{"@type":"ListItem","position":2,"name":"Ag\u00e9ndese esta noche al ciclo de conferencias filosof\u00eda en la ciudad"}]},{"@type":"WebSite","@id":"https:\/\/www.ucaldas.edu.co\/portal\/#website","url":"https:\/\/www.ucaldas.edu.co\/portal\/","name":"Universidad de Caldas","description":"","publisher":{"@id":"https:\/\/www.ucaldas.edu.co\/portal\/#organization"},"alternateName":"U. de Caldas","potentialAction":[{"@type":"SearchAction","target":{"@type":"EntryPoint","urlTemplate":"https:\/\/www.ucaldas.edu.co\/portal\/?s={search_term_string}"},"query-input":{"@type":"PropertyValueSpecification","valueRequired":true,"valueName":"search_term_string"}}],"inLanguage":"es"},{"@type":"Organization","@id":"https:\/\/www.ucaldas.edu.co\/portal\/#organization","name":"Universidad de Caldas","alternateName":"U. de Caldas","url":"https:\/\/www.ucaldas.edu.co\/portal\/","logo":{"@type":"ImageObject","inLanguage":"es","@id":"https:\/\/www.ucaldas.edu.co\/portal\/#\/schema\/logo\/image\/","url":"https:\/\/www.ucaldas.edu.co\/portal\/wp-content\/uploads\/2023\/11\/Logo_horizontal_oscuroU-2023.png","contentUrl":"https:\/\/www.ucaldas.edu.co\/portal\/wp-content\/uploads\/2023\/11\/Logo_horizontal_oscuroU-2023.png","width":263,"height":101,"caption":"Universidad de Caldas"},"image":{"@id":"https:\/\/www.ucaldas.edu.co\/portal\/#\/schema\/logo\/image\/"},"sameAs":["https:\/\/www.facebook.com\/udecaldas","https:\/\/x.com\/udecaldas","https:\/\/www.youtube.com\/universidadcaldas","https:\/\/www.instagram.com\/udecaldas\/"]},{"@type":"Person","@id":"https:\/\/www.ucaldas.edu.co\/portal\/#\/schema\/person\/a1b482e23449158b4bc319926c074fdf","name":"ofiprensa","image":{"@type":"ImageObject","inLanguage":"es","@id":"https:\/\/www.ucaldas.edu.co\/portal\/wp-content\/litespeed\/avatar\/09ea5085e600095a7a811142c6944527.jpg?ver=1777497608","url":"https:\/\/www.ucaldas.edu.co\/portal\/wp-content\/litespeed\/avatar\/09ea5085e600095a7a811142c6944527.jpg?ver=1777497608","contentUrl":"https:\/\/www.ucaldas.edu.co\/portal\/wp-content\/litespeed\/avatar\/09ea5085e600095a7a811142c6944527.jpg?ver=1777497608","caption":"ofiprensa"},"url":"https:\/\/www.ucaldas.edu.co\/portal\/author\/ofiprensa\/"}]}},"_links":{"self":[{"href":"https:\/\/www.ucaldas.edu.co\/portal\/wp-json\/wp\/v2\/posts\/15019","targetHints":{"allow":["GET"]}}],"collection":[{"href":"https:\/\/www.ucaldas.edu.co\/portal\/wp-json\/wp\/v2\/posts"}],"about":[{"href":"https:\/\/www.ucaldas.edu.co\/portal\/wp-json\/wp\/v2\/types\/post"}],"author":[{"embeddable":true,"href":"https:\/\/www.ucaldas.edu.co\/portal\/wp-json\/wp\/v2\/users\/2"}],"replies":[{"embeddable":true,"href":"https:\/\/www.ucaldas.edu.co\/portal\/wp-json\/wp\/v2\/comments?post=15019"}],"version-history":[{"count":0,"href":"https:\/\/www.ucaldas.edu.co\/portal\/wp-json\/wp\/v2\/posts\/15019\/revisions"}],"wp:attachment":[{"href":"https:\/\/www.ucaldas.edu.co\/portal\/wp-json\/wp\/v2\/media?parent=15019"}],"wp:term":[{"taxonomy":"category","embeddable":true,"href":"https:\/\/www.ucaldas.edu.co\/portal\/wp-json\/wp\/v2\/categories?post=15019"},{"taxonomy":"post_tag","embeddable":true,"href":"https:\/\/www.ucaldas.edu.co\/portal\/wp-json\/wp\/v2\/tags?post=15019"}],"curies":[{"name":"wp","href":"https:\/\/api.w.org\/{rel}","templated":true}]}}