{"id":15005,"date":"2013-05-02T11:05:32","date_gmt":"2013-05-02T16:05:32","guid":{"rendered":"https:\/\/www.ucaldas.edu.co\/portal\/?p=15005"},"modified":"2013-05-02T11:05:32","modified_gmt":"2013-05-02T16:05:32","slug":"160-bailarines-se-dieron-cita-en-celebracion-del-dia-internacional-de-la-danza","status":"publish","type":"post","link":"https:\/\/www.ucaldas.edu.co\/portal\/160-bailarines-se-dieron-cita-en-celebracion-del-dia-internacional-de-la-danza\/","title":{"rendered":"160 bailarines se dieron cita, en Celebraci\u00f3n del D\u00eda Internacional de la Danza"},"content":{"rendered":"<p align=\"center\">U. de Caldas lider\u00f3 evento, con actividades culturales<\/p>\n<p align=\"right\">30\/04\/2013<\/p>\n<hr id=\"system-readmore\" \/>\n<p align=\"right\">Redacci\u00f3n: Margarita Laverde Galvis<\/p>\n<table border=\"0\">\n<tbody>\n<tr>\n<td><img loading=\"lazy\" decoding=\"async\" style=\"border: 0px\" title=\"Danza\" alt=\"Danza\" src=\"http:\/\/www.ucaldas.edu.co\/images\/tmp\/ucaldascelebradanzaabril2013.jpg\" width=\"240\" height=\"150\" border=\"0\" \/><\/p>\n<h6>Foto: Guillermo Sarmiento Estrada\/ Prensa U. de Caldas.<\/h6>\n<\/td>\n<td>El <b>Semillero de Danza Contempor\u00e1nea Cuerpo y Espacio<\/b> de la <b>Universidad de Caldas abri\u00f3<\/b> un <b>espacio cultural<\/b>, para la <b>Celebraci\u00f3n<\/b> del <b>D\u00eda Internacional de la Danza<\/b>, el pasado lunes 29 de abril del 2013. <b>160 bailarines<\/b> y <b>9<\/b> <b>grupos se dieron cita en la Instituci\u00f3n<\/b>, para bailar ese d\u00eda.<\/td>\n<\/tr>\n<\/tbody>\n<\/table>\n<p>&nbsp;<\/p>\n<p>Jos\u00e9 Fernando Ovalle Lopera, <b>profesor del Departamento de Artes Esc\u00e9nicas de la U. de Caldas, <\/b>entreg\u00f3 un balance de la actividad: \u201cdefinitivamente la danza necesita espacios para mostrarse y la Universidad se convierte en uno, para que los grupos muestren su trabajo\u201d.<\/p>\n<p>\u201cContamos con grupos de Chinchin\u00e1, Neira, Villamar\u00eda y Manizales, as\u00ed como con la participaci\u00f3n del Semillero Danc\u00edstico de la Universidad. Agradecemos a la Facultad de Artes y Humanidades, al Departamento de Artes Esc\u00e9nicas y al \u00c1rea de Extensi\u00f3n Cultural por su apoyo\u201d, agreg\u00f3 el profesor.<\/p>\n<p>Ovalle Lopera explic\u00f3 que en la U. de Caldas la danza contempor\u00e1nea no tiene un espacio de reflexi\u00f3n y no ha tenido espacios de circulaci\u00f3n, pues se ha contado con manifestaciones de folclor y danzas populares, pero tambi\u00e9n hay otras formas de expresarse con el cuerpo.<\/p>\n<p><a href=\"https:\/\/www.facebook.com\/media\/set\/?set=a.509058835822653.1073741959.107054166023124&amp;type=3\" target=\"_blank\">Conozca im\u00e1genes de la Celebraci\u00f3n del D\u00eda Internacional de la Danza<\/p>\n<p><\/a><br \/>\n<b>Informes: <\/b>Oficina de Prensa, tel\u00e9fono 878 15 00, extensi\u00f3n 12 167.<\/p>\n","protected":false},"excerpt":{"rendered":"<p>U. de Caldas lider\u00f3 evento, con actividades culturales 30\/04\/2013 Redacci\u00f3n: Margarita Laverde Galvis Foto: Guillermo Sarmiento Estrada\/ Prensa U. de Caldas. El Semillero de Danza Contempor\u00e1nea Cuerpo y Espacio de la Universidad de Caldas abri\u00f3 un espacio cultural, para la Celebraci\u00f3n del D\u00eda Internacional de la Danza, el pasado lunes 29 de abril del 2013. [&hellip;]<\/p>\n","protected":false},"author":2,"featured_media":0,"comment_status":"closed","ping_status":"closed","sticky":false,"template":"","format":"standard","meta":{"footnotes":""},"categories":[53,48],"tags":[],"class_list":["post-15005","post","type-post","status-publish","format-standard","hentry","category-universidad-al-dia","category-actualidad"],"yoast_head":"<!-- This site is optimized with the Yoast SEO plugin v27.5 - https:\/\/yoast.com\/product\/yoast-seo-wordpress\/ -->\n<title>160 bailarines se dieron cita, en Celebraci\u00f3n del D\u00eda Internacional de la Danza .<\/title>\n<meta name=\"robots\" content=\"index, follow, max-snippet:-1, max-image-preview:large, max-video-preview:-1\" \/>\n<link rel=\"canonical\" href=\"https:\/\/www.ucaldas.edu.co\/portal\/160-bailarines-se-dieron-cita-en-celebracion-del-dia-internacional-de-la-danza\/\" \/>\n<script type=\"application\/ld+json\" class=\"yoast-schema-graph\">{\"@context\":\"https:\\\/\\\/schema.org\",\"@graph\":[{\"@type\":\"Article\",\"@id\":\"https:\\\/\\\/www.ucaldas.edu.co\\\/portal\\\/160-bailarines-se-dieron-cita-en-celebracion-del-dia-internacional-de-la-danza\\\/#article\",\"isPartOf\":{\"@id\":\"https:\\\/\\\/www.ucaldas.edu.co\\\/portal\\\/160-bailarines-se-dieron-cita-en-celebracion-del-dia-internacional-de-la-danza\\\/\"},\"author\":{\"name\":\"ofiprensa\",\"@id\":\"https:\\\/\\\/www.ucaldas.edu.co\\\/portal\\\/#\\\/schema\\\/person\\\/a1b482e23449158b4bc319926c074fdf\"},\"headline\":\"160 bailarines se dieron cita, en Celebraci\u00f3n del D\u00eda Internacional de la Danza\",\"datePublished\":\"2013-05-02T16:05:32+00:00\",\"mainEntityOfPage\":{\"@id\":\"https:\\\/\\\/www.ucaldas.edu.co\\\/portal\\\/160-bailarines-se-dieron-cita-en-celebracion-del-dia-internacional-de-la-danza\\\/\"},\"wordCount\":251,\"publisher\":{\"@id\":\"https:\\\/\\\/www.ucaldas.edu.co\\\/portal\\\/#organization\"},\"image\":{\"@id\":\"https:\\\/\\\/www.ucaldas.edu.co\\\/portal\\\/160-bailarines-se-dieron-cita-en-celebracion-del-dia-internacional-de-la-danza\\\/#primaryimage\"},\"thumbnailUrl\":\"http:\\\/\\\/www.ucaldas.edu.co\\\/images\\\/tmp\\\/ucaldascelebradanzaabril2013.jpg\",\"articleSection\":[\"Universidad al D\u00eda\",\"Actualidad\"],\"inLanguage\":\"es\"},{\"@type\":\"WebPage\",\"@id\":\"https:\\\/\\\/www.ucaldas.edu.co\\\/portal\\\/160-bailarines-se-dieron-cita-en-celebracion-del-dia-internacional-de-la-danza\\\/\",\"url\":\"https:\\\/\\\/www.ucaldas.edu.co\\\/portal\\\/160-bailarines-se-dieron-cita-en-celebracion-del-dia-internacional-de-la-danza\\\/\",\"name\":\"160 bailarines se dieron cita, en Celebraci\u00f3n del D\u00eda Internacional de la Danza .\",\"isPartOf\":{\"@id\":\"https:\\\/\\\/www.ucaldas.edu.co\\\/portal\\\/#website\"},\"primaryImageOfPage\":{\"@id\":\"https:\\\/\\\/www.ucaldas.edu.co\\\/portal\\\/160-bailarines-se-dieron-cita-en-celebracion-del-dia-internacional-de-la-danza\\\/#primaryimage\"},\"image\":{\"@id\":\"https:\\\/\\\/www.ucaldas.edu.co\\\/portal\\\/160-bailarines-se-dieron-cita-en-celebracion-del-dia-internacional-de-la-danza\\\/#primaryimage\"},\"thumbnailUrl\":\"http:\\\/\\\/www.ucaldas.edu.co\\\/images\\\/tmp\\\/ucaldascelebradanzaabril2013.jpg\",\"datePublished\":\"2013-05-02T16:05:32+00:00\",\"breadcrumb\":{\"@id\":\"https:\\\/\\\/www.ucaldas.edu.co\\\/portal\\\/160-bailarines-se-dieron-cita-en-celebracion-del-dia-internacional-de-la-danza\\\/#breadcrumb\"},\"inLanguage\":\"es\",\"potentialAction\":[{\"@type\":\"ReadAction\",\"target\":[\"https:\\\/\\\/www.ucaldas.edu.co\\\/portal\\\/160-bailarines-se-dieron-cita-en-celebracion-del-dia-internacional-de-la-danza\\\/\"]}]},{\"@type\":\"ImageObject\",\"inLanguage\":\"es\",\"@id\":\"https:\\\/\\\/www.ucaldas.edu.co\\\/portal\\\/160-bailarines-se-dieron-cita-en-celebracion-del-dia-internacional-de-la-danza\\\/#primaryimage\",\"url\":\"http:\\\/\\\/www.ucaldas.edu.co\\\/images\\\/tmp\\\/ucaldascelebradanzaabril2013.jpg\",\"contentUrl\":\"http:\\\/\\\/www.ucaldas.edu.co\\\/images\\\/tmp\\\/ucaldascelebradanzaabril2013.jpg\"},{\"@type\":\"BreadcrumbList\",\"@id\":\"https:\\\/\\\/www.ucaldas.edu.co\\\/portal\\\/160-bailarines-se-dieron-cita-en-celebracion-del-dia-internacional-de-la-danza\\\/#breadcrumb\",\"itemListElement\":[{\"@type\":\"ListItem\",\"position\":1,\"name\":\"Portada\",\"item\":\"https:\\\/\\\/www.ucaldas.edu.co\\\/portal\\\/\"},{\"@type\":\"ListItem\",\"position\":2,\"name\":\"160 bailarines se dieron cita, en Celebraci\u00f3n del D\u00eda Internacional de la Danza\"}]},{\"@type\":\"WebSite\",\"@id\":\"https:\\\/\\\/www.ucaldas.edu.co\\\/portal\\\/#website\",\"url\":\"https:\\\/\\\/www.ucaldas.edu.co\\\/portal\\\/\",\"name\":\"Universidad de Caldas\",\"description\":\"\",\"publisher\":{\"@id\":\"https:\\\/\\\/www.ucaldas.edu.co\\\/portal\\\/#organization\"},\"alternateName\":\"U. de Caldas\",\"potentialAction\":[{\"@type\":\"SearchAction\",\"target\":{\"@type\":\"EntryPoint\",\"urlTemplate\":\"https:\\\/\\\/www.ucaldas.edu.co\\\/portal\\\/?s={search_term_string}\"},\"query-input\":{\"@type\":\"PropertyValueSpecification\",\"valueRequired\":true,\"valueName\":\"search_term_string\"}}],\"inLanguage\":\"es\"},{\"@type\":\"Organization\",\"@id\":\"https:\\\/\\\/www.ucaldas.edu.co\\\/portal\\\/#organization\",\"name\":\"Universidad de Caldas\",\"alternateName\":\"U. de Caldas\",\"url\":\"https:\\\/\\\/www.ucaldas.edu.co\\\/portal\\\/\",\"logo\":{\"@type\":\"ImageObject\",\"inLanguage\":\"es\",\"@id\":\"https:\\\/\\\/www.ucaldas.edu.co\\\/portal\\\/#\\\/schema\\\/logo\\\/image\\\/\",\"url\":\"https:\\\/\\\/www.ucaldas.edu.co\\\/portal\\\/wp-content\\\/uploads\\\/2023\\\/11\\\/Logo_horizontal_oscuroU-2023.png\",\"contentUrl\":\"https:\\\/\\\/www.ucaldas.edu.co\\\/portal\\\/wp-content\\\/uploads\\\/2023\\\/11\\\/Logo_horizontal_oscuroU-2023.png\",\"width\":263,\"height\":101,\"caption\":\"Universidad de Caldas\"},\"image\":{\"@id\":\"https:\\\/\\\/www.ucaldas.edu.co\\\/portal\\\/#\\\/schema\\\/logo\\\/image\\\/\"},\"sameAs\":[\"https:\\\/\\\/www.facebook.com\\\/udecaldas\",\"https:\\\/\\\/x.com\\\/udecaldas\",\"https:\\\/\\\/www.youtube.com\\\/universidadcaldas\",\"https:\\\/\\\/www.instagram.com\\\/udecaldas\\\/\"]},{\"@type\":\"Person\",\"@id\":\"https:\\\/\\\/www.ucaldas.edu.co\\\/portal\\\/#\\\/schema\\\/person\\\/a1b482e23449158b4bc319926c074fdf\",\"name\":\"ofiprensa\",\"image\":{\"@type\":\"ImageObject\",\"inLanguage\":\"es\",\"@id\":\"https:\\\/\\\/www.ucaldas.edu.co\\\/portal\\\/wp-content\\\/litespeed\\\/avatar\\\/09ea5085e600095a7a811142c6944527.jpg?ver=1777497608\",\"url\":\"https:\\\/\\\/www.ucaldas.edu.co\\\/portal\\\/wp-content\\\/litespeed\\\/avatar\\\/09ea5085e600095a7a811142c6944527.jpg?ver=1777497608\",\"contentUrl\":\"https:\\\/\\\/www.ucaldas.edu.co\\\/portal\\\/wp-content\\\/litespeed\\\/avatar\\\/09ea5085e600095a7a811142c6944527.jpg?ver=1777497608\",\"caption\":\"ofiprensa\"},\"url\":\"https:\\\/\\\/www.ucaldas.edu.co\\\/portal\\\/author\\\/ofiprensa\\\/\"}]}<\/script>\n<!-- \/ Yoast SEO plugin. -->","yoast_head_json":{"title":"160 bailarines se dieron cita, en Celebraci\u00f3n del D\u00eda Internacional de la Danza .","robots":{"index":"index","follow":"follow","max-snippet":"max-snippet:-1","max-image-preview":"max-image-preview:large","max-video-preview":"max-video-preview:-1"},"canonical":"https:\/\/www.ucaldas.edu.co\/portal\/160-bailarines-se-dieron-cita-en-celebracion-del-dia-internacional-de-la-danza\/","schema":{"@context":"https:\/\/schema.org","@graph":[{"@type":"Article","@id":"https:\/\/www.ucaldas.edu.co\/portal\/160-bailarines-se-dieron-cita-en-celebracion-del-dia-internacional-de-la-danza\/#article","isPartOf":{"@id":"https:\/\/www.ucaldas.edu.co\/portal\/160-bailarines-se-dieron-cita-en-celebracion-del-dia-internacional-de-la-danza\/"},"author":{"name":"ofiprensa","@id":"https:\/\/www.ucaldas.edu.co\/portal\/#\/schema\/person\/a1b482e23449158b4bc319926c074fdf"},"headline":"160 bailarines se dieron cita, en Celebraci\u00f3n del D\u00eda Internacional de la Danza","datePublished":"2013-05-02T16:05:32+00:00","mainEntityOfPage":{"@id":"https:\/\/www.ucaldas.edu.co\/portal\/160-bailarines-se-dieron-cita-en-celebracion-del-dia-internacional-de-la-danza\/"},"wordCount":251,"publisher":{"@id":"https:\/\/www.ucaldas.edu.co\/portal\/#organization"},"image":{"@id":"https:\/\/www.ucaldas.edu.co\/portal\/160-bailarines-se-dieron-cita-en-celebracion-del-dia-internacional-de-la-danza\/#primaryimage"},"thumbnailUrl":"http:\/\/www.ucaldas.edu.co\/images\/tmp\/ucaldascelebradanzaabril2013.jpg","articleSection":["Universidad al D\u00eda","Actualidad"],"inLanguage":"es"},{"@type":"WebPage","@id":"https:\/\/www.ucaldas.edu.co\/portal\/160-bailarines-se-dieron-cita-en-celebracion-del-dia-internacional-de-la-danza\/","url":"https:\/\/www.ucaldas.edu.co\/portal\/160-bailarines-se-dieron-cita-en-celebracion-del-dia-internacional-de-la-danza\/","name":"160 bailarines se dieron cita, en Celebraci\u00f3n del D\u00eda Internacional de la Danza .","isPartOf":{"@id":"https:\/\/www.ucaldas.edu.co\/portal\/#website"},"primaryImageOfPage":{"@id":"https:\/\/www.ucaldas.edu.co\/portal\/160-bailarines-se-dieron-cita-en-celebracion-del-dia-internacional-de-la-danza\/#primaryimage"},"image":{"@id":"https:\/\/www.ucaldas.edu.co\/portal\/160-bailarines-se-dieron-cita-en-celebracion-del-dia-internacional-de-la-danza\/#primaryimage"},"thumbnailUrl":"http:\/\/www.ucaldas.edu.co\/images\/tmp\/ucaldascelebradanzaabril2013.jpg","datePublished":"2013-05-02T16:05:32+00:00","breadcrumb":{"@id":"https:\/\/www.ucaldas.edu.co\/portal\/160-bailarines-se-dieron-cita-en-celebracion-del-dia-internacional-de-la-danza\/#breadcrumb"},"inLanguage":"es","potentialAction":[{"@type":"ReadAction","target":["https:\/\/www.ucaldas.edu.co\/portal\/160-bailarines-se-dieron-cita-en-celebracion-del-dia-internacional-de-la-danza\/"]}]},{"@type":"ImageObject","inLanguage":"es","@id":"https:\/\/www.ucaldas.edu.co\/portal\/160-bailarines-se-dieron-cita-en-celebracion-del-dia-internacional-de-la-danza\/#primaryimage","url":"http:\/\/www.ucaldas.edu.co\/images\/tmp\/ucaldascelebradanzaabril2013.jpg","contentUrl":"http:\/\/www.ucaldas.edu.co\/images\/tmp\/ucaldascelebradanzaabril2013.jpg"},{"@type":"BreadcrumbList","@id":"https:\/\/www.ucaldas.edu.co\/portal\/160-bailarines-se-dieron-cita-en-celebracion-del-dia-internacional-de-la-danza\/#breadcrumb","itemListElement":[{"@type":"ListItem","position":1,"name":"Portada","item":"https:\/\/www.ucaldas.edu.co\/portal\/"},{"@type":"ListItem","position":2,"name":"160 bailarines se dieron cita, en Celebraci\u00f3n del D\u00eda Internacional de la Danza"}]},{"@type":"WebSite","@id":"https:\/\/www.ucaldas.edu.co\/portal\/#website","url":"https:\/\/www.ucaldas.edu.co\/portal\/","name":"Universidad de Caldas","description":"","publisher":{"@id":"https:\/\/www.ucaldas.edu.co\/portal\/#organization"},"alternateName":"U. de Caldas","potentialAction":[{"@type":"SearchAction","target":{"@type":"EntryPoint","urlTemplate":"https:\/\/www.ucaldas.edu.co\/portal\/?s={search_term_string}"},"query-input":{"@type":"PropertyValueSpecification","valueRequired":true,"valueName":"search_term_string"}}],"inLanguage":"es"},{"@type":"Organization","@id":"https:\/\/www.ucaldas.edu.co\/portal\/#organization","name":"Universidad de Caldas","alternateName":"U. de Caldas","url":"https:\/\/www.ucaldas.edu.co\/portal\/","logo":{"@type":"ImageObject","inLanguage":"es","@id":"https:\/\/www.ucaldas.edu.co\/portal\/#\/schema\/logo\/image\/","url":"https:\/\/www.ucaldas.edu.co\/portal\/wp-content\/uploads\/2023\/11\/Logo_horizontal_oscuroU-2023.png","contentUrl":"https:\/\/www.ucaldas.edu.co\/portal\/wp-content\/uploads\/2023\/11\/Logo_horizontal_oscuroU-2023.png","width":263,"height":101,"caption":"Universidad de Caldas"},"image":{"@id":"https:\/\/www.ucaldas.edu.co\/portal\/#\/schema\/logo\/image\/"},"sameAs":["https:\/\/www.facebook.com\/udecaldas","https:\/\/x.com\/udecaldas","https:\/\/www.youtube.com\/universidadcaldas","https:\/\/www.instagram.com\/udecaldas\/"]},{"@type":"Person","@id":"https:\/\/www.ucaldas.edu.co\/portal\/#\/schema\/person\/a1b482e23449158b4bc319926c074fdf","name":"ofiprensa","image":{"@type":"ImageObject","inLanguage":"es","@id":"https:\/\/www.ucaldas.edu.co\/portal\/wp-content\/litespeed\/avatar\/09ea5085e600095a7a811142c6944527.jpg?ver=1777497608","url":"https:\/\/www.ucaldas.edu.co\/portal\/wp-content\/litespeed\/avatar\/09ea5085e600095a7a811142c6944527.jpg?ver=1777497608","contentUrl":"https:\/\/www.ucaldas.edu.co\/portal\/wp-content\/litespeed\/avatar\/09ea5085e600095a7a811142c6944527.jpg?ver=1777497608","caption":"ofiprensa"},"url":"https:\/\/www.ucaldas.edu.co\/portal\/author\/ofiprensa\/"}]}},"_links":{"self":[{"href":"https:\/\/www.ucaldas.edu.co\/portal\/wp-json\/wp\/v2\/posts\/15005","targetHints":{"allow":["GET"]}}],"collection":[{"href":"https:\/\/www.ucaldas.edu.co\/portal\/wp-json\/wp\/v2\/posts"}],"about":[{"href":"https:\/\/www.ucaldas.edu.co\/portal\/wp-json\/wp\/v2\/types\/post"}],"author":[{"embeddable":true,"href":"https:\/\/www.ucaldas.edu.co\/portal\/wp-json\/wp\/v2\/users\/2"}],"replies":[{"embeddable":true,"href":"https:\/\/www.ucaldas.edu.co\/portal\/wp-json\/wp\/v2\/comments?post=15005"}],"version-history":[{"count":0,"href":"https:\/\/www.ucaldas.edu.co\/portal\/wp-json\/wp\/v2\/posts\/15005\/revisions"}],"wp:attachment":[{"href":"https:\/\/www.ucaldas.edu.co\/portal\/wp-json\/wp\/v2\/media?parent=15005"}],"wp:term":[{"taxonomy":"category","embeddable":true,"href":"https:\/\/www.ucaldas.edu.co\/portal\/wp-json\/wp\/v2\/categories?post=15005"},{"taxonomy":"post_tag","embeddable":true,"href":"https:\/\/www.ucaldas.edu.co\/portal\/wp-json\/wp\/v2\/tags?post=15005"}],"curies":[{"name":"wp","href":"https:\/\/api.w.org\/{rel}","templated":true}]}}