{"id":14982,"date":"2012-12-21T10:35:40","date_gmt":"2012-12-21T15:35:40","guid":{"rendered":"https:\/\/www.ucaldas.edu.co\/portal\/?p=14982"},"modified":"2012-12-21T10:35:40","modified_gmt":"2012-12-21T15:35:40","slug":"u-de-caldas-entrego-al-pais-dos-nuevos-doctores-en-ciencias-agrarias","status":"publish","type":"post","link":"https:\/\/www.ucaldas.edu.co\/portal\/u-de-caldas-entrego-al-pais-dos-nuevos-doctores-en-ciencias-agrarias\/","title":{"rendered":"U. de Caldas entreg\u00f3 al pa\u00eds dos nuevos doctores en Ciencias Agrarias"},"content":{"rendered":"<p align=\"center\">El postgrado es totalmente propio de la Universidad<\/p>\n<p align=\"right\">21\/12\/2012<\/p>\n<hr \/>\n<p align=\"right\">Redacci\u00f3n: Margarita Laverde Galvis<\/p>\n<table border=\"0\">\n<tbody>\n<tr>\n<td>\u00a0<img loading=\"lazy\" decoding=\"async\" style=\"border: 0px\" title=\"Grado\" alt=\"Grado\" src=\"http:\/\/www.ucaldas.edu.co\/images\/tmp\/grado_doctores.jpg\" width=\"240\" height=\"160\" border=\"0\" \/><\/p>\n<h6>Foto: Guillermo Sarmiento Estrada\/ Prensa U. de Caldas.<\/h6>\n<\/td>\n<td><b>550 estudiantes<\/b> de programas de <b>pregrado y postgrado<\/b> de la <b>Universidad de <\/b>Caldas ahora son egresados de la Instituci\u00f3n. El pasado jueves 20 de diciembre del 2012 se efectuaron las ceremonias de graduaci\u00f3n en la Universidad y esta vez <b>dos nuevos doctores del postgrado en Ciencias Agrarias se llevaron todos los homenajes.<\/b><\/td>\n<\/tr>\n<\/tbody>\n<\/table>\n<p>&nbsp;<\/p>\n<p>Se trata de Sandra Montoya Barreto, <b>profesora asociada de la Facultad de Ciencias Agropecuarias de la U. de Caldas,<\/b> y Nelson Ceballos Aguirre, <b>profesor del Departamento de Producci\u00f3n Agropecuaria de la Instituci\u00f3n. <\/b><\/p>\n<p>As\u00ed, los profesores se convierten en el segundo y tercer graduado de este doctorado de la U. de Caldas -adem\u00e1s con tesis meritorias-, pues <a href=\"http:\/\/desarrollo.ucaldas.edu.co\/archivo\/index.php?option=com_content&amp;view=article&amp;id=6052:julian-estrada-alvarez-primer-graduado-de-un-doctorado-totalmente-propio-de-la-u-de-caldas&amp;catid=419:universidad-al-dia&amp;Itemid=1039\" target=\"_blank\">en agosto del 2011 Juli\u00e1n Estrada \u00c1lvarez se convirti\u00f3 en el primer docente de la Instituci\u00f3n en graduarse de un doctorado totalmente propio de la Universidad (ver nota)<\/a><\/p>\n<p>El <b>Rector de la U. de Caldas, <\/b>Ricardo G\u00f3mez Giraldo, extendi\u00f3 un saludo de felicitaci\u00f3n a los graduados: \u201choy estamos formalizando el aporte de la U. de Caldas a la ciencia. Nos sentimos muy felices, pues hoy es la primera vez que graduamos a dos doctores en la misma ceremonia. Un doctor es una persona de hacer ciencia y a partir de esto, transformar la realidad con nuevos conocimientos\u201d.<\/p>\n<p>G\u00f3mez Giraldo dijo adem\u00e1s: \u201choy es un mes muy especial para la Universidad. La historia de la Instituci\u00f3n se parte en dos en diciembre del 2012\u201d.<\/p>\n<p><b>Los nuevos doctores<\/b><\/p>\n<p>Sandra Montoya Barreto, <b>profesora asociada de la Facultad de Ciencias Agropecuarias de la U. de Caldas, <\/b>recibi\u00f3 su t\u00edtulo con un <b>trabajo sobre obtenci\u00f3n de enzimas de hongos de producci\u00f3n blanca<\/b>, que tiene aportes muy grandes, pues se realizan cultivos de algunas especies de hongos y se desarrollaron los modelos matem\u00e1ticos, <b>para aplicaciones biotecnol\u00f3gicas<\/b>.<\/p>\n<p>\u201cPara m\u00ed es un orgullo ser de la primera cohorte del primer doctorado de la U. de Caldas, pues todos los desarrollos quedan y son para la Instituci\u00f3n\u201d, dijo Montoya Barreto, quien es ingeniera qu\u00edmica, especialista en ciencia y tecnolog\u00eda de alimentos, y mag\u00edster en ingenier\u00eda qu\u00edmica de la U. Nacional de Colombia.<\/p>\n<p>Por su parte, Nelson Ceballos Aguirre, <b>profesor del Departamento de Producci\u00f3n Agropecuaria de la U. de Caldas<\/b>, <b>desarroll\u00f3 una investigaci\u00f3n<\/b> sobre la <b>evaluaci\u00f3n de germoplasma de tomate silvestre<\/b>, con el fin de recuperar el conjunto de genes que se transmite desde sus ancestros, <b>para hacer mejoramiento gen\u00e9tico del tomate cultivado.<\/b><\/p>\n<p>\u201cPara m\u00ed es un logro derivado de un esfuerzo de toda la familia y comunidad acad\u00e9mica de la Instituci\u00f3n, para aportarle a nivel doctoral a la Universidad, que me abri\u00f3 sus puertas como estudiante\u201d, dijo el profesor, quien adelant\u00f3 estudios en ingenier\u00eda agron\u00f3mica en la U. de Caldas.<\/p>\n<p>El profesor pas\u00f3 del pregrado al doctorado directamente y termin\u00f3 sus estudios en tres a\u00f1os y dos meses. <b>Dentro del Doctorado realiz\u00f3 una pasant\u00eda internacional<\/b>, de la cual se deriv\u00f3 el <b>convenio con la Universidad de California (Estados Unidos)<\/b> y que se efectu\u00f3 en el primer semestre del 2011. El <b>profesor estuvo en el Centro de Transformaci\u00f3n Gen\u00e9tica de Plantas de dicho pa\u00eds.<\/b><\/p>\n<p><a href=\"http:\/\/www.facebook.com\/media\/set\/?set=a.448883428506861.107312.107054166023124&amp;type=3\" target=\"_blank\">Conozca im\u00e1genes de la ceremonia de grados del Doctorado en Ciencias Agrarias<\/a><\/p>\n<p><a href=\"http:\/\/www.facebook.com\/media\/set\/?set=a.448742295187641.107272.107054166023124&amp;type=3\" target=\"_blank\">Conozca im\u00e1genes de la ceremonia de grados en la U. de Caldas<\/a><\/p>\n<p><b>Informes:<\/b> Oficina de Prensa, tel\u00e9fono 878 15 00, extensi\u00f3n 12 167.<\/p>\n","protected":false},"excerpt":{"rendered":"<p>El postgrado es totalmente propio de la Universidad 21\/12\/2012 Redacci\u00f3n: Margarita Laverde Galvis \u00a0 Foto: Guillermo Sarmiento Estrada\/ Prensa U. de Caldas. 550 estudiantes de programas de pregrado y postgrado de la Universidad de Caldas ahora son egresados de la Instituci\u00f3n. El pasado jueves 20 de diciembre del 2012 se efectuaron las ceremonias de graduaci\u00f3n [&hellip;]<\/p>\n","protected":false},"author":2,"featured_media":0,"comment_status":"closed","ping_status":"closed","sticky":false,"template":"","format":"standard","meta":{"footnotes":""},"categories":[48,53],"tags":[],"class_list":["post-14982","post","type-post","status-publish","format-standard","hentry","category-actualidad","category-universidad-al-dia"],"yoast_head":"<!-- This site is optimized with the Yoast SEO plugin v27.5 - https:\/\/yoast.com\/product\/yoast-seo-wordpress\/ -->\n<title>U. de Caldas entreg\u00f3 al pa\u00eds dos nuevos doctores en Ciencias Agrarias .<\/title>\n<meta name=\"robots\" content=\"index, follow, max-snippet:-1, max-image-preview:large, max-video-preview:-1\" \/>\n<link rel=\"canonical\" href=\"https:\/\/www.ucaldas.edu.co\/portal\/u-de-caldas-entrego-al-pais-dos-nuevos-doctores-en-ciencias-agrarias\/\" \/>\n<script type=\"application\/ld+json\" class=\"yoast-schema-graph\">{\"@context\":\"https:\\\/\\\/schema.org\",\"@graph\":[{\"@type\":\"Article\",\"@id\":\"https:\\\/\\\/www.ucaldas.edu.co\\\/portal\\\/u-de-caldas-entrego-al-pais-dos-nuevos-doctores-en-ciencias-agrarias\\\/#article\",\"isPartOf\":{\"@id\":\"https:\\\/\\\/www.ucaldas.edu.co\\\/portal\\\/u-de-caldas-entrego-al-pais-dos-nuevos-doctores-en-ciencias-agrarias\\\/\"},\"author\":{\"name\":\"ofiprensa\",\"@id\":\"https:\\\/\\\/www.ucaldas.edu.co\\\/portal\\\/#\\\/schema\\\/person\\\/a1b482e23449158b4bc319926c074fdf\"},\"headline\":\"U. de Caldas entreg\u00f3 al pa\u00eds dos nuevos doctores en Ciencias Agrarias\",\"datePublished\":\"2012-12-21T15:35:40+00:00\",\"mainEntityOfPage\":{\"@id\":\"https:\\\/\\\/www.ucaldas.edu.co\\\/portal\\\/u-de-caldas-entrego-al-pais-dos-nuevos-doctores-en-ciencias-agrarias\\\/\"},\"wordCount\":601,\"publisher\":{\"@id\":\"https:\\\/\\\/www.ucaldas.edu.co\\\/portal\\\/#organization\"},\"image\":{\"@id\":\"https:\\\/\\\/www.ucaldas.edu.co\\\/portal\\\/u-de-caldas-entrego-al-pais-dos-nuevos-doctores-en-ciencias-agrarias\\\/#primaryimage\"},\"thumbnailUrl\":\"http:\\\/\\\/www.ucaldas.edu.co\\\/images\\\/tmp\\\/grado_doctores.jpg\",\"articleSection\":[\"Actualidad\",\"Universidad al D\u00eda\"],\"inLanguage\":\"es\"},{\"@type\":\"WebPage\",\"@id\":\"https:\\\/\\\/www.ucaldas.edu.co\\\/portal\\\/u-de-caldas-entrego-al-pais-dos-nuevos-doctores-en-ciencias-agrarias\\\/\",\"url\":\"https:\\\/\\\/www.ucaldas.edu.co\\\/portal\\\/u-de-caldas-entrego-al-pais-dos-nuevos-doctores-en-ciencias-agrarias\\\/\",\"name\":\"U. de Caldas entreg\u00f3 al pa\u00eds dos nuevos doctores en Ciencias Agrarias .\",\"isPartOf\":{\"@id\":\"https:\\\/\\\/www.ucaldas.edu.co\\\/portal\\\/#website\"},\"primaryImageOfPage\":{\"@id\":\"https:\\\/\\\/www.ucaldas.edu.co\\\/portal\\\/u-de-caldas-entrego-al-pais-dos-nuevos-doctores-en-ciencias-agrarias\\\/#primaryimage\"},\"image\":{\"@id\":\"https:\\\/\\\/www.ucaldas.edu.co\\\/portal\\\/u-de-caldas-entrego-al-pais-dos-nuevos-doctores-en-ciencias-agrarias\\\/#primaryimage\"},\"thumbnailUrl\":\"http:\\\/\\\/www.ucaldas.edu.co\\\/images\\\/tmp\\\/grado_doctores.jpg\",\"datePublished\":\"2012-12-21T15:35:40+00:00\",\"breadcrumb\":{\"@id\":\"https:\\\/\\\/www.ucaldas.edu.co\\\/portal\\\/u-de-caldas-entrego-al-pais-dos-nuevos-doctores-en-ciencias-agrarias\\\/#breadcrumb\"},\"inLanguage\":\"es\",\"potentialAction\":[{\"@type\":\"ReadAction\",\"target\":[\"https:\\\/\\\/www.ucaldas.edu.co\\\/portal\\\/u-de-caldas-entrego-al-pais-dos-nuevos-doctores-en-ciencias-agrarias\\\/\"]}]},{\"@type\":\"ImageObject\",\"inLanguage\":\"es\",\"@id\":\"https:\\\/\\\/www.ucaldas.edu.co\\\/portal\\\/u-de-caldas-entrego-al-pais-dos-nuevos-doctores-en-ciencias-agrarias\\\/#primaryimage\",\"url\":\"http:\\\/\\\/www.ucaldas.edu.co\\\/images\\\/tmp\\\/grado_doctores.jpg\",\"contentUrl\":\"http:\\\/\\\/www.ucaldas.edu.co\\\/images\\\/tmp\\\/grado_doctores.jpg\"},{\"@type\":\"BreadcrumbList\",\"@id\":\"https:\\\/\\\/www.ucaldas.edu.co\\\/portal\\\/u-de-caldas-entrego-al-pais-dos-nuevos-doctores-en-ciencias-agrarias\\\/#breadcrumb\",\"itemListElement\":[{\"@type\":\"ListItem\",\"position\":1,\"name\":\"Portada\",\"item\":\"https:\\\/\\\/www.ucaldas.edu.co\\\/portal\\\/\"},{\"@type\":\"ListItem\",\"position\":2,\"name\":\"U. de Caldas entreg\u00f3 al pa\u00eds dos nuevos doctores en Ciencias Agrarias\"}]},{\"@type\":\"WebSite\",\"@id\":\"https:\\\/\\\/www.ucaldas.edu.co\\\/portal\\\/#website\",\"url\":\"https:\\\/\\\/www.ucaldas.edu.co\\\/portal\\\/\",\"name\":\"Universidad de Caldas\",\"description\":\"\",\"publisher\":{\"@id\":\"https:\\\/\\\/www.ucaldas.edu.co\\\/portal\\\/#organization\"},\"alternateName\":\"U. de Caldas\",\"potentialAction\":[{\"@type\":\"SearchAction\",\"target\":{\"@type\":\"EntryPoint\",\"urlTemplate\":\"https:\\\/\\\/www.ucaldas.edu.co\\\/portal\\\/?s={search_term_string}\"},\"query-input\":{\"@type\":\"PropertyValueSpecification\",\"valueRequired\":true,\"valueName\":\"search_term_string\"}}],\"inLanguage\":\"es\"},{\"@type\":\"Organization\",\"@id\":\"https:\\\/\\\/www.ucaldas.edu.co\\\/portal\\\/#organization\",\"name\":\"Universidad de Caldas\",\"alternateName\":\"U. de Caldas\",\"url\":\"https:\\\/\\\/www.ucaldas.edu.co\\\/portal\\\/\",\"logo\":{\"@type\":\"ImageObject\",\"inLanguage\":\"es\",\"@id\":\"https:\\\/\\\/www.ucaldas.edu.co\\\/portal\\\/#\\\/schema\\\/logo\\\/image\\\/\",\"url\":\"https:\\\/\\\/www.ucaldas.edu.co\\\/portal\\\/wp-content\\\/uploads\\\/2023\\\/11\\\/Logo_horizontal_oscuroU-2023.png\",\"contentUrl\":\"https:\\\/\\\/www.ucaldas.edu.co\\\/portal\\\/wp-content\\\/uploads\\\/2023\\\/11\\\/Logo_horizontal_oscuroU-2023.png\",\"width\":263,\"height\":101,\"caption\":\"Universidad de Caldas\"},\"image\":{\"@id\":\"https:\\\/\\\/www.ucaldas.edu.co\\\/portal\\\/#\\\/schema\\\/logo\\\/image\\\/\"},\"sameAs\":[\"https:\\\/\\\/www.facebook.com\\\/udecaldas\",\"https:\\\/\\\/x.com\\\/udecaldas\",\"https:\\\/\\\/www.youtube.com\\\/universidadcaldas\",\"https:\\\/\\\/www.instagram.com\\\/udecaldas\\\/\"]},{\"@type\":\"Person\",\"@id\":\"https:\\\/\\\/www.ucaldas.edu.co\\\/portal\\\/#\\\/schema\\\/person\\\/a1b482e23449158b4bc319926c074fdf\",\"name\":\"ofiprensa\",\"image\":{\"@type\":\"ImageObject\",\"inLanguage\":\"es\",\"@id\":\"https:\\\/\\\/www.ucaldas.edu.co\\\/portal\\\/wp-content\\\/litespeed\\\/avatar\\\/09ea5085e600095a7a811142c6944527.jpg?ver=1777497608\",\"url\":\"https:\\\/\\\/www.ucaldas.edu.co\\\/portal\\\/wp-content\\\/litespeed\\\/avatar\\\/09ea5085e600095a7a811142c6944527.jpg?ver=1777497608\",\"contentUrl\":\"https:\\\/\\\/www.ucaldas.edu.co\\\/portal\\\/wp-content\\\/litespeed\\\/avatar\\\/09ea5085e600095a7a811142c6944527.jpg?ver=1777497608\",\"caption\":\"ofiprensa\"},\"url\":\"https:\\\/\\\/www.ucaldas.edu.co\\\/portal\\\/author\\\/ofiprensa\\\/\"}]}<\/script>\n<!-- \/ Yoast SEO plugin. -->","yoast_head_json":{"title":"U. de Caldas entreg\u00f3 al pa\u00eds dos nuevos doctores en Ciencias Agrarias .","robots":{"index":"index","follow":"follow","max-snippet":"max-snippet:-1","max-image-preview":"max-image-preview:large","max-video-preview":"max-video-preview:-1"},"canonical":"https:\/\/www.ucaldas.edu.co\/portal\/u-de-caldas-entrego-al-pais-dos-nuevos-doctores-en-ciencias-agrarias\/","schema":{"@context":"https:\/\/schema.org","@graph":[{"@type":"Article","@id":"https:\/\/www.ucaldas.edu.co\/portal\/u-de-caldas-entrego-al-pais-dos-nuevos-doctores-en-ciencias-agrarias\/#article","isPartOf":{"@id":"https:\/\/www.ucaldas.edu.co\/portal\/u-de-caldas-entrego-al-pais-dos-nuevos-doctores-en-ciencias-agrarias\/"},"author":{"name":"ofiprensa","@id":"https:\/\/www.ucaldas.edu.co\/portal\/#\/schema\/person\/a1b482e23449158b4bc319926c074fdf"},"headline":"U. de Caldas entreg\u00f3 al pa\u00eds dos nuevos doctores en Ciencias Agrarias","datePublished":"2012-12-21T15:35:40+00:00","mainEntityOfPage":{"@id":"https:\/\/www.ucaldas.edu.co\/portal\/u-de-caldas-entrego-al-pais-dos-nuevos-doctores-en-ciencias-agrarias\/"},"wordCount":601,"publisher":{"@id":"https:\/\/www.ucaldas.edu.co\/portal\/#organization"},"image":{"@id":"https:\/\/www.ucaldas.edu.co\/portal\/u-de-caldas-entrego-al-pais-dos-nuevos-doctores-en-ciencias-agrarias\/#primaryimage"},"thumbnailUrl":"http:\/\/www.ucaldas.edu.co\/images\/tmp\/grado_doctores.jpg","articleSection":["Actualidad","Universidad al D\u00eda"],"inLanguage":"es"},{"@type":"WebPage","@id":"https:\/\/www.ucaldas.edu.co\/portal\/u-de-caldas-entrego-al-pais-dos-nuevos-doctores-en-ciencias-agrarias\/","url":"https:\/\/www.ucaldas.edu.co\/portal\/u-de-caldas-entrego-al-pais-dos-nuevos-doctores-en-ciencias-agrarias\/","name":"U. de Caldas entreg\u00f3 al pa\u00eds dos nuevos doctores en Ciencias Agrarias .","isPartOf":{"@id":"https:\/\/www.ucaldas.edu.co\/portal\/#website"},"primaryImageOfPage":{"@id":"https:\/\/www.ucaldas.edu.co\/portal\/u-de-caldas-entrego-al-pais-dos-nuevos-doctores-en-ciencias-agrarias\/#primaryimage"},"image":{"@id":"https:\/\/www.ucaldas.edu.co\/portal\/u-de-caldas-entrego-al-pais-dos-nuevos-doctores-en-ciencias-agrarias\/#primaryimage"},"thumbnailUrl":"http:\/\/www.ucaldas.edu.co\/images\/tmp\/grado_doctores.jpg","datePublished":"2012-12-21T15:35:40+00:00","breadcrumb":{"@id":"https:\/\/www.ucaldas.edu.co\/portal\/u-de-caldas-entrego-al-pais-dos-nuevos-doctores-en-ciencias-agrarias\/#breadcrumb"},"inLanguage":"es","potentialAction":[{"@type":"ReadAction","target":["https:\/\/www.ucaldas.edu.co\/portal\/u-de-caldas-entrego-al-pais-dos-nuevos-doctores-en-ciencias-agrarias\/"]}]},{"@type":"ImageObject","inLanguage":"es","@id":"https:\/\/www.ucaldas.edu.co\/portal\/u-de-caldas-entrego-al-pais-dos-nuevos-doctores-en-ciencias-agrarias\/#primaryimage","url":"http:\/\/www.ucaldas.edu.co\/images\/tmp\/grado_doctores.jpg","contentUrl":"http:\/\/www.ucaldas.edu.co\/images\/tmp\/grado_doctores.jpg"},{"@type":"BreadcrumbList","@id":"https:\/\/www.ucaldas.edu.co\/portal\/u-de-caldas-entrego-al-pais-dos-nuevos-doctores-en-ciencias-agrarias\/#breadcrumb","itemListElement":[{"@type":"ListItem","position":1,"name":"Portada","item":"https:\/\/www.ucaldas.edu.co\/portal\/"},{"@type":"ListItem","position":2,"name":"U. de Caldas entreg\u00f3 al pa\u00eds dos nuevos doctores en Ciencias Agrarias"}]},{"@type":"WebSite","@id":"https:\/\/www.ucaldas.edu.co\/portal\/#website","url":"https:\/\/www.ucaldas.edu.co\/portal\/","name":"Universidad de Caldas","description":"","publisher":{"@id":"https:\/\/www.ucaldas.edu.co\/portal\/#organization"},"alternateName":"U. de Caldas","potentialAction":[{"@type":"SearchAction","target":{"@type":"EntryPoint","urlTemplate":"https:\/\/www.ucaldas.edu.co\/portal\/?s={search_term_string}"},"query-input":{"@type":"PropertyValueSpecification","valueRequired":true,"valueName":"search_term_string"}}],"inLanguage":"es"},{"@type":"Organization","@id":"https:\/\/www.ucaldas.edu.co\/portal\/#organization","name":"Universidad de Caldas","alternateName":"U. de Caldas","url":"https:\/\/www.ucaldas.edu.co\/portal\/","logo":{"@type":"ImageObject","inLanguage":"es","@id":"https:\/\/www.ucaldas.edu.co\/portal\/#\/schema\/logo\/image\/","url":"https:\/\/www.ucaldas.edu.co\/portal\/wp-content\/uploads\/2023\/11\/Logo_horizontal_oscuroU-2023.png","contentUrl":"https:\/\/www.ucaldas.edu.co\/portal\/wp-content\/uploads\/2023\/11\/Logo_horizontal_oscuroU-2023.png","width":263,"height":101,"caption":"Universidad de Caldas"},"image":{"@id":"https:\/\/www.ucaldas.edu.co\/portal\/#\/schema\/logo\/image\/"},"sameAs":["https:\/\/www.facebook.com\/udecaldas","https:\/\/x.com\/udecaldas","https:\/\/www.youtube.com\/universidadcaldas","https:\/\/www.instagram.com\/udecaldas\/"]},{"@type":"Person","@id":"https:\/\/www.ucaldas.edu.co\/portal\/#\/schema\/person\/a1b482e23449158b4bc319926c074fdf","name":"ofiprensa","image":{"@type":"ImageObject","inLanguage":"es","@id":"https:\/\/www.ucaldas.edu.co\/portal\/wp-content\/litespeed\/avatar\/09ea5085e600095a7a811142c6944527.jpg?ver=1777497608","url":"https:\/\/www.ucaldas.edu.co\/portal\/wp-content\/litespeed\/avatar\/09ea5085e600095a7a811142c6944527.jpg?ver=1777497608","contentUrl":"https:\/\/www.ucaldas.edu.co\/portal\/wp-content\/litespeed\/avatar\/09ea5085e600095a7a811142c6944527.jpg?ver=1777497608","caption":"ofiprensa"},"url":"https:\/\/www.ucaldas.edu.co\/portal\/author\/ofiprensa\/"}]}},"_links":{"self":[{"href":"https:\/\/www.ucaldas.edu.co\/portal\/wp-json\/wp\/v2\/posts\/14982","targetHints":{"allow":["GET"]}}],"collection":[{"href":"https:\/\/www.ucaldas.edu.co\/portal\/wp-json\/wp\/v2\/posts"}],"about":[{"href":"https:\/\/www.ucaldas.edu.co\/portal\/wp-json\/wp\/v2\/types\/post"}],"author":[{"embeddable":true,"href":"https:\/\/www.ucaldas.edu.co\/portal\/wp-json\/wp\/v2\/users\/2"}],"replies":[{"embeddable":true,"href":"https:\/\/www.ucaldas.edu.co\/portal\/wp-json\/wp\/v2\/comments?post=14982"}],"version-history":[{"count":0,"href":"https:\/\/www.ucaldas.edu.co\/portal\/wp-json\/wp\/v2\/posts\/14982\/revisions"}],"wp:attachment":[{"href":"https:\/\/www.ucaldas.edu.co\/portal\/wp-json\/wp\/v2\/media?parent=14982"}],"wp:term":[{"taxonomy":"category","embeddable":true,"href":"https:\/\/www.ucaldas.edu.co\/portal\/wp-json\/wp\/v2\/categories?post=14982"},{"taxonomy":"post_tag","embeddable":true,"href":"https:\/\/www.ucaldas.edu.co\/portal\/wp-json\/wp\/v2\/tags?post=14982"}],"curies":[{"name":"wp","href":"https:\/\/api.w.org\/{rel}","templated":true}]}}