{"id":14635,"date":"2012-11-30T11:05:58","date_gmt":"2012-11-30T16:05:58","guid":{"rendered":"https:\/\/www.ucaldas.edu.co\/portal\/?p=14635"},"modified":"2012-11-30T11:05:58","modified_gmt":"2012-11-30T16:05:58","slug":"manana-u-de-caldas-rendira-cuentas-de-su-gestion-por-telecafe","status":"publish","type":"post","link":"https:\/\/www.ucaldas.edu.co\/portal\/manana-u-de-caldas-rendira-cuentas-de-su-gestion-por-telecafe\/","title":{"rendered":"Ma\u00f1ana U. de Caldas rendir\u00e1 cuentas de su gesti\u00f3n, por Telecaf\u00e9"},"content":{"rendered":"<p align=\"center\">Transmisi\u00f3n comenzar\u00e1 a las 11:00 a.m.<\/p>\n<p align=\"right\">30\/11\/2012<\/p>\n<hr \/>\n<p align=\"right\">Redacci\u00f3n: Margarita Laverde Galvis<\/p>\n<p><b>\u00a0<\/b><\/p>\n<table border=\"0\">\n<tbody>\n<tr>\n<td>\u00a0<img loading=\"lazy\" decoding=\"async\" style=\"border: 0px\" title=\"Rendici\u00f3n de cuentas\" alt=\"Rendici\u00f3n de cuentas\" src=\"http:\/\/www.ucaldas.edu.co\/images\/tmp\/rendicioncuentas2011participe.jpg\" width=\"240\" height=\"150\" border=\"0\" \/><\/p>\n<h6>Foto: Guillermo Sarmiento Estrada\/ Prensa U. de Caldas.<\/h6>\n<\/td>\n<td>La <b>Universidad de Caldas rendir\u00e1 cuentas<\/b> <b>a la ciudadan\u00eda<\/b> de su gesti\u00f3n<b> 2011 &#8211; 2012<\/b>, en una <b>edici\u00f3n especial <\/b>de la <b>Responsabilidad Social Universitaria<\/b>, de la Instituci\u00f3n. Ser\u00e1 <b>ma\u00f1ana<\/b>, <b>s\u00e1bado<\/b> 1 de diciembre del 2012, <b>a las 11:00 a.m.<\/b> en teleaudiencia por el canal regional<b> Telecaf\u00e9.<\/b><\/td>\n<\/tr>\n<\/tbody>\n<\/table>\n<p>&nbsp;<\/p>\n<p><b>\u00a0<\/b><\/p>\n<p>Adicional a esto, se efectuar\u00e1 una <b>Audiencia P\u00fablica Presencial, <\/b>el <b>jueves 6 de diciembre<\/b> de 2012. Ser\u00e1 <b>a las \u00a08:00 a.m. <\/b>en la <b>Sala Carlos N\u00e1der N\u00e1der<\/b>, bloque B del Edificio Orlando Sierra Hern\u00e1ndez, <b>Campus Central de la Universidad de Caldas<\/b>.<br \/>\nEnv\u00ede sus <b>comentarios y preguntas<\/b> al correo electr\u00f3nico: <a href=\"mailto:rendiciondecuentas@ucaldas.edu.co\" target=\"_blank\">rendiciondecuentas@ucaldas.edu.co<\/a> o participe v\u00edas redes sociales, a trav\u00e9s del Twitter @udecaldas y en <a href=\"http:\/\/facebook.com\/ucaldas.edu.co\" target=\"_blank\">facebook.com\/ucaldas.edu.co<\/a><\/p>\n<p>Consulte o descargue el <a href=\"http:\/\/desarrollo.ucaldas.edu.co\/archivo\/rendicioncuentas\/formato_encuesta_pre_audiencia.doc\" target=\"_blank\">formato para proponer temas y formular preguntas al rector\u00a0 <\/a><\/p>\n<p>&nbsp;<\/p>\n<p><a href=\"http:\/\/desarrollo.ucaldas.edu.co\/archivo\/index.php?option=com_content&amp;view=article&amp;id=8167:6a-audiencia-publica-de-rendicion-de-cuentas-a-la-ciudadania-2011-2012-&amp;catid=419:universidad-al-dia&amp;Itemid=1039\" target=\"_blank\">Conozca aqu\u00ed m\u00e1s detalles de la 6a Audiencia p\u00fablica de rendici\u00f3n de cuentas a la ciudadan\u00eda<\/a><\/p>\n<p>Consulte las anteriores audiencias p\u00fablicas:<\/p>\n<p>&#8211; Consultar <a href=\"http:\/\/desarrollo.ucaldas.edu.co\/archivo\/index.php?option=com_content&amp;view=category&amp;layout=blog&amp;id=520&amp;Itemid=1039\" target=\"_blank\">5a Audiencia p\u00fablica de rendici\u00f3n de cuentas a la ciudadan\u00eda 2010 &#8211; 2011<\/a><\/p>\n<p>&#8211; Consultar <a href=\"http:\/\/desarrollo.ucaldas.edu.co\/archivo\/index.php?option=com_content&amp;view=category&amp;layout=blog&amp;id=488&amp;Itemid=1039\" target=\"_blank\">4a Audiencia p\u00fablica de rendici\u00f3n de cuentas a la ciudadan\u00eda 2009 &#8211; 2010<\/a><\/p>\n<p>&#8211; Consultar <a href=\"http:\/\/desarrollo.ucaldas.edu.co\/archivo\/index.php?option=com_content&amp;view=category&amp;layout=blog&amp;id=431&amp;Itemid=1039\" target=\"_blank\">3a Audiencia p\u00fablica de rendici\u00f3n de cuentas a la ciudadana 2008 &#8211; 2009<\/a><\/p>\n<p><b>Informes:<\/b> tel\u00e9fono 878 15 00, extensi\u00f3n 11 324.<\/p>\n","protected":false},"excerpt":{"rendered":"<p>Transmisi\u00f3n comenzar\u00e1 a las 11:00 a.m. 30\/11\/2012 Redacci\u00f3n: Margarita Laverde Galvis \u00a0 \u00a0 Foto: Guillermo Sarmiento Estrada\/ Prensa U. de Caldas. La Universidad de Caldas rendir\u00e1 cuentas a la ciudadan\u00eda de su gesti\u00f3n 2011 &#8211; 2012, en una edici\u00f3n especial de la Responsabilidad Social Universitaria, de la Instituci\u00f3n. Ser\u00e1 ma\u00f1ana, s\u00e1bado 1 de diciembre del [&hellip;]<\/p>\n","protected":false},"author":2,"featured_media":0,"comment_status":"closed","ping_status":"closed","sticky":false,"template":"","format":"standard","meta":{"footnotes":""},"categories":[48,53],"tags":[],"class_list":["post-14635","post","type-post","status-publish","format-standard","hentry","category-actualidad","category-universidad-al-dia"],"yoast_head":"<!-- This site is optimized with the Yoast SEO plugin v27.5 - https:\/\/yoast.com\/product\/yoast-seo-wordpress\/ -->\n<title>Ma\u00f1ana U. de Caldas rendir\u00e1 cuentas de su gesti\u00f3n, por Telecaf\u00e9 .<\/title>\n<meta name=\"robots\" content=\"index, follow, max-snippet:-1, max-image-preview:large, max-video-preview:-1\" \/>\n<link rel=\"canonical\" href=\"https:\/\/www.ucaldas.edu.co\/portal\/manana-u-de-caldas-rendira-cuentas-de-su-gestion-por-telecafe\/\" \/>\n<script type=\"application\/ld+json\" class=\"yoast-schema-graph\">{\"@context\":\"https:\\\/\\\/schema.org\",\"@graph\":[{\"@type\":\"Article\",\"@id\":\"https:\\\/\\\/www.ucaldas.edu.co\\\/portal\\\/manana-u-de-caldas-rendira-cuentas-de-su-gestion-por-telecafe\\\/#article\",\"isPartOf\":{\"@id\":\"https:\\\/\\\/www.ucaldas.edu.co\\\/portal\\\/manana-u-de-caldas-rendira-cuentas-de-su-gestion-por-telecafe\\\/\"},\"author\":{\"name\":\"ofiprensa\",\"@id\":\"https:\\\/\\\/www.ucaldas.edu.co\\\/portal\\\/#\\\/schema\\\/person\\\/a1b482e23449158b4bc319926c074fdf\"},\"headline\":\"Ma\u00f1ana U. de Caldas rendir\u00e1 cuentas de su gesti\u00f3n, por Telecaf\u00e9\",\"datePublished\":\"2012-11-30T16:05:58+00:00\",\"mainEntityOfPage\":{\"@id\":\"https:\\\/\\\/www.ucaldas.edu.co\\\/portal\\\/manana-u-de-caldas-rendira-cuentas-de-su-gestion-por-telecafe\\\/\"},\"wordCount\":250,\"publisher\":{\"@id\":\"https:\\\/\\\/www.ucaldas.edu.co\\\/portal\\\/#organization\"},\"image\":{\"@id\":\"https:\\\/\\\/www.ucaldas.edu.co\\\/portal\\\/manana-u-de-caldas-rendira-cuentas-de-su-gestion-por-telecafe\\\/#primaryimage\"},\"thumbnailUrl\":\"http:\\\/\\\/www.ucaldas.edu.co\\\/images\\\/tmp\\\/rendicioncuentas2011participe.jpg\",\"articleSection\":[\"Actualidad\",\"Universidad al D\u00eda\"],\"inLanguage\":\"es\"},{\"@type\":\"WebPage\",\"@id\":\"https:\\\/\\\/www.ucaldas.edu.co\\\/portal\\\/manana-u-de-caldas-rendira-cuentas-de-su-gestion-por-telecafe\\\/\",\"url\":\"https:\\\/\\\/www.ucaldas.edu.co\\\/portal\\\/manana-u-de-caldas-rendira-cuentas-de-su-gestion-por-telecafe\\\/\",\"name\":\"Ma\u00f1ana U. de Caldas rendir\u00e1 cuentas de su gesti\u00f3n, por Telecaf\u00e9 .\",\"isPartOf\":{\"@id\":\"https:\\\/\\\/www.ucaldas.edu.co\\\/portal\\\/#website\"},\"primaryImageOfPage\":{\"@id\":\"https:\\\/\\\/www.ucaldas.edu.co\\\/portal\\\/manana-u-de-caldas-rendira-cuentas-de-su-gestion-por-telecafe\\\/#primaryimage\"},\"image\":{\"@id\":\"https:\\\/\\\/www.ucaldas.edu.co\\\/portal\\\/manana-u-de-caldas-rendira-cuentas-de-su-gestion-por-telecafe\\\/#primaryimage\"},\"thumbnailUrl\":\"http:\\\/\\\/www.ucaldas.edu.co\\\/images\\\/tmp\\\/rendicioncuentas2011participe.jpg\",\"datePublished\":\"2012-11-30T16:05:58+00:00\",\"breadcrumb\":{\"@id\":\"https:\\\/\\\/www.ucaldas.edu.co\\\/portal\\\/manana-u-de-caldas-rendira-cuentas-de-su-gestion-por-telecafe\\\/#breadcrumb\"},\"inLanguage\":\"es\",\"potentialAction\":[{\"@type\":\"ReadAction\",\"target\":[\"https:\\\/\\\/www.ucaldas.edu.co\\\/portal\\\/manana-u-de-caldas-rendira-cuentas-de-su-gestion-por-telecafe\\\/\"]}]},{\"@type\":\"ImageObject\",\"inLanguage\":\"es\",\"@id\":\"https:\\\/\\\/www.ucaldas.edu.co\\\/portal\\\/manana-u-de-caldas-rendira-cuentas-de-su-gestion-por-telecafe\\\/#primaryimage\",\"url\":\"http:\\\/\\\/www.ucaldas.edu.co\\\/images\\\/tmp\\\/rendicioncuentas2011participe.jpg\",\"contentUrl\":\"http:\\\/\\\/www.ucaldas.edu.co\\\/images\\\/tmp\\\/rendicioncuentas2011participe.jpg\"},{\"@type\":\"BreadcrumbList\",\"@id\":\"https:\\\/\\\/www.ucaldas.edu.co\\\/portal\\\/manana-u-de-caldas-rendira-cuentas-de-su-gestion-por-telecafe\\\/#breadcrumb\",\"itemListElement\":[{\"@type\":\"ListItem\",\"position\":1,\"name\":\"Portada\",\"item\":\"https:\\\/\\\/www.ucaldas.edu.co\\\/portal\\\/\"},{\"@type\":\"ListItem\",\"position\":2,\"name\":\"Ma\u00f1ana U. de Caldas rendir\u00e1 cuentas de su gesti\u00f3n, por Telecaf\u00e9\"}]},{\"@type\":\"WebSite\",\"@id\":\"https:\\\/\\\/www.ucaldas.edu.co\\\/portal\\\/#website\",\"url\":\"https:\\\/\\\/www.ucaldas.edu.co\\\/portal\\\/\",\"name\":\"Universidad de Caldas\",\"description\":\"\",\"publisher\":{\"@id\":\"https:\\\/\\\/www.ucaldas.edu.co\\\/portal\\\/#organization\"},\"alternateName\":\"U. de Caldas\",\"potentialAction\":[{\"@type\":\"SearchAction\",\"target\":{\"@type\":\"EntryPoint\",\"urlTemplate\":\"https:\\\/\\\/www.ucaldas.edu.co\\\/portal\\\/?s={search_term_string}\"},\"query-input\":{\"@type\":\"PropertyValueSpecification\",\"valueRequired\":true,\"valueName\":\"search_term_string\"}}],\"inLanguage\":\"es\"},{\"@type\":\"Organization\",\"@id\":\"https:\\\/\\\/www.ucaldas.edu.co\\\/portal\\\/#organization\",\"name\":\"Universidad de Caldas\",\"alternateName\":\"U. de Caldas\",\"url\":\"https:\\\/\\\/www.ucaldas.edu.co\\\/portal\\\/\",\"logo\":{\"@type\":\"ImageObject\",\"inLanguage\":\"es\",\"@id\":\"https:\\\/\\\/www.ucaldas.edu.co\\\/portal\\\/#\\\/schema\\\/logo\\\/image\\\/\",\"url\":\"https:\\\/\\\/www.ucaldas.edu.co\\\/portal\\\/wp-content\\\/uploads\\\/2023\\\/11\\\/Logo_horizontal_oscuroU-2023.png\",\"contentUrl\":\"https:\\\/\\\/www.ucaldas.edu.co\\\/portal\\\/wp-content\\\/uploads\\\/2023\\\/11\\\/Logo_horizontal_oscuroU-2023.png\",\"width\":263,\"height\":101,\"caption\":\"Universidad de Caldas\"},\"image\":{\"@id\":\"https:\\\/\\\/www.ucaldas.edu.co\\\/portal\\\/#\\\/schema\\\/logo\\\/image\\\/\"},\"sameAs\":[\"https:\\\/\\\/www.facebook.com\\\/udecaldas\",\"https:\\\/\\\/x.com\\\/udecaldas\",\"https:\\\/\\\/www.youtube.com\\\/universidadcaldas\",\"https:\\\/\\\/www.instagram.com\\\/udecaldas\\\/\"]},{\"@type\":\"Person\",\"@id\":\"https:\\\/\\\/www.ucaldas.edu.co\\\/portal\\\/#\\\/schema\\\/person\\\/a1b482e23449158b4bc319926c074fdf\",\"name\":\"ofiprensa\",\"image\":{\"@type\":\"ImageObject\",\"inLanguage\":\"es\",\"@id\":\"https:\\\/\\\/www.ucaldas.edu.co\\\/portal\\\/wp-content\\\/litespeed\\\/avatar\\\/09ea5085e600095a7a811142c6944527.jpg?ver=1777497608\",\"url\":\"https:\\\/\\\/www.ucaldas.edu.co\\\/portal\\\/wp-content\\\/litespeed\\\/avatar\\\/09ea5085e600095a7a811142c6944527.jpg?ver=1777497608\",\"contentUrl\":\"https:\\\/\\\/www.ucaldas.edu.co\\\/portal\\\/wp-content\\\/litespeed\\\/avatar\\\/09ea5085e600095a7a811142c6944527.jpg?ver=1777497608\",\"caption\":\"ofiprensa\"},\"url\":\"https:\\\/\\\/www.ucaldas.edu.co\\\/portal\\\/author\\\/ofiprensa\\\/\"}]}<\/script>\n<!-- \/ Yoast SEO plugin. -->","yoast_head_json":{"title":"Ma\u00f1ana U. de Caldas rendir\u00e1 cuentas de su gesti\u00f3n, por Telecaf\u00e9 .","robots":{"index":"index","follow":"follow","max-snippet":"max-snippet:-1","max-image-preview":"max-image-preview:large","max-video-preview":"max-video-preview:-1"},"canonical":"https:\/\/www.ucaldas.edu.co\/portal\/manana-u-de-caldas-rendira-cuentas-de-su-gestion-por-telecafe\/","schema":{"@context":"https:\/\/schema.org","@graph":[{"@type":"Article","@id":"https:\/\/www.ucaldas.edu.co\/portal\/manana-u-de-caldas-rendira-cuentas-de-su-gestion-por-telecafe\/#article","isPartOf":{"@id":"https:\/\/www.ucaldas.edu.co\/portal\/manana-u-de-caldas-rendira-cuentas-de-su-gestion-por-telecafe\/"},"author":{"name":"ofiprensa","@id":"https:\/\/www.ucaldas.edu.co\/portal\/#\/schema\/person\/a1b482e23449158b4bc319926c074fdf"},"headline":"Ma\u00f1ana U. de Caldas rendir\u00e1 cuentas de su gesti\u00f3n, por Telecaf\u00e9","datePublished":"2012-11-30T16:05:58+00:00","mainEntityOfPage":{"@id":"https:\/\/www.ucaldas.edu.co\/portal\/manana-u-de-caldas-rendira-cuentas-de-su-gestion-por-telecafe\/"},"wordCount":250,"publisher":{"@id":"https:\/\/www.ucaldas.edu.co\/portal\/#organization"},"image":{"@id":"https:\/\/www.ucaldas.edu.co\/portal\/manana-u-de-caldas-rendira-cuentas-de-su-gestion-por-telecafe\/#primaryimage"},"thumbnailUrl":"http:\/\/www.ucaldas.edu.co\/images\/tmp\/rendicioncuentas2011participe.jpg","articleSection":["Actualidad","Universidad al D\u00eda"],"inLanguage":"es"},{"@type":"WebPage","@id":"https:\/\/www.ucaldas.edu.co\/portal\/manana-u-de-caldas-rendira-cuentas-de-su-gestion-por-telecafe\/","url":"https:\/\/www.ucaldas.edu.co\/portal\/manana-u-de-caldas-rendira-cuentas-de-su-gestion-por-telecafe\/","name":"Ma\u00f1ana U. de Caldas rendir\u00e1 cuentas de su gesti\u00f3n, por Telecaf\u00e9 .","isPartOf":{"@id":"https:\/\/www.ucaldas.edu.co\/portal\/#website"},"primaryImageOfPage":{"@id":"https:\/\/www.ucaldas.edu.co\/portal\/manana-u-de-caldas-rendira-cuentas-de-su-gestion-por-telecafe\/#primaryimage"},"image":{"@id":"https:\/\/www.ucaldas.edu.co\/portal\/manana-u-de-caldas-rendira-cuentas-de-su-gestion-por-telecafe\/#primaryimage"},"thumbnailUrl":"http:\/\/www.ucaldas.edu.co\/images\/tmp\/rendicioncuentas2011participe.jpg","datePublished":"2012-11-30T16:05:58+00:00","breadcrumb":{"@id":"https:\/\/www.ucaldas.edu.co\/portal\/manana-u-de-caldas-rendira-cuentas-de-su-gestion-por-telecafe\/#breadcrumb"},"inLanguage":"es","potentialAction":[{"@type":"ReadAction","target":["https:\/\/www.ucaldas.edu.co\/portal\/manana-u-de-caldas-rendira-cuentas-de-su-gestion-por-telecafe\/"]}]},{"@type":"ImageObject","inLanguage":"es","@id":"https:\/\/www.ucaldas.edu.co\/portal\/manana-u-de-caldas-rendira-cuentas-de-su-gestion-por-telecafe\/#primaryimage","url":"http:\/\/www.ucaldas.edu.co\/images\/tmp\/rendicioncuentas2011participe.jpg","contentUrl":"http:\/\/www.ucaldas.edu.co\/images\/tmp\/rendicioncuentas2011participe.jpg"},{"@type":"BreadcrumbList","@id":"https:\/\/www.ucaldas.edu.co\/portal\/manana-u-de-caldas-rendira-cuentas-de-su-gestion-por-telecafe\/#breadcrumb","itemListElement":[{"@type":"ListItem","position":1,"name":"Portada","item":"https:\/\/www.ucaldas.edu.co\/portal\/"},{"@type":"ListItem","position":2,"name":"Ma\u00f1ana U. de Caldas rendir\u00e1 cuentas de su gesti\u00f3n, por Telecaf\u00e9"}]},{"@type":"WebSite","@id":"https:\/\/www.ucaldas.edu.co\/portal\/#website","url":"https:\/\/www.ucaldas.edu.co\/portal\/","name":"Universidad de Caldas","description":"","publisher":{"@id":"https:\/\/www.ucaldas.edu.co\/portal\/#organization"},"alternateName":"U. de Caldas","potentialAction":[{"@type":"SearchAction","target":{"@type":"EntryPoint","urlTemplate":"https:\/\/www.ucaldas.edu.co\/portal\/?s={search_term_string}"},"query-input":{"@type":"PropertyValueSpecification","valueRequired":true,"valueName":"search_term_string"}}],"inLanguage":"es"},{"@type":"Organization","@id":"https:\/\/www.ucaldas.edu.co\/portal\/#organization","name":"Universidad de Caldas","alternateName":"U. de Caldas","url":"https:\/\/www.ucaldas.edu.co\/portal\/","logo":{"@type":"ImageObject","inLanguage":"es","@id":"https:\/\/www.ucaldas.edu.co\/portal\/#\/schema\/logo\/image\/","url":"https:\/\/www.ucaldas.edu.co\/portal\/wp-content\/uploads\/2023\/11\/Logo_horizontal_oscuroU-2023.png","contentUrl":"https:\/\/www.ucaldas.edu.co\/portal\/wp-content\/uploads\/2023\/11\/Logo_horizontal_oscuroU-2023.png","width":263,"height":101,"caption":"Universidad de Caldas"},"image":{"@id":"https:\/\/www.ucaldas.edu.co\/portal\/#\/schema\/logo\/image\/"},"sameAs":["https:\/\/www.facebook.com\/udecaldas","https:\/\/x.com\/udecaldas","https:\/\/www.youtube.com\/universidadcaldas","https:\/\/www.instagram.com\/udecaldas\/"]},{"@type":"Person","@id":"https:\/\/www.ucaldas.edu.co\/portal\/#\/schema\/person\/a1b482e23449158b4bc319926c074fdf","name":"ofiprensa","image":{"@type":"ImageObject","inLanguage":"es","@id":"https:\/\/www.ucaldas.edu.co\/portal\/wp-content\/litespeed\/avatar\/09ea5085e600095a7a811142c6944527.jpg?ver=1777497608","url":"https:\/\/www.ucaldas.edu.co\/portal\/wp-content\/litespeed\/avatar\/09ea5085e600095a7a811142c6944527.jpg?ver=1777497608","contentUrl":"https:\/\/www.ucaldas.edu.co\/portal\/wp-content\/litespeed\/avatar\/09ea5085e600095a7a811142c6944527.jpg?ver=1777497608","caption":"ofiprensa"},"url":"https:\/\/www.ucaldas.edu.co\/portal\/author\/ofiprensa\/"}]}},"_links":{"self":[{"href":"https:\/\/www.ucaldas.edu.co\/portal\/wp-json\/wp\/v2\/posts\/14635","targetHints":{"allow":["GET"]}}],"collection":[{"href":"https:\/\/www.ucaldas.edu.co\/portal\/wp-json\/wp\/v2\/posts"}],"about":[{"href":"https:\/\/www.ucaldas.edu.co\/portal\/wp-json\/wp\/v2\/types\/post"}],"author":[{"embeddable":true,"href":"https:\/\/www.ucaldas.edu.co\/portal\/wp-json\/wp\/v2\/users\/2"}],"replies":[{"embeddable":true,"href":"https:\/\/www.ucaldas.edu.co\/portal\/wp-json\/wp\/v2\/comments?post=14635"}],"version-history":[{"count":0,"href":"https:\/\/www.ucaldas.edu.co\/portal\/wp-json\/wp\/v2\/posts\/14635\/revisions"}],"wp:attachment":[{"href":"https:\/\/www.ucaldas.edu.co\/portal\/wp-json\/wp\/v2\/media?parent=14635"}],"wp:term":[{"taxonomy":"category","embeddable":true,"href":"https:\/\/www.ucaldas.edu.co\/portal\/wp-json\/wp\/v2\/categories?post=14635"},{"taxonomy":"post_tag","embeddable":true,"href":"https:\/\/www.ucaldas.edu.co\/portal\/wp-json\/wp\/v2\/tags?post=14635"}],"curies":[{"name":"wp","href":"https:\/\/api.w.org\/{rel}","templated":true}]}}