{"id":14633,"date":"2012-11-30T11:04:59","date_gmt":"2012-11-30T16:04:59","guid":{"rendered":"https:\/\/www.ucaldas.edu.co\/portal\/?p=14633"},"modified":"2012-11-30T11:04:59","modified_gmt":"2012-11-30T16:04:59","slug":"u-de-caldas-discute-temas-de-justicia-constitucional-en-congreso-internacional","status":"publish","type":"post","link":"https:\/\/www.ucaldas.edu.co\/portal\/u-de-caldas-discute-temas-de-justicia-constitucional-en-congreso-internacional\/","title":{"rendered":"U. de Caldas discute temas de justicia constitucional, en congreso internacional"},"content":{"rendered":"<p align=\"center\">Espacio acad\u00e9mico culmina este s\u00e1bado 1 de diciembre, en la Instituci\u00f3n<\/p>\n<p align=\"right\">30\/11\/2012<\/p>\n<hr \/>\n<p align=\"right\">Redacci\u00f3n: Margarita Laverde Galvis<\/p>\n<table border=\"0\">\n<tbody>\n<tr>\n<td>&nbsp;<\/p>\n<p><img loading=\"lazy\" decoding=\"async\" style=\"border: 0px\" title=\"Congreso\" alt=\"Congreso\" src=\"http:\/\/www.ucaldas.edu.co\/images\/tmp\/congresointernacionaljusticia2012invitados.jpg\" width=\"240\" height=\"150\" border=\"0\" \/><\/p>\n<h6>Foto: Guillermo Sarmiento Estrada\/ Prensa U. de Caldas.<\/h6>\n<\/td>\n<td><b>M\u00e9xico, Ecuador <\/b>y<b> Argentina <\/b>son los <b>pa\u00edses<\/b> que <b>comparten<\/b> sus <b>experiencias<\/b> en <b>justicia constitucional<\/b>, en el <b>congreso internacional<\/b> sobre el tema, <b>que se da cita en la Universidad de Caldas<\/b>, hasta este s\u00e1bado 1 de diciembre del 2012.<\/td>\n<\/tr>\n<\/tbody>\n<\/table>\n<p>&nbsp;<\/p>\n<p>&nbsp;<\/p>\n<p>Carlos Arturo Gallego Mar\u00edn, <b>profesor investigador del Centro de Investigaciones Sociojur\u00eddicas, <\/b>afirm\u00f3: \u201cesta versi\u00f3n nace de la necesidad de discutir sobre si el derecho puede seguir siendo lo que era en vigencia de la Constituci\u00f3n de 1886 o si por el contrario, su constitucionalizaci\u00f3n es una nueva dimensi\u00f3n, que desplaza las teor\u00edas tradicionales y convoca otras como la dignidad humana\u201d.<\/p>\n<p>&nbsp;<\/p>\n<p><b>M\u00e9xico y la movilizaci\u00f3n <\/b><\/p>\n<p>Jorge Pel\u00e1ez Padilla, <b>profesor de la Universidad Aut\u00f3noma de M\u00e9xico<\/b>, fue uno de los invitados al congreso y <b>disert\u00f3 sobre la movilizaci\u00f3n social en torno al derecho,<\/b> en casos de miner\u00eda.<\/p>\n<p>&nbsp;<\/p>\n<p>El invitado explic\u00f3 que en M\u00e9xico hay un coyuntura a partir del 2011, donde se hizo una reforma constitucional en materia de derechos humanos, que podr\u00eda permitir que derechos que no eran posibles ante la justicia lo puedan ser ahora.<\/p>\n<p>&nbsp;<\/p>\n<p>\u201cEsto puede permitir a los movimientos tomar acciones jur\u00eddicas, como parte del repertorio de acciones o la forma en que se organizan y movilizan contra estos grandes proyectos. Los movimientos tienen muy claro que hay que utilizar los canales jur\u00eddicos, pero es imposible cualquier tipo de transformaci\u00f3n y de cambio, si se abandonan las v\u00edas tradicionales de movilizaci\u00f3n\u201d, dijo el profesor.<\/p>\n<p>&nbsp;<\/p>\n<p>\u201cEl derecho por s\u00ed mismo no transforma si no va a acompa\u00f1ado de otras acciones, e incluso, nunca se tienen trasformaciones totales, porque el derecho es un mecanismo de sobrevivencia, pero no m\u00e1s all\u00e1\u201d, concluy\u00f3 el invitado.<\/p>\n<p>&nbsp;<\/p>\n<p><b>Ecuador y el uso alternativo del derecho<\/b><\/p>\n<p>El <b>Director del Centro de Estudios de la Corte Constitucional de Ecuador<\/b>, Juan Monta\u00f1a, <b>present\u00f3 una mirada cr\u00edtica al derecho, en t\u00e9rminos de estrategia discursiva.<\/b><\/p>\n<p>&nbsp;<\/p>\n<p>\u201cEn Ecuador se apost\u00f3 al reconocimiento de una cantidad de derechos, en la v\u00eda reformista legal, a punto de que este pa\u00eds tiene la constituci\u00f3n m\u00e1s moderna de Am\u00e9rica Latina y una de las m\u00e1s modernas del mundo\u201d, explic\u00f3 el visitante.<\/p>\n<p>&nbsp;<\/p>\n<p>Seg\u00fan Monta\u00f1a: \u201cesto ha generado una desmovilizaci\u00f3n social enorme, porque se considera que ya todo est\u00e1 hecho con haber reconocido las garant\u00edas. La consecuencia es que la pol\u00edtica ha perdido vigencia en favor del derecho y las condiciones de lucha popular est\u00e1n peor hoy en d\u00eda, cuando la constituci\u00f3n est\u00e1 siendo inaplicada\u201d.<\/p>\n<p>&nbsp;<\/p>\n<p>\u201cHay que insistir en el uso alternativo del derecho, es decir, el uso de tribunales, pero estos no act\u00faan en favor de las demandas populares si detr\u00e1s no hay una movilizaci\u00f3n, por lo tanto, lo \u00fanico que queda es volver a organizar y hacer movilizaci\u00f3n social en favor del uso de la justicia\u201d, manifest\u00f3 el Director del Centro de Estudios de la Corte Constitucional de Ecuador.<\/p>\n<p>&nbsp;<\/p>\n<p><b>Argentina y el papel de la corte en los movimientos sociales<\/b><\/p>\n<p>Lucas Arrimada, <b>profesor de la Universidad de Buenos Aires (Argentina),<\/b> <b>expuso el rol de las cortes supremas en la protecci\u00f3n y violaci\u00f3n de derechos<\/b>. En ese pa\u00eds se tiene una tradici\u00f3n en los \u00faltimos 29 a\u00f1os de democracia: una Corte Suprema que ha colaborado en las pol\u00edticas de derechos humanos.<\/p>\n<p>&nbsp;<\/p>\n<p>\u201cLa corte puede ser parte del problema y parte de la soluci\u00f3n, para que esa lucha se potencie o se frene. Lo primero que hay que hacer es salir de una concepci\u00f3n que cree que todas las soluciones van a provenir de esa instancia, con su capacidad de hacer respetar normas\u201d, contextualiz\u00f3 Arrimada.<\/p>\n<p>&nbsp;<\/p>\n<p>\u201cHay muchos caminos, que dependen de las voluntades de grupos o colectivos que luchan por sus derechos. Los procesos sociales son los que deben impulsar los procesos pol\u00edticos y la corte, si bien puede colaborar y sacar ciertas barreras, el cambio real a nivel legislativo y social se da en el campo del activismo, en di\u00e1logo con la sociedad\u201d, concluy\u00f3 el invitado.<\/p>\n<p>&nbsp;<\/p>\n<p>El evento lo <b>organiz\u00f3<\/b> la <b>U. de Caldas<\/b>, a trav\u00e9s de la Facultad de Ciencias Jur\u00eddicas y Sociales, Centro de Investigaciones Sociojur\u00eddicas, Postgrados de Derecho- C\u00e1tedra Abierta, Maestr\u00eda en Estudios Pol\u00edticos, Maestr\u00eda en Derecho P\u00fablico, Grupo de Estudios Jur\u00eddicos y Sociojur\u00eddicos.<\/p>\n<p>&nbsp;<\/p>\n<p><a href=\"http:\/\/www.facebook.com\/media\/set\/?set=a.440443719350832.105615.107054166023124&amp;type=3\" target=\"_blank\">Conozca im\u00e1genes del Congreso Internacional sobre Justicia Constitucional<\/a><br \/>\n<b>Informes: <\/b>Oficina de Prensa, tel\u00e9fono 878 15 00, extensi\u00f3n 12 167.<\/p>\n","protected":false},"excerpt":{"rendered":"<p>Espacio acad\u00e9mico culmina este s\u00e1bado 1 de diciembre, en la Instituci\u00f3n 30\/11\/2012 Redacci\u00f3n: Margarita Laverde Galvis &nbsp; Foto: Guillermo Sarmiento Estrada\/ Prensa U. de Caldas. M\u00e9xico, Ecuador y Argentina son los pa\u00edses que comparten sus experiencias en justicia constitucional, en el congreso internacional sobre el tema, que se da cita en la Universidad de Caldas, [&hellip;]<\/p>\n","protected":false},"author":2,"featured_media":0,"comment_status":"closed","ping_status":"closed","sticky":false,"template":"","format":"standard","meta":{"footnotes":""},"categories":[48,53],"tags":[],"class_list":["post-14633","post","type-post","status-publish","format-standard","hentry","category-actualidad","category-universidad-al-dia"],"yoast_head":"<!-- This site is optimized with the Yoast SEO plugin v27.5 - https:\/\/yoast.com\/product\/yoast-seo-wordpress\/ -->\n<title>U. de Caldas discute temas de justicia constitucional, en congreso internacional .<\/title>\n<meta name=\"robots\" content=\"index, follow, max-snippet:-1, max-image-preview:large, max-video-preview:-1\" \/>\n<link rel=\"canonical\" href=\"https:\/\/www.ucaldas.edu.co\/portal\/u-de-caldas-discute-temas-de-justicia-constitucional-en-congreso-internacional\/\" \/>\n<script type=\"application\/ld+json\" class=\"yoast-schema-graph\">{\"@context\":\"https:\\\/\\\/schema.org\",\"@graph\":[{\"@type\":\"Article\",\"@id\":\"https:\\\/\\\/www.ucaldas.edu.co\\\/portal\\\/u-de-caldas-discute-temas-de-justicia-constitucional-en-congreso-internacional\\\/#article\",\"isPartOf\":{\"@id\":\"https:\\\/\\\/www.ucaldas.edu.co\\\/portal\\\/u-de-caldas-discute-temas-de-justicia-constitucional-en-congreso-internacional\\\/\"},\"author\":{\"name\":\"ofiprensa\",\"@id\":\"https:\\\/\\\/www.ucaldas.edu.co\\\/portal\\\/#\\\/schema\\\/person\\\/a1b482e23449158b4bc319926c074fdf\"},\"headline\":\"U. de Caldas discute temas de justicia constitucional, en congreso internacional\",\"datePublished\":\"2012-11-30T16:04:59+00:00\",\"mainEntityOfPage\":{\"@id\":\"https:\\\/\\\/www.ucaldas.edu.co\\\/portal\\\/u-de-caldas-discute-temas-de-justicia-constitucional-en-congreso-internacional\\\/\"},\"wordCount\":811,\"publisher\":{\"@id\":\"https:\\\/\\\/www.ucaldas.edu.co\\\/portal\\\/#organization\"},\"image\":{\"@id\":\"https:\\\/\\\/www.ucaldas.edu.co\\\/portal\\\/u-de-caldas-discute-temas-de-justicia-constitucional-en-congreso-internacional\\\/#primaryimage\"},\"thumbnailUrl\":\"http:\\\/\\\/www.ucaldas.edu.co\\\/images\\\/tmp\\\/congresointernacionaljusticia2012invitados.jpg\",\"articleSection\":[\"Actualidad\",\"Universidad al D\u00eda\"],\"inLanguage\":\"es\"},{\"@type\":\"WebPage\",\"@id\":\"https:\\\/\\\/www.ucaldas.edu.co\\\/portal\\\/u-de-caldas-discute-temas-de-justicia-constitucional-en-congreso-internacional\\\/\",\"url\":\"https:\\\/\\\/www.ucaldas.edu.co\\\/portal\\\/u-de-caldas-discute-temas-de-justicia-constitucional-en-congreso-internacional\\\/\",\"name\":\"U. de Caldas discute temas de justicia constitucional, en congreso internacional .\",\"isPartOf\":{\"@id\":\"https:\\\/\\\/www.ucaldas.edu.co\\\/portal\\\/#website\"},\"primaryImageOfPage\":{\"@id\":\"https:\\\/\\\/www.ucaldas.edu.co\\\/portal\\\/u-de-caldas-discute-temas-de-justicia-constitucional-en-congreso-internacional\\\/#primaryimage\"},\"image\":{\"@id\":\"https:\\\/\\\/www.ucaldas.edu.co\\\/portal\\\/u-de-caldas-discute-temas-de-justicia-constitucional-en-congreso-internacional\\\/#primaryimage\"},\"thumbnailUrl\":\"http:\\\/\\\/www.ucaldas.edu.co\\\/images\\\/tmp\\\/congresointernacionaljusticia2012invitados.jpg\",\"datePublished\":\"2012-11-30T16:04:59+00:00\",\"breadcrumb\":{\"@id\":\"https:\\\/\\\/www.ucaldas.edu.co\\\/portal\\\/u-de-caldas-discute-temas-de-justicia-constitucional-en-congreso-internacional\\\/#breadcrumb\"},\"inLanguage\":\"es\",\"potentialAction\":[{\"@type\":\"ReadAction\",\"target\":[\"https:\\\/\\\/www.ucaldas.edu.co\\\/portal\\\/u-de-caldas-discute-temas-de-justicia-constitucional-en-congreso-internacional\\\/\"]}]},{\"@type\":\"ImageObject\",\"inLanguage\":\"es\",\"@id\":\"https:\\\/\\\/www.ucaldas.edu.co\\\/portal\\\/u-de-caldas-discute-temas-de-justicia-constitucional-en-congreso-internacional\\\/#primaryimage\",\"url\":\"http:\\\/\\\/www.ucaldas.edu.co\\\/images\\\/tmp\\\/congresointernacionaljusticia2012invitados.jpg\",\"contentUrl\":\"http:\\\/\\\/www.ucaldas.edu.co\\\/images\\\/tmp\\\/congresointernacionaljusticia2012invitados.jpg\"},{\"@type\":\"BreadcrumbList\",\"@id\":\"https:\\\/\\\/www.ucaldas.edu.co\\\/portal\\\/u-de-caldas-discute-temas-de-justicia-constitucional-en-congreso-internacional\\\/#breadcrumb\",\"itemListElement\":[{\"@type\":\"ListItem\",\"position\":1,\"name\":\"Portada\",\"item\":\"https:\\\/\\\/www.ucaldas.edu.co\\\/portal\\\/\"},{\"@type\":\"ListItem\",\"position\":2,\"name\":\"U. de Caldas discute temas de justicia constitucional, en congreso internacional\"}]},{\"@type\":\"WebSite\",\"@id\":\"https:\\\/\\\/www.ucaldas.edu.co\\\/portal\\\/#website\",\"url\":\"https:\\\/\\\/www.ucaldas.edu.co\\\/portal\\\/\",\"name\":\"Universidad de Caldas\",\"description\":\"\",\"publisher\":{\"@id\":\"https:\\\/\\\/www.ucaldas.edu.co\\\/portal\\\/#organization\"},\"alternateName\":\"U. de Caldas\",\"potentialAction\":[{\"@type\":\"SearchAction\",\"target\":{\"@type\":\"EntryPoint\",\"urlTemplate\":\"https:\\\/\\\/www.ucaldas.edu.co\\\/portal\\\/?s={search_term_string}\"},\"query-input\":{\"@type\":\"PropertyValueSpecification\",\"valueRequired\":true,\"valueName\":\"search_term_string\"}}],\"inLanguage\":\"es\"},{\"@type\":\"Organization\",\"@id\":\"https:\\\/\\\/www.ucaldas.edu.co\\\/portal\\\/#organization\",\"name\":\"Universidad de Caldas\",\"alternateName\":\"U. de Caldas\",\"url\":\"https:\\\/\\\/www.ucaldas.edu.co\\\/portal\\\/\",\"logo\":{\"@type\":\"ImageObject\",\"inLanguage\":\"es\",\"@id\":\"https:\\\/\\\/www.ucaldas.edu.co\\\/portal\\\/#\\\/schema\\\/logo\\\/image\\\/\",\"url\":\"https:\\\/\\\/www.ucaldas.edu.co\\\/portal\\\/wp-content\\\/uploads\\\/2023\\\/11\\\/Logo_horizontal_oscuroU-2023.png\",\"contentUrl\":\"https:\\\/\\\/www.ucaldas.edu.co\\\/portal\\\/wp-content\\\/uploads\\\/2023\\\/11\\\/Logo_horizontal_oscuroU-2023.png\",\"width\":263,\"height\":101,\"caption\":\"Universidad de Caldas\"},\"image\":{\"@id\":\"https:\\\/\\\/www.ucaldas.edu.co\\\/portal\\\/#\\\/schema\\\/logo\\\/image\\\/\"},\"sameAs\":[\"https:\\\/\\\/www.facebook.com\\\/udecaldas\",\"https:\\\/\\\/x.com\\\/udecaldas\",\"https:\\\/\\\/www.youtube.com\\\/universidadcaldas\",\"https:\\\/\\\/www.instagram.com\\\/udecaldas\\\/\"]},{\"@type\":\"Person\",\"@id\":\"https:\\\/\\\/www.ucaldas.edu.co\\\/portal\\\/#\\\/schema\\\/person\\\/a1b482e23449158b4bc319926c074fdf\",\"name\":\"ofiprensa\",\"image\":{\"@type\":\"ImageObject\",\"inLanguage\":\"es\",\"@id\":\"https:\\\/\\\/www.ucaldas.edu.co\\\/portal\\\/wp-content\\\/litespeed\\\/avatar\\\/09ea5085e600095a7a811142c6944527.jpg?ver=1777497608\",\"url\":\"https:\\\/\\\/www.ucaldas.edu.co\\\/portal\\\/wp-content\\\/litespeed\\\/avatar\\\/09ea5085e600095a7a811142c6944527.jpg?ver=1777497608\",\"contentUrl\":\"https:\\\/\\\/www.ucaldas.edu.co\\\/portal\\\/wp-content\\\/litespeed\\\/avatar\\\/09ea5085e600095a7a811142c6944527.jpg?ver=1777497608\",\"caption\":\"ofiprensa\"},\"url\":\"https:\\\/\\\/www.ucaldas.edu.co\\\/portal\\\/author\\\/ofiprensa\\\/\"}]}<\/script>\n<!-- \/ Yoast SEO plugin. -->","yoast_head_json":{"title":"U. de Caldas discute temas de justicia constitucional, en congreso internacional .","robots":{"index":"index","follow":"follow","max-snippet":"max-snippet:-1","max-image-preview":"max-image-preview:large","max-video-preview":"max-video-preview:-1"},"canonical":"https:\/\/www.ucaldas.edu.co\/portal\/u-de-caldas-discute-temas-de-justicia-constitucional-en-congreso-internacional\/","schema":{"@context":"https:\/\/schema.org","@graph":[{"@type":"Article","@id":"https:\/\/www.ucaldas.edu.co\/portal\/u-de-caldas-discute-temas-de-justicia-constitucional-en-congreso-internacional\/#article","isPartOf":{"@id":"https:\/\/www.ucaldas.edu.co\/portal\/u-de-caldas-discute-temas-de-justicia-constitucional-en-congreso-internacional\/"},"author":{"name":"ofiprensa","@id":"https:\/\/www.ucaldas.edu.co\/portal\/#\/schema\/person\/a1b482e23449158b4bc319926c074fdf"},"headline":"U. de Caldas discute temas de justicia constitucional, en congreso internacional","datePublished":"2012-11-30T16:04:59+00:00","mainEntityOfPage":{"@id":"https:\/\/www.ucaldas.edu.co\/portal\/u-de-caldas-discute-temas-de-justicia-constitucional-en-congreso-internacional\/"},"wordCount":811,"publisher":{"@id":"https:\/\/www.ucaldas.edu.co\/portal\/#organization"},"image":{"@id":"https:\/\/www.ucaldas.edu.co\/portal\/u-de-caldas-discute-temas-de-justicia-constitucional-en-congreso-internacional\/#primaryimage"},"thumbnailUrl":"http:\/\/www.ucaldas.edu.co\/images\/tmp\/congresointernacionaljusticia2012invitados.jpg","articleSection":["Actualidad","Universidad al D\u00eda"],"inLanguage":"es"},{"@type":"WebPage","@id":"https:\/\/www.ucaldas.edu.co\/portal\/u-de-caldas-discute-temas-de-justicia-constitucional-en-congreso-internacional\/","url":"https:\/\/www.ucaldas.edu.co\/portal\/u-de-caldas-discute-temas-de-justicia-constitucional-en-congreso-internacional\/","name":"U. de Caldas discute temas de justicia constitucional, en congreso internacional .","isPartOf":{"@id":"https:\/\/www.ucaldas.edu.co\/portal\/#website"},"primaryImageOfPage":{"@id":"https:\/\/www.ucaldas.edu.co\/portal\/u-de-caldas-discute-temas-de-justicia-constitucional-en-congreso-internacional\/#primaryimage"},"image":{"@id":"https:\/\/www.ucaldas.edu.co\/portal\/u-de-caldas-discute-temas-de-justicia-constitucional-en-congreso-internacional\/#primaryimage"},"thumbnailUrl":"http:\/\/www.ucaldas.edu.co\/images\/tmp\/congresointernacionaljusticia2012invitados.jpg","datePublished":"2012-11-30T16:04:59+00:00","breadcrumb":{"@id":"https:\/\/www.ucaldas.edu.co\/portal\/u-de-caldas-discute-temas-de-justicia-constitucional-en-congreso-internacional\/#breadcrumb"},"inLanguage":"es","potentialAction":[{"@type":"ReadAction","target":["https:\/\/www.ucaldas.edu.co\/portal\/u-de-caldas-discute-temas-de-justicia-constitucional-en-congreso-internacional\/"]}]},{"@type":"ImageObject","inLanguage":"es","@id":"https:\/\/www.ucaldas.edu.co\/portal\/u-de-caldas-discute-temas-de-justicia-constitucional-en-congreso-internacional\/#primaryimage","url":"http:\/\/www.ucaldas.edu.co\/images\/tmp\/congresointernacionaljusticia2012invitados.jpg","contentUrl":"http:\/\/www.ucaldas.edu.co\/images\/tmp\/congresointernacionaljusticia2012invitados.jpg"},{"@type":"BreadcrumbList","@id":"https:\/\/www.ucaldas.edu.co\/portal\/u-de-caldas-discute-temas-de-justicia-constitucional-en-congreso-internacional\/#breadcrumb","itemListElement":[{"@type":"ListItem","position":1,"name":"Portada","item":"https:\/\/www.ucaldas.edu.co\/portal\/"},{"@type":"ListItem","position":2,"name":"U. de Caldas discute temas de justicia constitucional, en congreso internacional"}]},{"@type":"WebSite","@id":"https:\/\/www.ucaldas.edu.co\/portal\/#website","url":"https:\/\/www.ucaldas.edu.co\/portal\/","name":"Universidad de Caldas","description":"","publisher":{"@id":"https:\/\/www.ucaldas.edu.co\/portal\/#organization"},"alternateName":"U. de Caldas","potentialAction":[{"@type":"SearchAction","target":{"@type":"EntryPoint","urlTemplate":"https:\/\/www.ucaldas.edu.co\/portal\/?s={search_term_string}"},"query-input":{"@type":"PropertyValueSpecification","valueRequired":true,"valueName":"search_term_string"}}],"inLanguage":"es"},{"@type":"Organization","@id":"https:\/\/www.ucaldas.edu.co\/portal\/#organization","name":"Universidad de Caldas","alternateName":"U. de Caldas","url":"https:\/\/www.ucaldas.edu.co\/portal\/","logo":{"@type":"ImageObject","inLanguage":"es","@id":"https:\/\/www.ucaldas.edu.co\/portal\/#\/schema\/logo\/image\/","url":"https:\/\/www.ucaldas.edu.co\/portal\/wp-content\/uploads\/2023\/11\/Logo_horizontal_oscuroU-2023.png","contentUrl":"https:\/\/www.ucaldas.edu.co\/portal\/wp-content\/uploads\/2023\/11\/Logo_horizontal_oscuroU-2023.png","width":263,"height":101,"caption":"Universidad de Caldas"},"image":{"@id":"https:\/\/www.ucaldas.edu.co\/portal\/#\/schema\/logo\/image\/"},"sameAs":["https:\/\/www.facebook.com\/udecaldas","https:\/\/x.com\/udecaldas","https:\/\/www.youtube.com\/universidadcaldas","https:\/\/www.instagram.com\/udecaldas\/"]},{"@type":"Person","@id":"https:\/\/www.ucaldas.edu.co\/portal\/#\/schema\/person\/a1b482e23449158b4bc319926c074fdf","name":"ofiprensa","image":{"@type":"ImageObject","inLanguage":"es","@id":"https:\/\/www.ucaldas.edu.co\/portal\/wp-content\/litespeed\/avatar\/09ea5085e600095a7a811142c6944527.jpg?ver=1777497608","url":"https:\/\/www.ucaldas.edu.co\/portal\/wp-content\/litespeed\/avatar\/09ea5085e600095a7a811142c6944527.jpg?ver=1777497608","contentUrl":"https:\/\/www.ucaldas.edu.co\/portal\/wp-content\/litespeed\/avatar\/09ea5085e600095a7a811142c6944527.jpg?ver=1777497608","caption":"ofiprensa"},"url":"https:\/\/www.ucaldas.edu.co\/portal\/author\/ofiprensa\/"}]}},"_links":{"self":[{"href":"https:\/\/www.ucaldas.edu.co\/portal\/wp-json\/wp\/v2\/posts\/14633","targetHints":{"allow":["GET"]}}],"collection":[{"href":"https:\/\/www.ucaldas.edu.co\/portal\/wp-json\/wp\/v2\/posts"}],"about":[{"href":"https:\/\/www.ucaldas.edu.co\/portal\/wp-json\/wp\/v2\/types\/post"}],"author":[{"embeddable":true,"href":"https:\/\/www.ucaldas.edu.co\/portal\/wp-json\/wp\/v2\/users\/2"}],"replies":[{"embeddable":true,"href":"https:\/\/www.ucaldas.edu.co\/portal\/wp-json\/wp\/v2\/comments?post=14633"}],"version-history":[{"count":0,"href":"https:\/\/www.ucaldas.edu.co\/portal\/wp-json\/wp\/v2\/posts\/14633\/revisions"}],"wp:attachment":[{"href":"https:\/\/www.ucaldas.edu.co\/portal\/wp-json\/wp\/v2\/media?parent=14633"}],"wp:term":[{"taxonomy":"category","embeddable":true,"href":"https:\/\/www.ucaldas.edu.co\/portal\/wp-json\/wp\/v2\/categories?post=14633"},{"taxonomy":"post_tag","embeddable":true,"href":"https:\/\/www.ucaldas.edu.co\/portal\/wp-json\/wp\/v2\/tags?post=14633"}],"curies":[{"name":"wp","href":"https:\/\/api.w.org\/{rel}","templated":true}]}}