{"id":14624,"date":"2012-11-30T11:00:41","date_gmt":"2012-11-30T16:00:41","guid":{"rendered":"https:\/\/www.ucaldas.edu.co\/portal\/?p=14624"},"modified":"2012-11-30T11:00:41","modified_gmt":"2012-11-30T16:00:41","slug":"reintegro-a-la-finalizacion-del-periodo-academico","status":"publish","type":"post","link":"https:\/\/www.ucaldas.edu.co\/portal\/reintegro-a-la-finalizacion-del-periodo-academico\/","title":{"rendered":"Reintegro a la finalizaci\u00f3n del per\u00edodo acad\u00e9mico"},"content":{"rendered":"<div>\n<p align=\"center\"><b>UNIVERSIDAD DE CALDAS<\/b><\/p>\n<p align=\"center\">CONSEJO ACAD\u00c9MICO<\/p>\n<p>&nbsp;<\/p>\n<p align=\"center\">COMUNICADO No. 30<\/p>\n<hr \/>\n<p>&nbsp;<\/p>\n<div>PARA: DOCENTES DE PLANTA, OCASIONALES, CATEDR\u00c1TICOS Y COMUNIDAD ACAD\u00c9MICA EN GENERAL<\/div>\n<div><\/div>\n<div>ASUNTO: Reintegro a la finalizaci\u00f3n del periodo acad\u00e9mico.<\/div>\n<div><\/div>\n<div><\/div>\n<div>FECHA: NOVIEMBRE 29DE 2012.<\/div>\n<p>&nbsp;<\/p>\n<table border=\"0\">\n<tbody>\n<tr>\n<td><img loading=\"lazy\" decoding=\"async\" style=\"border: 0px\" title=\"U. de Caldas\" alt=\"U. de Caldas\" src=\"http:\/\/www.ucaldas.edu.co\/images\/tmp\/logo_universidad2012.jpg\" width=\"138\" height=\"138\" border=\"0\" \/><\/td>\n<td>El Consejo Acad\u00e9mico acord\u00f3, por mayor\u00eda, invitar a los profesores que se han declarado en asamblea permanente y a los estudiantes de la\u00a0\u00a0universidad a retomar cuanto antes las actividades acad\u00e9micas normales de modo que pueda terminarse el actual semestre acad\u00e9mico.<\/td>\n<\/tr>\n<\/tbody>\n<\/table>\n<p>&nbsp;<\/p>\n<p>&nbsp;<\/p>\n<p>As\u00ed mismo, informa que se acord\u00f3 integrar una comisi\u00f3n conformada por estudiantes, docentes y miembros de la direcci\u00f3n, que se reunir\u00e1 de manera perentoria para proponer ante el Consejo Acad\u00e9mico los t\u00e9rminos de la metodolog\u00eda de trabajo que se emplear\u00e1 en la revisi\u00f3n de necesidades de docencia\u00a0\u00a0en los departamentos.<\/p>\n<p>&nbsp;<\/p>\n<p>Cordial saludo,<\/p>\n<p>&nbsp;<\/p>\n<p><b>FERNANDO DUQUE GARC\u00cdA<\/b><\/p>\n<p>Secretario<\/p>\n<p>&nbsp;<\/p>\n<p>&nbsp;<\/p>\n<p><span style=\"color: #ff0000\"><b>A continuaci\u00f3n, la carta al Consejo Superior de la U. de Caldas:<\/b><\/span><\/p>\n<p>&nbsp;<\/p>\n<p>&nbsp;<\/p>\n<div>\n<p>UNIVERSIDAD DE CALDAS<\/p>\n<p><b>CONSEJO ACAD\u00c9MICO<\/b><\/p>\n<p>&nbsp;<\/p>\n<p>15675<\/p>\n<p>&nbsp;<\/p>\n<p>F-DF-007<\/p>\n<p>&nbsp;<\/p>\n<p>Manizales, 29 de Noviembre de 2012<\/p>\n<p>&nbsp;<\/p>\n<p>&nbsp;<\/p>\n<p>Se\u00f1ores<\/p>\n<p><b>CONSEJO SUPERIOR<\/b><\/p>\n<p>Universidad de Caldas<\/p>\n<p>&nbsp;<\/p>\n<p>Respetados Consejeros.<\/p>\n<p>&nbsp;<\/p>\n<p>El Consejo Acad\u00e9mico en sesi\u00f3n extraordinaria del d\u00eda de hoy jueves 29 de noviembre, por unanimidad y, entendiendo la autonom\u00eda e independencia de esa Corporaci\u00f3n, acord\u00f3 solicitar respetuosamente al Consejo Superior ampliar el plazo de que habla el art\u00edculo 16 de la recientemente aprobada pol\u00edtica de vinculaci\u00f3n de docentes ocasionales y catedr\u00e1ticos, hasta el 30 de abril del a\u00f1o 2013. Para expedir esta reglamentaci\u00f3n el Consejo Acad\u00e9mico iniciar\u00e1 una serie de acciones que incluyen la revisi\u00f3n de los indicadores de capacidad docente utilizados en el estudio de planta, la definici\u00f3n de una metodolog\u00eda participativa de trabajo para estimar las necesidades docentes actuales y futuras (por separado) en cada uno de los departamentos de la Universidad, con participaci\u00f3n de profesores y estudiantes, la revisi\u00f3n de la pol\u00edtica curricular, las pr\u00e1cticas acad\u00e9micas, los acuerdos de labor acad\u00e9mica, la pertinencia de las adscripci\u00f3n de profesores y asignaturas a los departamentos y la pol\u00edtica de posgrados.<\/p>\n<p>&nbsp;<\/p>\n<p>Con base en estos insumos, se propondr\u00e1 al Consejo Superior, los ajustes que requieren los acuerdos relacionados con la nueva pol\u00edtica de vinculaci\u00f3n de ocasionales y catedr\u00e1ticos y la nueva planta docente.\u00a0\u00a0Como corolario de esta solicitud, se entiende que la aplicaci\u00f3n de estos acuerdos quedar\u00eda suspendida hasta tanto, se cumplan estas actividades el Consejo Acad\u00e9mico, se entreguen los resultados al Consejo Superior y se hagan los ajustes correspondientes a los acuerdos mencionados.<\/p>\n<p>&nbsp;<\/p>\n<p>Cordialmente,<\/p>\n<p><b>\u00a0<\/b><\/p>\n<p><b>FERNANDO DUQUE GARCIA<\/b><\/p>\n<p>Secretario<\/p>\n<\/div>\n<p>&nbsp;<\/p>\n<div><\/div>\n<div><\/div>\n<div><a href=\"http:\/\/desarrollo.ucaldas.edu.co\/archivo\/images\/tmp\/CartaConsAcademicoAConsSuperiorUCaldasNov2012.pdf\">Conozca la carta del Consejo Acad\u00e9mico al Consejo Superior de la U. de Caldas\u00a0<\/a><\/div>\n<\/div>\n","protected":false},"excerpt":{"rendered":"<p>UNIVERSIDAD DE CALDAS CONSEJO ACAD\u00c9MICO &nbsp; COMUNICADO No. 30 &nbsp; PARA: DOCENTES DE PLANTA, OCASIONALES, CATEDR\u00c1TICOS Y COMUNIDAD ACAD\u00c9MICA EN GENERAL ASUNTO: Reintegro a la finalizaci\u00f3n del periodo acad\u00e9mico. FECHA: NOVIEMBRE 29DE 2012. &nbsp; El Consejo Acad\u00e9mico acord\u00f3, por mayor\u00eda, invitar a los profesores que se han declarado en asamblea permanente y a los estudiantes [&hellip;]<\/p>\n","protected":false},"author":2,"featured_media":0,"comment_status":"closed","ping_status":"closed","sticky":false,"template":"","format":"standard","meta":{"footnotes":""},"categories":[48,53],"tags":[],"class_list":["post-14624","post","type-post","status-publish","format-standard","hentry","category-actualidad","category-universidad-al-dia"],"yoast_head":"<!-- This site is optimized with the Yoast SEO plugin v27.5 - https:\/\/yoast.com\/product\/yoast-seo-wordpress\/ -->\n<title>Reintegro a la finalizaci\u00f3n del per\u00edodo acad\u00e9mico .<\/title>\n<meta name=\"robots\" content=\"index, follow, max-snippet:-1, max-image-preview:large, max-video-preview:-1\" \/>\n<link rel=\"canonical\" href=\"https:\/\/www.ucaldas.edu.co\/portal\/reintegro-a-la-finalizacion-del-periodo-academico\/\" \/>\n<script type=\"application\/ld+json\" class=\"yoast-schema-graph\">{\"@context\":\"https:\\\/\\\/schema.org\",\"@graph\":[{\"@type\":\"Article\",\"@id\":\"https:\\\/\\\/www.ucaldas.edu.co\\\/portal\\\/reintegro-a-la-finalizacion-del-periodo-academico\\\/#article\",\"isPartOf\":{\"@id\":\"https:\\\/\\\/www.ucaldas.edu.co\\\/portal\\\/reintegro-a-la-finalizacion-del-periodo-academico\\\/\"},\"author\":{\"name\":\"ofiprensa\",\"@id\":\"https:\\\/\\\/www.ucaldas.edu.co\\\/portal\\\/#\\\/schema\\\/person\\\/a1b482e23449158b4bc319926c074fdf\"},\"headline\":\"Reintegro a la finalizaci\u00f3n del per\u00edodo acad\u00e9mico\",\"datePublished\":\"2012-11-30T16:00:41+00:00\",\"mainEntityOfPage\":{\"@id\":\"https:\\\/\\\/www.ucaldas.edu.co\\\/portal\\\/reintegro-a-la-finalizacion-del-periodo-academico\\\/\"},\"wordCount\":476,\"publisher\":{\"@id\":\"https:\\\/\\\/www.ucaldas.edu.co\\\/portal\\\/#organization\"},\"image\":{\"@id\":\"https:\\\/\\\/www.ucaldas.edu.co\\\/portal\\\/reintegro-a-la-finalizacion-del-periodo-academico\\\/#primaryimage\"},\"thumbnailUrl\":\"http:\\\/\\\/www.ucaldas.edu.co\\\/images\\\/tmp\\\/logo_universidad2012.jpg\",\"articleSection\":[\"Actualidad\",\"Universidad al D\u00eda\"],\"inLanguage\":\"es\"},{\"@type\":\"WebPage\",\"@id\":\"https:\\\/\\\/www.ucaldas.edu.co\\\/portal\\\/reintegro-a-la-finalizacion-del-periodo-academico\\\/\",\"url\":\"https:\\\/\\\/www.ucaldas.edu.co\\\/portal\\\/reintegro-a-la-finalizacion-del-periodo-academico\\\/\",\"name\":\"Reintegro a la finalizaci\u00f3n del per\u00edodo acad\u00e9mico .\",\"isPartOf\":{\"@id\":\"https:\\\/\\\/www.ucaldas.edu.co\\\/portal\\\/#website\"},\"primaryImageOfPage\":{\"@id\":\"https:\\\/\\\/www.ucaldas.edu.co\\\/portal\\\/reintegro-a-la-finalizacion-del-periodo-academico\\\/#primaryimage\"},\"image\":{\"@id\":\"https:\\\/\\\/www.ucaldas.edu.co\\\/portal\\\/reintegro-a-la-finalizacion-del-periodo-academico\\\/#primaryimage\"},\"thumbnailUrl\":\"http:\\\/\\\/www.ucaldas.edu.co\\\/images\\\/tmp\\\/logo_universidad2012.jpg\",\"datePublished\":\"2012-11-30T16:00:41+00:00\",\"breadcrumb\":{\"@id\":\"https:\\\/\\\/www.ucaldas.edu.co\\\/portal\\\/reintegro-a-la-finalizacion-del-periodo-academico\\\/#breadcrumb\"},\"inLanguage\":\"es\",\"potentialAction\":[{\"@type\":\"ReadAction\",\"target\":[\"https:\\\/\\\/www.ucaldas.edu.co\\\/portal\\\/reintegro-a-la-finalizacion-del-periodo-academico\\\/\"]}]},{\"@type\":\"ImageObject\",\"inLanguage\":\"es\",\"@id\":\"https:\\\/\\\/www.ucaldas.edu.co\\\/portal\\\/reintegro-a-la-finalizacion-del-periodo-academico\\\/#primaryimage\",\"url\":\"http:\\\/\\\/www.ucaldas.edu.co\\\/images\\\/tmp\\\/logo_universidad2012.jpg\",\"contentUrl\":\"http:\\\/\\\/www.ucaldas.edu.co\\\/images\\\/tmp\\\/logo_universidad2012.jpg\"},{\"@type\":\"BreadcrumbList\",\"@id\":\"https:\\\/\\\/www.ucaldas.edu.co\\\/portal\\\/reintegro-a-la-finalizacion-del-periodo-academico\\\/#breadcrumb\",\"itemListElement\":[{\"@type\":\"ListItem\",\"position\":1,\"name\":\"Portada\",\"item\":\"https:\\\/\\\/www.ucaldas.edu.co\\\/portal\\\/\"},{\"@type\":\"ListItem\",\"position\":2,\"name\":\"Reintegro a la finalizaci\u00f3n del per\u00edodo acad\u00e9mico\"}]},{\"@type\":\"WebSite\",\"@id\":\"https:\\\/\\\/www.ucaldas.edu.co\\\/portal\\\/#website\",\"url\":\"https:\\\/\\\/www.ucaldas.edu.co\\\/portal\\\/\",\"name\":\"Universidad de Caldas\",\"description\":\"\",\"publisher\":{\"@id\":\"https:\\\/\\\/www.ucaldas.edu.co\\\/portal\\\/#organization\"},\"alternateName\":\"U. de Caldas\",\"potentialAction\":[{\"@type\":\"SearchAction\",\"target\":{\"@type\":\"EntryPoint\",\"urlTemplate\":\"https:\\\/\\\/www.ucaldas.edu.co\\\/portal\\\/?s={search_term_string}\"},\"query-input\":{\"@type\":\"PropertyValueSpecification\",\"valueRequired\":true,\"valueName\":\"search_term_string\"}}],\"inLanguage\":\"es\"},{\"@type\":\"Organization\",\"@id\":\"https:\\\/\\\/www.ucaldas.edu.co\\\/portal\\\/#organization\",\"name\":\"Universidad de Caldas\",\"alternateName\":\"U. de Caldas\",\"url\":\"https:\\\/\\\/www.ucaldas.edu.co\\\/portal\\\/\",\"logo\":{\"@type\":\"ImageObject\",\"inLanguage\":\"es\",\"@id\":\"https:\\\/\\\/www.ucaldas.edu.co\\\/portal\\\/#\\\/schema\\\/logo\\\/image\\\/\",\"url\":\"https:\\\/\\\/www.ucaldas.edu.co\\\/portal\\\/wp-content\\\/uploads\\\/2023\\\/11\\\/Logo_horizontal_oscuroU-2023.png\",\"contentUrl\":\"https:\\\/\\\/www.ucaldas.edu.co\\\/portal\\\/wp-content\\\/uploads\\\/2023\\\/11\\\/Logo_horizontal_oscuroU-2023.png\",\"width\":263,\"height\":101,\"caption\":\"Universidad de Caldas\"},\"image\":{\"@id\":\"https:\\\/\\\/www.ucaldas.edu.co\\\/portal\\\/#\\\/schema\\\/logo\\\/image\\\/\"},\"sameAs\":[\"https:\\\/\\\/www.facebook.com\\\/udecaldas\",\"https:\\\/\\\/x.com\\\/udecaldas\",\"https:\\\/\\\/www.youtube.com\\\/universidadcaldas\",\"https:\\\/\\\/www.instagram.com\\\/udecaldas\\\/\"]},{\"@type\":\"Person\",\"@id\":\"https:\\\/\\\/www.ucaldas.edu.co\\\/portal\\\/#\\\/schema\\\/person\\\/a1b482e23449158b4bc319926c074fdf\",\"name\":\"ofiprensa\",\"image\":{\"@type\":\"ImageObject\",\"inLanguage\":\"es\",\"@id\":\"https:\\\/\\\/www.ucaldas.edu.co\\\/portal\\\/wp-content\\\/litespeed\\\/avatar\\\/09ea5085e600095a7a811142c6944527.jpg?ver=1777497608\",\"url\":\"https:\\\/\\\/www.ucaldas.edu.co\\\/portal\\\/wp-content\\\/litespeed\\\/avatar\\\/09ea5085e600095a7a811142c6944527.jpg?ver=1777497608\",\"contentUrl\":\"https:\\\/\\\/www.ucaldas.edu.co\\\/portal\\\/wp-content\\\/litespeed\\\/avatar\\\/09ea5085e600095a7a811142c6944527.jpg?ver=1777497608\",\"caption\":\"ofiprensa\"},\"url\":\"https:\\\/\\\/www.ucaldas.edu.co\\\/portal\\\/author\\\/ofiprensa\\\/\"}]}<\/script>\n<!-- \/ Yoast SEO plugin. -->","yoast_head_json":{"title":"Reintegro a la finalizaci\u00f3n del per\u00edodo acad\u00e9mico .","robots":{"index":"index","follow":"follow","max-snippet":"max-snippet:-1","max-image-preview":"max-image-preview:large","max-video-preview":"max-video-preview:-1"},"canonical":"https:\/\/www.ucaldas.edu.co\/portal\/reintegro-a-la-finalizacion-del-periodo-academico\/","schema":{"@context":"https:\/\/schema.org","@graph":[{"@type":"Article","@id":"https:\/\/www.ucaldas.edu.co\/portal\/reintegro-a-la-finalizacion-del-periodo-academico\/#article","isPartOf":{"@id":"https:\/\/www.ucaldas.edu.co\/portal\/reintegro-a-la-finalizacion-del-periodo-academico\/"},"author":{"name":"ofiprensa","@id":"https:\/\/www.ucaldas.edu.co\/portal\/#\/schema\/person\/a1b482e23449158b4bc319926c074fdf"},"headline":"Reintegro a la finalizaci\u00f3n del per\u00edodo acad\u00e9mico","datePublished":"2012-11-30T16:00:41+00:00","mainEntityOfPage":{"@id":"https:\/\/www.ucaldas.edu.co\/portal\/reintegro-a-la-finalizacion-del-periodo-academico\/"},"wordCount":476,"publisher":{"@id":"https:\/\/www.ucaldas.edu.co\/portal\/#organization"},"image":{"@id":"https:\/\/www.ucaldas.edu.co\/portal\/reintegro-a-la-finalizacion-del-periodo-academico\/#primaryimage"},"thumbnailUrl":"http:\/\/www.ucaldas.edu.co\/images\/tmp\/logo_universidad2012.jpg","articleSection":["Actualidad","Universidad al D\u00eda"],"inLanguage":"es"},{"@type":"WebPage","@id":"https:\/\/www.ucaldas.edu.co\/portal\/reintegro-a-la-finalizacion-del-periodo-academico\/","url":"https:\/\/www.ucaldas.edu.co\/portal\/reintegro-a-la-finalizacion-del-periodo-academico\/","name":"Reintegro a la finalizaci\u00f3n del per\u00edodo acad\u00e9mico .","isPartOf":{"@id":"https:\/\/www.ucaldas.edu.co\/portal\/#website"},"primaryImageOfPage":{"@id":"https:\/\/www.ucaldas.edu.co\/portal\/reintegro-a-la-finalizacion-del-periodo-academico\/#primaryimage"},"image":{"@id":"https:\/\/www.ucaldas.edu.co\/portal\/reintegro-a-la-finalizacion-del-periodo-academico\/#primaryimage"},"thumbnailUrl":"http:\/\/www.ucaldas.edu.co\/images\/tmp\/logo_universidad2012.jpg","datePublished":"2012-11-30T16:00:41+00:00","breadcrumb":{"@id":"https:\/\/www.ucaldas.edu.co\/portal\/reintegro-a-la-finalizacion-del-periodo-academico\/#breadcrumb"},"inLanguage":"es","potentialAction":[{"@type":"ReadAction","target":["https:\/\/www.ucaldas.edu.co\/portal\/reintegro-a-la-finalizacion-del-periodo-academico\/"]}]},{"@type":"ImageObject","inLanguage":"es","@id":"https:\/\/www.ucaldas.edu.co\/portal\/reintegro-a-la-finalizacion-del-periodo-academico\/#primaryimage","url":"http:\/\/www.ucaldas.edu.co\/images\/tmp\/logo_universidad2012.jpg","contentUrl":"http:\/\/www.ucaldas.edu.co\/images\/tmp\/logo_universidad2012.jpg"},{"@type":"BreadcrumbList","@id":"https:\/\/www.ucaldas.edu.co\/portal\/reintegro-a-la-finalizacion-del-periodo-academico\/#breadcrumb","itemListElement":[{"@type":"ListItem","position":1,"name":"Portada","item":"https:\/\/www.ucaldas.edu.co\/portal\/"},{"@type":"ListItem","position":2,"name":"Reintegro a la finalizaci\u00f3n del per\u00edodo acad\u00e9mico"}]},{"@type":"WebSite","@id":"https:\/\/www.ucaldas.edu.co\/portal\/#website","url":"https:\/\/www.ucaldas.edu.co\/portal\/","name":"Universidad de Caldas","description":"","publisher":{"@id":"https:\/\/www.ucaldas.edu.co\/portal\/#organization"},"alternateName":"U. de Caldas","potentialAction":[{"@type":"SearchAction","target":{"@type":"EntryPoint","urlTemplate":"https:\/\/www.ucaldas.edu.co\/portal\/?s={search_term_string}"},"query-input":{"@type":"PropertyValueSpecification","valueRequired":true,"valueName":"search_term_string"}}],"inLanguage":"es"},{"@type":"Organization","@id":"https:\/\/www.ucaldas.edu.co\/portal\/#organization","name":"Universidad de Caldas","alternateName":"U. de Caldas","url":"https:\/\/www.ucaldas.edu.co\/portal\/","logo":{"@type":"ImageObject","inLanguage":"es","@id":"https:\/\/www.ucaldas.edu.co\/portal\/#\/schema\/logo\/image\/","url":"https:\/\/www.ucaldas.edu.co\/portal\/wp-content\/uploads\/2023\/11\/Logo_horizontal_oscuroU-2023.png","contentUrl":"https:\/\/www.ucaldas.edu.co\/portal\/wp-content\/uploads\/2023\/11\/Logo_horizontal_oscuroU-2023.png","width":263,"height":101,"caption":"Universidad de Caldas"},"image":{"@id":"https:\/\/www.ucaldas.edu.co\/portal\/#\/schema\/logo\/image\/"},"sameAs":["https:\/\/www.facebook.com\/udecaldas","https:\/\/x.com\/udecaldas","https:\/\/www.youtube.com\/universidadcaldas","https:\/\/www.instagram.com\/udecaldas\/"]},{"@type":"Person","@id":"https:\/\/www.ucaldas.edu.co\/portal\/#\/schema\/person\/a1b482e23449158b4bc319926c074fdf","name":"ofiprensa","image":{"@type":"ImageObject","inLanguage":"es","@id":"https:\/\/www.ucaldas.edu.co\/portal\/wp-content\/litespeed\/avatar\/09ea5085e600095a7a811142c6944527.jpg?ver=1777497608","url":"https:\/\/www.ucaldas.edu.co\/portal\/wp-content\/litespeed\/avatar\/09ea5085e600095a7a811142c6944527.jpg?ver=1777497608","contentUrl":"https:\/\/www.ucaldas.edu.co\/portal\/wp-content\/litespeed\/avatar\/09ea5085e600095a7a811142c6944527.jpg?ver=1777497608","caption":"ofiprensa"},"url":"https:\/\/www.ucaldas.edu.co\/portal\/author\/ofiprensa\/"}]}},"_links":{"self":[{"href":"https:\/\/www.ucaldas.edu.co\/portal\/wp-json\/wp\/v2\/posts\/14624","targetHints":{"allow":["GET"]}}],"collection":[{"href":"https:\/\/www.ucaldas.edu.co\/portal\/wp-json\/wp\/v2\/posts"}],"about":[{"href":"https:\/\/www.ucaldas.edu.co\/portal\/wp-json\/wp\/v2\/types\/post"}],"author":[{"embeddable":true,"href":"https:\/\/www.ucaldas.edu.co\/portal\/wp-json\/wp\/v2\/users\/2"}],"replies":[{"embeddable":true,"href":"https:\/\/www.ucaldas.edu.co\/portal\/wp-json\/wp\/v2\/comments?post=14624"}],"version-history":[{"count":0,"href":"https:\/\/www.ucaldas.edu.co\/portal\/wp-json\/wp\/v2\/posts\/14624\/revisions"}],"wp:attachment":[{"href":"https:\/\/www.ucaldas.edu.co\/portal\/wp-json\/wp\/v2\/media?parent=14624"}],"wp:term":[{"taxonomy":"category","embeddable":true,"href":"https:\/\/www.ucaldas.edu.co\/portal\/wp-json\/wp\/v2\/categories?post=14624"},{"taxonomy":"post_tag","embeddable":true,"href":"https:\/\/www.ucaldas.edu.co\/portal\/wp-json\/wp\/v2\/tags?post=14624"}],"curies":[{"name":"wp","href":"https:\/\/api.w.org\/{rel}","templated":true}]}}