{"id":14622,"date":"2012-11-29T10:59:46","date_gmt":"2012-11-29T15:59:46","guid":{"rendered":"https:\/\/www.ucaldas.edu.co\/portal\/?p=14622"},"modified":"2012-11-29T10:59:46","modified_gmt":"2012-11-29T15:59:46","slug":"u-de-caldas-despidio-a-sus-estudiantes-de-otros-paises","status":"publish","type":"post","link":"https:\/\/www.ucaldas.edu.co\/portal\/u-de-caldas-despidio-a-sus-estudiantes-de-otros-paises\/","title":{"rendered":"U. de Caldas despidi\u00f3 a sus estudiantes  de otros pa\u00edses"},"content":{"rendered":"<p>J\u00f3venes de Alemania, Brasil, Chile, M\u00e9xico y China volver\u00e1n a sus pa\u00edses de origen<\/p>\n<hr \/>\n<p>&nbsp;<\/p>\n<p align=\"right\">29\/11\/2012<br \/>\nRedacci\u00f3n: Margarita Laverde Galvis<\/p>\n<table border=\"0\">\n<tbody>\n<tr>\n<td>\u00a0<img loading=\"lazy\" decoding=\"async\" style=\"border: 0px\" title=\"U. de Caldas despidi\u00f3 a sus estudiantes  de otros pa\u00edses\" alt=\"despedida internacional\" src=\"http:\/\/www.ucaldas.edu.co\/images\/tmp\/despedida_internacionales.jpg\" width=\"240\" height=\"160\" border=\"0\" \/><\/p>\n<h6>Foto: Guillermo Sarmiento\/Prensa U. de Caldas<\/h6>\n<\/td>\n<td>La\u00a0<b>Universidad de Caldas, a trav\u00e9s de la Oficina de Internacionalizaci\u00f3n, realiz\u00f3<\/b>\u00a0la\u00a0<b>I Jornada Internacional\u00a0<\/b>con\u00a0<b>los 37 estudiantes de Alemania, Brasil, Chile, M\u00e9xico y China<\/b>\u00a0<b>que realizaron movilidad acad\u00e9mica<\/b>\u00a0en la Instituci\u00f3n.\u00a0<b>Con natilla y bu\u00f1uelos la Universidad despidi\u00f3 a sus estudiantes<\/b>, en un espacio de encuentro cultural.<\/td>\n<\/tr>\n<\/tbody>\n<\/table>\n<p>&nbsp;<\/p>\n<p>&nbsp;<\/p>\n<p>Silvia Spagiari,\u00a0<b>Coordinadora de Movilidad Acad\u00e9mica de la U. de Caldas,\u00a0<\/b>expres\u00f3: \u201cesta fue la primera jornada que realizamos con el fin de que los estudiantes internacionales pudieran contarle a la comunidad universitaria sobre sus pa\u00edses, universidades, qu\u00e9 encontrar, qu\u00e9 hacer y qu\u00e9 comer, por lo que tuvimos una muestra gastron\u00f3mica\u201d.<\/p>\n<p>&nbsp;<\/p>\n<p><b>Los invitados especiales al encuentro<\/b>\u00a0fueron los\u00a0<b>45 estudiantes que adelantar\u00e1n estudios\u00a0<\/b>acad\u00e9micos durante<b>\u00a0<\/b>el<b>\u00a0primer semestre\u00a0<\/b>del<b>\u00a02013<\/b>en<b>\u00a0Brasil, M\u00e9xico y Espa\u00f1a.<\/b><\/p>\n<p>&nbsp;<\/p>\n<p>\u201cSuperamos las expectativas que ten\u00edamos este a\u00f1o para movilidad, porque fue incre\u00edble tener estudiantes de latitudes tan diferentes: desde Chile y hasta China. Fue una experiencia muy linda, que nos permiti\u00f3 darnos cuenta de los progresos tan grandes que hemos tenido en internacionalizaci\u00f3n\u201d, agreg\u00f3 Spagiari.<\/p>\n<p>&nbsp;<\/p>\n<p>Por su parte<b>, los estudiantes que har\u00e1n movilidad el pr\u00f3ximo a\u00f1o tendr\u00e1n un acto de despedida<\/b>\u00a0el pr\u00f3ximo\u00a0<b>12 de diciembre<\/b>\u00a0del 2012,\u00a0<b>a las 11:00 a.m.<\/b>\u00a0en el\u00a0<b>Auditorio Ernesto Guti\u00e9rrez Arango<\/b>, Campus Versalles U. de Caldas.<\/p>\n<p>&nbsp;<\/p>\n<p><a href=\"http:\/\/www.facebook.com\/media\/set\/?set=a.439818646080006.105498.107054166023124&amp;type=3\" target=\"_blank\">Conozca im\u00e1genes de la I Jornada Internacional<\/a><\/p>\n<p>&nbsp;<\/p>\n<p><a href=\"http:\/\/www.facebook.com\/media\/set\/?set=a.440050376056833.105547.107054166023124&amp;type=3\" target=\"_blank\">Conozca im\u00e1genes de la despedida de los estudiantes internacionales<\/a><br \/>\n<b>Informes:\u00a0<\/b>Oficina de Internacionalizaci\u00f3n, tel\u00e9fono 878 15 00, extensi\u00f3n 12 169.<\/p>\n","protected":false},"excerpt":{"rendered":"<p>J\u00f3venes de Alemania, Brasil, Chile, M\u00e9xico y China volver\u00e1n a sus pa\u00edses de origen &nbsp; 29\/11\/2012 Redacci\u00f3n: Margarita Laverde Galvis \u00a0 Foto: Guillermo Sarmiento\/Prensa U. de Caldas La\u00a0Universidad de Caldas, a trav\u00e9s de la Oficina de Internacionalizaci\u00f3n, realiz\u00f3\u00a0la\u00a0I Jornada Internacional\u00a0con\u00a0los 37 estudiantes de Alemania, Brasil, Chile, M\u00e9xico y China\u00a0que realizaron movilidad acad\u00e9mica\u00a0en la Instituci\u00f3n.\u00a0Con natilla [&hellip;]<\/p>\n","protected":false},"author":2,"featured_media":0,"comment_status":"closed","ping_status":"closed","sticky":false,"template":"","format":"standard","meta":{"footnotes":""},"categories":[48,53],"tags":[],"class_list":["post-14622","post","type-post","status-publish","format-standard","hentry","category-actualidad","category-universidad-al-dia"],"yoast_head":"<!-- This site is optimized with the Yoast SEO plugin v27.5 - https:\/\/yoast.com\/product\/yoast-seo-wordpress\/ -->\n<title>U. de Caldas despidi\u00f3 a sus estudiantes de otros pa\u00edses .<\/title>\n<meta name=\"robots\" content=\"index, follow, max-snippet:-1, max-image-preview:large, max-video-preview:-1\" \/>\n<link rel=\"canonical\" href=\"https:\/\/www.ucaldas.edu.co\/portal\/u-de-caldas-despidio-a-sus-estudiantes-de-otros-paises\/\" \/>\n<script type=\"application\/ld+json\" class=\"yoast-schema-graph\">{\"@context\":\"https:\\\/\\\/schema.org\",\"@graph\":[{\"@type\":\"Article\",\"@id\":\"https:\\\/\\\/www.ucaldas.edu.co\\\/portal\\\/u-de-caldas-despidio-a-sus-estudiantes-de-otros-paises\\\/#article\",\"isPartOf\":{\"@id\":\"https:\\\/\\\/www.ucaldas.edu.co\\\/portal\\\/u-de-caldas-despidio-a-sus-estudiantes-de-otros-paises\\\/\"},\"author\":{\"name\":\"ofiprensa\",\"@id\":\"https:\\\/\\\/www.ucaldas.edu.co\\\/portal\\\/#\\\/schema\\\/person\\\/a1b482e23449158b4bc319926c074fdf\"},\"headline\":\"U. de Caldas despidi\u00f3 a sus estudiantes de otros pa\u00edses\",\"datePublished\":\"2012-11-29T15:59:46+00:00\",\"mainEntityOfPage\":{\"@id\":\"https:\\\/\\\/www.ucaldas.edu.co\\\/portal\\\/u-de-caldas-despidio-a-sus-estudiantes-de-otros-paises\\\/\"},\"wordCount\":302,\"publisher\":{\"@id\":\"https:\\\/\\\/www.ucaldas.edu.co\\\/portal\\\/#organization\"},\"image\":{\"@id\":\"https:\\\/\\\/www.ucaldas.edu.co\\\/portal\\\/u-de-caldas-despidio-a-sus-estudiantes-de-otros-paises\\\/#primaryimage\"},\"thumbnailUrl\":\"http:\\\/\\\/www.ucaldas.edu.co\\\/images\\\/tmp\\\/despedida_internacionales.jpg\",\"articleSection\":[\"Actualidad\",\"Universidad al D\u00eda\"],\"inLanguage\":\"es\"},{\"@type\":\"WebPage\",\"@id\":\"https:\\\/\\\/www.ucaldas.edu.co\\\/portal\\\/u-de-caldas-despidio-a-sus-estudiantes-de-otros-paises\\\/\",\"url\":\"https:\\\/\\\/www.ucaldas.edu.co\\\/portal\\\/u-de-caldas-despidio-a-sus-estudiantes-de-otros-paises\\\/\",\"name\":\"U. de Caldas despidi\u00f3 a sus estudiantes de otros pa\u00edses .\",\"isPartOf\":{\"@id\":\"https:\\\/\\\/www.ucaldas.edu.co\\\/portal\\\/#website\"},\"primaryImageOfPage\":{\"@id\":\"https:\\\/\\\/www.ucaldas.edu.co\\\/portal\\\/u-de-caldas-despidio-a-sus-estudiantes-de-otros-paises\\\/#primaryimage\"},\"image\":{\"@id\":\"https:\\\/\\\/www.ucaldas.edu.co\\\/portal\\\/u-de-caldas-despidio-a-sus-estudiantes-de-otros-paises\\\/#primaryimage\"},\"thumbnailUrl\":\"http:\\\/\\\/www.ucaldas.edu.co\\\/images\\\/tmp\\\/despedida_internacionales.jpg\",\"datePublished\":\"2012-11-29T15:59:46+00:00\",\"breadcrumb\":{\"@id\":\"https:\\\/\\\/www.ucaldas.edu.co\\\/portal\\\/u-de-caldas-despidio-a-sus-estudiantes-de-otros-paises\\\/#breadcrumb\"},\"inLanguage\":\"es\",\"potentialAction\":[{\"@type\":\"ReadAction\",\"target\":[\"https:\\\/\\\/www.ucaldas.edu.co\\\/portal\\\/u-de-caldas-despidio-a-sus-estudiantes-de-otros-paises\\\/\"]}]},{\"@type\":\"ImageObject\",\"inLanguage\":\"es\",\"@id\":\"https:\\\/\\\/www.ucaldas.edu.co\\\/portal\\\/u-de-caldas-despidio-a-sus-estudiantes-de-otros-paises\\\/#primaryimage\",\"url\":\"http:\\\/\\\/www.ucaldas.edu.co\\\/images\\\/tmp\\\/despedida_internacionales.jpg\",\"contentUrl\":\"http:\\\/\\\/www.ucaldas.edu.co\\\/images\\\/tmp\\\/despedida_internacionales.jpg\"},{\"@type\":\"BreadcrumbList\",\"@id\":\"https:\\\/\\\/www.ucaldas.edu.co\\\/portal\\\/u-de-caldas-despidio-a-sus-estudiantes-de-otros-paises\\\/#breadcrumb\",\"itemListElement\":[{\"@type\":\"ListItem\",\"position\":1,\"name\":\"Portada\",\"item\":\"https:\\\/\\\/www.ucaldas.edu.co\\\/portal\\\/\"},{\"@type\":\"ListItem\",\"position\":2,\"name\":\"U. de Caldas despidi\u00f3 a sus estudiantes de otros pa\u00edses\"}]},{\"@type\":\"WebSite\",\"@id\":\"https:\\\/\\\/www.ucaldas.edu.co\\\/portal\\\/#website\",\"url\":\"https:\\\/\\\/www.ucaldas.edu.co\\\/portal\\\/\",\"name\":\"Universidad de Caldas\",\"description\":\"\",\"publisher\":{\"@id\":\"https:\\\/\\\/www.ucaldas.edu.co\\\/portal\\\/#organization\"},\"alternateName\":\"U. de Caldas\",\"potentialAction\":[{\"@type\":\"SearchAction\",\"target\":{\"@type\":\"EntryPoint\",\"urlTemplate\":\"https:\\\/\\\/www.ucaldas.edu.co\\\/portal\\\/?s={search_term_string}\"},\"query-input\":{\"@type\":\"PropertyValueSpecification\",\"valueRequired\":true,\"valueName\":\"search_term_string\"}}],\"inLanguage\":\"es\"},{\"@type\":\"Organization\",\"@id\":\"https:\\\/\\\/www.ucaldas.edu.co\\\/portal\\\/#organization\",\"name\":\"Universidad de Caldas\",\"alternateName\":\"U. de Caldas\",\"url\":\"https:\\\/\\\/www.ucaldas.edu.co\\\/portal\\\/\",\"logo\":{\"@type\":\"ImageObject\",\"inLanguage\":\"es\",\"@id\":\"https:\\\/\\\/www.ucaldas.edu.co\\\/portal\\\/#\\\/schema\\\/logo\\\/image\\\/\",\"url\":\"https:\\\/\\\/www.ucaldas.edu.co\\\/portal\\\/wp-content\\\/uploads\\\/2023\\\/11\\\/Logo_horizontal_oscuroU-2023.png\",\"contentUrl\":\"https:\\\/\\\/www.ucaldas.edu.co\\\/portal\\\/wp-content\\\/uploads\\\/2023\\\/11\\\/Logo_horizontal_oscuroU-2023.png\",\"width\":263,\"height\":101,\"caption\":\"Universidad de Caldas\"},\"image\":{\"@id\":\"https:\\\/\\\/www.ucaldas.edu.co\\\/portal\\\/#\\\/schema\\\/logo\\\/image\\\/\"},\"sameAs\":[\"https:\\\/\\\/www.facebook.com\\\/udecaldas\",\"https:\\\/\\\/x.com\\\/udecaldas\",\"https:\\\/\\\/www.youtube.com\\\/universidadcaldas\",\"https:\\\/\\\/www.instagram.com\\\/udecaldas\\\/\"]},{\"@type\":\"Person\",\"@id\":\"https:\\\/\\\/www.ucaldas.edu.co\\\/portal\\\/#\\\/schema\\\/person\\\/a1b482e23449158b4bc319926c074fdf\",\"name\":\"ofiprensa\",\"image\":{\"@type\":\"ImageObject\",\"inLanguage\":\"es\",\"@id\":\"https:\\\/\\\/www.ucaldas.edu.co\\\/portal\\\/wp-content\\\/litespeed\\\/avatar\\\/09ea5085e600095a7a811142c6944527.jpg?ver=1777497608\",\"url\":\"https:\\\/\\\/www.ucaldas.edu.co\\\/portal\\\/wp-content\\\/litespeed\\\/avatar\\\/09ea5085e600095a7a811142c6944527.jpg?ver=1777497608\",\"contentUrl\":\"https:\\\/\\\/www.ucaldas.edu.co\\\/portal\\\/wp-content\\\/litespeed\\\/avatar\\\/09ea5085e600095a7a811142c6944527.jpg?ver=1777497608\",\"caption\":\"ofiprensa\"},\"url\":\"https:\\\/\\\/www.ucaldas.edu.co\\\/portal\\\/author\\\/ofiprensa\\\/\"}]}<\/script>\n<!-- \/ Yoast SEO plugin. -->","yoast_head_json":{"title":"U. de Caldas despidi\u00f3 a sus estudiantes de otros pa\u00edses .","robots":{"index":"index","follow":"follow","max-snippet":"max-snippet:-1","max-image-preview":"max-image-preview:large","max-video-preview":"max-video-preview:-1"},"canonical":"https:\/\/www.ucaldas.edu.co\/portal\/u-de-caldas-despidio-a-sus-estudiantes-de-otros-paises\/","schema":{"@context":"https:\/\/schema.org","@graph":[{"@type":"Article","@id":"https:\/\/www.ucaldas.edu.co\/portal\/u-de-caldas-despidio-a-sus-estudiantes-de-otros-paises\/#article","isPartOf":{"@id":"https:\/\/www.ucaldas.edu.co\/portal\/u-de-caldas-despidio-a-sus-estudiantes-de-otros-paises\/"},"author":{"name":"ofiprensa","@id":"https:\/\/www.ucaldas.edu.co\/portal\/#\/schema\/person\/a1b482e23449158b4bc319926c074fdf"},"headline":"U. de Caldas despidi\u00f3 a sus estudiantes de otros pa\u00edses","datePublished":"2012-11-29T15:59:46+00:00","mainEntityOfPage":{"@id":"https:\/\/www.ucaldas.edu.co\/portal\/u-de-caldas-despidio-a-sus-estudiantes-de-otros-paises\/"},"wordCount":302,"publisher":{"@id":"https:\/\/www.ucaldas.edu.co\/portal\/#organization"},"image":{"@id":"https:\/\/www.ucaldas.edu.co\/portal\/u-de-caldas-despidio-a-sus-estudiantes-de-otros-paises\/#primaryimage"},"thumbnailUrl":"http:\/\/www.ucaldas.edu.co\/images\/tmp\/despedida_internacionales.jpg","articleSection":["Actualidad","Universidad al D\u00eda"],"inLanguage":"es"},{"@type":"WebPage","@id":"https:\/\/www.ucaldas.edu.co\/portal\/u-de-caldas-despidio-a-sus-estudiantes-de-otros-paises\/","url":"https:\/\/www.ucaldas.edu.co\/portal\/u-de-caldas-despidio-a-sus-estudiantes-de-otros-paises\/","name":"U. de Caldas despidi\u00f3 a sus estudiantes de otros pa\u00edses .","isPartOf":{"@id":"https:\/\/www.ucaldas.edu.co\/portal\/#website"},"primaryImageOfPage":{"@id":"https:\/\/www.ucaldas.edu.co\/portal\/u-de-caldas-despidio-a-sus-estudiantes-de-otros-paises\/#primaryimage"},"image":{"@id":"https:\/\/www.ucaldas.edu.co\/portal\/u-de-caldas-despidio-a-sus-estudiantes-de-otros-paises\/#primaryimage"},"thumbnailUrl":"http:\/\/www.ucaldas.edu.co\/images\/tmp\/despedida_internacionales.jpg","datePublished":"2012-11-29T15:59:46+00:00","breadcrumb":{"@id":"https:\/\/www.ucaldas.edu.co\/portal\/u-de-caldas-despidio-a-sus-estudiantes-de-otros-paises\/#breadcrumb"},"inLanguage":"es","potentialAction":[{"@type":"ReadAction","target":["https:\/\/www.ucaldas.edu.co\/portal\/u-de-caldas-despidio-a-sus-estudiantes-de-otros-paises\/"]}]},{"@type":"ImageObject","inLanguage":"es","@id":"https:\/\/www.ucaldas.edu.co\/portal\/u-de-caldas-despidio-a-sus-estudiantes-de-otros-paises\/#primaryimage","url":"http:\/\/www.ucaldas.edu.co\/images\/tmp\/despedida_internacionales.jpg","contentUrl":"http:\/\/www.ucaldas.edu.co\/images\/tmp\/despedida_internacionales.jpg"},{"@type":"BreadcrumbList","@id":"https:\/\/www.ucaldas.edu.co\/portal\/u-de-caldas-despidio-a-sus-estudiantes-de-otros-paises\/#breadcrumb","itemListElement":[{"@type":"ListItem","position":1,"name":"Portada","item":"https:\/\/www.ucaldas.edu.co\/portal\/"},{"@type":"ListItem","position":2,"name":"U. de Caldas despidi\u00f3 a sus estudiantes de otros pa\u00edses"}]},{"@type":"WebSite","@id":"https:\/\/www.ucaldas.edu.co\/portal\/#website","url":"https:\/\/www.ucaldas.edu.co\/portal\/","name":"Universidad de Caldas","description":"","publisher":{"@id":"https:\/\/www.ucaldas.edu.co\/portal\/#organization"},"alternateName":"U. de Caldas","potentialAction":[{"@type":"SearchAction","target":{"@type":"EntryPoint","urlTemplate":"https:\/\/www.ucaldas.edu.co\/portal\/?s={search_term_string}"},"query-input":{"@type":"PropertyValueSpecification","valueRequired":true,"valueName":"search_term_string"}}],"inLanguage":"es"},{"@type":"Organization","@id":"https:\/\/www.ucaldas.edu.co\/portal\/#organization","name":"Universidad de Caldas","alternateName":"U. de Caldas","url":"https:\/\/www.ucaldas.edu.co\/portal\/","logo":{"@type":"ImageObject","inLanguage":"es","@id":"https:\/\/www.ucaldas.edu.co\/portal\/#\/schema\/logo\/image\/","url":"https:\/\/www.ucaldas.edu.co\/portal\/wp-content\/uploads\/2023\/11\/Logo_horizontal_oscuroU-2023.png","contentUrl":"https:\/\/www.ucaldas.edu.co\/portal\/wp-content\/uploads\/2023\/11\/Logo_horizontal_oscuroU-2023.png","width":263,"height":101,"caption":"Universidad de Caldas"},"image":{"@id":"https:\/\/www.ucaldas.edu.co\/portal\/#\/schema\/logo\/image\/"},"sameAs":["https:\/\/www.facebook.com\/udecaldas","https:\/\/x.com\/udecaldas","https:\/\/www.youtube.com\/universidadcaldas","https:\/\/www.instagram.com\/udecaldas\/"]},{"@type":"Person","@id":"https:\/\/www.ucaldas.edu.co\/portal\/#\/schema\/person\/a1b482e23449158b4bc319926c074fdf","name":"ofiprensa","image":{"@type":"ImageObject","inLanguage":"es","@id":"https:\/\/www.ucaldas.edu.co\/portal\/wp-content\/litespeed\/avatar\/09ea5085e600095a7a811142c6944527.jpg?ver=1777497608","url":"https:\/\/www.ucaldas.edu.co\/portal\/wp-content\/litespeed\/avatar\/09ea5085e600095a7a811142c6944527.jpg?ver=1777497608","contentUrl":"https:\/\/www.ucaldas.edu.co\/portal\/wp-content\/litespeed\/avatar\/09ea5085e600095a7a811142c6944527.jpg?ver=1777497608","caption":"ofiprensa"},"url":"https:\/\/www.ucaldas.edu.co\/portal\/author\/ofiprensa\/"}]}},"_links":{"self":[{"href":"https:\/\/www.ucaldas.edu.co\/portal\/wp-json\/wp\/v2\/posts\/14622","targetHints":{"allow":["GET"]}}],"collection":[{"href":"https:\/\/www.ucaldas.edu.co\/portal\/wp-json\/wp\/v2\/posts"}],"about":[{"href":"https:\/\/www.ucaldas.edu.co\/portal\/wp-json\/wp\/v2\/types\/post"}],"author":[{"embeddable":true,"href":"https:\/\/www.ucaldas.edu.co\/portal\/wp-json\/wp\/v2\/users\/2"}],"replies":[{"embeddable":true,"href":"https:\/\/www.ucaldas.edu.co\/portal\/wp-json\/wp\/v2\/comments?post=14622"}],"version-history":[{"count":0,"href":"https:\/\/www.ucaldas.edu.co\/portal\/wp-json\/wp\/v2\/posts\/14622\/revisions"}],"wp:attachment":[{"href":"https:\/\/www.ucaldas.edu.co\/portal\/wp-json\/wp\/v2\/media?parent=14622"}],"wp:term":[{"taxonomy":"category","embeddable":true,"href":"https:\/\/www.ucaldas.edu.co\/portal\/wp-json\/wp\/v2\/categories?post=14622"},{"taxonomy":"post_tag","embeddable":true,"href":"https:\/\/www.ucaldas.edu.co\/portal\/wp-json\/wp\/v2\/tags?post=14622"}],"curies":[{"name":"wp","href":"https:\/\/api.w.org\/{rel}","templated":true}]}}