{"id":14620,"date":"2012-11-29T10:58:58","date_gmt":"2012-11-29T15:58:58","guid":{"rendered":"https:\/\/www.ucaldas.edu.co\/portal\/?p=14620"},"modified":"2012-11-29T10:58:58","modified_gmt":"2012-11-29T15:58:58","slug":"reconocido-animador-digital-invito-a-u-de-caldas-a-unirse-a-proyecto-cinematografico","status":"publish","type":"post","link":"https:\/\/www.ucaldas.edu.co\/portal\/reconocido-animador-digital-invito-a-u-de-caldas-a-unirse-a-proyecto-cinematografico\/","title":{"rendered":"Reconocido animador digital invit\u00f3 a U. de Caldas  a unirse a proyecto cinematogr\u00e1fico"},"content":{"rendered":"<p>Carlos Arguello visit\u00f3 la Instituci\u00f3n, para concretar alianzas<\/p>\n<hr \/>\n<p>&nbsp;<\/p>\n<p align=\"right\">29\/11\/2012<br \/>\nRedacci\u00f3n: Margarita Laverde Galvis<\/p>\n<table border=\"0\">\n<tbody>\n<tr>\n<td>\u00a0<img loading=\"lazy\" decoding=\"async\" style=\"border: 0px\" title=\"Reconocido animador digital invit\u00f3 a U. de Caldas  a unirse a proyecto cinematogr\u00e1fico\" alt=\"Arguello\" src=\"http:\/\/www.ucaldas.edu.co\/images\/tmp\/arguello.jpg\" width=\"240\" height=\"160\" border=\"0\" \/><\/p>\n<h6>Foto: Guillermo Sarmiento\/Prensa U. de Caldas<\/h6>\n<\/td>\n<td><b>Carlos Arg\u00fcello, animador digital de cine y televisi\u00f3n, conoci\u00f3<\/b>\u00a0el\u00a0<b>Centro de Innovaci\u00f3n, Investigaci\u00f3n, Desarrollo y Transferencia de Tecnolog\u00eda<\/b>de la\u00a0<b>Facultad<\/b><b>\u00a0<\/b><b>de Ingenier\u00edas<\/b>\u00a0de la\u00a0<b>Universidad de Caldas<\/b>,\u00a0<b>en su visita a la ciudad para buscar talentos locales<\/b>.<\/td>\n<\/tr>\n<\/tbody>\n<\/table>\n<p>&nbsp;<\/p>\n<p>&nbsp;<\/p>\n<p>En el encuentro, que se efectu\u00f3 en octubre de este a\u00f1o,\u00a0<b>el visitante invit\u00f3 a la Instituci\u00f3n a unirse a un proyecto para coproducir unas cinco pel\u00edculas en los pr\u00f3ximos cinco a\u00f1os, con socios de Estados Unidos y otros pa\u00edses del mundo.<\/b><\/p>\n<p>&nbsp;<\/p>\n<p>\u201cEsta es una invitaci\u00f3n a la Universidad para que se una al proceso, que busca generar una nueva oportunidad de empleo para los j\u00f3venes de las industrias creativas, pues en Latinoam\u00e9rica necesitamos nuevas oportunidades para los j\u00f3venes\u201d, coment\u00f3 Arg\u00fcello.<\/p>\n<p>&nbsp;<\/p>\n<p>Este animador, reconocido por su participaci\u00f3n en la pel\u00edcula como\u00a0<i>Cr\u00f3nicas de Narnia, Ricardo Bressani<\/i>,\u00a0<i>Space Jam, B\u00e1tman y Robin, Armagedon, La Momia, El Aro, R\u00e1pido y Furioso Reto Tokio,\u00a0<\/i>entre otras taquilleras producciones, conoci\u00f3 la ciudad a trav\u00e9s de su investigaci\u00f3n, durante el 2009, donde conoci\u00f3 a un joven de Manizales, con quien continu\u00f3 una relaci\u00f3n de amistad y de negocios.<\/p>\n<p>&nbsp;<\/p>\n<p>\u201cBuscamos talentos de los j\u00f3venes locales, por lo que comenzamos una alianza y la idea es comenzar a orientar diplomados en conjunto con la U. de Caldas, para que ellos quieran integrarse y puedan crecer\u201d, agreg\u00f3 el invitado.<\/p>\n<p>&nbsp;<\/p>\n<p>Por su parte, Carlos Alberto Ruiz Villa,\u00a0<b>Decano de la Facultad de Ingenier\u00edas de la U. de Caldas,\u00a0<\/b>dijo: \u201ccon la idea de desarrollar una nueva industria de animaci\u00f3n en la ciudad, la Facultad tiene un potencial muy grande para aportar. Vemos que nuestros estudiantes se pueden involucrar en este proyecto, que no s\u00f3lo es una posibilidad de desarrollo en temas nuevos, sino de inserci\u00f3n laboral\u201d.<\/p>\n<p>&nbsp;<\/p>\n<p><a href=\"http:\/\/www.facebook.com\/media\/set\/?set=a.440166129378591.105569.107054166023124&amp;type=3\" target=\"_blank\">Conozca im\u00e1genes de la visita de Carlos Arg\u00fcello, animador digital de cine y televisi\u00f3n, a la U. de Caldas<\/a><\/p>\n<p><b>\u00a0<\/b><\/p>\n<p><b>Informes:\u00a0<\/b>Oficina de Prensa, tel\u00e9fono 878 15 00, extensi\u00f3n 12 167.<\/p>\n","protected":false},"excerpt":{"rendered":"<p>Carlos Arguello visit\u00f3 la Instituci\u00f3n, para concretar alianzas &nbsp; 29\/11\/2012 Redacci\u00f3n: Margarita Laverde Galvis \u00a0 Foto: Guillermo Sarmiento\/Prensa U. de Caldas Carlos Arg\u00fcello, animador digital de cine y televisi\u00f3n, conoci\u00f3\u00a0el\u00a0Centro de Innovaci\u00f3n, Investigaci\u00f3n, Desarrollo y Transferencia de Tecnolog\u00edade la\u00a0Facultad\u00a0de Ingenier\u00edas\u00a0de la\u00a0Universidad de Caldas,\u00a0en su visita a la ciudad para buscar talentos locales. &nbsp; &nbsp; En [&hellip;]<\/p>\n","protected":false},"author":2,"featured_media":0,"comment_status":"closed","ping_status":"closed","sticky":false,"template":"","format":"standard","meta":{"footnotes":""},"categories":[48,53],"tags":[],"class_list":["post-14620","post","type-post","status-publish","format-standard","hentry","category-actualidad","category-universidad-al-dia"],"yoast_head":"<!-- This site is optimized with the Yoast SEO plugin v27.5 - https:\/\/yoast.com\/product\/yoast-seo-wordpress\/ -->\n<title>Reconocido animador digital invit\u00f3 a U. de Caldas a unirse a proyecto cinematogr\u00e1fico .<\/title>\n<meta name=\"robots\" content=\"index, follow, max-snippet:-1, max-image-preview:large, max-video-preview:-1\" \/>\n<link rel=\"canonical\" href=\"https:\/\/www.ucaldas.edu.co\/portal\/reconocido-animador-digital-invito-a-u-de-caldas-a-unirse-a-proyecto-cinematografico\/\" \/>\n<script type=\"application\/ld+json\" class=\"yoast-schema-graph\">{\"@context\":\"https:\\\/\\\/schema.org\",\"@graph\":[{\"@type\":\"Article\",\"@id\":\"https:\\\/\\\/www.ucaldas.edu.co\\\/portal\\\/reconocido-animador-digital-invito-a-u-de-caldas-a-unirse-a-proyecto-cinematografico\\\/#article\",\"isPartOf\":{\"@id\":\"https:\\\/\\\/www.ucaldas.edu.co\\\/portal\\\/reconocido-animador-digital-invito-a-u-de-caldas-a-unirse-a-proyecto-cinematografico\\\/\"},\"author\":{\"name\":\"ofiprensa\",\"@id\":\"https:\\\/\\\/www.ucaldas.edu.co\\\/portal\\\/#\\\/schema\\\/person\\\/a1b482e23449158b4bc319926c074fdf\"},\"headline\":\"Reconocido animador digital invit\u00f3 a U. de Caldas a unirse a proyecto cinematogr\u00e1fico\",\"datePublished\":\"2012-11-29T15:58:58+00:00\",\"mainEntityOfPage\":{\"@id\":\"https:\\\/\\\/www.ucaldas.edu.co\\\/portal\\\/reconocido-animador-digital-invito-a-u-de-caldas-a-unirse-a-proyecto-cinematografico\\\/\"},\"wordCount\":387,\"publisher\":{\"@id\":\"https:\\\/\\\/www.ucaldas.edu.co\\\/portal\\\/#organization\"},\"image\":{\"@id\":\"https:\\\/\\\/www.ucaldas.edu.co\\\/portal\\\/reconocido-animador-digital-invito-a-u-de-caldas-a-unirse-a-proyecto-cinematografico\\\/#primaryimage\"},\"thumbnailUrl\":\"http:\\\/\\\/www.ucaldas.edu.co\\\/images\\\/tmp\\\/arguello.jpg\",\"articleSection\":[\"Actualidad\",\"Universidad al D\u00eda\"],\"inLanguage\":\"es\"},{\"@type\":\"WebPage\",\"@id\":\"https:\\\/\\\/www.ucaldas.edu.co\\\/portal\\\/reconocido-animador-digital-invito-a-u-de-caldas-a-unirse-a-proyecto-cinematografico\\\/\",\"url\":\"https:\\\/\\\/www.ucaldas.edu.co\\\/portal\\\/reconocido-animador-digital-invito-a-u-de-caldas-a-unirse-a-proyecto-cinematografico\\\/\",\"name\":\"Reconocido animador digital invit\u00f3 a U. de Caldas a unirse a proyecto cinematogr\u00e1fico .\",\"isPartOf\":{\"@id\":\"https:\\\/\\\/www.ucaldas.edu.co\\\/portal\\\/#website\"},\"primaryImageOfPage\":{\"@id\":\"https:\\\/\\\/www.ucaldas.edu.co\\\/portal\\\/reconocido-animador-digital-invito-a-u-de-caldas-a-unirse-a-proyecto-cinematografico\\\/#primaryimage\"},\"image\":{\"@id\":\"https:\\\/\\\/www.ucaldas.edu.co\\\/portal\\\/reconocido-animador-digital-invito-a-u-de-caldas-a-unirse-a-proyecto-cinematografico\\\/#primaryimage\"},\"thumbnailUrl\":\"http:\\\/\\\/www.ucaldas.edu.co\\\/images\\\/tmp\\\/arguello.jpg\",\"datePublished\":\"2012-11-29T15:58:58+00:00\",\"breadcrumb\":{\"@id\":\"https:\\\/\\\/www.ucaldas.edu.co\\\/portal\\\/reconocido-animador-digital-invito-a-u-de-caldas-a-unirse-a-proyecto-cinematografico\\\/#breadcrumb\"},\"inLanguage\":\"es\",\"potentialAction\":[{\"@type\":\"ReadAction\",\"target\":[\"https:\\\/\\\/www.ucaldas.edu.co\\\/portal\\\/reconocido-animador-digital-invito-a-u-de-caldas-a-unirse-a-proyecto-cinematografico\\\/\"]}]},{\"@type\":\"ImageObject\",\"inLanguage\":\"es\",\"@id\":\"https:\\\/\\\/www.ucaldas.edu.co\\\/portal\\\/reconocido-animador-digital-invito-a-u-de-caldas-a-unirse-a-proyecto-cinematografico\\\/#primaryimage\",\"url\":\"http:\\\/\\\/www.ucaldas.edu.co\\\/images\\\/tmp\\\/arguello.jpg\",\"contentUrl\":\"http:\\\/\\\/www.ucaldas.edu.co\\\/images\\\/tmp\\\/arguello.jpg\"},{\"@type\":\"BreadcrumbList\",\"@id\":\"https:\\\/\\\/www.ucaldas.edu.co\\\/portal\\\/reconocido-animador-digital-invito-a-u-de-caldas-a-unirse-a-proyecto-cinematografico\\\/#breadcrumb\",\"itemListElement\":[{\"@type\":\"ListItem\",\"position\":1,\"name\":\"Portada\",\"item\":\"https:\\\/\\\/www.ucaldas.edu.co\\\/portal\\\/\"},{\"@type\":\"ListItem\",\"position\":2,\"name\":\"Reconocido animador digital invit\u00f3 a U. de Caldas a unirse a proyecto cinematogr\u00e1fico\"}]},{\"@type\":\"WebSite\",\"@id\":\"https:\\\/\\\/www.ucaldas.edu.co\\\/portal\\\/#website\",\"url\":\"https:\\\/\\\/www.ucaldas.edu.co\\\/portal\\\/\",\"name\":\"Universidad de Caldas\",\"description\":\"\",\"publisher\":{\"@id\":\"https:\\\/\\\/www.ucaldas.edu.co\\\/portal\\\/#organization\"},\"alternateName\":\"U. de Caldas\",\"potentialAction\":[{\"@type\":\"SearchAction\",\"target\":{\"@type\":\"EntryPoint\",\"urlTemplate\":\"https:\\\/\\\/www.ucaldas.edu.co\\\/portal\\\/?s={search_term_string}\"},\"query-input\":{\"@type\":\"PropertyValueSpecification\",\"valueRequired\":true,\"valueName\":\"search_term_string\"}}],\"inLanguage\":\"es\"},{\"@type\":\"Organization\",\"@id\":\"https:\\\/\\\/www.ucaldas.edu.co\\\/portal\\\/#organization\",\"name\":\"Universidad de Caldas\",\"alternateName\":\"U. de Caldas\",\"url\":\"https:\\\/\\\/www.ucaldas.edu.co\\\/portal\\\/\",\"logo\":{\"@type\":\"ImageObject\",\"inLanguage\":\"es\",\"@id\":\"https:\\\/\\\/www.ucaldas.edu.co\\\/portal\\\/#\\\/schema\\\/logo\\\/image\\\/\",\"url\":\"https:\\\/\\\/www.ucaldas.edu.co\\\/portal\\\/wp-content\\\/uploads\\\/2023\\\/11\\\/Logo_horizontal_oscuroU-2023.png\",\"contentUrl\":\"https:\\\/\\\/www.ucaldas.edu.co\\\/portal\\\/wp-content\\\/uploads\\\/2023\\\/11\\\/Logo_horizontal_oscuroU-2023.png\",\"width\":263,\"height\":101,\"caption\":\"Universidad de Caldas\"},\"image\":{\"@id\":\"https:\\\/\\\/www.ucaldas.edu.co\\\/portal\\\/#\\\/schema\\\/logo\\\/image\\\/\"},\"sameAs\":[\"https:\\\/\\\/www.facebook.com\\\/udecaldas\",\"https:\\\/\\\/x.com\\\/udecaldas\",\"https:\\\/\\\/www.youtube.com\\\/universidadcaldas\",\"https:\\\/\\\/www.instagram.com\\\/udecaldas\\\/\"]},{\"@type\":\"Person\",\"@id\":\"https:\\\/\\\/www.ucaldas.edu.co\\\/portal\\\/#\\\/schema\\\/person\\\/a1b482e23449158b4bc319926c074fdf\",\"name\":\"ofiprensa\",\"image\":{\"@type\":\"ImageObject\",\"inLanguage\":\"es\",\"@id\":\"https:\\\/\\\/www.ucaldas.edu.co\\\/portal\\\/wp-content\\\/litespeed\\\/avatar\\\/09ea5085e600095a7a811142c6944527.jpg?ver=1777497608\",\"url\":\"https:\\\/\\\/www.ucaldas.edu.co\\\/portal\\\/wp-content\\\/litespeed\\\/avatar\\\/09ea5085e600095a7a811142c6944527.jpg?ver=1777497608\",\"contentUrl\":\"https:\\\/\\\/www.ucaldas.edu.co\\\/portal\\\/wp-content\\\/litespeed\\\/avatar\\\/09ea5085e600095a7a811142c6944527.jpg?ver=1777497608\",\"caption\":\"ofiprensa\"},\"url\":\"https:\\\/\\\/www.ucaldas.edu.co\\\/portal\\\/author\\\/ofiprensa\\\/\"}]}<\/script>\n<!-- \/ Yoast SEO plugin. -->","yoast_head_json":{"title":"Reconocido animador digital invit\u00f3 a U. de Caldas a unirse a proyecto cinematogr\u00e1fico .","robots":{"index":"index","follow":"follow","max-snippet":"max-snippet:-1","max-image-preview":"max-image-preview:large","max-video-preview":"max-video-preview:-1"},"canonical":"https:\/\/www.ucaldas.edu.co\/portal\/reconocido-animador-digital-invito-a-u-de-caldas-a-unirse-a-proyecto-cinematografico\/","schema":{"@context":"https:\/\/schema.org","@graph":[{"@type":"Article","@id":"https:\/\/www.ucaldas.edu.co\/portal\/reconocido-animador-digital-invito-a-u-de-caldas-a-unirse-a-proyecto-cinematografico\/#article","isPartOf":{"@id":"https:\/\/www.ucaldas.edu.co\/portal\/reconocido-animador-digital-invito-a-u-de-caldas-a-unirse-a-proyecto-cinematografico\/"},"author":{"name":"ofiprensa","@id":"https:\/\/www.ucaldas.edu.co\/portal\/#\/schema\/person\/a1b482e23449158b4bc319926c074fdf"},"headline":"Reconocido animador digital invit\u00f3 a U. de Caldas a unirse a proyecto cinematogr\u00e1fico","datePublished":"2012-11-29T15:58:58+00:00","mainEntityOfPage":{"@id":"https:\/\/www.ucaldas.edu.co\/portal\/reconocido-animador-digital-invito-a-u-de-caldas-a-unirse-a-proyecto-cinematografico\/"},"wordCount":387,"publisher":{"@id":"https:\/\/www.ucaldas.edu.co\/portal\/#organization"},"image":{"@id":"https:\/\/www.ucaldas.edu.co\/portal\/reconocido-animador-digital-invito-a-u-de-caldas-a-unirse-a-proyecto-cinematografico\/#primaryimage"},"thumbnailUrl":"http:\/\/www.ucaldas.edu.co\/images\/tmp\/arguello.jpg","articleSection":["Actualidad","Universidad al D\u00eda"],"inLanguage":"es"},{"@type":"WebPage","@id":"https:\/\/www.ucaldas.edu.co\/portal\/reconocido-animador-digital-invito-a-u-de-caldas-a-unirse-a-proyecto-cinematografico\/","url":"https:\/\/www.ucaldas.edu.co\/portal\/reconocido-animador-digital-invito-a-u-de-caldas-a-unirse-a-proyecto-cinematografico\/","name":"Reconocido animador digital invit\u00f3 a U. de Caldas a unirse a proyecto cinematogr\u00e1fico .","isPartOf":{"@id":"https:\/\/www.ucaldas.edu.co\/portal\/#website"},"primaryImageOfPage":{"@id":"https:\/\/www.ucaldas.edu.co\/portal\/reconocido-animador-digital-invito-a-u-de-caldas-a-unirse-a-proyecto-cinematografico\/#primaryimage"},"image":{"@id":"https:\/\/www.ucaldas.edu.co\/portal\/reconocido-animador-digital-invito-a-u-de-caldas-a-unirse-a-proyecto-cinematografico\/#primaryimage"},"thumbnailUrl":"http:\/\/www.ucaldas.edu.co\/images\/tmp\/arguello.jpg","datePublished":"2012-11-29T15:58:58+00:00","breadcrumb":{"@id":"https:\/\/www.ucaldas.edu.co\/portal\/reconocido-animador-digital-invito-a-u-de-caldas-a-unirse-a-proyecto-cinematografico\/#breadcrumb"},"inLanguage":"es","potentialAction":[{"@type":"ReadAction","target":["https:\/\/www.ucaldas.edu.co\/portal\/reconocido-animador-digital-invito-a-u-de-caldas-a-unirse-a-proyecto-cinematografico\/"]}]},{"@type":"ImageObject","inLanguage":"es","@id":"https:\/\/www.ucaldas.edu.co\/portal\/reconocido-animador-digital-invito-a-u-de-caldas-a-unirse-a-proyecto-cinematografico\/#primaryimage","url":"http:\/\/www.ucaldas.edu.co\/images\/tmp\/arguello.jpg","contentUrl":"http:\/\/www.ucaldas.edu.co\/images\/tmp\/arguello.jpg"},{"@type":"BreadcrumbList","@id":"https:\/\/www.ucaldas.edu.co\/portal\/reconocido-animador-digital-invito-a-u-de-caldas-a-unirse-a-proyecto-cinematografico\/#breadcrumb","itemListElement":[{"@type":"ListItem","position":1,"name":"Portada","item":"https:\/\/www.ucaldas.edu.co\/portal\/"},{"@type":"ListItem","position":2,"name":"Reconocido animador digital invit\u00f3 a U. de Caldas a unirse a proyecto cinematogr\u00e1fico"}]},{"@type":"WebSite","@id":"https:\/\/www.ucaldas.edu.co\/portal\/#website","url":"https:\/\/www.ucaldas.edu.co\/portal\/","name":"Universidad de Caldas","description":"","publisher":{"@id":"https:\/\/www.ucaldas.edu.co\/portal\/#organization"},"alternateName":"U. de Caldas","potentialAction":[{"@type":"SearchAction","target":{"@type":"EntryPoint","urlTemplate":"https:\/\/www.ucaldas.edu.co\/portal\/?s={search_term_string}"},"query-input":{"@type":"PropertyValueSpecification","valueRequired":true,"valueName":"search_term_string"}}],"inLanguage":"es"},{"@type":"Organization","@id":"https:\/\/www.ucaldas.edu.co\/portal\/#organization","name":"Universidad de Caldas","alternateName":"U. de Caldas","url":"https:\/\/www.ucaldas.edu.co\/portal\/","logo":{"@type":"ImageObject","inLanguage":"es","@id":"https:\/\/www.ucaldas.edu.co\/portal\/#\/schema\/logo\/image\/","url":"https:\/\/www.ucaldas.edu.co\/portal\/wp-content\/uploads\/2023\/11\/Logo_horizontal_oscuroU-2023.png","contentUrl":"https:\/\/www.ucaldas.edu.co\/portal\/wp-content\/uploads\/2023\/11\/Logo_horizontal_oscuroU-2023.png","width":263,"height":101,"caption":"Universidad de Caldas"},"image":{"@id":"https:\/\/www.ucaldas.edu.co\/portal\/#\/schema\/logo\/image\/"},"sameAs":["https:\/\/www.facebook.com\/udecaldas","https:\/\/x.com\/udecaldas","https:\/\/www.youtube.com\/universidadcaldas","https:\/\/www.instagram.com\/udecaldas\/"]},{"@type":"Person","@id":"https:\/\/www.ucaldas.edu.co\/portal\/#\/schema\/person\/a1b482e23449158b4bc319926c074fdf","name":"ofiprensa","image":{"@type":"ImageObject","inLanguage":"es","@id":"https:\/\/www.ucaldas.edu.co\/portal\/wp-content\/litespeed\/avatar\/09ea5085e600095a7a811142c6944527.jpg?ver=1777497608","url":"https:\/\/www.ucaldas.edu.co\/portal\/wp-content\/litespeed\/avatar\/09ea5085e600095a7a811142c6944527.jpg?ver=1777497608","contentUrl":"https:\/\/www.ucaldas.edu.co\/portal\/wp-content\/litespeed\/avatar\/09ea5085e600095a7a811142c6944527.jpg?ver=1777497608","caption":"ofiprensa"},"url":"https:\/\/www.ucaldas.edu.co\/portal\/author\/ofiprensa\/"}]}},"_links":{"self":[{"href":"https:\/\/www.ucaldas.edu.co\/portal\/wp-json\/wp\/v2\/posts\/14620","targetHints":{"allow":["GET"]}}],"collection":[{"href":"https:\/\/www.ucaldas.edu.co\/portal\/wp-json\/wp\/v2\/posts"}],"about":[{"href":"https:\/\/www.ucaldas.edu.co\/portal\/wp-json\/wp\/v2\/types\/post"}],"author":[{"embeddable":true,"href":"https:\/\/www.ucaldas.edu.co\/portal\/wp-json\/wp\/v2\/users\/2"}],"replies":[{"embeddable":true,"href":"https:\/\/www.ucaldas.edu.co\/portal\/wp-json\/wp\/v2\/comments?post=14620"}],"version-history":[{"count":0,"href":"https:\/\/www.ucaldas.edu.co\/portal\/wp-json\/wp\/v2\/posts\/14620\/revisions"}],"wp:attachment":[{"href":"https:\/\/www.ucaldas.edu.co\/portal\/wp-json\/wp\/v2\/media?parent=14620"}],"wp:term":[{"taxonomy":"category","embeddable":true,"href":"https:\/\/www.ucaldas.edu.co\/portal\/wp-json\/wp\/v2\/categories?post=14620"},{"taxonomy":"post_tag","embeddable":true,"href":"https:\/\/www.ucaldas.edu.co\/portal\/wp-json\/wp\/v2\/tags?post=14620"}],"curies":[{"name":"wp","href":"https:\/\/api.w.org\/{rel}","templated":true}]}}