{"id":14618,"date":"2012-11-29T10:58:08","date_gmt":"2012-11-29T15:58:08","guid":{"rendered":"https:\/\/www.ucaldas.edu.co\/portal\/?p=14618"},"modified":"2012-11-29T10:58:08","modified_gmt":"2012-11-29T15:58:08","slug":"estudiante-u-de-caldas-culmino-pasantia-investigativa-en-brasil","status":"publish","type":"post","link":"https:\/\/www.ucaldas.edu.co\/portal\/estudiante-u-de-caldas-culmino-pasantia-investigativa-en-brasil\/","title":{"rendered":"Estudiante U. de Caldas  culmin\u00f3  pasant\u00eda investigativa en Brasil"},"content":{"rendered":"<p>Se trata de Juan Sebastian Ospina, quien estuvo tres meses en ese pa\u00eds<\/p>\n<hr \/>\n<p>&nbsp;<\/p>\n<p align=\"right\">\n<p align=\"right\">29\/11\/2012<br \/>\nRedacci\u00f3n: Margarita Laverde Galvis<\/p>\n<table border=\"0\">\n<tbody>\n<tr>\n<td>&nbsp;<\/p>\n<p><img loading=\"lazy\" decoding=\"async\" style=\"border: 0px\" title=\"Estudiante U. de Caldas  culmin\u00f3  pasant\u00eda investigativa en Brasil\" alt=\"Juan Sebastian Ospina\" src=\"http:\/\/www.ucaldas.edu.co\/images\/tmp\/brasileiro.jpg\" width=\"240\" height=\"160\" border=\"0\" \/><\/p>\n<h6>Foto: Guillermo Sarmiento\/Prensa U. de Caldas<\/h6>\n<\/td>\n<td><b>Durante tres meses<\/b>\u00a0Juan Sebasti\u00e1n Ospina \u00c1lvarez,\u00a0<b>estudiante<\/b>\u00a0de la\u00a0<b>Maestr\u00eda\u00a0<\/b>en\u00a0<b>Dise\u00f1o\u00a0<\/b>y<b>\u00a0Creaci\u00f3n Interactiva<\/b>\u00a0de la\u00a0<b>Universidad de Caldas<\/b>,<b>realiz\u00f3<\/b>\u00a0una\u00a0<b>pasant\u00eda investigativa\u00a0<\/b>en<b>\u00a0<\/b>la\u00a0<b>Universidad Federal\u00a0<\/b>de\u00a0<b>Goi\u00e1s (Brasil)<\/b>, como parte de su trabajo de tesis.<\/td>\n<\/tr>\n<\/tbody>\n<\/table>\n<p>&nbsp;<\/p>\n<p>&nbsp;<\/p>\n<p>El\u00a0<b>estudiante realiz\u00f3 un intercambio<\/b>\u00a0en el\u00a0<b>Programa de Postgraduaci\u00f3n en Arte y Cultura y Visual<\/b>, donde contin\u00fao desarrollando su trabajo, relacionado con la construcci\u00f3n de identidad de g\u00e9nero en ambientes no presenciales o ambientes virtuales.<\/p>\n<p>&nbsp;<\/p>\n<p>Ospina \u00c1lvarez\u00a0<b>es Joven Investigador Colciencias 2011<\/b>\u00a0e\u00a0<b>integrante del grupo de investigaci\u00f3n Innov-Acci\u00f3n Educativa<\/b>,\u00a0<b>quien lo apoy\u00f3 con el viaje<\/b>, junto con la\u00a0<b>Oficina de Internacionalizaci\u00f3n<\/b>\u00a0de la Instituci\u00f3n,\u00a0<b>gracias al convenio establecido entre la U. de Caldas y la U. Federal de Goi\u00e1s.<\/b><\/p>\n<p><b>\u00a0<\/b><\/p>\n<p>\u201cCuando inici\u00e9 la b\u00fasqueda de antecedentes para mi trabajo de grado encontr\u00e9 una tesis de una brasile\u00f1a, por lo que me contact\u00e9 con ella y fue as\u00ed como logr\u00e9 que me invitaran a ese pa\u00eds. Esta es la primera vez que alguien de la U. de Caldas hace una pasant\u00eda de este tipo\u201d, coment\u00f3 el investigador.<\/p>\n<p>&nbsp;<\/p>\n<p>Entre los logros del viaje est\u00e1 la legalizaci\u00f3n de la direcci\u00f3n de tesis, pues este semestre el estudiante continuar\u00e1 con la orientaci\u00f3n de manera virtual y la idea es terminar el proceso en ese pa\u00eds, en el 2013, adem\u00e1s de participar en eventos que se realizar\u00e1n all\u00ed.<\/p>\n<p>&nbsp;<\/p>\n<p>\u201cLa U. de Caldas se ha destacado a nivel investigativo en el pa\u00eds y esta formaci\u00f3n ha sido la que me ha permitido destacarme en los procesos, porque adem\u00e1s asist\u00ed a dos seminarios, donde obtuve muy buenos resultados. Se cre\u00f3 un contacto para posibles intercambios\u201d, dijo el estudiante.<\/p>\n<p><b>\u00a0<\/b><\/p>\n<p><a href=\"http:\/\/www.facebook.com\/media\/set\/?set=a.440189396042931.105576.107054166023124&amp;type=3\" target=\"_blank\">Conozca im\u00e1genes de estudiante U. de Caldas culmin\u00f3 pasant\u00eda investigativa en Brasil<\/a><\/p>\n<p><b>\u00a0<\/b><\/p>\n<p><b>Informes:<\/b>\u00a0Oficina de Internacionalizaci\u00f3n, tel\u00e9fono 878 15 00 extensi\u00f3n 12 169.<\/p>\n<p>&nbsp;<\/p>\n","protected":false},"excerpt":{"rendered":"<p>Se trata de Juan Sebastian Ospina, quien estuvo tres meses en ese pa\u00eds &nbsp; 29\/11\/2012 Redacci\u00f3n: Margarita Laverde Galvis &nbsp; Foto: Guillermo Sarmiento\/Prensa U. de Caldas Durante tres meses\u00a0Juan Sebasti\u00e1n Ospina \u00c1lvarez,\u00a0estudiante\u00a0de la\u00a0Maestr\u00eda\u00a0en\u00a0Dise\u00f1o\u00a0y\u00a0Creaci\u00f3n Interactiva\u00a0de la\u00a0Universidad de Caldas,realiz\u00f3\u00a0una\u00a0pasant\u00eda investigativa\u00a0en\u00a0la\u00a0Universidad Federal\u00a0de\u00a0Goi\u00e1s (Brasil), como parte de su trabajo de tesis. &nbsp; &nbsp; El\u00a0estudiante realiz\u00f3 un intercambio\u00a0en el\u00a0Programa de [&hellip;]<\/p>\n","protected":false},"author":2,"featured_media":0,"comment_status":"closed","ping_status":"closed","sticky":false,"template":"","format":"standard","meta":{"footnotes":""},"categories":[48,53],"tags":[],"class_list":["post-14618","post","type-post","status-publish","format-standard","hentry","category-actualidad","category-universidad-al-dia"],"yoast_head":"<!-- This site is optimized with the Yoast SEO plugin v27.5 - https:\/\/yoast.com\/product\/yoast-seo-wordpress\/ -->\n<title>Estudiante U. de Caldas culmin\u00f3 pasant\u00eda investigativa en Brasil .<\/title>\n<meta name=\"robots\" content=\"index, follow, max-snippet:-1, max-image-preview:large, max-video-preview:-1\" \/>\n<link rel=\"canonical\" href=\"https:\/\/www.ucaldas.edu.co\/portal\/estudiante-u-de-caldas-culmino-pasantia-investigativa-en-brasil\/\" \/>\n<script type=\"application\/ld+json\" class=\"yoast-schema-graph\">{\"@context\":\"https:\\\/\\\/schema.org\",\"@graph\":[{\"@type\":\"Article\",\"@id\":\"https:\\\/\\\/www.ucaldas.edu.co\\\/portal\\\/estudiante-u-de-caldas-culmino-pasantia-investigativa-en-brasil\\\/#article\",\"isPartOf\":{\"@id\":\"https:\\\/\\\/www.ucaldas.edu.co\\\/portal\\\/estudiante-u-de-caldas-culmino-pasantia-investigativa-en-brasil\\\/\"},\"author\":{\"name\":\"ofiprensa\",\"@id\":\"https:\\\/\\\/www.ucaldas.edu.co\\\/portal\\\/#\\\/schema\\\/person\\\/a1b482e23449158b4bc319926c074fdf\"},\"headline\":\"Estudiante U. de Caldas culmin\u00f3 pasant\u00eda investigativa en Brasil\",\"datePublished\":\"2012-11-29T15:58:08+00:00\",\"mainEntityOfPage\":{\"@id\":\"https:\\\/\\\/www.ucaldas.edu.co\\\/portal\\\/estudiante-u-de-caldas-culmino-pasantia-investigativa-en-brasil\\\/\"},\"wordCount\":364,\"publisher\":{\"@id\":\"https:\\\/\\\/www.ucaldas.edu.co\\\/portal\\\/#organization\"},\"image\":{\"@id\":\"https:\\\/\\\/www.ucaldas.edu.co\\\/portal\\\/estudiante-u-de-caldas-culmino-pasantia-investigativa-en-brasil\\\/#primaryimage\"},\"thumbnailUrl\":\"http:\\\/\\\/www.ucaldas.edu.co\\\/images\\\/tmp\\\/brasileiro.jpg\",\"articleSection\":[\"Actualidad\",\"Universidad al D\u00eda\"],\"inLanguage\":\"es\"},{\"@type\":\"WebPage\",\"@id\":\"https:\\\/\\\/www.ucaldas.edu.co\\\/portal\\\/estudiante-u-de-caldas-culmino-pasantia-investigativa-en-brasil\\\/\",\"url\":\"https:\\\/\\\/www.ucaldas.edu.co\\\/portal\\\/estudiante-u-de-caldas-culmino-pasantia-investigativa-en-brasil\\\/\",\"name\":\"Estudiante U. de Caldas culmin\u00f3 pasant\u00eda investigativa en Brasil .\",\"isPartOf\":{\"@id\":\"https:\\\/\\\/www.ucaldas.edu.co\\\/portal\\\/#website\"},\"primaryImageOfPage\":{\"@id\":\"https:\\\/\\\/www.ucaldas.edu.co\\\/portal\\\/estudiante-u-de-caldas-culmino-pasantia-investigativa-en-brasil\\\/#primaryimage\"},\"image\":{\"@id\":\"https:\\\/\\\/www.ucaldas.edu.co\\\/portal\\\/estudiante-u-de-caldas-culmino-pasantia-investigativa-en-brasil\\\/#primaryimage\"},\"thumbnailUrl\":\"http:\\\/\\\/www.ucaldas.edu.co\\\/images\\\/tmp\\\/brasileiro.jpg\",\"datePublished\":\"2012-11-29T15:58:08+00:00\",\"breadcrumb\":{\"@id\":\"https:\\\/\\\/www.ucaldas.edu.co\\\/portal\\\/estudiante-u-de-caldas-culmino-pasantia-investigativa-en-brasil\\\/#breadcrumb\"},\"inLanguage\":\"es\",\"potentialAction\":[{\"@type\":\"ReadAction\",\"target\":[\"https:\\\/\\\/www.ucaldas.edu.co\\\/portal\\\/estudiante-u-de-caldas-culmino-pasantia-investigativa-en-brasil\\\/\"]}]},{\"@type\":\"ImageObject\",\"inLanguage\":\"es\",\"@id\":\"https:\\\/\\\/www.ucaldas.edu.co\\\/portal\\\/estudiante-u-de-caldas-culmino-pasantia-investigativa-en-brasil\\\/#primaryimage\",\"url\":\"http:\\\/\\\/www.ucaldas.edu.co\\\/images\\\/tmp\\\/brasileiro.jpg\",\"contentUrl\":\"http:\\\/\\\/www.ucaldas.edu.co\\\/images\\\/tmp\\\/brasileiro.jpg\"},{\"@type\":\"BreadcrumbList\",\"@id\":\"https:\\\/\\\/www.ucaldas.edu.co\\\/portal\\\/estudiante-u-de-caldas-culmino-pasantia-investigativa-en-brasil\\\/#breadcrumb\",\"itemListElement\":[{\"@type\":\"ListItem\",\"position\":1,\"name\":\"Portada\",\"item\":\"https:\\\/\\\/www.ucaldas.edu.co\\\/portal\\\/\"},{\"@type\":\"ListItem\",\"position\":2,\"name\":\"Estudiante U. de Caldas culmin\u00f3 pasant\u00eda investigativa en Brasil\"}]},{\"@type\":\"WebSite\",\"@id\":\"https:\\\/\\\/www.ucaldas.edu.co\\\/portal\\\/#website\",\"url\":\"https:\\\/\\\/www.ucaldas.edu.co\\\/portal\\\/\",\"name\":\"Universidad de Caldas\",\"description\":\"\",\"publisher\":{\"@id\":\"https:\\\/\\\/www.ucaldas.edu.co\\\/portal\\\/#organization\"},\"alternateName\":\"U. de Caldas\",\"potentialAction\":[{\"@type\":\"SearchAction\",\"target\":{\"@type\":\"EntryPoint\",\"urlTemplate\":\"https:\\\/\\\/www.ucaldas.edu.co\\\/portal\\\/?s={search_term_string}\"},\"query-input\":{\"@type\":\"PropertyValueSpecification\",\"valueRequired\":true,\"valueName\":\"search_term_string\"}}],\"inLanguage\":\"es\"},{\"@type\":\"Organization\",\"@id\":\"https:\\\/\\\/www.ucaldas.edu.co\\\/portal\\\/#organization\",\"name\":\"Universidad de Caldas\",\"alternateName\":\"U. de Caldas\",\"url\":\"https:\\\/\\\/www.ucaldas.edu.co\\\/portal\\\/\",\"logo\":{\"@type\":\"ImageObject\",\"inLanguage\":\"es\",\"@id\":\"https:\\\/\\\/www.ucaldas.edu.co\\\/portal\\\/#\\\/schema\\\/logo\\\/image\\\/\",\"url\":\"https:\\\/\\\/www.ucaldas.edu.co\\\/portal\\\/wp-content\\\/uploads\\\/2023\\\/11\\\/Logo_horizontal_oscuroU-2023.png\",\"contentUrl\":\"https:\\\/\\\/www.ucaldas.edu.co\\\/portal\\\/wp-content\\\/uploads\\\/2023\\\/11\\\/Logo_horizontal_oscuroU-2023.png\",\"width\":263,\"height\":101,\"caption\":\"Universidad de Caldas\"},\"image\":{\"@id\":\"https:\\\/\\\/www.ucaldas.edu.co\\\/portal\\\/#\\\/schema\\\/logo\\\/image\\\/\"},\"sameAs\":[\"https:\\\/\\\/www.facebook.com\\\/udecaldas\",\"https:\\\/\\\/x.com\\\/udecaldas\",\"https:\\\/\\\/www.youtube.com\\\/universidadcaldas\",\"https:\\\/\\\/www.instagram.com\\\/udecaldas\\\/\"]},{\"@type\":\"Person\",\"@id\":\"https:\\\/\\\/www.ucaldas.edu.co\\\/portal\\\/#\\\/schema\\\/person\\\/a1b482e23449158b4bc319926c074fdf\",\"name\":\"ofiprensa\",\"image\":{\"@type\":\"ImageObject\",\"inLanguage\":\"es\",\"@id\":\"https:\\\/\\\/www.ucaldas.edu.co\\\/portal\\\/wp-content\\\/litespeed\\\/avatar\\\/09ea5085e600095a7a811142c6944527.jpg?ver=1777497608\",\"url\":\"https:\\\/\\\/www.ucaldas.edu.co\\\/portal\\\/wp-content\\\/litespeed\\\/avatar\\\/09ea5085e600095a7a811142c6944527.jpg?ver=1777497608\",\"contentUrl\":\"https:\\\/\\\/www.ucaldas.edu.co\\\/portal\\\/wp-content\\\/litespeed\\\/avatar\\\/09ea5085e600095a7a811142c6944527.jpg?ver=1777497608\",\"caption\":\"ofiprensa\"},\"url\":\"https:\\\/\\\/www.ucaldas.edu.co\\\/portal\\\/author\\\/ofiprensa\\\/\"}]}<\/script>\n<!-- \/ Yoast SEO plugin. -->","yoast_head_json":{"title":"Estudiante U. de Caldas culmin\u00f3 pasant\u00eda investigativa en Brasil .","robots":{"index":"index","follow":"follow","max-snippet":"max-snippet:-1","max-image-preview":"max-image-preview:large","max-video-preview":"max-video-preview:-1"},"canonical":"https:\/\/www.ucaldas.edu.co\/portal\/estudiante-u-de-caldas-culmino-pasantia-investigativa-en-brasil\/","schema":{"@context":"https:\/\/schema.org","@graph":[{"@type":"Article","@id":"https:\/\/www.ucaldas.edu.co\/portal\/estudiante-u-de-caldas-culmino-pasantia-investigativa-en-brasil\/#article","isPartOf":{"@id":"https:\/\/www.ucaldas.edu.co\/portal\/estudiante-u-de-caldas-culmino-pasantia-investigativa-en-brasil\/"},"author":{"name":"ofiprensa","@id":"https:\/\/www.ucaldas.edu.co\/portal\/#\/schema\/person\/a1b482e23449158b4bc319926c074fdf"},"headline":"Estudiante U. de Caldas culmin\u00f3 pasant\u00eda investigativa en Brasil","datePublished":"2012-11-29T15:58:08+00:00","mainEntityOfPage":{"@id":"https:\/\/www.ucaldas.edu.co\/portal\/estudiante-u-de-caldas-culmino-pasantia-investigativa-en-brasil\/"},"wordCount":364,"publisher":{"@id":"https:\/\/www.ucaldas.edu.co\/portal\/#organization"},"image":{"@id":"https:\/\/www.ucaldas.edu.co\/portal\/estudiante-u-de-caldas-culmino-pasantia-investigativa-en-brasil\/#primaryimage"},"thumbnailUrl":"http:\/\/www.ucaldas.edu.co\/images\/tmp\/brasileiro.jpg","articleSection":["Actualidad","Universidad al D\u00eda"],"inLanguage":"es"},{"@type":"WebPage","@id":"https:\/\/www.ucaldas.edu.co\/portal\/estudiante-u-de-caldas-culmino-pasantia-investigativa-en-brasil\/","url":"https:\/\/www.ucaldas.edu.co\/portal\/estudiante-u-de-caldas-culmino-pasantia-investigativa-en-brasil\/","name":"Estudiante U. de Caldas culmin\u00f3 pasant\u00eda investigativa en Brasil .","isPartOf":{"@id":"https:\/\/www.ucaldas.edu.co\/portal\/#website"},"primaryImageOfPage":{"@id":"https:\/\/www.ucaldas.edu.co\/portal\/estudiante-u-de-caldas-culmino-pasantia-investigativa-en-brasil\/#primaryimage"},"image":{"@id":"https:\/\/www.ucaldas.edu.co\/portal\/estudiante-u-de-caldas-culmino-pasantia-investigativa-en-brasil\/#primaryimage"},"thumbnailUrl":"http:\/\/www.ucaldas.edu.co\/images\/tmp\/brasileiro.jpg","datePublished":"2012-11-29T15:58:08+00:00","breadcrumb":{"@id":"https:\/\/www.ucaldas.edu.co\/portal\/estudiante-u-de-caldas-culmino-pasantia-investigativa-en-brasil\/#breadcrumb"},"inLanguage":"es","potentialAction":[{"@type":"ReadAction","target":["https:\/\/www.ucaldas.edu.co\/portal\/estudiante-u-de-caldas-culmino-pasantia-investigativa-en-brasil\/"]}]},{"@type":"ImageObject","inLanguage":"es","@id":"https:\/\/www.ucaldas.edu.co\/portal\/estudiante-u-de-caldas-culmino-pasantia-investigativa-en-brasil\/#primaryimage","url":"http:\/\/www.ucaldas.edu.co\/images\/tmp\/brasileiro.jpg","contentUrl":"http:\/\/www.ucaldas.edu.co\/images\/tmp\/brasileiro.jpg"},{"@type":"BreadcrumbList","@id":"https:\/\/www.ucaldas.edu.co\/portal\/estudiante-u-de-caldas-culmino-pasantia-investigativa-en-brasil\/#breadcrumb","itemListElement":[{"@type":"ListItem","position":1,"name":"Portada","item":"https:\/\/www.ucaldas.edu.co\/portal\/"},{"@type":"ListItem","position":2,"name":"Estudiante U. de Caldas culmin\u00f3 pasant\u00eda investigativa en Brasil"}]},{"@type":"WebSite","@id":"https:\/\/www.ucaldas.edu.co\/portal\/#website","url":"https:\/\/www.ucaldas.edu.co\/portal\/","name":"Universidad de Caldas","description":"","publisher":{"@id":"https:\/\/www.ucaldas.edu.co\/portal\/#organization"},"alternateName":"U. de Caldas","potentialAction":[{"@type":"SearchAction","target":{"@type":"EntryPoint","urlTemplate":"https:\/\/www.ucaldas.edu.co\/portal\/?s={search_term_string}"},"query-input":{"@type":"PropertyValueSpecification","valueRequired":true,"valueName":"search_term_string"}}],"inLanguage":"es"},{"@type":"Organization","@id":"https:\/\/www.ucaldas.edu.co\/portal\/#organization","name":"Universidad de Caldas","alternateName":"U. de Caldas","url":"https:\/\/www.ucaldas.edu.co\/portal\/","logo":{"@type":"ImageObject","inLanguage":"es","@id":"https:\/\/www.ucaldas.edu.co\/portal\/#\/schema\/logo\/image\/","url":"https:\/\/www.ucaldas.edu.co\/portal\/wp-content\/uploads\/2023\/11\/Logo_horizontal_oscuroU-2023.png","contentUrl":"https:\/\/www.ucaldas.edu.co\/portal\/wp-content\/uploads\/2023\/11\/Logo_horizontal_oscuroU-2023.png","width":263,"height":101,"caption":"Universidad de Caldas"},"image":{"@id":"https:\/\/www.ucaldas.edu.co\/portal\/#\/schema\/logo\/image\/"},"sameAs":["https:\/\/www.facebook.com\/udecaldas","https:\/\/x.com\/udecaldas","https:\/\/www.youtube.com\/universidadcaldas","https:\/\/www.instagram.com\/udecaldas\/"]},{"@type":"Person","@id":"https:\/\/www.ucaldas.edu.co\/portal\/#\/schema\/person\/a1b482e23449158b4bc319926c074fdf","name":"ofiprensa","image":{"@type":"ImageObject","inLanguage":"es","@id":"https:\/\/www.ucaldas.edu.co\/portal\/wp-content\/litespeed\/avatar\/09ea5085e600095a7a811142c6944527.jpg?ver=1777497608","url":"https:\/\/www.ucaldas.edu.co\/portal\/wp-content\/litespeed\/avatar\/09ea5085e600095a7a811142c6944527.jpg?ver=1777497608","contentUrl":"https:\/\/www.ucaldas.edu.co\/portal\/wp-content\/litespeed\/avatar\/09ea5085e600095a7a811142c6944527.jpg?ver=1777497608","caption":"ofiprensa"},"url":"https:\/\/www.ucaldas.edu.co\/portal\/author\/ofiprensa\/"}]}},"_links":{"self":[{"href":"https:\/\/www.ucaldas.edu.co\/portal\/wp-json\/wp\/v2\/posts\/14618","targetHints":{"allow":["GET"]}}],"collection":[{"href":"https:\/\/www.ucaldas.edu.co\/portal\/wp-json\/wp\/v2\/posts"}],"about":[{"href":"https:\/\/www.ucaldas.edu.co\/portal\/wp-json\/wp\/v2\/types\/post"}],"author":[{"embeddable":true,"href":"https:\/\/www.ucaldas.edu.co\/portal\/wp-json\/wp\/v2\/users\/2"}],"replies":[{"embeddable":true,"href":"https:\/\/www.ucaldas.edu.co\/portal\/wp-json\/wp\/v2\/comments?post=14618"}],"version-history":[{"count":0,"href":"https:\/\/www.ucaldas.edu.co\/portal\/wp-json\/wp\/v2\/posts\/14618\/revisions"}],"wp:attachment":[{"href":"https:\/\/www.ucaldas.edu.co\/portal\/wp-json\/wp\/v2\/media?parent=14618"}],"wp:term":[{"taxonomy":"category","embeddable":true,"href":"https:\/\/www.ucaldas.edu.co\/portal\/wp-json\/wp\/v2\/categories?post=14618"},{"taxonomy":"post_tag","embeddable":true,"href":"https:\/\/www.ucaldas.edu.co\/portal\/wp-json\/wp\/v2\/tags?post=14618"}],"curies":[{"name":"wp","href":"https:\/\/api.w.org\/{rel}","templated":true}]}}