{"id":14616,"date":"2012-11-29T10:57:17","date_gmt":"2012-11-29T15:57:17","guid":{"rendered":"https:\/\/www.ucaldas.edu.co\/portal\/?p=14616"},"modified":"2012-11-29T10:57:17","modified_gmt":"2012-11-29T15:57:17","slug":"conozca-y-utilice-los-servicios-de-renata-en-la-biblioteca-u-de-caldas","status":"publish","type":"post","link":"https:\/\/www.ucaldas.edu.co\/portal\/conozca-y-utilice-los-servicios-de-renata-en-la-biblioteca-u-de-caldas\/","title":{"rendered":"Conozca y utilice los servicios de Renata,  en la Biblioteca U. de Caldas"},"content":{"rendered":"<p>La Instituci\u00f3n es aliada a Red Nacional Acad\u00e9mica de Tecnolog\u00eda Avanzada<\/p>\n<hr \/>\n<p>&nbsp;<\/p>\n<p align=\"right\">\n<p align=\"right\">29\/11\/2012<br \/>\nRedacci\u00f3n: Margarita Laverde Galvis<\/p>\n<table border=\"0\">\n<tbody>\n<tr>\n<td>&nbsp;<\/p>\n<p><img loading=\"lazy\" decoding=\"async\" style=\"border: 0px\" title=\"Conozca y utilice los servicios de Renata,  en la Biblioteca U. de Caldas\" alt=\"Renata\" src=\"http:\/\/www.ucaldas.edu.co\/images\/tmp\/red_renata.jpg\" width=\"240\" height=\"160\" border=\"0\" \/><\/p>\n<h6>Foto: Guillermo Sarmiento\/Prensa U. de Caldas<\/h6>\n<\/td>\n<td><b>Desde hace m\u00e1s de cinco a\u00f1os la Universidad de Caldas pertenece<\/b>\u00a0a la\u00a0<b>Red<\/b>\u00a0Nacional Acad\u00e9mica de Tecnolog\u00eda Avanzada (<b>Renata<\/b>),\u00a0<b>a trav\u00e9s de la Red Acad\u00e9mica de Alta Velocidad Regional<\/b>\u00a0(Radar). Renata pone al servicio de la comunidad acad\u00e9mica una infraestructura tecnol\u00f3gica de alta capacidad y velocidad para la comunicaci\u00f3n, el intercambio de informaci\u00f3n y el trabajo colaborativo.<\/td>\n<\/tr>\n<\/tbody>\n<\/table>\n<p><b>\u00a0<\/b><\/p>\n<p>\u201cGracias a esto estamos\u00a0<b>conectados con todas las instituciones de educaci\u00f3n superior del pa\u00eds<\/b>. Adem\u00e1s, podemos\u00a0<b>seguir a trav\u00e9s de videoconferencia<\/b>\u00a0todos los eventos de la Red\u201d, coment\u00f3\u00a0H\u00e9ctor Mario Ortiz Silva,\u00a0<b>Director del Centro de Bibliotecas de la U. de Caldas.<\/b><\/p>\n<p>\u201cEl Centro va muy bien, porque hemos tenido muy buena acogida en cuanto a la utilizaci\u00f3n de las bases de datos, material bibliogr\u00e1fico, uso de equipos de c\u00f3mputo, tanto as\u00ed que la Vicerrector\u00eda Acad\u00e9mica planea cambiar los computadores de escritorio, por computadores port\u00e1tiles\u201d, agreg\u00f3 Ortiz Silva.<\/p>\n<p><b>Buen uso<\/b><\/p>\n<p>La\u00a0<b>U. de Caldas<\/b>\u00a0particip\u00f3, a trav\u00e9s de\u00a0<b>videoconferencia v\u00eda Renata<\/b>, en el\u00a0<b>IX Encuentro Tem\u00e1tico Nacional: Colombia Innova, Colabora y Avanza<\/b>, el pasado 1 y 2 de octubre del 2012. El encuentro se llev\u00f3 a cabo con el apoyo de la Corporaci\u00f3n Red de Instituciones de Educaci\u00f3n, Investigaci\u00f3n y Desarrollo del Oriente Colombiano (Unired), entre otras instituciones.<\/p>\n<p>&nbsp;<\/p>\n<p><b>Recuerde<\/b><\/p>\n<p>El\u00a0<b>Centro de Bibliotecas\u00a0<\/b>prestar\u00e1 sus servicios<b>\u00a0hasta\u00a0<\/b>el<b>\u00a021 de diciembre\u00a0<\/b>de este a\u00f1o<b>\u00a0y reanudar\u00e1\u00a0<\/b>sus actividades el<b>\u00a017 de enero del 2013.<\/b><\/p>\n<p>Ingrese a Renata a trav\u00e9s de la p\u00e1gina web\u00a0<a href=\"http:\/\/www.renata.edu.co\/\" target=\"_blank\">www.renata.edu.co<\/a><\/p>\n<p><a href=\"http:\/\/www.facebook.com\/media\/set\/?set=a.440187369376467.105575.107054166023124&amp;type=3\" target=\"_blank\">Conozca im\u00e1genes de U. de Caldas, aliada a Red Nacional Acad\u00e9mica de Tecnolog\u00eda Avanzada (Renata)<\/a><\/p>\n<p><b>Informes:<\/b>\u00a0Centro de Bibliotecas, tel\u00e9fono 878 15 00, extensi\u00f3n\u00a0\u00a011 115.<\/p>\n","protected":false},"excerpt":{"rendered":"<p>La Instituci\u00f3n es aliada a Red Nacional Acad\u00e9mica de Tecnolog\u00eda Avanzada &nbsp; 29\/11\/2012 Redacci\u00f3n: Margarita Laverde Galvis &nbsp; Foto: Guillermo Sarmiento\/Prensa U. de Caldas Desde hace m\u00e1s de cinco a\u00f1os la Universidad de Caldas pertenece\u00a0a la\u00a0Red\u00a0Nacional Acad\u00e9mica de Tecnolog\u00eda Avanzada (Renata),\u00a0a trav\u00e9s de la Red Acad\u00e9mica de Alta Velocidad Regional\u00a0(Radar). Renata pone al servicio de [&hellip;]<\/p>\n","protected":false},"author":2,"featured_media":0,"comment_status":"closed","ping_status":"closed","sticky":false,"template":"","format":"standard","meta":{"footnotes":""},"categories":[48,53],"tags":[],"class_list":["post-14616","post","type-post","status-publish","format-standard","hentry","category-actualidad","category-universidad-al-dia"],"yoast_head":"<!-- This site is optimized with the Yoast SEO plugin v27.5 - https:\/\/yoast.com\/product\/yoast-seo-wordpress\/ -->\n<title>Conozca y utilice los servicios de Renata, en la Biblioteca U. de Caldas .<\/title>\n<meta name=\"robots\" content=\"index, follow, max-snippet:-1, max-image-preview:large, max-video-preview:-1\" \/>\n<link rel=\"canonical\" href=\"https:\/\/www.ucaldas.edu.co\/portal\/conozca-y-utilice-los-servicios-de-renata-en-la-biblioteca-u-de-caldas\/\" \/>\n<script type=\"application\/ld+json\" class=\"yoast-schema-graph\">{\"@context\":\"https:\\\/\\\/schema.org\",\"@graph\":[{\"@type\":\"Article\",\"@id\":\"https:\\\/\\\/www.ucaldas.edu.co\\\/portal\\\/conozca-y-utilice-los-servicios-de-renata-en-la-biblioteca-u-de-caldas\\\/#article\",\"isPartOf\":{\"@id\":\"https:\\\/\\\/www.ucaldas.edu.co\\\/portal\\\/conozca-y-utilice-los-servicios-de-renata-en-la-biblioteca-u-de-caldas\\\/\"},\"author\":{\"name\":\"ofiprensa\",\"@id\":\"https:\\\/\\\/www.ucaldas.edu.co\\\/portal\\\/#\\\/schema\\\/person\\\/a1b482e23449158b4bc319926c074fdf\"},\"headline\":\"Conozca y utilice los servicios de Renata, en la Biblioteca U. de Caldas\",\"datePublished\":\"2012-11-29T15:57:17+00:00\",\"mainEntityOfPage\":{\"@id\":\"https:\\\/\\\/www.ucaldas.edu.co\\\/portal\\\/conozca-y-utilice-los-servicios-de-renata-en-la-biblioteca-u-de-caldas\\\/\"},\"wordCount\":337,\"publisher\":{\"@id\":\"https:\\\/\\\/www.ucaldas.edu.co\\\/portal\\\/#organization\"},\"image\":{\"@id\":\"https:\\\/\\\/www.ucaldas.edu.co\\\/portal\\\/conozca-y-utilice-los-servicios-de-renata-en-la-biblioteca-u-de-caldas\\\/#primaryimage\"},\"thumbnailUrl\":\"http:\\\/\\\/www.ucaldas.edu.co\\\/images\\\/tmp\\\/red_renata.jpg\",\"articleSection\":[\"Actualidad\",\"Universidad al D\u00eda\"],\"inLanguage\":\"es\"},{\"@type\":\"WebPage\",\"@id\":\"https:\\\/\\\/www.ucaldas.edu.co\\\/portal\\\/conozca-y-utilice-los-servicios-de-renata-en-la-biblioteca-u-de-caldas\\\/\",\"url\":\"https:\\\/\\\/www.ucaldas.edu.co\\\/portal\\\/conozca-y-utilice-los-servicios-de-renata-en-la-biblioteca-u-de-caldas\\\/\",\"name\":\"Conozca y utilice los servicios de Renata, en la Biblioteca U. de Caldas .\",\"isPartOf\":{\"@id\":\"https:\\\/\\\/www.ucaldas.edu.co\\\/portal\\\/#website\"},\"primaryImageOfPage\":{\"@id\":\"https:\\\/\\\/www.ucaldas.edu.co\\\/portal\\\/conozca-y-utilice-los-servicios-de-renata-en-la-biblioteca-u-de-caldas\\\/#primaryimage\"},\"image\":{\"@id\":\"https:\\\/\\\/www.ucaldas.edu.co\\\/portal\\\/conozca-y-utilice-los-servicios-de-renata-en-la-biblioteca-u-de-caldas\\\/#primaryimage\"},\"thumbnailUrl\":\"http:\\\/\\\/www.ucaldas.edu.co\\\/images\\\/tmp\\\/red_renata.jpg\",\"datePublished\":\"2012-11-29T15:57:17+00:00\",\"breadcrumb\":{\"@id\":\"https:\\\/\\\/www.ucaldas.edu.co\\\/portal\\\/conozca-y-utilice-los-servicios-de-renata-en-la-biblioteca-u-de-caldas\\\/#breadcrumb\"},\"inLanguage\":\"es\",\"potentialAction\":[{\"@type\":\"ReadAction\",\"target\":[\"https:\\\/\\\/www.ucaldas.edu.co\\\/portal\\\/conozca-y-utilice-los-servicios-de-renata-en-la-biblioteca-u-de-caldas\\\/\"]}]},{\"@type\":\"ImageObject\",\"inLanguage\":\"es\",\"@id\":\"https:\\\/\\\/www.ucaldas.edu.co\\\/portal\\\/conozca-y-utilice-los-servicios-de-renata-en-la-biblioteca-u-de-caldas\\\/#primaryimage\",\"url\":\"http:\\\/\\\/www.ucaldas.edu.co\\\/images\\\/tmp\\\/red_renata.jpg\",\"contentUrl\":\"http:\\\/\\\/www.ucaldas.edu.co\\\/images\\\/tmp\\\/red_renata.jpg\"},{\"@type\":\"BreadcrumbList\",\"@id\":\"https:\\\/\\\/www.ucaldas.edu.co\\\/portal\\\/conozca-y-utilice-los-servicios-de-renata-en-la-biblioteca-u-de-caldas\\\/#breadcrumb\",\"itemListElement\":[{\"@type\":\"ListItem\",\"position\":1,\"name\":\"Portada\",\"item\":\"https:\\\/\\\/www.ucaldas.edu.co\\\/portal\\\/\"},{\"@type\":\"ListItem\",\"position\":2,\"name\":\"Conozca y utilice los servicios de Renata, en la Biblioteca U. de Caldas\"}]},{\"@type\":\"WebSite\",\"@id\":\"https:\\\/\\\/www.ucaldas.edu.co\\\/portal\\\/#website\",\"url\":\"https:\\\/\\\/www.ucaldas.edu.co\\\/portal\\\/\",\"name\":\"Universidad de Caldas\",\"description\":\"\",\"publisher\":{\"@id\":\"https:\\\/\\\/www.ucaldas.edu.co\\\/portal\\\/#organization\"},\"alternateName\":\"U. de Caldas\",\"potentialAction\":[{\"@type\":\"SearchAction\",\"target\":{\"@type\":\"EntryPoint\",\"urlTemplate\":\"https:\\\/\\\/www.ucaldas.edu.co\\\/portal\\\/?s={search_term_string}\"},\"query-input\":{\"@type\":\"PropertyValueSpecification\",\"valueRequired\":true,\"valueName\":\"search_term_string\"}}],\"inLanguage\":\"es\"},{\"@type\":\"Organization\",\"@id\":\"https:\\\/\\\/www.ucaldas.edu.co\\\/portal\\\/#organization\",\"name\":\"Universidad de Caldas\",\"alternateName\":\"U. de Caldas\",\"url\":\"https:\\\/\\\/www.ucaldas.edu.co\\\/portal\\\/\",\"logo\":{\"@type\":\"ImageObject\",\"inLanguage\":\"es\",\"@id\":\"https:\\\/\\\/www.ucaldas.edu.co\\\/portal\\\/#\\\/schema\\\/logo\\\/image\\\/\",\"url\":\"https:\\\/\\\/www.ucaldas.edu.co\\\/portal\\\/wp-content\\\/uploads\\\/2023\\\/11\\\/Logo_horizontal_oscuroU-2023.png\",\"contentUrl\":\"https:\\\/\\\/www.ucaldas.edu.co\\\/portal\\\/wp-content\\\/uploads\\\/2023\\\/11\\\/Logo_horizontal_oscuroU-2023.png\",\"width\":263,\"height\":101,\"caption\":\"Universidad de Caldas\"},\"image\":{\"@id\":\"https:\\\/\\\/www.ucaldas.edu.co\\\/portal\\\/#\\\/schema\\\/logo\\\/image\\\/\"},\"sameAs\":[\"https:\\\/\\\/www.facebook.com\\\/udecaldas\",\"https:\\\/\\\/x.com\\\/udecaldas\",\"https:\\\/\\\/www.youtube.com\\\/universidadcaldas\",\"https:\\\/\\\/www.instagram.com\\\/udecaldas\\\/\"]},{\"@type\":\"Person\",\"@id\":\"https:\\\/\\\/www.ucaldas.edu.co\\\/portal\\\/#\\\/schema\\\/person\\\/a1b482e23449158b4bc319926c074fdf\",\"name\":\"ofiprensa\",\"image\":{\"@type\":\"ImageObject\",\"inLanguage\":\"es\",\"@id\":\"https:\\\/\\\/www.ucaldas.edu.co\\\/portal\\\/wp-content\\\/litespeed\\\/avatar\\\/09ea5085e600095a7a811142c6944527.jpg?ver=1777497608\",\"url\":\"https:\\\/\\\/www.ucaldas.edu.co\\\/portal\\\/wp-content\\\/litespeed\\\/avatar\\\/09ea5085e600095a7a811142c6944527.jpg?ver=1777497608\",\"contentUrl\":\"https:\\\/\\\/www.ucaldas.edu.co\\\/portal\\\/wp-content\\\/litespeed\\\/avatar\\\/09ea5085e600095a7a811142c6944527.jpg?ver=1777497608\",\"caption\":\"ofiprensa\"},\"url\":\"https:\\\/\\\/www.ucaldas.edu.co\\\/portal\\\/author\\\/ofiprensa\\\/\"}]}<\/script>\n<!-- \/ Yoast SEO plugin. -->","yoast_head_json":{"title":"Conozca y utilice los servicios de Renata, en la Biblioteca U. de Caldas .","robots":{"index":"index","follow":"follow","max-snippet":"max-snippet:-1","max-image-preview":"max-image-preview:large","max-video-preview":"max-video-preview:-1"},"canonical":"https:\/\/www.ucaldas.edu.co\/portal\/conozca-y-utilice-los-servicios-de-renata-en-la-biblioteca-u-de-caldas\/","schema":{"@context":"https:\/\/schema.org","@graph":[{"@type":"Article","@id":"https:\/\/www.ucaldas.edu.co\/portal\/conozca-y-utilice-los-servicios-de-renata-en-la-biblioteca-u-de-caldas\/#article","isPartOf":{"@id":"https:\/\/www.ucaldas.edu.co\/portal\/conozca-y-utilice-los-servicios-de-renata-en-la-biblioteca-u-de-caldas\/"},"author":{"name":"ofiprensa","@id":"https:\/\/www.ucaldas.edu.co\/portal\/#\/schema\/person\/a1b482e23449158b4bc319926c074fdf"},"headline":"Conozca y utilice los servicios de Renata, en la Biblioteca U. de Caldas","datePublished":"2012-11-29T15:57:17+00:00","mainEntityOfPage":{"@id":"https:\/\/www.ucaldas.edu.co\/portal\/conozca-y-utilice-los-servicios-de-renata-en-la-biblioteca-u-de-caldas\/"},"wordCount":337,"publisher":{"@id":"https:\/\/www.ucaldas.edu.co\/portal\/#organization"},"image":{"@id":"https:\/\/www.ucaldas.edu.co\/portal\/conozca-y-utilice-los-servicios-de-renata-en-la-biblioteca-u-de-caldas\/#primaryimage"},"thumbnailUrl":"http:\/\/www.ucaldas.edu.co\/images\/tmp\/red_renata.jpg","articleSection":["Actualidad","Universidad al D\u00eda"],"inLanguage":"es"},{"@type":"WebPage","@id":"https:\/\/www.ucaldas.edu.co\/portal\/conozca-y-utilice-los-servicios-de-renata-en-la-biblioteca-u-de-caldas\/","url":"https:\/\/www.ucaldas.edu.co\/portal\/conozca-y-utilice-los-servicios-de-renata-en-la-biblioteca-u-de-caldas\/","name":"Conozca y utilice los servicios de Renata, en la Biblioteca U. de Caldas .","isPartOf":{"@id":"https:\/\/www.ucaldas.edu.co\/portal\/#website"},"primaryImageOfPage":{"@id":"https:\/\/www.ucaldas.edu.co\/portal\/conozca-y-utilice-los-servicios-de-renata-en-la-biblioteca-u-de-caldas\/#primaryimage"},"image":{"@id":"https:\/\/www.ucaldas.edu.co\/portal\/conozca-y-utilice-los-servicios-de-renata-en-la-biblioteca-u-de-caldas\/#primaryimage"},"thumbnailUrl":"http:\/\/www.ucaldas.edu.co\/images\/tmp\/red_renata.jpg","datePublished":"2012-11-29T15:57:17+00:00","breadcrumb":{"@id":"https:\/\/www.ucaldas.edu.co\/portal\/conozca-y-utilice-los-servicios-de-renata-en-la-biblioteca-u-de-caldas\/#breadcrumb"},"inLanguage":"es","potentialAction":[{"@type":"ReadAction","target":["https:\/\/www.ucaldas.edu.co\/portal\/conozca-y-utilice-los-servicios-de-renata-en-la-biblioteca-u-de-caldas\/"]}]},{"@type":"ImageObject","inLanguage":"es","@id":"https:\/\/www.ucaldas.edu.co\/portal\/conozca-y-utilice-los-servicios-de-renata-en-la-biblioteca-u-de-caldas\/#primaryimage","url":"http:\/\/www.ucaldas.edu.co\/images\/tmp\/red_renata.jpg","contentUrl":"http:\/\/www.ucaldas.edu.co\/images\/tmp\/red_renata.jpg"},{"@type":"BreadcrumbList","@id":"https:\/\/www.ucaldas.edu.co\/portal\/conozca-y-utilice-los-servicios-de-renata-en-la-biblioteca-u-de-caldas\/#breadcrumb","itemListElement":[{"@type":"ListItem","position":1,"name":"Portada","item":"https:\/\/www.ucaldas.edu.co\/portal\/"},{"@type":"ListItem","position":2,"name":"Conozca y utilice los servicios de Renata, en la Biblioteca U. de Caldas"}]},{"@type":"WebSite","@id":"https:\/\/www.ucaldas.edu.co\/portal\/#website","url":"https:\/\/www.ucaldas.edu.co\/portal\/","name":"Universidad de Caldas","description":"","publisher":{"@id":"https:\/\/www.ucaldas.edu.co\/portal\/#organization"},"alternateName":"U. de Caldas","potentialAction":[{"@type":"SearchAction","target":{"@type":"EntryPoint","urlTemplate":"https:\/\/www.ucaldas.edu.co\/portal\/?s={search_term_string}"},"query-input":{"@type":"PropertyValueSpecification","valueRequired":true,"valueName":"search_term_string"}}],"inLanguage":"es"},{"@type":"Organization","@id":"https:\/\/www.ucaldas.edu.co\/portal\/#organization","name":"Universidad de Caldas","alternateName":"U. de Caldas","url":"https:\/\/www.ucaldas.edu.co\/portal\/","logo":{"@type":"ImageObject","inLanguage":"es","@id":"https:\/\/www.ucaldas.edu.co\/portal\/#\/schema\/logo\/image\/","url":"https:\/\/www.ucaldas.edu.co\/portal\/wp-content\/uploads\/2023\/11\/Logo_horizontal_oscuroU-2023.png","contentUrl":"https:\/\/www.ucaldas.edu.co\/portal\/wp-content\/uploads\/2023\/11\/Logo_horizontal_oscuroU-2023.png","width":263,"height":101,"caption":"Universidad de Caldas"},"image":{"@id":"https:\/\/www.ucaldas.edu.co\/portal\/#\/schema\/logo\/image\/"},"sameAs":["https:\/\/www.facebook.com\/udecaldas","https:\/\/x.com\/udecaldas","https:\/\/www.youtube.com\/universidadcaldas","https:\/\/www.instagram.com\/udecaldas\/"]},{"@type":"Person","@id":"https:\/\/www.ucaldas.edu.co\/portal\/#\/schema\/person\/a1b482e23449158b4bc319926c074fdf","name":"ofiprensa","image":{"@type":"ImageObject","inLanguage":"es","@id":"https:\/\/www.ucaldas.edu.co\/portal\/wp-content\/litespeed\/avatar\/09ea5085e600095a7a811142c6944527.jpg?ver=1777497608","url":"https:\/\/www.ucaldas.edu.co\/portal\/wp-content\/litespeed\/avatar\/09ea5085e600095a7a811142c6944527.jpg?ver=1777497608","contentUrl":"https:\/\/www.ucaldas.edu.co\/portal\/wp-content\/litespeed\/avatar\/09ea5085e600095a7a811142c6944527.jpg?ver=1777497608","caption":"ofiprensa"},"url":"https:\/\/www.ucaldas.edu.co\/portal\/author\/ofiprensa\/"}]}},"_links":{"self":[{"href":"https:\/\/www.ucaldas.edu.co\/portal\/wp-json\/wp\/v2\/posts\/14616","targetHints":{"allow":["GET"]}}],"collection":[{"href":"https:\/\/www.ucaldas.edu.co\/portal\/wp-json\/wp\/v2\/posts"}],"about":[{"href":"https:\/\/www.ucaldas.edu.co\/portal\/wp-json\/wp\/v2\/types\/post"}],"author":[{"embeddable":true,"href":"https:\/\/www.ucaldas.edu.co\/portal\/wp-json\/wp\/v2\/users\/2"}],"replies":[{"embeddable":true,"href":"https:\/\/www.ucaldas.edu.co\/portal\/wp-json\/wp\/v2\/comments?post=14616"}],"version-history":[{"count":0,"href":"https:\/\/www.ucaldas.edu.co\/portal\/wp-json\/wp\/v2\/posts\/14616\/revisions"}],"wp:attachment":[{"href":"https:\/\/www.ucaldas.edu.co\/portal\/wp-json\/wp\/v2\/media?parent=14616"}],"wp:term":[{"taxonomy":"category","embeddable":true,"href":"https:\/\/www.ucaldas.edu.co\/portal\/wp-json\/wp\/v2\/categories?post=14616"},{"taxonomy":"post_tag","embeddable":true,"href":"https:\/\/www.ucaldas.edu.co\/portal\/wp-json\/wp\/v2\/tags?post=14616"}],"curies":[{"name":"wp","href":"https:\/\/api.w.org\/{rel}","templated":true}]}}