{"id":14614,"date":"2012-11-29T10:56:29","date_gmt":"2012-11-29T15:56:29","guid":{"rendered":"https:\/\/www.ucaldas.edu.co\/portal\/?p=14614"},"modified":"2012-11-29T10:56:29","modified_gmt":"2012-11-29T15:56:29","slug":"espere-pronto-la-nueva-edicion-de-la-revista-de-estudios-de-familia","status":"publish","type":"post","link":"https:\/\/www.ucaldas.edu.co\/portal\/espere-pronto-la-nueva-edicion-de-la-revista-de-estudios-de-familia\/","title":{"rendered":"Espere pronto la nueva edici\u00f3n de la  Revista de Estudios de Familia"},"content":{"rendered":"<p>Publicaci\u00f3n del Departamento de Estudios de Familia de la U. de Caldas<\/p>\n<hr \/>\n<p>&nbsp;<\/p>\n<p align=\"right\">29\/11\/2012<br \/>\nRedacci\u00f3n: Mar\u00eda Fernanda Restrepo Torres<\/p>\n<table border=\"0\">\n<tbody>\n<tr>\n<td><img loading=\"lazy\" decoding=\"async\" style=\"border: 0px\" title=\"Espere pronto la nueva edici\u00f3n de la  Revista de Estudios de Familia\" alt=\"Revista\" src=\"http:\/\/www.ucaldas.edu.co\/images\/tmp\/revista_familia.jpg\" width=\"240\" height=\"160\" border=\"0\" \/><\/td>\n<td><b>Pronto<\/b>\u00a0estar\u00e1\u00a0<b>disponible\u00a0<\/b>la\u00a0<b>edici\u00f3n<\/b>\u00a0n\u00famero\u00a0<b>3\u00a0<\/b>de la\u00a0<b>Revista Latinoamericana<\/b>\u00a0de\u00a0<b>Estudios de Familia<\/b>, que tiene como\u00a0<b>fin<\/b>\u00a0<b>difundir<\/b>\u00a0los\u00a0<b>resultados de investigaciones<\/b>\u00a0e\u00a0<b>intervenciones obtenidas<\/b>\u00a0sobre las\u00a0<b>familias<\/b>, con\u00a0<b>perspectiva<\/b>\u00a0de\u00a0<b>g\u00e9nero\u00a0<\/b>y\u00a0<b>reconocimiento\u00a0<\/b>de las<b>\u00a0diversidades<\/b>.<\/td>\n<\/tr>\n<\/tbody>\n<\/table>\n<p>&nbsp;<\/p>\n<p>En esta oportunidad, la publicaci\u00f3n\u00a0<b>recoge las ponencias presentadas en el IV Seminario Internacional sobre Familia<\/b>: Desaf\u00edos para comprender los procesos familiares en el contexto de la migraci\u00f3n internacional, evento organizado por el Departamento de Estudios de Familia que se llev\u00f3 a cabo en abril de 2011\u00a0<a href=\"http:\/\/desarrollo.ucaldas.edu.co\/archivo\/index.php?option=com_content&amp;view=article&amp;catid=419%3Auniversidad-al-dia&amp;id=5308%3Atodo-esta-listo-para-el-iv-seminario-internacional-sobre-familia-de-la-u-de-caldas&amp;Itemid=1039\" target=\"_blank\">(ver nota aqu\u00ed).<\/a><\/p>\n<p><a href=\"http:\/\/revlatinofamilia.ucaldas.edu.co\/index.php?option=com_content&amp;view=article&amp;id=45&amp;Itemid=61\" target=\"_blank\">Conozca pronto esta edici\u00f3n aqu\u00ed<\/a><\/p>\n<p><b>Informes:<\/b>\u00a0Departamento de Estudios de Familia, tel\u00e9fono 878 15 12.<\/p>\n","protected":false},"excerpt":{"rendered":"<p>Publicaci\u00f3n del Departamento de Estudios de Familia de la U. de Caldas &nbsp; 29\/11\/2012 Redacci\u00f3n: Mar\u00eda Fernanda Restrepo Torres Pronto\u00a0estar\u00e1\u00a0disponible\u00a0la\u00a0edici\u00f3n\u00a0n\u00famero\u00a03\u00a0de la\u00a0Revista Latinoamericana\u00a0de\u00a0Estudios de Familia, que tiene como\u00a0fin\u00a0difundir\u00a0los\u00a0resultados de investigaciones\u00a0e\u00a0intervenciones obtenidas\u00a0sobre las\u00a0familias, con\u00a0perspectiva\u00a0de\u00a0g\u00e9nero\u00a0y\u00a0reconocimiento\u00a0de las\u00a0diversidades. &nbsp; En esta oportunidad, la publicaci\u00f3n\u00a0recoge las ponencias presentadas en el IV Seminario Internacional sobre Familia: Desaf\u00edos para comprender los procesos familiares [&hellip;]<\/p>\n","protected":false},"author":2,"featured_media":0,"comment_status":"closed","ping_status":"closed","sticky":false,"template":"","format":"standard","meta":{"footnotes":""},"categories":[48,53],"tags":[],"class_list":["post-14614","post","type-post","status-publish","format-standard","hentry","category-actualidad","category-universidad-al-dia"],"yoast_head":"<!-- This site is optimized with the Yoast SEO plugin v27.5 - https:\/\/yoast.com\/product\/yoast-seo-wordpress\/ -->\n<title>Espere pronto la nueva edici\u00f3n de la Revista de Estudios de Familia .<\/title>\n<meta name=\"robots\" content=\"index, follow, max-snippet:-1, max-image-preview:large, max-video-preview:-1\" \/>\n<link rel=\"canonical\" href=\"https:\/\/www.ucaldas.edu.co\/portal\/espere-pronto-la-nueva-edicion-de-la-revista-de-estudios-de-familia\/\" \/>\n<script type=\"application\/ld+json\" class=\"yoast-schema-graph\">{\"@context\":\"https:\\\/\\\/schema.org\",\"@graph\":[{\"@type\":\"Article\",\"@id\":\"https:\\\/\\\/www.ucaldas.edu.co\\\/portal\\\/espere-pronto-la-nueva-edicion-de-la-revista-de-estudios-de-familia\\\/#article\",\"isPartOf\":{\"@id\":\"https:\\\/\\\/www.ucaldas.edu.co\\\/portal\\\/espere-pronto-la-nueva-edicion-de-la-revista-de-estudios-de-familia\\\/\"},\"author\":{\"name\":\"ofiprensa\",\"@id\":\"https:\\\/\\\/www.ucaldas.edu.co\\\/portal\\\/#\\\/schema\\\/person\\\/a1b482e23449158b4bc319926c074fdf\"},\"headline\":\"Espere pronto la nueva edici\u00f3n de la Revista de Estudios de Familia\",\"datePublished\":\"2012-11-29T15:56:29+00:00\",\"mainEntityOfPage\":{\"@id\":\"https:\\\/\\\/www.ucaldas.edu.co\\\/portal\\\/espere-pronto-la-nueva-edicion-de-la-revista-de-estudios-de-familia\\\/\"},\"wordCount\":142,\"publisher\":{\"@id\":\"https:\\\/\\\/www.ucaldas.edu.co\\\/portal\\\/#organization\"},\"image\":{\"@id\":\"https:\\\/\\\/www.ucaldas.edu.co\\\/portal\\\/espere-pronto-la-nueva-edicion-de-la-revista-de-estudios-de-familia\\\/#primaryimage\"},\"thumbnailUrl\":\"http:\\\/\\\/www.ucaldas.edu.co\\\/images\\\/tmp\\\/revista_familia.jpg\",\"articleSection\":[\"Actualidad\",\"Universidad al D\u00eda\"],\"inLanguage\":\"es\"},{\"@type\":\"WebPage\",\"@id\":\"https:\\\/\\\/www.ucaldas.edu.co\\\/portal\\\/espere-pronto-la-nueva-edicion-de-la-revista-de-estudios-de-familia\\\/\",\"url\":\"https:\\\/\\\/www.ucaldas.edu.co\\\/portal\\\/espere-pronto-la-nueva-edicion-de-la-revista-de-estudios-de-familia\\\/\",\"name\":\"Espere pronto la nueva edici\u00f3n de la Revista de Estudios de Familia .\",\"isPartOf\":{\"@id\":\"https:\\\/\\\/www.ucaldas.edu.co\\\/portal\\\/#website\"},\"primaryImageOfPage\":{\"@id\":\"https:\\\/\\\/www.ucaldas.edu.co\\\/portal\\\/espere-pronto-la-nueva-edicion-de-la-revista-de-estudios-de-familia\\\/#primaryimage\"},\"image\":{\"@id\":\"https:\\\/\\\/www.ucaldas.edu.co\\\/portal\\\/espere-pronto-la-nueva-edicion-de-la-revista-de-estudios-de-familia\\\/#primaryimage\"},\"thumbnailUrl\":\"http:\\\/\\\/www.ucaldas.edu.co\\\/images\\\/tmp\\\/revista_familia.jpg\",\"datePublished\":\"2012-11-29T15:56:29+00:00\",\"breadcrumb\":{\"@id\":\"https:\\\/\\\/www.ucaldas.edu.co\\\/portal\\\/espere-pronto-la-nueva-edicion-de-la-revista-de-estudios-de-familia\\\/#breadcrumb\"},\"inLanguage\":\"es\",\"potentialAction\":[{\"@type\":\"ReadAction\",\"target\":[\"https:\\\/\\\/www.ucaldas.edu.co\\\/portal\\\/espere-pronto-la-nueva-edicion-de-la-revista-de-estudios-de-familia\\\/\"]}]},{\"@type\":\"ImageObject\",\"inLanguage\":\"es\",\"@id\":\"https:\\\/\\\/www.ucaldas.edu.co\\\/portal\\\/espere-pronto-la-nueva-edicion-de-la-revista-de-estudios-de-familia\\\/#primaryimage\",\"url\":\"http:\\\/\\\/www.ucaldas.edu.co\\\/images\\\/tmp\\\/revista_familia.jpg\",\"contentUrl\":\"http:\\\/\\\/www.ucaldas.edu.co\\\/images\\\/tmp\\\/revista_familia.jpg\"},{\"@type\":\"BreadcrumbList\",\"@id\":\"https:\\\/\\\/www.ucaldas.edu.co\\\/portal\\\/espere-pronto-la-nueva-edicion-de-la-revista-de-estudios-de-familia\\\/#breadcrumb\",\"itemListElement\":[{\"@type\":\"ListItem\",\"position\":1,\"name\":\"Portada\",\"item\":\"https:\\\/\\\/www.ucaldas.edu.co\\\/portal\\\/\"},{\"@type\":\"ListItem\",\"position\":2,\"name\":\"Espere pronto la nueva edici\u00f3n de la Revista de Estudios de Familia\"}]},{\"@type\":\"WebSite\",\"@id\":\"https:\\\/\\\/www.ucaldas.edu.co\\\/portal\\\/#website\",\"url\":\"https:\\\/\\\/www.ucaldas.edu.co\\\/portal\\\/\",\"name\":\"Universidad de Caldas\",\"description\":\"\",\"publisher\":{\"@id\":\"https:\\\/\\\/www.ucaldas.edu.co\\\/portal\\\/#organization\"},\"alternateName\":\"U. de Caldas\",\"potentialAction\":[{\"@type\":\"SearchAction\",\"target\":{\"@type\":\"EntryPoint\",\"urlTemplate\":\"https:\\\/\\\/www.ucaldas.edu.co\\\/portal\\\/?s={search_term_string}\"},\"query-input\":{\"@type\":\"PropertyValueSpecification\",\"valueRequired\":true,\"valueName\":\"search_term_string\"}}],\"inLanguage\":\"es\"},{\"@type\":\"Organization\",\"@id\":\"https:\\\/\\\/www.ucaldas.edu.co\\\/portal\\\/#organization\",\"name\":\"Universidad de Caldas\",\"alternateName\":\"U. de Caldas\",\"url\":\"https:\\\/\\\/www.ucaldas.edu.co\\\/portal\\\/\",\"logo\":{\"@type\":\"ImageObject\",\"inLanguage\":\"es\",\"@id\":\"https:\\\/\\\/www.ucaldas.edu.co\\\/portal\\\/#\\\/schema\\\/logo\\\/image\\\/\",\"url\":\"https:\\\/\\\/www.ucaldas.edu.co\\\/portal\\\/wp-content\\\/uploads\\\/2023\\\/11\\\/Logo_horizontal_oscuroU-2023.png\",\"contentUrl\":\"https:\\\/\\\/www.ucaldas.edu.co\\\/portal\\\/wp-content\\\/uploads\\\/2023\\\/11\\\/Logo_horizontal_oscuroU-2023.png\",\"width\":263,\"height\":101,\"caption\":\"Universidad de Caldas\"},\"image\":{\"@id\":\"https:\\\/\\\/www.ucaldas.edu.co\\\/portal\\\/#\\\/schema\\\/logo\\\/image\\\/\"},\"sameAs\":[\"https:\\\/\\\/www.facebook.com\\\/udecaldas\",\"https:\\\/\\\/x.com\\\/udecaldas\",\"https:\\\/\\\/www.youtube.com\\\/universidadcaldas\",\"https:\\\/\\\/www.instagram.com\\\/udecaldas\\\/\"]},{\"@type\":\"Person\",\"@id\":\"https:\\\/\\\/www.ucaldas.edu.co\\\/portal\\\/#\\\/schema\\\/person\\\/a1b482e23449158b4bc319926c074fdf\",\"name\":\"ofiprensa\",\"image\":{\"@type\":\"ImageObject\",\"inLanguage\":\"es\",\"@id\":\"https:\\\/\\\/www.ucaldas.edu.co\\\/portal\\\/wp-content\\\/litespeed\\\/avatar\\\/09ea5085e600095a7a811142c6944527.jpg?ver=1777497608\",\"url\":\"https:\\\/\\\/www.ucaldas.edu.co\\\/portal\\\/wp-content\\\/litespeed\\\/avatar\\\/09ea5085e600095a7a811142c6944527.jpg?ver=1777497608\",\"contentUrl\":\"https:\\\/\\\/www.ucaldas.edu.co\\\/portal\\\/wp-content\\\/litespeed\\\/avatar\\\/09ea5085e600095a7a811142c6944527.jpg?ver=1777497608\",\"caption\":\"ofiprensa\"},\"url\":\"https:\\\/\\\/www.ucaldas.edu.co\\\/portal\\\/author\\\/ofiprensa\\\/\"}]}<\/script>\n<!-- \/ Yoast SEO plugin. -->","yoast_head_json":{"title":"Espere pronto la nueva edici\u00f3n de la Revista de Estudios de Familia .","robots":{"index":"index","follow":"follow","max-snippet":"max-snippet:-1","max-image-preview":"max-image-preview:large","max-video-preview":"max-video-preview:-1"},"canonical":"https:\/\/www.ucaldas.edu.co\/portal\/espere-pronto-la-nueva-edicion-de-la-revista-de-estudios-de-familia\/","schema":{"@context":"https:\/\/schema.org","@graph":[{"@type":"Article","@id":"https:\/\/www.ucaldas.edu.co\/portal\/espere-pronto-la-nueva-edicion-de-la-revista-de-estudios-de-familia\/#article","isPartOf":{"@id":"https:\/\/www.ucaldas.edu.co\/portal\/espere-pronto-la-nueva-edicion-de-la-revista-de-estudios-de-familia\/"},"author":{"name":"ofiprensa","@id":"https:\/\/www.ucaldas.edu.co\/portal\/#\/schema\/person\/a1b482e23449158b4bc319926c074fdf"},"headline":"Espere pronto la nueva edici\u00f3n de la Revista de Estudios de Familia","datePublished":"2012-11-29T15:56:29+00:00","mainEntityOfPage":{"@id":"https:\/\/www.ucaldas.edu.co\/portal\/espere-pronto-la-nueva-edicion-de-la-revista-de-estudios-de-familia\/"},"wordCount":142,"publisher":{"@id":"https:\/\/www.ucaldas.edu.co\/portal\/#organization"},"image":{"@id":"https:\/\/www.ucaldas.edu.co\/portal\/espere-pronto-la-nueva-edicion-de-la-revista-de-estudios-de-familia\/#primaryimage"},"thumbnailUrl":"http:\/\/www.ucaldas.edu.co\/images\/tmp\/revista_familia.jpg","articleSection":["Actualidad","Universidad al D\u00eda"],"inLanguage":"es"},{"@type":"WebPage","@id":"https:\/\/www.ucaldas.edu.co\/portal\/espere-pronto-la-nueva-edicion-de-la-revista-de-estudios-de-familia\/","url":"https:\/\/www.ucaldas.edu.co\/portal\/espere-pronto-la-nueva-edicion-de-la-revista-de-estudios-de-familia\/","name":"Espere pronto la nueva edici\u00f3n de la Revista de Estudios de Familia .","isPartOf":{"@id":"https:\/\/www.ucaldas.edu.co\/portal\/#website"},"primaryImageOfPage":{"@id":"https:\/\/www.ucaldas.edu.co\/portal\/espere-pronto-la-nueva-edicion-de-la-revista-de-estudios-de-familia\/#primaryimage"},"image":{"@id":"https:\/\/www.ucaldas.edu.co\/portal\/espere-pronto-la-nueva-edicion-de-la-revista-de-estudios-de-familia\/#primaryimage"},"thumbnailUrl":"http:\/\/www.ucaldas.edu.co\/images\/tmp\/revista_familia.jpg","datePublished":"2012-11-29T15:56:29+00:00","breadcrumb":{"@id":"https:\/\/www.ucaldas.edu.co\/portal\/espere-pronto-la-nueva-edicion-de-la-revista-de-estudios-de-familia\/#breadcrumb"},"inLanguage":"es","potentialAction":[{"@type":"ReadAction","target":["https:\/\/www.ucaldas.edu.co\/portal\/espere-pronto-la-nueva-edicion-de-la-revista-de-estudios-de-familia\/"]}]},{"@type":"ImageObject","inLanguage":"es","@id":"https:\/\/www.ucaldas.edu.co\/portal\/espere-pronto-la-nueva-edicion-de-la-revista-de-estudios-de-familia\/#primaryimage","url":"http:\/\/www.ucaldas.edu.co\/images\/tmp\/revista_familia.jpg","contentUrl":"http:\/\/www.ucaldas.edu.co\/images\/tmp\/revista_familia.jpg"},{"@type":"BreadcrumbList","@id":"https:\/\/www.ucaldas.edu.co\/portal\/espere-pronto-la-nueva-edicion-de-la-revista-de-estudios-de-familia\/#breadcrumb","itemListElement":[{"@type":"ListItem","position":1,"name":"Portada","item":"https:\/\/www.ucaldas.edu.co\/portal\/"},{"@type":"ListItem","position":2,"name":"Espere pronto la nueva edici\u00f3n de la Revista de Estudios de Familia"}]},{"@type":"WebSite","@id":"https:\/\/www.ucaldas.edu.co\/portal\/#website","url":"https:\/\/www.ucaldas.edu.co\/portal\/","name":"Universidad de Caldas","description":"","publisher":{"@id":"https:\/\/www.ucaldas.edu.co\/portal\/#organization"},"alternateName":"U. de Caldas","potentialAction":[{"@type":"SearchAction","target":{"@type":"EntryPoint","urlTemplate":"https:\/\/www.ucaldas.edu.co\/portal\/?s={search_term_string}"},"query-input":{"@type":"PropertyValueSpecification","valueRequired":true,"valueName":"search_term_string"}}],"inLanguage":"es"},{"@type":"Organization","@id":"https:\/\/www.ucaldas.edu.co\/portal\/#organization","name":"Universidad de Caldas","alternateName":"U. de Caldas","url":"https:\/\/www.ucaldas.edu.co\/portal\/","logo":{"@type":"ImageObject","inLanguage":"es","@id":"https:\/\/www.ucaldas.edu.co\/portal\/#\/schema\/logo\/image\/","url":"https:\/\/www.ucaldas.edu.co\/portal\/wp-content\/uploads\/2023\/11\/Logo_horizontal_oscuroU-2023.png","contentUrl":"https:\/\/www.ucaldas.edu.co\/portal\/wp-content\/uploads\/2023\/11\/Logo_horizontal_oscuroU-2023.png","width":263,"height":101,"caption":"Universidad de Caldas"},"image":{"@id":"https:\/\/www.ucaldas.edu.co\/portal\/#\/schema\/logo\/image\/"},"sameAs":["https:\/\/www.facebook.com\/udecaldas","https:\/\/x.com\/udecaldas","https:\/\/www.youtube.com\/universidadcaldas","https:\/\/www.instagram.com\/udecaldas\/"]},{"@type":"Person","@id":"https:\/\/www.ucaldas.edu.co\/portal\/#\/schema\/person\/a1b482e23449158b4bc319926c074fdf","name":"ofiprensa","image":{"@type":"ImageObject","inLanguage":"es","@id":"https:\/\/www.ucaldas.edu.co\/portal\/wp-content\/litespeed\/avatar\/09ea5085e600095a7a811142c6944527.jpg?ver=1777497608","url":"https:\/\/www.ucaldas.edu.co\/portal\/wp-content\/litespeed\/avatar\/09ea5085e600095a7a811142c6944527.jpg?ver=1777497608","contentUrl":"https:\/\/www.ucaldas.edu.co\/portal\/wp-content\/litespeed\/avatar\/09ea5085e600095a7a811142c6944527.jpg?ver=1777497608","caption":"ofiprensa"},"url":"https:\/\/www.ucaldas.edu.co\/portal\/author\/ofiprensa\/"}]}},"_links":{"self":[{"href":"https:\/\/www.ucaldas.edu.co\/portal\/wp-json\/wp\/v2\/posts\/14614","targetHints":{"allow":["GET"]}}],"collection":[{"href":"https:\/\/www.ucaldas.edu.co\/portal\/wp-json\/wp\/v2\/posts"}],"about":[{"href":"https:\/\/www.ucaldas.edu.co\/portal\/wp-json\/wp\/v2\/types\/post"}],"author":[{"embeddable":true,"href":"https:\/\/www.ucaldas.edu.co\/portal\/wp-json\/wp\/v2\/users\/2"}],"replies":[{"embeddable":true,"href":"https:\/\/www.ucaldas.edu.co\/portal\/wp-json\/wp\/v2\/comments?post=14614"}],"version-history":[{"count":0,"href":"https:\/\/www.ucaldas.edu.co\/portal\/wp-json\/wp\/v2\/posts\/14614\/revisions"}],"wp:attachment":[{"href":"https:\/\/www.ucaldas.edu.co\/portal\/wp-json\/wp\/v2\/media?parent=14614"}],"wp:term":[{"taxonomy":"category","embeddable":true,"href":"https:\/\/www.ucaldas.edu.co\/portal\/wp-json\/wp\/v2\/categories?post=14614"},{"taxonomy":"post_tag","embeddable":true,"href":"https:\/\/www.ucaldas.edu.co\/portal\/wp-json\/wp\/v2\/tags?post=14614"}],"curies":[{"name":"wp","href":"https:\/\/api.w.org\/{rel}","templated":true}]}}